{"id":907,"date":"2016-07-21T21:27:48","date_gmt":"2016-07-21T21:27:48","guid":{"rendered":"https:\/\/atandocabosweb.wordpress.com\/?p=907"},"modified":"2022-07-19T07:37:53","modified_gmt":"2022-07-19T05:37:53","slug":"la-guerra-civil-2","status":"publish","type":"post","link":"https:\/\/magarinos.eu\/atandocabos\/blog\/2016\/07\/21\/la-guerra-civil-2\/","title":{"rendered":"1936: detenciones, juicios y condenas"},"content":{"rendered":"\n<figure class=\"wp-block-image aligncenter is-resized\"><img loading=\"lazy\" decoding=\"async\" src=\"data:image\/gif;base64,R0lGODlhAQABAIAAAAAAAP\/\/\/yH5BAEAAAAALAAAAAABAAEAAAIBRAA7\" data-src=\"https:\/\/magarinos.eu\/atandocabos\/wp-content\/uploads\/2016\/07\/c2a1no_pasarc3a1n_madrid.jpg\" alt=\"\u00a1No_pasar\u00e1n!_Madrid\" class=\"wp-image-1260 lazyload\" width=\"377\" height=\"489\"\/><noscript><img loading=\"lazy\" decoding=\"async\" src=\"https:\/\/magarinos.eu\/atandocabos\/wp-content\/uploads\/2016\/07\/c2a1no_pasarc3a1n_madrid.jpg\" alt=\"\u00a1No_pasar\u00e1n!_Madrid\" class=\"wp-image-1260 lazyload\" width=\"377\" height=\"489\" srcset=\"https:\/\/magarinos.eu\/atandocabos\/wp-content\/uploads\/2016\/07\/c2a1no_pasarc3a1n_madrid.jpg 800w, https:\/\/magarinos.eu\/atandocabos\/wp-content\/uploads\/2016\/07\/c2a1no_pasarc3a1n_madrid-231x300.jpg 231w, https:\/\/magarinos.eu\/atandocabos\/wp-content\/uploads\/2016\/07\/c2a1no_pasarc3a1n_madrid-789x1024.jpg 789w, https:\/\/magarinos.eu\/atandocabos\/wp-content\/uploads\/2016\/07\/c2a1no_pasarc3a1n_madrid-768x996.jpg 768w\" sizes=\"auto, (max-width: 377px) 100vw, 377px\" \/><\/noscript><\/figure>\n\n\n\n<p>Hoy seguimos con m\u00e1s historias de la guerra civil. Estamos en Madrid, en oto\u00f1o de 1936. La capital republicana estaba casi rodeada por&nbsp;las tropas franquistas. En mi familia casi todos eran m\u00e1s bien de derechas as\u00ed que corr\u00edan un cierto peligro.<\/p>\n\n\n\n<p>En la <a href=\"https:\/\/magarinos.eu\/atandocabos\/1936_guerra_familia_magarinos_ramon\/\" target=\"_blank\" rel=\"noreferrer noopener\">anterior&nbsp;entrada<\/a> del blog, hab\u00edamos contado c\u00f3mo mi bisabuelo <strong>Juan Ram\u00f3n Vidal<\/strong>,&nbsp;su esposa <strong>Carmen Llera Rodr\u00edguez<\/strong>,<strong>&nbsp;<\/strong>su hija <strong>Pilar Ram\u00f3n Llera<\/strong> y&nbsp;<strong><strong>Mercedes Llera <\/strong><\/strong>(la hermana de Carmen)<strong>,<\/strong> hab\u00edan huido de Cobe\u00f1a al comenzar la guerra para llegar a Madrid.<\/p>\n\n\n\n<p>A mi bisabuelo Juan lo hab\u00edan detenido en Madrid el <strong>20 de agosto de 1936<\/strong> para despu\u00e9s liberarlo el 20 noviembre de ese mismo a\u00f1o.<\/p>\n\n\n\n<p>En esta entrada, nos vamos a ocupar un poco m\u00e1s las detenciones de mi abuelo <strong>Carlos Magari\u00f1os Garc\u00eda<\/strong>, de su hermano <strong>Antonio Magari\u00f1os Garc\u00eda<\/strong>&nbsp;y la hermana de mi abuela, <strong>Pilar Ram\u00f3n Llera<\/strong> (en la familia la llam\u00e1bamos siempre Papila, aunque en las cartas de la \u00e9poca firmaba como Pili), que m\u00e1s tarde se casar\u00eda con mi t\u00edo abuelo <strong>Antonio Magari\u00f1os<\/strong>.<\/p>\n\n\n\n<p>Aqu\u00ed incluyo de nuevo los \u00e1rboles geneal\u00f3gicos.<\/p>\n\n\n\n<p>Familia <strong><a href=\"https:\/\/magarinos.eu\/atandocabos\/Archives\/Tree\/rodriguez.pdf\" target=\"_blank\" rel=\"noreferrer noopener\">Ram\u00f3n Llera<\/a><\/strong>.<\/p>\n\n\n\n<p>Familia <strong><a href=\"https:\/\/magarinos.eu\/atandocabos\/Archives\/Tree\/Magarinos.pdf\">Magari\u00f1os Garc\u00eda<\/a><\/strong>.<\/p>\n\n\n\n<p>El <strong>29 de octubre de 1936<\/strong> detuvieron a mi abuelo <strong>Carlos<\/strong>,<strong>&nbsp;<\/strong>a su hermano <strong>Antonio<\/strong>&nbsp;y mi t\u00eda abuela <strong>Pilar<\/strong>&nbsp;en casa de mi abuelo, en <strong><a href=\"https:\/\/www.google.de\/maps\/place\/Calle+de+Blasco+de+Garay,+32,+28015+Madrid,+Spain\/@40.4322846,-3.7120016,19.21z\" target=\"_blank\" rel=\"noopener\">Blasco de Garay 32<\/a><\/strong>. Durante la detenci\u00f3n les incautan diversos objetos comprometedores.<\/p>\n\n\n\n<p>A principios de 1937 les juzg\u00f3 un Tribunal Popular por el delito&nbsp;de desafecci\u00f3n al r\u00e9gimen constitucional republicano por haber militado en partidos de derechas (toda persona de derechas era sospechosa de quinta-columnista).<\/p>\n\n\n\n<p>El tribunal les conden\u00f3&nbsp;a penas de tres a cuatro meses de prisi\u00f3n y a una multa. Dado que hab\u00edan pasado en prisi\u00f3n durante un periodo m\u00e1s largo que la propia condena, mi abuelo y su hermano fueron puestos en libertad entre enero y febrero de 1937, que fue cuando mi abuelo conoci\u00f3 por fin a su hijo Carlos, que hab\u00eda nacido en noviembre de 1936.<\/p>\n\n\n\n<p>Desde el 28 de octubre de 1936, mi abuela, su madre, <strong>Carmen Llera<\/strong>, y su t\u00eda, <strong>Mercedes Llera<\/strong>, ten\u00edan a cuatro parientes en cuatro c\u00e1rceles distintas. Esto debi\u00f3 suponer bastante trasiego puesto que seguramente ir\u00edan todos los d\u00edas a la c\u00e1rcel a llevarles comida y recoger los cacharros del d\u00eda anterior.<\/p>\n\n\n\n<h1 class=\"wp-block-heading\">Junio de 1936: las detenciones<\/h1>\n\n\n\n<p>El 28 de octubre de 1936, detienen a Carlos, Antonio y Pilar en la calle <strong>Blasco de Garay 32<\/strong>, seg\u00fan consta en el expediente de <strong>Carlos Magari\u00f1os<\/strong>, la causa de la detenci\u00f3n fue:<\/p>\n\n\n\n<p><span style=\"font-family: courier;\">\u00abPor encontrarse en su domicilio cartas, fotograf\u00edas, insignias, documentos, que se adjuntan (no han sido aportados al informe) as\u00ed como unos gemelos de dos monedas de oro con el busto de Don Alfonso de Borb\u00f3n, los que tambi\u00e9n se acompa\u00f1an (tampoco se han recibido en esta secretar\u00eda) manifestando Pilar Ram\u00f3n Llera (igualmente detenida) ser la firmante de la mayor parte de las cartas antes referidas en las que se habla en t\u00e9rminos insultantes de los partidos marxistas y figuras republicanas como el Se\u00f1or Aza\u00f1a, acompa\u00f1\u00e1ndose de un recibo de Acci\u00f3n Popular a nombre del referido Carlos.<\/span><\/p>\n\n\n\n<p><span style=\"font-family: courier;\">El inculpado se encuentra detenido en la prisi\u00f3n de Duque de Sexto.\u00bb<\/span><\/p>\n\n\n\n<p>En el expediente de <strong>Antonio Magari\u00f1os<\/strong> se declara que se le detiene por:<\/p>\n\n\n\n<p><span style=\"font-family: courier;\">\u00ab&#8230;encontrarle documentos de car\u00e1cter derechista. Se encuentra detenido en la prisi\u00f3n de duque de sexto.\u00bb<\/span><\/p>\n\n\n\n<p>Y aqu\u00ed tenemos un documento curioso: el registro de ingreso&nbsp;y salida de <strong>Carlos<\/strong> y <strong>Antonio<\/strong> en la c\u00e1rcel de Duque de Sexto (los documentos son accesibles desde el <a href=\"http:\/\/pares.mcu.es\/\" target=\"_blank\" rel=\"noopener\">Portal de Archivos Espa\u00f1oles<\/a>).<\/p>\n\n\n\n<figure class=\"wp-block-image aligncenter is-resized\"><a href=\"https:\/\/magarinos.eu\/atandocabos\/Archives\/Magarinos\/Ingreso%20en%20Duque%20de%20Sexto_Carlos_Antonio.jpg\" rel=\"noopener\"><img loading=\"lazy\" decoding=\"async\" src=\"data:image\/gif;base64,R0lGODlhAQABAIAAAAAAAP\/\/\/yH5BAEAAAAALAAAAAABAAEAAAIBRAA7\" data-src=\"https:\/\/magarinos.eu\/atandocabos\/wp-content\/uploads\/2016\/07\/ingreso-en-duque-de-sexto_carlos_antonio.jpg\" alt=\"A.H.N. Secci\u00f3n Fondos Contempor\u00e1neos Causa GeneralSubdirecci\u00f3n General de los Archivos EstatalesMinisterio de Cultura.Espa\u00f1a\" class=\"wp-image-1017 lazyload\" width=\"441\" height=\"412\"\/><noscript><img loading=\"lazy\" decoding=\"async\" src=\"https:\/\/magarinos.eu\/atandocabos\/wp-content\/uploads\/2016\/07\/ingreso-en-duque-de-sexto_carlos_antonio.jpg\" alt=\"A.H.N. Secci\u00f3n Fondos Contempor\u00e1neos Causa GeneralSubdirecci\u00f3n General de los Archivos EstatalesMinisterio de Cultura.Espa\u00f1a\" class=\"wp-image-1017 lazyload\" width=\"441\" height=\"412\" srcset=\"https:\/\/magarinos.eu\/atandocabos\/wp-content\/uploads\/2016\/07\/ingreso-en-duque-de-sexto_carlos_antonio.jpg 1000w, https:\/\/magarinos.eu\/atandocabos\/wp-content\/uploads\/2016\/07\/ingreso-en-duque-de-sexto_carlos_antonio-300x281.jpg 300w, https:\/\/magarinos.eu\/atandocabos\/wp-content\/uploads\/2016\/07\/ingreso-en-duque-de-sexto_carlos_antonio-768x720.jpg 768w\" sizes=\"auto, (max-width: 441px) 100vw, 441px\" \/><\/noscript><\/a><figcaption>Ficha de ingreso en la c\u00e1rcel de Duque de Sesto de Carlos y Antonio Magari\u00f1os<\/figcaption><\/figure>\n\n\n\n<p>La prisi\u00f3n de&nbsp;<strong>Duque de Sesto<\/strong> (y no \u00absexto\u00bb) se encontraba en la <a href=\"https:\/\/www.google.de\/maps\/place\/Calle+Duque+de+Sesto,+9,+28009+Madrid,+Spain\/@40.4226556,-3.6799011,17z\" target=\"_blank\" rel=\"noopener\">Calle del Duque de Sesto,&nbsp;9<\/a>. Tuvieron suerte de ir a esa c\u00e1rcel y de no ser personas muy relevantes pol\u00edticamente porque en esas fechas se produjeron varias \u00absacas\u00bb de algunas c\u00e1rceles de Madrid. Por las razones que fueran, en&nbsp;la c\u00e1rcel de Duque de Sesto no se produjeron sacas.<\/p>\n\n\n\n<p>Curiosamente, en esa misma c\u00e1rcel estuvo encerrado m\u00e1s tarde otro pariente m\u00edo, <strong>Emilio Sola Ramos<\/strong>.<\/p>\n\n\n\n<p>Por su parte, en el expediente mi t\u00eda <strong>Pilar Ram\u00f3n Llera<\/strong>, consta lo siguiente:<\/p>\n\n\n\n<p><span style=\"font-family: courier;\">\u00abDetenida en el domicilio de Carlos Magari\u00f1os Garc\u00eda, por encontrarse cartas, fotograf\u00edas, insignias, documentos as\u00ed como unos gemelos de dos monedas de oro con el busto de Alfonso de Borb\u00f3n. Manifest\u00f3 haber venido huida del pueblo de Cobe\u00f1a (Madrid), haber escrito cartas en las que se habla en t\u00e9rminos insultantes de los partidos pol\u00edticos y figuras republicanas como Aza\u00f1a y que tanto ella como toda la familia votaron e hicieron propaganda de derechas.<\/span><\/p>\n\n\n\n<p><span style=\"font-family: courier;\">Se encuentra en la prisi\u00f3n de mujeres.\u00bb<\/span><\/p>\n\n\n\n<p>Los gemelos de mi t\u00eda no eran exactamente como estos de la foto (que no son de oro) pero nos dan una idea de c\u00f3mo podr\u00edan haber sido.<\/p>\n\n\n\n<figure class=\"wp-block-image aligncenter is-resized\"><img loading=\"lazy\" decoding=\"async\" src=\"data:image\/gif;base64,R0lGODlhAQABAIAAAAAAAP\/\/\/yH5BAEAAAAALAAAAAABAAEAAAIBRAA7\" data-src=\"https:\/\/magarinos.eu\/atandocabos\/wp-content\/uploads\/2016\/07\/gemelos.jpg\" alt=\"gemelos\" class=\"wp-image-1040 lazyload\" width=\"459\" height=\"344\"\/><noscript><img loading=\"lazy\" decoding=\"async\" src=\"https:\/\/magarinos.eu\/atandocabos\/wp-content\/uploads\/2016\/07\/gemelos.jpg\" alt=\"gemelos\" class=\"wp-image-1040 lazyload\" width=\"459\" height=\"344\" srcset=\"https:\/\/magarinos.eu\/atandocabos\/wp-content\/uploads\/2016\/07\/gemelos.jpg 720w, https:\/\/magarinos.eu\/atandocabos\/wp-content\/uploads\/2016\/07\/gemelos-300x225.jpg 300w\" sizes=\"auto, (max-width: 459px) 100vw, 459px\" \/><\/noscript><\/figure>\n\n\n\n<p>En su expediente consta que estuvo encarcelada en el Asilo de San Rafael, un hospital que en esa \u00e9poca se transform\u00f3 en c\u00e1rcel de mujeres.<\/p>\n\n\n\n<figure class=\"wp-block-image aligncenter is-resized\"><img loading=\"lazy\" decoding=\"async\" src=\"data:image\/gif;base64,R0lGODlhAQABAIAAAAAAAP\/\/\/yH5BAEAAAAALAAAAAABAAEAAAIBRAA7\" data-src=\"https:\/\/magarinos.eu\/atandocabos\/wp-content\/uploads\/2016\/07\/asilo-san-rafael-fotos-com-es.jpg?w=680\" alt=\"Asilo San Rafael - fotos.com.es\" class=\"wp-image-1077 lazyload\" width=\"564\" height=\"231\"\/><noscript><img loading=\"lazy\" decoding=\"async\" src=\"https:\/\/magarinos.eu\/atandocabos\/wp-content\/uploads\/2016\/07\/asilo-san-rafael-fotos-com-es.jpg?w=680\" alt=\"Asilo San Rafael - fotos.com.es\" class=\"wp-image-1077 lazyload\" width=\"564\" height=\"231\" srcset=\"https:\/\/magarinos.eu\/atandocabos\/wp-content\/uploads\/2016\/07\/asilo-san-rafael-fotos-com-es.jpg 1196w, https:\/\/magarinos.eu\/atandocabos\/wp-content\/uploads\/2016\/07\/asilo-san-rafael-fotos-com-es-300x123.jpg 300w, https:\/\/magarinos.eu\/atandocabos\/wp-content\/uploads\/2016\/07\/asilo-san-rafael-fotos-com-es-1024x420.jpg 1024w, https:\/\/magarinos.eu\/atandocabos\/wp-content\/uploads\/2016\/07\/asilo-san-rafael-fotos-com-es-768x315.jpg 768w\" sizes=\"auto, (max-width: 564px) 100vw, 564px\" \/><\/noscript><\/figure>\n\n\n\n<p>En la actualizad, en la zona se encuentra el <a href=\"https:\/\/www.google.de\/maps\/place\/Hospital+San+Rafael\/@40.4522134,-3.6816836,15z\" target=\"_blank\" rel=\"noopener\">Hospital de San Rafael<\/a>, construido m\u00e1s recientemente.<\/p>\n\n\n\n<h1 class=\"wp-block-heading\">Diciembre de 1936: los juicios<\/h1>\n\n\n\n<p>Unas semanas&nbsp;despu\u00e9s, el <strong>26 de diciembre de 1936<\/strong>, en su declaraci\u00f3n ante el juez en la misma c\u00e1rcel del Duque de Sesto, mi abuelo Carlos afirm\u00f3&nbsp;lo siguiente:<\/p>\n\n\n\n<p><span style=\"font-family: courier;\">\u00abQue no sabe que documentos hayan sido ocupados en su domicilio, aunque recuerda que \u00e9l ten\u00eda alguna fotograf\u00eda propiedad de su madre, de la familia ex-real y que las conservaba como recuerdo, y alguna insignia de \u00abAdoraci\u00f3n Nocturna\u00bb a la que \u00e9l no pertenece, conserv\u00e1ndola por curiosidad. Que desde hace unos dos a\u00f1os pertenece a Acci\u00f3n Popular ya que su programa era el que m\u00e1s se le aproximaba, por no ser mon\u00e1rquico, a sus ideas. Que esto no obstante \u00e9l no ha actuado en pol\u00edtica de forma alguna, afili\u00e1ndose a A.P. por la raz\u00f3n dicha y porque consideraba era un partido legal dentro de la rep\u00fablica. Que efectivamente Pilar Ram\u00f3n, cu\u00f1ada del declarante, ha dirigido cartas a la mujer del que habla pero que en ellas trataba s\u00f3lo de suceso del pueblo haciendo resaltar su sentimentalismo y por ello tal vez en alguna se excediera.\u00bb<\/span><\/p>\n\n\n\n<figure class=\"wp-block-image aligncenter\"><img decoding=\"async\" src=\"data:image\/gif;base64,R0lGODlhAQABAIAAAAAAAP\/\/\/yH5BAEAAAAALAAAAAABAAEAAAIBRAA7\" data-src=\"https:\/\/magarinos.eu\/atandocabos\/wp-content\/uploads\/2016\/07\/adoracion-nocturna.jpg\" alt=\"adoracion-nocturna\" class=\"wp-image-1030 lazyload\"\/><noscript><img loading=\"lazy\" decoding=\"async\" width=\"212\" height=\"208\" src=\"https:\/\/magarinos.eu\/atandocabos\/wp-content\/uploads\/2016\/07\/adoracion-nocturna.jpg\" alt=\"adoracion-nocturna\" class=\"wp-image-1030 lazyload\"\/><\/noscript><\/figure>\n\n\n\n<p>No creo que se conserve en la familia la dichosa insignia de la asociaci\u00f3n cat\u00f3lica <strong>Adoraci\u00f3n Nocturna<\/strong>,<strong>&nbsp;<\/strong>pero podr\u00eda haber sido similar a esta:<\/p>\n\n\n\n<p>El <strong>11 de enero de 1937<\/strong>, en la vista oral del juicio, el abogado defensor de mi abuelo llam\u00f3 a declarar a&nbsp;<strong>Antonio Ram\u00f3n Vidal<\/strong>, ch\u00f3fer y miembro de la UGT desde septiembre de 1936 (desde despu\u00e9s de comenzada la guerra), quien afirm\u00f3 que \u00abnunca le habl\u00f3 de pol\u00edtica el denunciado, que ignora si es afecto al R\u00e9gimen, aunque s\u00ed buena persona y pac\u00edfico.\u00bb Lo que no declara (o no consta en el acta) es que era hermano del suegro del denunciado.<\/p>\n\n\n\n<p>Tambi\u00e9n declar\u00f3 a favor de mi abuelo su primo <strong>Enrique Garc\u00eda Alonso<\/strong> (en la familia le conoc\u00edamos como \u00abel t\u00edo Enrique\u00bb), fontanero,&nbsp;perteneciente a UGT desde 1921 (lo cual le har\u00eda m\u00e1s cre\u00edble ante el tribunal) quien dijo que \u00abnunca ha conocido actividades pol\u00edticas al denunciado estim\u00e1ndolo afecto al R\u00e9gimen\u00bb.<\/p>\n\n\n\n<p>Por \u00faltimo, compareci\u00f3 como testigo <strong>Eusebio P\u00e9rez y P\u00e9rez<\/strong>, comerciante (mi madre cont\u00f3 que ten\u00eda una tienda de telas en el barrio de Salamanca), que pertenec\u00eda a la UGT desde 1911 (desde que ten\u00eda 12 a\u00f1os) y afirm\u00f3 que \u00abnunca ha conocido actividades pol\u00edticas al denunciado y que no tiene inconveniente en responder por el mismo, por estimarlo afecto al r\u00e9gimen.\u00bb<\/p>\n\n\n\n<p>A mi t\u00edo abuelo <strong>Antonio Magari\u00f1os<\/strong>, lo hab\u00edan detenido&nbsp;\u00abpor encontrarle documentos y correspondencia de car\u00e1cter derechista.\u00bb En su declaraci\u00f3n ante el Juzgado, el <strong>20 de diciembre de 1936<\/strong>, afirm\u00f3:<\/p>\n\n\n\n<p><span style=\"font-family: courier;\">\u00abQue desde hace tiempo est\u00e1 afiliado a Acci\u00f3n Popular y que cuando hab\u00eda sido ya detenido sabe que practicaron un registro en su domicilio en el que debieron de encontrar im\u00e1genes de estampas de car\u00e1cter religioso, pero no de car\u00e1cter pol\u00edtico, ya que \u00e9l nunca intervino en estas cuestiones de pol\u00edtica. Que ignora las causas de su detenci\u00f3n.\u00bb<\/span><\/p>\n\n\n\n<p>Como testigo compareci\u00f3 <strong>\u00c1ngel Rodr\u00edguez Alonso<\/strong>, \u00abSecretario del Comit\u00e9 de Vecinos\u00bb de la fina en que viv\u00eda mi t\u00edo abuelo declarando:<\/p>\n\n\n\n<p><span style=\"font-family: courier;\">\u00abQue es secretario del Comit\u00e9 de Vecinos de la fina que en que habita. Que a Antonio Magari\u00f1os Garc\u00eda lo considera el declarante como persona de derechas ya que es cat\u00f3lico y est\u00e1 inscrito a obras religiosas. Que esto no obstante lo considera una buena persona, no peligroso para el r\u00e9gimen pues su mayor actividad la dedica, a juicio del declarante, a sus estudios. Que cree no pertenezca a ning\u00fan partido pol\u00edtico. Exhibe carnet del Sindicato Ferroviario de UGT de julio del presente a\u00f1o.\u00bb<\/span><\/p>\n\n\n\n<p>Tambi\u00e9n compareci\u00f3 <strong>Augusto Ferreira Veiga<\/strong>, capit\u00e1n de intendencia, que declar\u00f3:<\/p>\n\n\n\n<p><span style=\"font-family: courier;\">\u00abQue es presidente del Comit\u00e9 de Vecinos del inmueble en que habita como lo acredita con el carnet que exhibe. Que conoce desde hace unos a\u00f1os a Antonio Magari\u00f1os Garc\u00eda, el que siempre le ha parecido un muchacho de tendencias derechistas, pues cree que en la actualidad sigue pagando recibos de auxilio a Congregaciones Religiosas a las que estaba inscrita su difunta madre. Que esto no obstante no lo considera peligroso para el R\u00e9gimen y hasta se atreve a decir que puede ser afecto a \u00e9l ya que se trata de persona de orden entregado solamente a sus estudios. Exhibe carnet de la Agrupaci\u00f3n Socialista de diciembre del a\u00f1o treinta tres.\u00bb<\/span><\/p>\n\n\n\n<p>Por su parte, en su declaraci\u00f3n ante el juzgado, el 8 de enero de 1937, <strong>Pilar Ram\u00f3n<\/strong> declar\u00f3:<\/p>\n\n\n\n<p><span style=\"font-family: courier;\">\u00abQue fue detenida el d\u00eda 28 de octubre \u00faltimo en su domicilio por unos agentes de vigilancias que la llevaron a la Comisar\u00eda del Distrito Palacio y despu\u00e9s a la Direcci\u00f3n General de Seguridad. Que ese mismo d\u00eda practicaron dichos agentes un registro en su domicilio, que es el de Carlos Magari\u00f1os Garc\u00eda, y el motivo de encontrarse la declarante en dicho domicilio es por haberse incautado las milicias de la casa que habitaban en dicho pueblo [Cobe\u00f1a]. Que la declarante no ha escrito nunca cartas en t\u00e9rminos insultantes a personas destacadas del r\u00e9gimen republicano, que no es cierto que se le ocuparan cartas, fotograf\u00edas, insignias, documentos ni tampoco unos gemelos con monedas de oro y si bien vio que los agentes que practicaron el registro se llevaron un paquete con distintos papeles, ignora la clase de estos y a quien pod\u00edan pertenecer. Que en las \u00faltimas elecciones tanto la declarante como sus familiares votaron la candidatura de derechas, habiendo repartido la que habla candidaturas de ese matiz pol\u00edtico en el pueblo de Cobe\u00f1a.\u00bb<\/span><\/p>\n\n\n\n<p>De nuevo declara como testigo Eusebio P\u00e9rez y P\u00e9rez que afirma \u00abque conoce a la inculpada desde hace nueve a\u00f1os del pueblo de Cobe\u00f1a ignora las ideas pol\u00edticas si bien es religiosa.\u00bb<\/p>\n\n\n\n<h1 class=\"wp-block-heading\">Enero de 1937: las sentencias<\/h1>\n\n\n\n<p>Aunque les detuvieron al mismo tiempo, los juicios fueron resolvi\u00e9ndose en diferentes fechas.<\/p>\n\n\n\n<p>El <strong>5 de enero de 1937<\/strong> el Jurado Popular de Urgencia&nbsp;promulg\u00f3 la sentencia de mi t\u00edo abuelo Antonio:<\/p>\n\n\n\n<p><span style=\"font-family: courier;\">\u00abRESULTANDO probado y as\u00ed se declara que: el denunciado <strong>Antonio Magari\u00f1os Garc\u00eda<\/strong>, pertenec\u00eda a la organizaci\u00f3n pol\u00edtica denominada \u00abAcci\u00f3n Popular\u00bb, en oposici\u00f3n y abierta hostilidad contra el Gobierno, sin que haya llevado a efecto en forma adecuada acto alguno de acatamiento o adhesi\u00f3n al r\u00e9gimen\u00bb<\/span><\/p>\n\n\n\n<p><span style=\"font-family: courier;\">\u00abFALLAMOS que debemos imponer e imponemos como media de seguridad a <strong>Antonio Magari\u00f1os Garc\u00eda<\/strong> la de dos meses de internamiento en lugar adecuado y quinientas pesetas de multa; y caso de impago de la misma por insolvencia del inculpado sufrir\u00e1 un mes de arresto por el impago, si\u00e9ndole de abono para el cumplimiento del internamiento el tiempo que lleva privado de libertad, m\u00e1s las costas de este expediente, y rem\u00edtase el mismo original a la Secretar\u00eda General para el cumplimiento de esta sentencia.\u00bb<\/span><\/p>\n\n\n\n<p>Antonio fue puesto en libertad ese mismo <strong>5 de enero de 1937<\/strong> puesto que ya hab\u00eda cumplido la pena al haber permanecido en prisi\u00f3n preventiva durante m\u00e1s de tres meses.<\/p>\n\n\n\n<p>La sentencia de mi abuelo Carlos se dict\u00f3 el <strong>11 de enero de 1937<\/strong>:<\/p>\n\n\n\n<p><span style=\"font-family: courier;\">\u00abRESULTANDO probado y as\u00ed se declara que: el denunciado <strong>Carlos Magari\u00f1os Garc\u00eda<\/strong>, perteneciente a la agrupaci\u00f3n pol\u00edtica denominada \u00abAcci\u00f3n Popular\u00bb, organizaci\u00f3n en oposici\u00f3n y abierta hostilidad contra el Gobierno, sin que haya llevado a efecto acto alguno de acatamiento o adhesi\u00f3n al R\u00e9gimen.\u00bb<\/span><\/p>\n\n\n\n<p><span style=\"font-family: courier;\">\u00abFALLAMOS que debemos imponer e imponemos como media de seguridad a <strong>Carlos Magari\u00f1os Garc\u00eda<\/strong>, la de dos meses de internamiento en lugar adecuado, si\u00e9ndole de abono para el cumplimiento del mismo el tiempo que lleve privado de libertad, m\u00e1s las costas de este expediente; y rem\u00edtase el mismo a la Secretar\u00eda General para la ejecuci\u00f3n de esta sentencia.\u00bb<\/span><\/p>\n\n\n\n<p>Como en el caso de Antonio, dado que hab\u00eda pasado en prisi\u00f3n preventiva un periodo m\u00e1s largo que la propia condena, fue puesto en libertad el mismo <strong>11 de enero de 1937<\/strong>.<\/p>\n\n\n\n<p>El 28 de enero de 1937, el tribunal impuso mi t\u00eda abuela Pilar una condena de cuatro meses de prisi\u00f3n y 1.500 pesetas de multa por el delito de \u00abDesafecci\u00f3n al r\u00e9gimen\u00bb.<\/p>\n\n\n\n<p><span style=\"font-family: courier;\">\u00abFALLAMOS que debemos imponer a imponemos como medida de seguridad a la inculpada <strong>Pilar Ram\u00f3n Llera<\/strong>, cuatro meses de internamiento en establecimiento adecuado, p\u00e9rdida de derechos pol\u00edticos durante tres a\u00f1os y multa de quinientas pesetas, debiendo sufrir caso de insolvencia arresto subsidiario, que se ejecutar\u00e1 sin perjuicio de la revisi\u00f3n que, en su caso, se hiciese de este fallo dentro seis meses.\u00bb<\/span><\/p>\n\n\n\n<p>El <strong>29 de enero de 1937<\/strong>, solicit\u00f3 una pena atenuada para poder operarse de un tumor maligno en el pecho, adjuntando a su petici\u00f3n un certificado m\u00e9dico. Finalmente fue puesta en libertad, al haber cumplido la pena de cuatro meses, el <strong>29 de febrero de 1937<\/strong>.<\/p>\n\n\n\n<p>En el portal de archivos espa\u00f1oles, existe mucha informaci\u00f3n sobre la guerra civil y es all\u00ed donde he encontrado mucha informaci\u00f3n sobre los juicios. Quien quiera conocer m\u00e1s detalles, podr\u00e1 encontrar aqu\u00ed una copia de los expedientes:<\/p>\n\n\n\n<ul class=\"wp-block-list\"><li>Expediente de <a href=\"https:\/\/magarinos.eu\/atandocabos\/Archives\/Magarinos\/Juicio_Carlos_Magari%C3%B1os.pdf\">Carlos Magari\u00f1os Garc\u00eda<\/a>.<\/li><\/ul>\n\n\n\n<figure class=\"wp-block-image aligncenter is-resized\"><a href=\"https:\/\/magarinos.eu\/atandocabos\/Archives\/Magarinos\/Juicio_Carlos_Magari%C3%B1os.pdf\" target=\"_blank\" rel=\"noopener\"><img loading=\"lazy\" decoding=\"async\" src=\"data:image\/gif;base64,R0lGODlhAQABAIAAAAAAAP\/\/\/yH5BAEAAAAALAAAAAABAAEAAAIBRAA7\" data-src=\"https:\/\/magarinos.eu\/atandocabos\/wp-content\/uploads\/2016\/07\/15685279.jpg?w=316\" alt=\"15685279.JPG\" class=\"wp-image-1217 lazyload\" width=\"428\" height=\"613\"\/><noscript><img loading=\"lazy\" decoding=\"async\" src=\"https:\/\/magarinos.eu\/atandocabos\/wp-content\/uploads\/2016\/07\/15685279.jpg?w=316\" alt=\"15685279.JPG\" class=\"wp-image-1217 lazyload\" width=\"428\" height=\"613\" srcset=\"https:\/\/magarinos.eu\/atandocabos\/wp-content\/uploads\/2016\/07\/15685279.jpg 1129w, https:\/\/magarinos.eu\/atandocabos\/wp-content\/uploads\/2016\/07\/15685279-209x300.jpg 209w, https:\/\/magarinos.eu\/atandocabos\/wp-content\/uploads\/2016\/07\/15685279-715x1024.jpg 715w, https:\/\/magarinos.eu\/atandocabos\/wp-content\/uploads\/2016\/07\/15685279-768x1101.jpg 768w, https:\/\/magarinos.eu\/atandocabos\/wp-content\/uploads\/2016\/07\/15685279-1072x1536.jpg 1072w\" sizes=\"auto, (max-width: 428px) 100vw, 428px\" \/><\/noscript><\/a><\/figure>\n\n\n\n<ul class=\"wp-block-list\"><li>Expediente de <a href=\"https:\/\/magarinos.eu\/atandocabos\/Archives\/Magarinos\/Juicio_Antonio_Magari%C3%B1os.pdf\" target=\"_blank\" rel=\"noreferrer noopener\">Antonio Magari\u00f1os Garc\u00eda<\/a><\/li><\/ul>\n\n\n\n<figure class=\"wp-block-image aligncenter is-resized\"><a href=\"https:\/\/magarinos.eu\/atandocabos\/Archives\/Magarinos\/Juicio_Antonio_Magari%C3%B1os.pdf\" target=\"_blank\" rel=\"noopener\"><img loading=\"lazy\" decoding=\"async\" src=\"data:image\/gif;base64,R0lGODlhAQABAIAAAAAAAP\/\/\/yH5BAEAAAAALAAAAAABAAEAAAIBRAA7\" data-src=\"https:\/\/magarinos.eu\/atandocabos\/wp-content\/uploads\/2016\/07\/15530727.jpg\" alt=\"15530727.JPG\" class=\"wp-image-1219 lazyload\" width=\"439\" height=\"627\"\/><noscript><img loading=\"lazy\" decoding=\"async\" src=\"https:\/\/magarinos.eu\/atandocabos\/wp-content\/uploads\/2016\/07\/15530727.jpg\" alt=\"15530727.JPG\" class=\"wp-image-1219 lazyload\" width=\"439\" height=\"627\" srcset=\"https:\/\/magarinos.eu\/atandocabos\/wp-content\/uploads\/2016\/07\/15530727.jpg 1119w, https:\/\/magarinos.eu\/atandocabos\/wp-content\/uploads\/2016\/07\/15530727-210x300.jpg 210w, https:\/\/magarinos.eu\/atandocabos\/wp-content\/uploads\/2016\/07\/15530727-716x1024.jpg 716w, https:\/\/magarinos.eu\/atandocabos\/wp-content\/uploads\/2016\/07\/15530727-768x1098.jpg 768w, https:\/\/magarinos.eu\/atandocabos\/wp-content\/uploads\/2016\/07\/15530727-1074x1536.jpg 1074w\" sizes=\"auto, (max-width: 439px) 100vw, 439px\" \/><\/noscript><\/a><\/figure>\n\n\n\n<ul class=\"wp-block-list\"><li>Expediente de <a href=\"https:\/\/magarinos.eu\/atandocabos\/Archives\/RamonVidal\/Juicio_Pilar_Ramon_Llera_2.pdf\" target=\"_blank\" rel=\"noreferrer noopener\">Pilar Ram\u00f3n Llera<\/a>.<\/li><\/ul>\n\n\n\n<figure class=\"wp-block-image aligncenter is-resized\"><a href=\"https:\/\/magarinos.eu\/atandocabos\/Archives\/RamonVidal\/Juicio_Pilar_Ramon_Llera_2.pdf\" target=\"_blank\" rel=\"noopener\"><img loading=\"lazy\" decoding=\"async\" src=\"data:image\/gif;base64,R0lGODlhAQABAIAAAAAAAP\/\/\/yH5BAEAAAAALAAAAAABAAEAAAIBRAA7\" data-src=\"https:\/\/magarinos.eu\/atandocabos\/wp-content\/uploads\/2016\/07\/15844169.jpg\" alt=\"15844169.JPG\" class=\"wp-image-1223 lazyload\" width=\"439\" height=\"655\"\/><noscript><img loading=\"lazy\" decoding=\"async\" src=\"https:\/\/magarinos.eu\/atandocabos\/wp-content\/uploads\/2016\/07\/15844169.jpg\" alt=\"15844169.JPG\" class=\"wp-image-1223 lazyload\" width=\"439\" height=\"655\" srcset=\"https:\/\/magarinos.eu\/atandocabos\/wp-content\/uploads\/2016\/07\/15844169.jpg 1070w, https:\/\/magarinos.eu\/atandocabos\/wp-content\/uploads\/2016\/07\/15844169-201x300.jpg 201w, https:\/\/magarinos.eu\/atandocabos\/wp-content\/uploads\/2016\/07\/15844169-686x1024.jpg 686w, https:\/\/magarinos.eu\/atandocabos\/wp-content\/uploads\/2016\/07\/15844169-768x1147.jpg 768w, https:\/\/magarinos.eu\/atandocabos\/wp-content\/uploads\/2016\/07\/15844169-1028x1536.jpg 1028w\" sizes=\"auto, (max-width: 439px) 100vw, 439px\" \/><\/noscript><\/a><\/figure>\n\n\n\n<h1 class=\"wp-block-heading\">Aclaraci\u00f3n<\/h1>\n\n\n\n<p>En ciertos c\u00edrculos ultra derechistas se menciona que mi t\u00edo abuelo <strong>Antonio Magari\u00f1os<\/strong> estuvo en la c\u00e1rcel con Ramiro de Maeztu. Esta afirmaci\u00f3n no es correcta en cuanto a que Ramiro de Maeztu fue encarcelado en la <strong>C\u00e1rcel de Ventas<\/strong> el <strong>30 de julio de 1936<\/strong> de donde lo sacaron para fusilarlo el <strong>29 de octubre de 1936<\/strong>.<\/p>\n\n\n\n<p>Por su parte, mi t\u00edo <strong>Antonio Magari\u00f1os<\/strong> fue detenido junto con su hermano Carlos el <strong>28 de octubre de 1036<\/strong> y, tras pasar una noche en la comisar\u00eda ingresaron ambos en la <strong>C\u00e1rcel de Duque de Sexto<\/strong>.<\/p>\n\n\n\n<p>La confusi\u00f3n quiz\u00e1s se deba a que hubo otro Magari\u00f1os que s\u00ed comparti\u00f3 celda con Ramiro de Maeztu: <strong>Santiago Magari\u00f1os Torres<\/strong>, hijo de <a href=\"https:\/\/magarinos.eu\/atandocabos\/la-vaqueria-del-tio-emeterio\/\" target=\"_blank\" rel=\"noreferrer noopener\">Emeterio Magari\u00f1os (el de la vaquer\u00eda)<\/a> y, por lo tanto, primo de Antonio y de Carlos Magari\u00f1os.<\/p>\n","protected":false},"excerpt":{"rendered":"<p>Hoy seguimos con m\u00e1s historias de la guerra civil. Estamos en Madrid, en oto\u00f1o de 1936. La capital republicana estaba casi rodeada por&nbsp;las tropas franquistas. En mi familia casi todos eran m\u00e1s bien de derechas as\u00ed que corr\u00edan un cierto peligro. En la anterior&nbsp;entrada del blog, hab\u00edamos contado c\u00f3mo mi bisabuelo Juan Ram\u00f3n Vidal,&nbsp;su esposa [&hellip;]<\/p>\n","protected":false},"author":1,"featured_media":1260,"comment_status":"open","ping_status":"open","sticky":false,"template":"","format":"standard","meta":{"footnotes":""},"categories":[4],"tags":[12,30,25,61,118],"class_list":["post-907","post","type-post","status-publish","format-standard","has-post-thumbnail","hentry","category-guerra-civil-espanola","tag-antonio-magarinos-garcia","tag-carcel","tag-carlos-magarinos-garcia","tag-guerra-civil","tag-pilar-ramon-llera"],"blocksy_meta":{"styles_descriptor":{"styles":{"desktop":"","tablet":"","mobile":""},"google_fonts":[],"version":6}},"yoast_head":"<!-- This site is optimized with the Yoast SEO plugin v27.5 - https:\/\/yoast.com\/product\/yoast-seo-wordpress\/ -->\n<title>1936: detenciones, juicios y condenas - Atando Cabos<\/title>\n<meta name=\"robots\" content=\"index, follow, max-snippet:-1, max-image-preview:large, max-video-preview:-1\" \/>\n<link rel=\"canonical\" href=\"https:\/\/magarinos.eu\/atandocabos\/blog\/2016\/07\/21\/la-guerra-civil-2\/\" \/>\n<meta property=\"og:locale\" content=\"es_ES\" \/>\n<meta property=\"og:type\" content=\"article\" \/>\n<meta property=\"og:title\" content=\"1936: detenciones, juicios y condenas - Atando Cabos\" \/>\n<meta property=\"og:description\" content=\"Hoy seguimos con m\u00e1s historias de la guerra civil. Estamos en Madrid, en oto\u00f1o de 1936. La capital republicana estaba casi rodeada por&nbsp;las tropas franquistas. En mi familia casi todos eran m\u00e1s bien de derechas as\u00ed que corr\u00edan un cierto peligro. En la anterior&nbsp;entrada del blog, hab\u00edamos contado c\u00f3mo mi bisabuelo Juan Ram\u00f3n Vidal,&nbsp;su esposa [&hellip;]\" \/>\n<meta property=\"og:url\" content=\"https:\/\/magarinos.eu\/atandocabos\/blog\/2016\/07\/21\/la-guerra-civil-2\/\" \/>\n<meta property=\"og:site_name\" content=\"Atando Cabos\" \/>\n<meta property=\"article:published_time\" content=\"2016-07-21T21:27:48+00:00\" \/>\n<meta property=\"article:modified_time\" content=\"2022-07-19T05:37:53+00:00\" \/>\n<meta property=\"og:image\" content=\"https:\/\/magarinos.eu\/atandocabos\/wp-content\/uploads\/2016\/07\/c2a1no_pasarc3a1n_madrid.jpg\" \/>\n\t<meta property=\"og:image:width\" content=\"800\" \/>\n\t<meta property=\"og:image:height\" content=\"1038\" \/>\n\t<meta property=\"og:image:type\" content=\"image\/jpeg\" \/>\n<meta name=\"author\" content=\"Daniel Garc\u00eda Magari\u00f1os\" \/>\n<meta name=\"twitter:card\" content=\"summary_large_image\" \/>\n<meta name=\"twitter:label1\" content=\"Escrito por\" \/>\n\t<meta name=\"twitter:data1\" content=\"Daniel Garc\u00eda Magari\u00f1os\" \/>\n\t<meta name=\"twitter:label2\" content=\"Tiempo de lectura\" \/>\n\t<meta name=\"twitter:data2\" content=\"13 minutos\" \/>\n<script type=\"application\/ld+json\" class=\"yoast-schema-graph\">{\"@context\":\"https:\\\/\\\/schema.org\",\"@graph\":[{\"@type\":\"Article\",\"@id\":\"https:\\\/\\\/magarinos.eu\\\/atandocabos\\\/blog\\\/2016\\\/07\\\/21\\\/la-guerra-civil-2\\\/#article\",\"isPartOf\":{\"@id\":\"https:\\\/\\\/magarinos.eu\\\/atandocabos\\\/blog\\\/2016\\\/07\\\/21\\\/la-guerra-civil-2\\\/\"},\"author\":{\"name\":\"Daniel Garc\u00eda Magari\u00f1os\",\"@id\":\"https:\\\/\\\/magarinos.eu\\\/atandocabos\\\/#\\\/schema\\\/person\\\/ce62485d4bf8f9cc864369bb52591f1e\"},\"headline\":\"1936: detenciones, juicios y condenas\",\"datePublished\":\"2016-07-21T21:27:48+00:00\",\"dateModified\":\"2022-07-19T05:37:53+00:00\",\"mainEntityOfPage\":{\"@id\":\"https:\\\/\\\/magarinos.eu\\\/atandocabos\\\/blog\\\/2016\\\/07\\\/21\\\/la-guerra-civil-2\\\/\"},\"wordCount\":2679,\"commentCount\":0,\"publisher\":{\"@id\":\"https:\\\/\\\/magarinos.eu\\\/atandocabos\\\/#organization\"},\"image\":{\"@id\":\"https:\\\/\\\/magarinos.eu\\\/atandocabos\\\/blog\\\/2016\\\/07\\\/21\\\/la-guerra-civil-2\\\/#primaryimage\"},\"thumbnailUrl\":\"https:\\\/\\\/magarinos.eu\\\/atandocabos\\\/wp-content\\\/uploads\\\/2016\\\/07\\\/c2a1no_pasarc3a1n_madrid.jpg\",\"keywords\":[\"Antonio Magari\u00f1os Garc\u00eda\",\"C\u00e1rcel\",\"Carlos Magari\u00f1os Garc\u00eda\",\"Guerra Civil\",\"Pilar Ram\u00f3n Llera\"],\"articleSection\":[\"Guerra Civil Espa\u00f1ola\"],\"inLanguage\":\"es\",\"potentialAction\":[{\"@type\":\"CommentAction\",\"name\":\"Comment\",\"target\":[\"https:\\\/\\\/magarinos.eu\\\/atandocabos\\\/blog\\\/2016\\\/07\\\/21\\\/la-guerra-civil-2\\\/#respond\"]}]},{\"@type\":\"WebPage\",\"@id\":\"https:\\\/\\\/magarinos.eu\\\/atandocabos\\\/blog\\\/2016\\\/07\\\/21\\\/la-guerra-civil-2\\\/\",\"url\":\"https:\\\/\\\/magarinos.eu\\\/atandocabos\\\/blog\\\/2016\\\/07\\\/21\\\/la-guerra-civil-2\\\/\",\"name\":\"1936: detenciones, juicios y condenas - Atando Cabos\",\"isPartOf\":{\"@id\":\"https:\\\/\\\/magarinos.eu\\\/atandocabos\\\/#website\"},\"primaryImageOfPage\":{\"@id\":\"https:\\\/\\\/magarinos.eu\\\/atandocabos\\\/blog\\\/2016\\\/07\\\/21\\\/la-guerra-civil-2\\\/#primaryimage\"},\"image\":{\"@id\":\"https:\\\/\\\/magarinos.eu\\\/atandocabos\\\/blog\\\/2016\\\/07\\\/21\\\/la-guerra-civil-2\\\/#primaryimage\"},\"thumbnailUrl\":\"https:\\\/\\\/magarinos.eu\\\/atandocabos\\\/wp-content\\\/uploads\\\/2016\\\/07\\\/c2a1no_pasarc3a1n_madrid.jpg\",\"datePublished\":\"2016-07-21T21:27:48+00:00\",\"dateModified\":\"2022-07-19T05:37:53+00:00\",\"breadcrumb\":{\"@id\":\"https:\\\/\\\/magarinos.eu\\\/atandocabos\\\/blog\\\/2016\\\/07\\\/21\\\/la-guerra-civil-2\\\/#breadcrumb\"},\"inLanguage\":\"es\",\"potentialAction\":[{\"@type\":\"ReadAction\",\"target\":[\"https:\\\/\\\/magarinos.eu\\\/atandocabos\\\/blog\\\/2016\\\/07\\\/21\\\/la-guerra-civil-2\\\/\"]}]},{\"@type\":\"ImageObject\",\"inLanguage\":\"es\",\"@id\":\"https:\\\/\\\/magarinos.eu\\\/atandocabos\\\/blog\\\/2016\\\/07\\\/21\\\/la-guerra-civil-2\\\/#primaryimage\",\"url\":\"https:\\\/\\\/magarinos.eu\\\/atandocabos\\\/wp-content\\\/uploads\\\/2016\\\/07\\\/c2a1no_pasarc3a1n_madrid.jpg\",\"contentUrl\":\"https:\\\/\\\/magarinos.eu\\\/atandocabos\\\/wp-content\\\/uploads\\\/2016\\\/07\\\/c2a1no_pasarc3a1n_madrid.jpg\",\"width\":800,\"height\":1038},{\"@type\":\"BreadcrumbList\",\"@id\":\"https:\\\/\\\/magarinos.eu\\\/atandocabos\\\/blog\\\/2016\\\/07\\\/21\\\/la-guerra-civil-2\\\/#breadcrumb\",\"itemListElement\":[{\"@type\":\"ListItem\",\"position\":1,\"name\":\"Portada\",\"item\":\"https:\\\/\\\/magarinos.eu\\\/atandocabos\\\/\"},{\"@type\":\"ListItem\",\"position\":2,\"name\":\"1936: detenciones, juicios y condenas\"}]},{\"@type\":\"WebSite\",\"@id\":\"https:\\\/\\\/magarinos.eu\\\/atandocabos\\\/#website\",\"url\":\"https:\\\/\\\/magarinos.eu\\\/atandocabos\\\/\",\"name\":\"Atando Cabos\",\"description\":\"Una p\u00e1gina web de la familia Magari\u00f1os Ram\u00f3n\",\"publisher\":{\"@id\":\"https:\\\/\\\/magarinos.eu\\\/atandocabos\\\/#organization\"},\"potentialAction\":[{\"@type\":\"SearchAction\",\"target\":{\"@type\":\"EntryPoint\",\"urlTemplate\":\"https:\\\/\\\/magarinos.eu\\\/atandocabos\\\/?s={search_term_string}\"},\"query-input\":{\"@type\":\"PropertyValueSpecification\",\"valueRequired\":true,\"valueName\":\"search_term_string\"}}],\"inLanguage\":\"es\"},{\"@type\":\"Organization\",\"@id\":\"https:\\\/\\\/magarinos.eu\\\/atandocabos\\\/#organization\",\"name\":\"Atando Cabos\",\"url\":\"https:\\\/\\\/magarinos.eu\\\/atandocabos\\\/\",\"logo\":{\"@type\":\"ImageObject\",\"inLanguage\":\"es\",\"@id\":\"https:\\\/\\\/magarinos.eu\\\/atandocabos\\\/#\\\/schema\\\/logo\\\/image\\\/\",\"url\":\"https:\\\/\\\/magarinos.eu\\\/atandocabos\\\/wp-content\\\/uploads\\\/2022\\\/06\\\/cropped-cropped-Caballero_Anciano.jpg\",\"contentUrl\":\"https:\\\/\\\/magarinos.eu\\\/atandocabos\\\/wp-content\\\/uploads\\\/2022\\\/06\\\/cropped-cropped-Caballero_Anciano.jpg\",\"width\":512,\"height\":512,\"caption\":\"Atando Cabos\"},\"image\":{\"@id\":\"https:\\\/\\\/magarinos.eu\\\/atandocabos\\\/#\\\/schema\\\/logo\\\/image\\\/\"}},{\"@type\":\"Person\",\"@id\":\"https:\\\/\\\/magarinos.eu\\\/atandocabos\\\/#\\\/schema\\\/person\\\/ce62485d4bf8f9cc864369bb52591f1e\",\"name\":\"Daniel Garc\u00eda Magari\u00f1os\",\"image\":{\"@type\":\"ImageObject\",\"inLanguage\":\"es\",\"@id\":\"https:\\\/\\\/secure.gravatar.com\\\/avatar\\\/a7c7a82edf145a1bb8c32117ac59cb3be1c2c760796caff2df495a17896be288?s=96&d=mm&r=g\",\"url\":\"https:\\\/\\\/secure.gravatar.com\\\/avatar\\\/a7c7a82edf145a1bb8c32117ac59cb3be1c2c760796caff2df495a17896be288?s=96&d=mm&r=g\",\"contentUrl\":\"https:\\\/\\\/secure.gravatar.com\\\/avatar\\\/a7c7a82edf145a1bb8c32117ac59cb3be1c2c760796caff2df495a17896be288?s=96&d=mm&r=g\",\"caption\":\"Daniel Garc\u00eda Magari\u00f1os\"},\"url\":\"https:\\\/\\\/magarinos.eu\\\/atandocabos\\\/blog\\\/author\\\/dgarcia\\\/\"}]}<\/script>\n<!-- \/ Yoast SEO plugin. -->","yoast_head_json":{"title":"1936: detenciones, juicios y condenas - Atando Cabos","robots":{"index":"index","follow":"follow","max-snippet":"max-snippet:-1","max-image-preview":"max-image-preview:large","max-video-preview":"max-video-preview:-1"},"canonical":"https:\/\/magarinos.eu\/atandocabos\/blog\/2016\/07\/21\/la-guerra-civil-2\/","og_locale":"es_ES","og_type":"article","og_title":"1936: detenciones, juicios y condenas - Atando Cabos","og_description":"Hoy seguimos con m\u00e1s historias de la guerra civil. Estamos en Madrid, en oto\u00f1o de 1936. La capital republicana estaba casi rodeada por&nbsp;las tropas franquistas. En mi familia casi todos eran m\u00e1s bien de derechas as\u00ed que corr\u00edan un cierto peligro. En la anterior&nbsp;entrada del blog, hab\u00edamos contado c\u00f3mo mi bisabuelo Juan Ram\u00f3n Vidal,&nbsp;su esposa [&hellip;]","og_url":"https:\/\/magarinos.eu\/atandocabos\/blog\/2016\/07\/21\/la-guerra-civil-2\/","og_site_name":"Atando Cabos","article_published_time":"2016-07-21T21:27:48+00:00","article_modified_time":"2022-07-19T05:37:53+00:00","og_image":[{"width":800,"height":1038,"url":"https:\/\/magarinos.eu\/atandocabos\/wp-content\/uploads\/2016\/07\/c2a1no_pasarc3a1n_madrid.jpg","type":"image\/jpeg"}],"author":"Daniel Garc\u00eda Magari\u00f1os","twitter_card":"summary_large_image","twitter_misc":{"Escrito por":"Daniel Garc\u00eda Magari\u00f1os","Tiempo de lectura":"13 minutos"},"schema":{"@context":"https:\/\/schema.org","@graph":[{"@type":"Article","@id":"https:\/\/magarinos.eu\/atandocabos\/blog\/2016\/07\/21\/la-guerra-civil-2\/#article","isPartOf":{"@id":"https:\/\/magarinos.eu\/atandocabos\/blog\/2016\/07\/21\/la-guerra-civil-2\/"},"author":{"name":"Daniel Garc\u00eda Magari\u00f1os","@id":"https:\/\/magarinos.eu\/atandocabos\/#\/schema\/person\/ce62485d4bf8f9cc864369bb52591f1e"},"headline":"1936: detenciones, juicios y condenas","datePublished":"2016-07-21T21:27:48+00:00","dateModified":"2022-07-19T05:37:53+00:00","mainEntityOfPage":{"@id":"https:\/\/magarinos.eu\/atandocabos\/blog\/2016\/07\/21\/la-guerra-civil-2\/"},"wordCount":2679,"commentCount":0,"publisher":{"@id":"https:\/\/magarinos.eu\/atandocabos\/#organization"},"image":{"@id":"https:\/\/magarinos.eu\/atandocabos\/blog\/2016\/07\/21\/la-guerra-civil-2\/#primaryimage"},"thumbnailUrl":"https:\/\/magarinos.eu\/atandocabos\/wp-content\/uploads\/2016\/07\/c2a1no_pasarc3a1n_madrid.jpg","keywords":["Antonio Magari\u00f1os Garc\u00eda","C\u00e1rcel","Carlos Magari\u00f1os Garc\u00eda","Guerra Civil","Pilar Ram\u00f3n Llera"],"articleSection":["Guerra Civil Espa\u00f1ola"],"inLanguage":"es","potentialAction":[{"@type":"CommentAction","name":"Comment","target":["https:\/\/magarinos.eu\/atandocabos\/blog\/2016\/07\/21\/la-guerra-civil-2\/#respond"]}]},{"@type":"WebPage","@id":"https:\/\/magarinos.eu\/atandocabos\/blog\/2016\/07\/21\/la-guerra-civil-2\/","url":"https:\/\/magarinos.eu\/atandocabos\/blog\/2016\/07\/21\/la-guerra-civil-2\/","name":"1936: detenciones, juicios y condenas - Atando Cabos","isPartOf":{"@id":"https:\/\/magarinos.eu\/atandocabos\/#website"},"primaryImageOfPage":{"@id":"https:\/\/magarinos.eu\/atandocabos\/blog\/2016\/07\/21\/la-guerra-civil-2\/#primaryimage"},"image":{"@id":"https:\/\/magarinos.eu\/atandocabos\/blog\/2016\/07\/21\/la-guerra-civil-2\/#primaryimage"},"thumbnailUrl":"https:\/\/magarinos.eu\/atandocabos\/wp-content\/uploads\/2016\/07\/c2a1no_pasarc3a1n_madrid.jpg","datePublished":"2016-07-21T21:27:48+00:00","dateModified":"2022-07-19T05:37:53+00:00","breadcrumb":{"@id":"https:\/\/magarinos.eu\/atandocabos\/blog\/2016\/07\/21\/la-guerra-civil-2\/#breadcrumb"},"inLanguage":"es","potentialAction":[{"@type":"ReadAction","target":["https:\/\/magarinos.eu\/atandocabos\/blog\/2016\/07\/21\/la-guerra-civil-2\/"]}]},{"@type":"ImageObject","inLanguage":"es","@id":"https:\/\/magarinos.eu\/atandocabos\/blog\/2016\/07\/21\/la-guerra-civil-2\/#primaryimage","url":"https:\/\/magarinos.eu\/atandocabos\/wp-content\/uploads\/2016\/07\/c2a1no_pasarc3a1n_madrid.jpg","contentUrl":"https:\/\/magarinos.eu\/atandocabos\/wp-content\/uploads\/2016\/07\/c2a1no_pasarc3a1n_madrid.jpg","width":800,"height":1038},{"@type":"BreadcrumbList","@id":"https:\/\/magarinos.eu\/atandocabos\/blog\/2016\/07\/21\/la-guerra-civil-2\/#breadcrumb","itemListElement":[{"@type":"ListItem","position":1,"name":"Portada","item":"https:\/\/magarinos.eu\/atandocabos\/"},{"@type":"ListItem","position":2,"name":"1936: detenciones, juicios y condenas"}]},{"@type":"WebSite","@id":"https:\/\/magarinos.eu\/atandocabos\/#website","url":"https:\/\/magarinos.eu\/atandocabos\/","name":"Atando Cabos","description":"Una p\u00e1gina web de la familia Magari\u00f1os Ram\u00f3n","publisher":{"@id":"https:\/\/magarinos.eu\/atandocabos\/#organization"},"potentialAction":[{"@type":"SearchAction","target":{"@type":"EntryPoint","urlTemplate":"https:\/\/magarinos.eu\/atandocabos\/?s={search_term_string}"},"query-input":{"@type":"PropertyValueSpecification","valueRequired":true,"valueName":"search_term_string"}}],"inLanguage":"es"},{"@type":"Organization","@id":"https:\/\/magarinos.eu\/atandocabos\/#organization","name":"Atando Cabos","url":"https:\/\/magarinos.eu\/atandocabos\/","logo":{"@type":"ImageObject","inLanguage":"es","@id":"https:\/\/magarinos.eu\/atandocabos\/#\/schema\/logo\/image\/","url":"https:\/\/magarinos.eu\/atandocabos\/wp-content\/uploads\/2022\/06\/cropped-cropped-Caballero_Anciano.jpg","contentUrl":"https:\/\/magarinos.eu\/atandocabos\/wp-content\/uploads\/2022\/06\/cropped-cropped-Caballero_Anciano.jpg","width":512,"height":512,"caption":"Atando Cabos"},"image":{"@id":"https:\/\/magarinos.eu\/atandocabos\/#\/schema\/logo\/image\/"}},{"@type":"Person","@id":"https:\/\/magarinos.eu\/atandocabos\/#\/schema\/person\/ce62485d4bf8f9cc864369bb52591f1e","name":"Daniel Garc\u00eda Magari\u00f1os","image":{"@type":"ImageObject","inLanguage":"es","@id":"https:\/\/secure.gravatar.com\/avatar\/a7c7a82edf145a1bb8c32117ac59cb3be1c2c760796caff2df495a17896be288?s=96&d=mm&r=g","url":"https:\/\/secure.gravatar.com\/avatar\/a7c7a82edf145a1bb8c32117ac59cb3be1c2c760796caff2df495a17896be288?s=96&d=mm&r=g","contentUrl":"https:\/\/secure.gravatar.com\/avatar\/a7c7a82edf145a1bb8c32117ac59cb3be1c2c760796caff2df495a17896be288?s=96&d=mm&r=g","caption":"Daniel Garc\u00eda Magari\u00f1os"},"url":"https:\/\/magarinos.eu\/atandocabos\/blog\/author\/dgarcia\/"}]}},"_links":{"self":[{"href":"https:\/\/magarinos.eu\/atandocabos\/wp-json\/wp\/v2\/posts\/907","targetHints":{"allow":["GET"]}}],"collection":[{"href":"https:\/\/magarinos.eu\/atandocabos\/wp-json\/wp\/v2\/posts"}],"about":[{"href":"https:\/\/magarinos.eu\/atandocabos\/wp-json\/wp\/v2\/types\/post"}],"author":[{"embeddable":true,"href":"https:\/\/magarinos.eu\/atandocabos\/wp-json\/wp\/v2\/users\/1"}],"replies":[{"embeddable":true,"href":"https:\/\/magarinos.eu\/atandocabos\/wp-json\/wp\/v2\/comments?post=907"}],"version-history":[{"count":0,"href":"https:\/\/magarinos.eu\/atandocabos\/wp-json\/wp\/v2\/posts\/907\/revisions"}],"wp:featuredmedia":[{"embeddable":true,"href":"https:\/\/magarinos.eu\/atandocabos\/wp-json\/wp\/v2\/media\/1260"}],"wp:attachment":[{"href":"https:\/\/magarinos.eu\/atandocabos\/wp-json\/wp\/v2\/media?parent=907"}],"wp:term":[{"taxonomy":"category","embeddable":true,"href":"https:\/\/magarinos.eu\/atandocabos\/wp-json\/wp\/v2\/categories?post=907"},{"taxonomy":"post_tag","embeddable":true,"href":"https:\/\/magarinos.eu\/atandocabos\/wp-json\/wp\/v2\/tags?post=907"}],"curies":[{"name":"wp","href":"https:\/\/api.w.org\/{rel}","templated":true}]}}