{"id":614,"date":"2016-07-09T11:34:47","date_gmt":"2016-07-09T11:34:47","guid":{"rendered":"https:\/\/atandocabosweb.wordpress.com\/?p=614"},"modified":"2022-07-19T00:32:21","modified_gmt":"2022-07-18T22:32:21","slug":"1936_guerra_familia_magarinos_ramon","status":"publish","type":"post","link":"https:\/\/magarinos.eu\/atandocabos\/blog\/2016\/07\/09\/1936_guerra_familia_magarinos_ramon\/","title":{"rendered":"1936: la guerra civil y la familia Magari\u00f1os Ram\u00f3n"},"content":{"rendered":"\n<p>En la familia no se hablaba demasiado de la guerra. No es que fuera un tema tab\u00fa pero tampoco era algo muy recurrente. Sab\u00edamos que mi abuelo Carlos y su hermano Antonio eran m\u00e1s bien de derechas, que estuvieron en la c\u00e1rcel y que mi t\u00edo Carlos naci\u00f3 durante la guerra. Tambi\u00e9n nos contaban que mi abuelo se libr\u00f3 de ir al frente trag\u00e1ndose un hueso de aceituna y fingiendo una enfermedad. De mi t\u00edo abuelo Antonio se dec\u00eda&nbsp;que hab\u00eda sobrevivido en Madrid durante la guerra porque se refugi\u00f3 en la embajada de un pa\u00eds latinoamericano (de Chile, si no recuerdo mal).<\/p>\n\n\n\n<p>Como se van a cumplir 80 a\u00f1os del inicio de la guerra civil, y hemos encontrado bastantes documentos sobre el tema, vamos a empezar una serie de entradas sobre las peripecias de mis abuelos durante la guerra.<\/p>\n\n\n\n<p>Para no despistarnos mucho, aqu\u00ed van otra vez los \u00e1rboles geneal\u00f3gicos<\/p>\n\n\n\n<ul class=\"wp-block-list\"><li><a href=\"https:\/\/magarinos.eu\/atandocabos\/Archives\/Tree\/Magarinos.pdf\" target=\"_blank\" rel=\"noreferrer noopener\">Familia Magari\u00f1os<\/a> (en concreto, vamos a hablar de mi abuelo,\u00a0<strong>Carlos Magari\u00f1os Garc\u00eda\u00a0<\/strong>y de su hermano\u00a0<strong>Antoni0 Magari\u00f1os Garc\u00eda<\/strong>.<\/li><\/ul>\n\n\n\n<figure class=\"wp-block-gallery has-nested-images columns-3 is-cropped wp-block-gallery-1 is-layout-flex wp-block-gallery-is-layout-flex\">\n<figure class=\"wp-block-image size-large\"><img decoding=\"async\" data-id=\"888\" src=\"data:image\/gif;base64,R0lGODlhAQABAIAAAAAAAP\/\/\/yH5BAEAAAAALAAAAAABAAEAAAIBRAA7\" data-src=\"https:\/\/magarinos.eu\/atandocabos\/wp-content\/uploads\/2016\/07\/carlos.jpg\" alt=\"\" class=\"wp-image-888 lazyload\"\/><noscript><img loading=\"lazy\" decoding=\"async\" width=\"320\" height=\"463\" data-id=\"888\" src=\"https:\/\/magarinos.eu\/atandocabos\/wp-content\/uploads\/2016\/07\/carlos.jpg\" alt=\"\" class=\"wp-image-888 lazyload\" srcset=\"https:\/\/magarinos.eu\/atandocabos\/wp-content\/uploads\/2016\/07\/carlos.jpg 320w, https:\/\/magarinos.eu\/atandocabos\/wp-content\/uploads\/2016\/07\/carlos-207x300.jpg 207w\" sizes=\"auto, (max-width: 320px) 100vw, 320px\" \/><\/noscript><\/figure>\n\n\n\n<figure class=\"wp-block-image size-large\"><img decoding=\"async\" data-id=\"647\" src=\"data:image\/gif;base64,R0lGODlhAQABAIAAAAAAAP\/\/\/yH5BAEAAAAALAAAAAABAAEAAAIBRAA7\" data-src=\"https:\/\/magarinos.eu\/atandocabos\/wp-content\/uploads\/2016\/05\/tototo01.jpg\" alt=\"\" class=\"wp-image-647 lazyload\"\/><noscript><img loading=\"lazy\" decoding=\"async\" width=\"402\" height=\"612\" data-id=\"647\" src=\"https:\/\/magarinos.eu\/atandocabos\/wp-content\/uploads\/2016\/05\/tototo01.jpg\" alt=\"\" class=\"wp-image-647 lazyload\" srcset=\"https:\/\/magarinos.eu\/atandocabos\/wp-content\/uploads\/2016\/05\/tototo01.jpg 402w, https:\/\/magarinos.eu\/atandocabos\/wp-content\/uploads\/2016\/05\/tototo01-197x300.jpg 197w\" sizes=\"auto, (max-width: 402px) 100vw, 402px\" \/><\/noscript><\/figure>\n<\/figure>\n\n\n\n<ul class=\"wp-block-list\"><li><a href=\"https:\/\/magarinos.eu\/atandocabos\/Archives\/Tree\/Ramon_Llera.pdf\" target=\"_blank\" rel=\"noreferrer noopener\">Familia Ram\u00f3n Llera<\/a>: En esta entrada aparecen mi abuela\u00a0<strong>Dolores Ram\u00f3n Llera<\/strong> y su hermana\u00a0<strong>Pilar (Papila) Ram\u00f3n Llera<\/strong>, que se casaron con Carlos y con Antonio, respectivamente. Tambi\u00e9n aparecen sus padres: <strong>Juan Ram\u00f3n Vidal<\/strong> y\u00a0<strong>Carmen Llera Guti\u00e9rrez\u00a0<\/strong>(la hija del <a href=\"https:\/\/magarinos.eu\/atandocabos\/el-desventurado-tatarabuelo-juan\/\" target=\"_blank\" rel=\"noreferrer noopener\">desventurado tatarabuelo Juan de Dios<\/a>). En Cobe\u00f1a estaba tambi\u00e9n la hermana de Carmen, <strong>Mercedes Llera Guti\u00e9rrez. <\/strong>Al final mencionaremos al hermano de Juan,\u00a0<strong>Emilio Ram\u00f3n Vidal<\/strong>.<\/li><\/ul>\n\n\n\n<figure class=\"wp-block-gallery has-nested-images columns-3 is-cropped wp-block-gallery-2 is-layout-flex wp-block-gallery-is-layout-flex\">\n<figure class=\"wp-block-image size-large\"><img decoding=\"async\" data-id=\"889\" src=\"data:image\/gif;base64,R0lGODlhAQABAIAAAAAAAP\/\/\/yH5BAEAAAAALAAAAAABAAEAAAIBRAA7\" data-src=\"https:\/\/magarinos.eu\/atandocabos\/wp-content\/uploads\/2016\/07\/juan-ramc3b3n-vidal.jpg\" alt=\"\" class=\"wp-image-889 lazyload\"\/><noscript><img loading=\"lazy\" decoding=\"async\" width=\"197\" height=\"173\" data-id=\"889\" src=\"https:\/\/magarinos.eu\/atandocabos\/wp-content\/uploads\/2016\/07\/juan-ramc3b3n-vidal.jpg\" alt=\"\" class=\"wp-image-889 lazyload\"\/><\/noscript><\/figure>\n\n\n\n<figure class=\"wp-block-image\"><img decoding=\"async\" data-id=\"890\" src=\"data:image\/gif;base64,R0lGODlhAQABAIAAAAAAAP\/\/\/yH5BAEAAAAALAAAAAABAAEAAAIBRAA7\" data-src=\"https:\/\/magarinos.eu\/atandocabos\/wp-content\/uploads\/2016\/07\/emilio-ramc3b3n.jpg\" alt=\"\" class=\"wp-image-890 lazyload\"\/><noscript><img loading=\"lazy\" decoding=\"async\" width=\"154\" height=\"182\" data-id=\"890\" src=\"https:\/\/magarinos.eu\/atandocabos\/wp-content\/uploads\/2016\/07\/emilio-ramc3b3n.jpg\" alt=\"\" class=\"wp-image-890 lazyload\"\/><\/noscript><\/figure>\n<\/figure>\n\n\n\n<figure class=\"wp-block-image aligncenter is-resized wp-image-802\"><img loading=\"lazy\" decoding=\"async\" src=\"data:image\/gif;base64,R0lGODlhAQABAIAAAAAAAP\/\/\/yH5BAEAAAAALAAAAAABAAEAAAIBRAA7\" data-src=\"https:\/\/magarinos.eu\/atandocabos\/wp-content\/uploads\/2016\/05\/carmen-llera-dolores-y-pilar_small.jpg?w=680\" alt=\"Pilar Ram\u00f3n Lllera, Carmen Lllera Guti\u00e9rrez y Dolores Ram\u00f3n Llera\" class=\"wp-image-802 lazyload\" width=\"533\" height=\"321\"\/><noscript><img loading=\"lazy\" decoding=\"async\" src=\"https:\/\/magarinos.eu\/atandocabos\/wp-content\/uploads\/2016\/05\/carmen-llera-dolores-y-pilar_small.jpg?w=680\" alt=\"Pilar Ram\u00f3n Lllera, Carmen Lllera Guti\u00e9rrez y Dolores Ram\u00f3n Llera\" class=\"wp-image-802 lazyload\" width=\"533\" height=\"321\"\/><\/noscript><figcaption>Pilar Ram\u00f3n Llera, Carmen Llera Guti\u00e9rrez y Dolores&nbsp;Ram\u00f3n&nbsp;Llera<\/figcaption><\/figure>\n\n\n\n<p>Como hay bastante que contar, en esta entrada vamos a hablar s\u00f3lo del principio de la guerra, hasta <strong>Noviembre de 1936<\/strong>.<\/p>\n\n\n\n<p>La situaci\u00f3n al estallar la guerra era la siguiente:<\/p>\n\n\n\n<p>En enero de 1936, <a href=\"https:\/\/magarinos.eu\/atandocabos\/first-blog-post\/\" target=\"_blank\" rel=\"noreferrer noopener\">Carlos Magari\u00f1os y Dolores Ram\u00f3n se hab\u00edan casado<\/a>\u00a0y viv\u00edan en Madrid. Los padres de Dolores viv\u00edan en Cobe\u00f1a con su hija <strong>Pilar<\/strong>.<\/p>\n\n\n\n<p>Eran todos personas muy religiosas, de talante conservador. Varios eran miembros de <a href=\"https:\/\/es.wikipedia.org\/wiki\/Acci%C3%B3n_Popular_(Espa%C3%B1a)\" target=\"_blank\" rel=\"noopener\">Acci\u00f3n Popular<\/a>, el principal partido conservador en la \u00e9poca de la rep\u00fablica. De hecho, mi abuelo hab\u00eda recibido una menci\u00f3n honor\u00edfica de la empresa Electra, donde trabajaba, por no haber participado en la huelga general de octubre de 1934.<\/p>\n\n\n\n<p><strong>Antonio Magari\u00f1os<\/strong> ya era catedr\u00e1tico de instituto desde 1934. Se cas\u00f3 con <strong>Pilar Ram\u00f3n Llera<\/strong> despu\u00e9s de la guerra. Ya se conoc\u00edan en 1936 pero no sabemos si eran novios.<\/p>\n\n\n\n<p>La familia <strong>Ram\u00f3n Llera<\/strong>&nbsp;pose\u00eda tierras de secano en el pueblo de <strong><a href=\"https:\/\/es.wikipedia.org\/wiki\/Cobe%C3%B1a_(Madrid)\" target=\"_blank\" rel=\"noopener\">Cobe\u00f1a<\/a><\/strong>, siendo al parecer la segunda familia m\u00e1s acaudalada&nbsp;del pueblo. Los m\u00e1s ricos, seg\u00fan se contaba, eran la familia de <strong>Guillermo Duque<\/strong>. El padre de Dolores y Pilar, <strong>Juan Ram\u00f3n Vidal<\/strong>, era el secretario del ayuntamiento de Cobe\u00f1a, cargo que ocupada&nbsp;desde principios del&nbsp;s.&nbsp;XX.<\/p>\n\n\n\n<h3 class=\"wp-block-heading\">El comienzo de la guerra en Cobe\u00f1a<\/h3>\n\n\n\n<p>Al principio de la guerra, parece que se form\u00f3 un Comit\u00e9 en Cobe\u00f1a, seg\u00fan se relata en la <strong><a href=\"https:\/\/es.wikipedia.org\/wiki\/Causa_General\" target=\"_blank\" rel=\"noopener\">Causa General<\/a><\/strong>&nbsp;(de la cual nos podemos fiar&nbsp;s\u00f3lo relativamente). En ella se cuenta&nbsp;que en Julio del 36 fueron asesinadas varias personas del pueblo, entre ellas, la familia de <strong>Guillermo Duque<\/strong>.<\/p>\n\n\n\n<p>Mi familia tuvo m\u00e1s suerte. Aunque eran derechistas, cat\u00f3licos y m\u00e1s bien ricos, no fusilaron a ninguno. La documentaci\u00f3n de la Causa General cuenta que les incautaron todas las propiedades y que les echaron del pueblo.<\/p>\n\n\n\n<p>En el archivo hist\u00f3rico nacional se pueden encontrar informaci\u00f3n sobre la Causa General. Existen versiones digitalizadas de muchos documentos que se pueden consultar desde el <a href=\"http:\/\/pares.mcu.es\" target=\"_blank\" rel=\"noopener\">Portal de Archivos Espa\u00f1oles<\/a>.<\/p>\n\n\n\n<p>En la familia se contaba que <strong>Juan Ram\u00f3n Vidal<\/strong>,<strong>&nbsp;<\/strong>temiendo lo peor, se escap\u00f3 a Madrid en un cami\u00f3n de trigo. A su mujer Carmen,.a su hija Pilar y a la hermana de Carmen, Mercedes, las ech\u00f3 del pueblo un miliciano que, a punta de fusil, las acompa\u00f1\u00f3 hasta la dehesa, en los lindes con Algete. Se supone que las tres llegar\u00edan andando hasta Algete, donde debieron tomar el autob\u00fas a Madrid.<\/p>\n\n\n\n<p>Aqu\u00ed incluyo un enlace directo a los documentos de la Causa General que cuentan los sucesos de Cobe\u00f1a de Julio y Agosto de 1936.<\/p>\n\n\n\n<figure class=\"wp-block-image aligncenter is-resized\"><a href=\"https:\/\/magarinos.eu\/atandocabos\/Archives\/Magarinos\/Causa_General_Cobena.pdf\" target=\"_blank\" rel=\"noopener\"><img decoding=\"async\" src=\"data:image\/gif;base64,R0lGODlhAQABAIAAAAAAAP\/\/\/yH5BAEAAAAALAAAAAABAAEAAAIBRAA7\" data-src=\"https:\/\/magarinos.eu\/atandocabos\/wp-content\/uploads\/2016\/06\/18413333.jpg\" alt=\"A.H.N. Secci\u00f3n Fondos Contempor\u00e1neos Causa GeneralSubdirecci\u00f3n General de los Archivos EstatalesMinisterio de Cultura.Espa\u00f1a\" class=\"wp-image-833 lazyload\" width=\"-240\" height=\"-373\"\/><noscript><img decoding=\"async\" src=\"https:\/\/magarinos.eu\/atandocabos\/wp-content\/uploads\/2016\/06\/18413333.jpg\" alt=\"A.H.N. Secci\u00f3n Fondos Contempor\u00e1neos Causa GeneralSubdirecci\u00f3n General de los Archivos EstatalesMinisterio de Cultura.Espa\u00f1a\" class=\"wp-image-833 lazyload\" width=\"-240\" height=\"-373\" srcset=\"https:\/\/magarinos.eu\/atandocabos\/wp-content\/uploads\/2016\/06\/18413333.jpg 959w, https:\/\/magarinos.eu\/atandocabos\/wp-content\/uploads\/2016\/06\/18413333-193x300.jpg 193w, https:\/\/magarinos.eu\/atandocabos\/wp-content\/uploads\/2016\/06\/18413333-659x1024.jpg 659w, https:\/\/magarinos.eu\/atandocabos\/wp-content\/uploads\/2016\/06\/18413333-768x1193.jpg 768w\" sizes=\"(max-width: 959px) 100vw, 959px\" \/><\/noscript><\/a><\/figure>\n\n\n\n<figure class=\"wp-block-image\"><img decoding=\"async\" src=\"data:image\/gif;base64,R0lGODlhAQABAIAAAAAAAP\/\/\/yH5BAEAAAAALAAAAAABAAEAAAIBRAA7\" data-src=\"https:\/\/magarinos.eu\/atandocabos\/wp-content\/uploads\/2016\/07\/informecausageneral.png\" alt=\"InformeCausaGeneral\" class=\"wp-image-866 lazyload\"\/><noscript><img loading=\"lazy\" decoding=\"async\" width=\"931\" height=\"115\" src=\"https:\/\/magarinos.eu\/atandocabos\/wp-content\/uploads\/2016\/07\/informecausageneral.png\" alt=\"InformeCausaGeneral\" class=\"wp-image-866 lazyload\" srcset=\"https:\/\/magarinos.eu\/atandocabos\/wp-content\/uploads\/2016\/07\/informecausageneral.png 931w, https:\/\/magarinos.eu\/atandocabos\/wp-content\/uploads\/2016\/07\/informecausageneral-300x37.png 300w, https:\/\/magarinos.eu\/atandocabos\/wp-content\/uploads\/2016\/07\/informecausageneral-768x95.png 768w\" sizes=\"auto, (max-width: 931px) 100vw, 931px\" \/><\/noscript><\/figure>\n\n\n\n<p><strong><span style=\"font-family: courier;\">\u00abDicho comit\u00e9 se incaut\u00f3 de todos los bienes de las personas asesinadas y de los bienes del vecino de esta localidad D. Juan Ram\u00f3n Vidal, cuyos familiares fueron expulsados de sus casas.\u00bb<\/span><\/strong><\/p>\n\n\n\n<p>E l \u00abcomit\u00e9\u00bb es el llamado \u00abcomit\u00e9 rojo\u00bb, que habr\u00eda controlado Cobe\u00f1a durante la guerra. Al parecer se produjeron seis asesinatos al principio de la guerra. En casa se dec\u00eda que de nuestra familia no asesinaron a nadie porque se portaban bien con la gente.<\/p>\n\n\n\n<p>En los documentos aparece la firma como testigo de&nbsp;<strong>Emilio Ram\u00f3n Vidal<\/strong>, el hermano de Juan, que debi\u00f3 pasar la guerra con su familia de <a href=\"https:\/\/es.wikipedia.org\/wiki\/Llosa_de_Ranes\" target=\"_blank\" rel=\"noopener\">Llosa de Ranes<\/a>.<\/p>\n\n\n\n<h3 class=\"wp-block-heading\">Madrid: Oto\u00f1o&nbsp;de 1936<\/h3>\n\n\n\n<p>Sabemos que&nbsp;los hechos anteriores ocurrieron entre el 18 de Julio y el 20 de Agosto de 1936 porque en esa fecha detuvieron en Madrid a <strong>Juan Ram\u00f3n Vidal<\/strong>. Estar\u00eda en la <strong><a href=\"https:\/\/es.wikipedia.org\/wiki\/C%C3%A1rcel_de_Porlier\" target=\"_blank\" rel=\"noopener\">C\u00e1rcel de Porlier<\/a>&nbsp;<\/strong>(actualmente el<strong> Colegio Calasancio<\/strong>)<strong>&nbsp;<\/strong>hasta el <strong>20 de Noviembre<\/strong>&nbsp;de ese mismo a\u00f1o.<\/p>\n\n\n\n<p>En la declaraci\u00f3n que hizo ante el juez, afirma que se hab\u00eda trasladado a Madrid con \u00abpermiso del alcalde y del m\u00e9dico titular del pueblo\u00bb. En esa misma declaraci\u00f3n ante el fiscal y el secretario, que realiz\u00f3 el 20 de septiembre, afirm\u00f3 tambi\u00e9n que no pertenec\u00eda a ning\u00fan partido y que no sab\u00eda nada del movimiento subversivo.<\/p>\n\n\n\n<p>En el parte de su detenci\u00f3n se informa de lo siguiente:<\/p>\n\n\n\n<p><strong><span style=\"font-family: courier;\">JUAN RAM\u00d3N VIDAL, secretario del ayuntamiento de Cobe\u00f1a (Madrid), detenido el 20 de agosto en la calle Marqu\u00e9s de Cubas, por extra\u00f1arle que siendo secretario de dicho pueblo se encontrase en esta, estando conceptuado como elemento de derechas.<\/span><\/strong><\/p>\n\n\n\n<p>Finalmente, en enero de 1937, el juez instructor se puso a indagar donde estaban los acusados en el proceso y se le comunic\u00f3 que Juan Ram\u00f3n Vidal hab\u00eda sido puesto en libertad el <strong>20 de noviembre de 1936 <\/strong>(o quiz\u00e1s el 21, seg\u00fan una carta de su hija), una semana despu\u00e9s del nacimiento de su primer nieto&nbsp;<strong>Carlos<\/strong>,&nbsp;el \u00fanico al que conocer\u00eda.<\/p>\n\n\n\n<p>La verdad es que mi bisabuelo tuvo bastante suerte porque, seg\u00fan cuenta&nbsp;<strong>Paul Preston<\/strong> en su libro <strong>El holocausto espa\u00f1ol<\/strong>, entre el 7 de noviembre y el 3 de diciembre, unos 400 presos de la c\u00e1rcel de D\u00edez Porlier, donde se encontraba, fueron fusilados en Paracuellos y Torrej\u00f3n.<\/p>\n\n\n\n<p>Al salir de la c\u00e1rcel, Juan se enter\u00f3 de&nbsp;que su hija <strong>Pilar Ram\u00f3n Llera<\/strong>, su yerno <strong>Carlos Magari\u00f1os<\/strong> y el hermano de su yerno,&nbsp;<strong>Antonio Magari\u00f1os<\/strong>, llevaban en la <strong>c\u00e1rcel de Duque de Sesto<\/strong> desde el <strong>28 de Octubre de 1936<\/strong>.<\/p>\n\n\n\n<p>Aqu\u00ed incluyo un archivo PDF con la documentaci\u00f3n relativa a la detenci\u00f3n de <strong>Juan Ram\u00f3n Vidal<\/strong>, que est\u00e1 disponible p\u00fablicamente en el <a href=\"http:\/\/pares.mcu.es\/\" target=\"_blank\" rel=\"noopener\">portal de archivos espa\u00f1oles PARES<\/a>:<\/p>\n\n\n\n<figure class=\"wp-block-image aligncenter is-resized\"><a href=\"https:\/\/magarinos.eu\/atandocabos\/Archives\/RamonVidal\/1936_Juan_Ramon_Vidal.pdf\" target=\"_blank\" rel=\"noopener\"><img decoding=\"async\" src=\"data:image\/gif;base64,R0lGODlhAQABAIAAAAAAAP\/\/\/yH5BAEAAAAALAAAAAABAAEAAAIBRAA7\" data-src=\"https:\/\/magarinos.eu\/atandocabos\/wp-content\/uploads\/2016\/07\/juanramonvidal_detencion.png?w=132\" alt=\"juanramonvidal_detencion.png\" class=\"wp-image-886 lazyload\" width=\"-134\" height=\"-191\"\/><noscript><img decoding=\"async\" src=\"https:\/\/magarinos.eu\/atandocabos\/wp-content\/uploads\/2016\/07\/juanramonvidal_detencion.png?w=132\" alt=\"juanramonvidal_detencion.png\" class=\"wp-image-886 lazyload\" width=\"-134\" height=\"-191\" srcset=\"https:\/\/magarinos.eu\/atandocabos\/wp-content\/uploads\/2016\/07\/juanramonvidal_detencion.png 1110w, https:\/\/magarinos.eu\/atandocabos\/wp-content\/uploads\/2016\/07\/juanramonvidal_detencion-209x300.png 209w, https:\/\/magarinos.eu\/atandocabos\/wp-content\/uploads\/2016\/07\/juanramonvidal_detencion-714x1024.png 714w, https:\/\/magarinos.eu\/atandocabos\/wp-content\/uploads\/2016\/07\/juanramonvidal_detencion-768x1101.png 768w, https:\/\/magarinos.eu\/atandocabos\/wp-content\/uploads\/2016\/07\/juanramonvidal_detencion-1072x1536.png 1072w\" sizes=\"(max-width: 1110px) 100vw, 1110px\" \/><\/noscript><\/a><\/figure>\n","protected":false},"excerpt":{"rendered":"<p>En la familia no se hablaba demasiado de la guerra. No es que fuera un tema tab\u00fa pero tampoco era algo muy recurrente. Sab\u00edamos que mi abuelo Carlos y su hermano Antonio eran m\u00e1s bien de derechas, que estuvieron en la c\u00e1rcel y que mi t\u00edo Carlos naci\u00f3 durante la guerra. Tambi\u00e9n nos contaban que [&hellip;]<\/p>\n","protected":false},"author":1,"featured_media":1223,"comment_status":"open","ping_status":"open","sticky":false,"template":"","format":"standard","meta":{"footnotes":""},"categories":[4,5],"tags":[12,25,42,50,77,113,118],"class_list":["post-614","post","type-post","status-publish","format-standard","has-post-thumbnail","hentry","category-guerra-civil-espanola","category-historias-familiares","tag-antonio-magarinos-garcia","tag-carlos-magarinos-garcia","tag-dolores-ramon-llera","tag-emilio-ramon-vidal","tag-juan-ramon-vidal","tag-papila","tag-pilar-ramon-llera"],"blocksy_meta":{"styles_descriptor":{"styles":{"desktop":"","tablet":"","mobile":""},"google_fonts":[],"version":6}},"yoast_head":"<!-- This site is optimized with the Yoast SEO plugin v27.5 - https:\/\/yoast.com\/product\/yoast-seo-wordpress\/ -->\n<title>1936: la guerra civil y la familia Magari\u00f1os Ram\u00f3n - Atando Cabos<\/title>\n<meta name=\"robots\" content=\"index, follow, max-snippet:-1, max-image-preview:large, max-video-preview:-1\" \/>\n<link rel=\"canonical\" href=\"https:\/\/magarinos.eu\/atandocabos\/blog\/2016\/07\/09\/1936_guerra_familia_magarinos_ramon\/\" \/>\n<meta property=\"og:locale\" content=\"es_ES\" \/>\n<meta property=\"og:type\" content=\"article\" \/>\n<meta property=\"og:title\" content=\"1936: la guerra civil y la familia Magari\u00f1os Ram\u00f3n - Atando Cabos\" \/>\n<meta property=\"og:description\" content=\"En la familia no se hablaba demasiado de la guerra. No es que fuera un tema tab\u00fa pero tampoco era algo muy recurrente. Sab\u00edamos que mi abuelo Carlos y su hermano Antonio eran m\u00e1s bien de derechas, que estuvieron en la c\u00e1rcel y que mi t\u00edo Carlos naci\u00f3 durante la guerra. Tambi\u00e9n nos contaban que [&hellip;]\" \/>\n<meta property=\"og:url\" content=\"https:\/\/magarinos.eu\/atandocabos\/blog\/2016\/07\/09\/1936_guerra_familia_magarinos_ramon\/\" \/>\n<meta property=\"og:site_name\" content=\"Atando Cabos\" \/>\n<meta property=\"article:published_time\" content=\"2016-07-09T11:34:47+00:00\" \/>\n<meta property=\"article:modified_time\" content=\"2022-07-18T22:32:21+00:00\" \/>\n<meta property=\"og:image\" content=\"https:\/\/magarinos.eu\/atandocabos\/wp-content\/uploads\/2016\/07\/15844169.jpg\" \/>\n\t<meta property=\"og:image:width\" content=\"1070\" \/>\n\t<meta property=\"og:image:height\" content=\"1598\" \/>\n\t<meta property=\"og:image:type\" content=\"image\/jpeg\" \/>\n<meta name=\"author\" content=\"Daniel Garc\u00eda Magari\u00f1os\" \/>\n<meta name=\"twitter:card\" content=\"summary_large_image\" \/>\n<meta name=\"twitter:label1\" content=\"Escrito por\" \/>\n\t<meta name=\"twitter:data1\" content=\"Daniel Garc\u00eda Magari\u00f1os\" \/>\n\t<meta name=\"twitter:label2\" content=\"Tiempo de lectura\" \/>\n\t<meta name=\"twitter:data2\" content=\"7 minutos\" \/>\n<script type=\"application\/ld+json\" class=\"yoast-schema-graph\">{\"@context\":\"https:\\\/\\\/schema.org\",\"@graph\":[{\"@type\":\"Article\",\"@id\":\"https:\\\/\\\/magarinos.eu\\\/atandocabos\\\/blog\\\/2016\\\/07\\\/09\\\/1936_guerra_familia_magarinos_ramon\\\/#article\",\"isPartOf\":{\"@id\":\"https:\\\/\\\/magarinos.eu\\\/atandocabos\\\/blog\\\/2016\\\/07\\\/09\\\/1936_guerra_familia_magarinos_ramon\\\/\"},\"author\":{\"name\":\"Daniel Garc\u00eda Magari\u00f1os\",\"@id\":\"https:\\\/\\\/magarinos.eu\\\/atandocabos\\\/#\\\/schema\\\/person\\\/ce62485d4bf8f9cc864369bb52591f1e\"},\"headline\":\"1936: la guerra civil y la familia Magari\u00f1os Ram\u00f3n\",\"datePublished\":\"2016-07-09T11:34:47+00:00\",\"dateModified\":\"2022-07-18T22:32:21+00:00\",\"mainEntityOfPage\":{\"@id\":\"https:\\\/\\\/magarinos.eu\\\/atandocabos\\\/blog\\\/2016\\\/07\\\/09\\\/1936_guerra_familia_magarinos_ramon\\\/\"},\"wordCount\":1233,\"commentCount\":0,\"publisher\":{\"@id\":\"https:\\\/\\\/magarinos.eu\\\/atandocabos\\\/#organization\"},\"image\":{\"@id\":\"https:\\\/\\\/magarinos.eu\\\/atandocabos\\\/blog\\\/2016\\\/07\\\/09\\\/1936_guerra_familia_magarinos_ramon\\\/#primaryimage\"},\"thumbnailUrl\":\"https:\\\/\\\/magarinos.eu\\\/atandocabos\\\/wp-content\\\/uploads\\\/2016\\\/07\\\/15844169.jpg\",\"keywords\":[\"Antonio Magari\u00f1os Garc\u00eda\",\"Carlos Magari\u00f1os Garc\u00eda\",\"Dolores Ram\u00f3n Llera\",\"Emilio Ram\u00f3n Vidal\",\"Juan Ram\u00f3n Vidal\",\"Papila\",\"Pilar Ram\u00f3n Llera\"],\"articleSection\":[\"Guerra Civil Espa\u00f1ola\",\"Historias familiares\"],\"inLanguage\":\"es\",\"potentialAction\":[{\"@type\":\"CommentAction\",\"name\":\"Comment\",\"target\":[\"https:\\\/\\\/magarinos.eu\\\/atandocabos\\\/blog\\\/2016\\\/07\\\/09\\\/1936_guerra_familia_magarinos_ramon\\\/#respond\"]}]},{\"@type\":\"WebPage\",\"@id\":\"https:\\\/\\\/magarinos.eu\\\/atandocabos\\\/blog\\\/2016\\\/07\\\/09\\\/1936_guerra_familia_magarinos_ramon\\\/\",\"url\":\"https:\\\/\\\/magarinos.eu\\\/atandocabos\\\/blog\\\/2016\\\/07\\\/09\\\/1936_guerra_familia_magarinos_ramon\\\/\",\"name\":\"1936: la guerra civil y la familia Magari\u00f1os Ram\u00f3n - Atando Cabos\",\"isPartOf\":{\"@id\":\"https:\\\/\\\/magarinos.eu\\\/atandocabos\\\/#website\"},\"primaryImageOfPage\":{\"@id\":\"https:\\\/\\\/magarinos.eu\\\/atandocabos\\\/blog\\\/2016\\\/07\\\/09\\\/1936_guerra_familia_magarinos_ramon\\\/#primaryimage\"},\"image\":{\"@id\":\"https:\\\/\\\/magarinos.eu\\\/atandocabos\\\/blog\\\/2016\\\/07\\\/09\\\/1936_guerra_familia_magarinos_ramon\\\/#primaryimage\"},\"thumbnailUrl\":\"https:\\\/\\\/magarinos.eu\\\/atandocabos\\\/wp-content\\\/uploads\\\/2016\\\/07\\\/15844169.jpg\",\"datePublished\":\"2016-07-09T11:34:47+00:00\",\"dateModified\":\"2022-07-18T22:32:21+00:00\",\"breadcrumb\":{\"@id\":\"https:\\\/\\\/magarinos.eu\\\/atandocabos\\\/blog\\\/2016\\\/07\\\/09\\\/1936_guerra_familia_magarinos_ramon\\\/#breadcrumb\"},\"inLanguage\":\"es\",\"potentialAction\":[{\"@type\":\"ReadAction\",\"target\":[\"https:\\\/\\\/magarinos.eu\\\/atandocabos\\\/blog\\\/2016\\\/07\\\/09\\\/1936_guerra_familia_magarinos_ramon\\\/\"]}]},{\"@type\":\"ImageObject\",\"inLanguage\":\"es\",\"@id\":\"https:\\\/\\\/magarinos.eu\\\/atandocabos\\\/blog\\\/2016\\\/07\\\/09\\\/1936_guerra_familia_magarinos_ramon\\\/#primaryimage\",\"url\":\"https:\\\/\\\/magarinos.eu\\\/atandocabos\\\/wp-content\\\/uploads\\\/2016\\\/07\\\/15844169.jpg\",\"contentUrl\":\"https:\\\/\\\/magarinos.eu\\\/atandocabos\\\/wp-content\\\/uploads\\\/2016\\\/07\\\/15844169.jpg\",\"width\":1070,\"height\":1598,\"caption\":\"Documentos correspondientes a Causa General del A.H.N.Subdirecci\u00f3n General de los Archivos EstatalesMinisterio de Cultura.Espa\u00f1a\"},{\"@type\":\"BreadcrumbList\",\"@id\":\"https:\\\/\\\/magarinos.eu\\\/atandocabos\\\/blog\\\/2016\\\/07\\\/09\\\/1936_guerra_familia_magarinos_ramon\\\/#breadcrumb\",\"itemListElement\":[{\"@type\":\"ListItem\",\"position\":1,\"name\":\"Portada\",\"item\":\"https:\\\/\\\/magarinos.eu\\\/atandocabos\\\/\"},{\"@type\":\"ListItem\",\"position\":2,\"name\":\"1936: la guerra civil y la familia Magari\u00f1os Ram\u00f3n\"}]},{\"@type\":\"WebSite\",\"@id\":\"https:\\\/\\\/magarinos.eu\\\/atandocabos\\\/#website\",\"url\":\"https:\\\/\\\/magarinos.eu\\\/atandocabos\\\/\",\"name\":\"Atando Cabos\",\"description\":\"Una p\u00e1gina web de la familia Magari\u00f1os Ram\u00f3n\",\"publisher\":{\"@id\":\"https:\\\/\\\/magarinos.eu\\\/atandocabos\\\/#organization\"},\"potentialAction\":[{\"@type\":\"SearchAction\",\"target\":{\"@type\":\"EntryPoint\",\"urlTemplate\":\"https:\\\/\\\/magarinos.eu\\\/atandocabos\\\/?s={search_term_string}\"},\"query-input\":{\"@type\":\"PropertyValueSpecification\",\"valueRequired\":true,\"valueName\":\"search_term_string\"}}],\"inLanguage\":\"es\"},{\"@type\":\"Organization\",\"@id\":\"https:\\\/\\\/magarinos.eu\\\/atandocabos\\\/#organization\",\"name\":\"Atando Cabos\",\"url\":\"https:\\\/\\\/magarinos.eu\\\/atandocabos\\\/\",\"logo\":{\"@type\":\"ImageObject\",\"inLanguage\":\"es\",\"@id\":\"https:\\\/\\\/magarinos.eu\\\/atandocabos\\\/#\\\/schema\\\/logo\\\/image\\\/\",\"url\":\"https:\\\/\\\/magarinos.eu\\\/atandocabos\\\/wp-content\\\/uploads\\\/2022\\\/06\\\/cropped-cropped-Caballero_Anciano.jpg\",\"contentUrl\":\"https:\\\/\\\/magarinos.eu\\\/atandocabos\\\/wp-content\\\/uploads\\\/2022\\\/06\\\/cropped-cropped-Caballero_Anciano.jpg\",\"width\":512,\"height\":512,\"caption\":\"Atando Cabos\"},\"image\":{\"@id\":\"https:\\\/\\\/magarinos.eu\\\/atandocabos\\\/#\\\/schema\\\/logo\\\/image\\\/\"}},{\"@type\":\"Person\",\"@id\":\"https:\\\/\\\/magarinos.eu\\\/atandocabos\\\/#\\\/schema\\\/person\\\/ce62485d4bf8f9cc864369bb52591f1e\",\"name\":\"Daniel Garc\u00eda Magari\u00f1os\",\"image\":{\"@type\":\"ImageObject\",\"inLanguage\":\"es\",\"@id\":\"https:\\\/\\\/secure.gravatar.com\\\/avatar\\\/a7c7a82edf145a1bb8c32117ac59cb3be1c2c760796caff2df495a17896be288?s=96&d=mm&r=g\",\"url\":\"https:\\\/\\\/secure.gravatar.com\\\/avatar\\\/a7c7a82edf145a1bb8c32117ac59cb3be1c2c760796caff2df495a17896be288?s=96&d=mm&r=g\",\"contentUrl\":\"https:\\\/\\\/secure.gravatar.com\\\/avatar\\\/a7c7a82edf145a1bb8c32117ac59cb3be1c2c760796caff2df495a17896be288?s=96&d=mm&r=g\",\"caption\":\"Daniel Garc\u00eda Magari\u00f1os\"},\"url\":\"https:\\\/\\\/magarinos.eu\\\/atandocabos\\\/blog\\\/author\\\/dgarcia\\\/\"}]}<\/script>\n<!-- \/ Yoast SEO plugin. -->","yoast_head_json":{"title":"1936: la guerra civil y la familia Magari\u00f1os Ram\u00f3n - Atando Cabos","robots":{"index":"index","follow":"follow","max-snippet":"max-snippet:-1","max-image-preview":"max-image-preview:large","max-video-preview":"max-video-preview:-1"},"canonical":"https:\/\/magarinos.eu\/atandocabos\/blog\/2016\/07\/09\/1936_guerra_familia_magarinos_ramon\/","og_locale":"es_ES","og_type":"article","og_title":"1936: la guerra civil y la familia Magari\u00f1os Ram\u00f3n - Atando Cabos","og_description":"En la familia no se hablaba demasiado de la guerra. No es que fuera un tema tab\u00fa pero tampoco era algo muy recurrente. Sab\u00edamos que mi abuelo Carlos y su hermano Antonio eran m\u00e1s bien de derechas, que estuvieron en la c\u00e1rcel y que mi t\u00edo Carlos naci\u00f3 durante la guerra. Tambi\u00e9n nos contaban que [&hellip;]","og_url":"https:\/\/magarinos.eu\/atandocabos\/blog\/2016\/07\/09\/1936_guerra_familia_magarinos_ramon\/","og_site_name":"Atando Cabos","article_published_time":"2016-07-09T11:34:47+00:00","article_modified_time":"2022-07-18T22:32:21+00:00","og_image":[{"width":1070,"height":1598,"url":"https:\/\/magarinos.eu\/atandocabos\/wp-content\/uploads\/2016\/07\/15844169.jpg","type":"image\/jpeg"}],"author":"Daniel Garc\u00eda Magari\u00f1os","twitter_card":"summary_large_image","twitter_misc":{"Escrito por":"Daniel Garc\u00eda Magari\u00f1os","Tiempo de lectura":"7 minutos"},"schema":{"@context":"https:\/\/schema.org","@graph":[{"@type":"Article","@id":"https:\/\/magarinos.eu\/atandocabos\/blog\/2016\/07\/09\/1936_guerra_familia_magarinos_ramon\/#article","isPartOf":{"@id":"https:\/\/magarinos.eu\/atandocabos\/blog\/2016\/07\/09\/1936_guerra_familia_magarinos_ramon\/"},"author":{"name":"Daniel Garc\u00eda Magari\u00f1os","@id":"https:\/\/magarinos.eu\/atandocabos\/#\/schema\/person\/ce62485d4bf8f9cc864369bb52591f1e"},"headline":"1936: la guerra civil y la familia Magari\u00f1os Ram\u00f3n","datePublished":"2016-07-09T11:34:47+00:00","dateModified":"2022-07-18T22:32:21+00:00","mainEntityOfPage":{"@id":"https:\/\/magarinos.eu\/atandocabos\/blog\/2016\/07\/09\/1936_guerra_familia_magarinos_ramon\/"},"wordCount":1233,"commentCount":0,"publisher":{"@id":"https:\/\/magarinos.eu\/atandocabos\/#organization"},"image":{"@id":"https:\/\/magarinos.eu\/atandocabos\/blog\/2016\/07\/09\/1936_guerra_familia_magarinos_ramon\/#primaryimage"},"thumbnailUrl":"https:\/\/magarinos.eu\/atandocabos\/wp-content\/uploads\/2016\/07\/15844169.jpg","keywords":["Antonio Magari\u00f1os Garc\u00eda","Carlos Magari\u00f1os Garc\u00eda","Dolores Ram\u00f3n Llera","Emilio Ram\u00f3n Vidal","Juan Ram\u00f3n Vidal","Papila","Pilar Ram\u00f3n Llera"],"articleSection":["Guerra Civil Espa\u00f1ola","Historias familiares"],"inLanguage":"es","potentialAction":[{"@type":"CommentAction","name":"Comment","target":["https:\/\/magarinos.eu\/atandocabos\/blog\/2016\/07\/09\/1936_guerra_familia_magarinos_ramon\/#respond"]}]},{"@type":"WebPage","@id":"https:\/\/magarinos.eu\/atandocabos\/blog\/2016\/07\/09\/1936_guerra_familia_magarinos_ramon\/","url":"https:\/\/magarinos.eu\/atandocabos\/blog\/2016\/07\/09\/1936_guerra_familia_magarinos_ramon\/","name":"1936: la guerra civil y la familia Magari\u00f1os Ram\u00f3n - Atando Cabos","isPartOf":{"@id":"https:\/\/magarinos.eu\/atandocabos\/#website"},"primaryImageOfPage":{"@id":"https:\/\/magarinos.eu\/atandocabos\/blog\/2016\/07\/09\/1936_guerra_familia_magarinos_ramon\/#primaryimage"},"image":{"@id":"https:\/\/magarinos.eu\/atandocabos\/blog\/2016\/07\/09\/1936_guerra_familia_magarinos_ramon\/#primaryimage"},"thumbnailUrl":"https:\/\/magarinos.eu\/atandocabos\/wp-content\/uploads\/2016\/07\/15844169.jpg","datePublished":"2016-07-09T11:34:47+00:00","dateModified":"2022-07-18T22:32:21+00:00","breadcrumb":{"@id":"https:\/\/magarinos.eu\/atandocabos\/blog\/2016\/07\/09\/1936_guerra_familia_magarinos_ramon\/#breadcrumb"},"inLanguage":"es","potentialAction":[{"@type":"ReadAction","target":["https:\/\/magarinos.eu\/atandocabos\/blog\/2016\/07\/09\/1936_guerra_familia_magarinos_ramon\/"]}]},{"@type":"ImageObject","inLanguage":"es","@id":"https:\/\/magarinos.eu\/atandocabos\/blog\/2016\/07\/09\/1936_guerra_familia_magarinos_ramon\/#primaryimage","url":"https:\/\/magarinos.eu\/atandocabos\/wp-content\/uploads\/2016\/07\/15844169.jpg","contentUrl":"https:\/\/magarinos.eu\/atandocabos\/wp-content\/uploads\/2016\/07\/15844169.jpg","width":1070,"height":1598,"caption":"Documentos correspondientes a Causa General del A.H.N.Subdirecci\u00f3n General de los Archivos EstatalesMinisterio de Cultura.Espa\u00f1a"},{"@type":"BreadcrumbList","@id":"https:\/\/magarinos.eu\/atandocabos\/blog\/2016\/07\/09\/1936_guerra_familia_magarinos_ramon\/#breadcrumb","itemListElement":[{"@type":"ListItem","position":1,"name":"Portada","item":"https:\/\/magarinos.eu\/atandocabos\/"},{"@type":"ListItem","position":2,"name":"1936: la guerra civil y la familia Magari\u00f1os Ram\u00f3n"}]},{"@type":"WebSite","@id":"https:\/\/magarinos.eu\/atandocabos\/#website","url":"https:\/\/magarinos.eu\/atandocabos\/","name":"Atando Cabos","description":"Una p\u00e1gina web de la familia Magari\u00f1os Ram\u00f3n","publisher":{"@id":"https:\/\/magarinos.eu\/atandocabos\/#organization"},"potentialAction":[{"@type":"SearchAction","target":{"@type":"EntryPoint","urlTemplate":"https:\/\/magarinos.eu\/atandocabos\/?s={search_term_string}"},"query-input":{"@type":"PropertyValueSpecification","valueRequired":true,"valueName":"search_term_string"}}],"inLanguage":"es"},{"@type":"Organization","@id":"https:\/\/magarinos.eu\/atandocabos\/#organization","name":"Atando Cabos","url":"https:\/\/magarinos.eu\/atandocabos\/","logo":{"@type":"ImageObject","inLanguage":"es","@id":"https:\/\/magarinos.eu\/atandocabos\/#\/schema\/logo\/image\/","url":"https:\/\/magarinos.eu\/atandocabos\/wp-content\/uploads\/2022\/06\/cropped-cropped-Caballero_Anciano.jpg","contentUrl":"https:\/\/magarinos.eu\/atandocabos\/wp-content\/uploads\/2022\/06\/cropped-cropped-Caballero_Anciano.jpg","width":512,"height":512,"caption":"Atando Cabos"},"image":{"@id":"https:\/\/magarinos.eu\/atandocabos\/#\/schema\/logo\/image\/"}},{"@type":"Person","@id":"https:\/\/magarinos.eu\/atandocabos\/#\/schema\/person\/ce62485d4bf8f9cc864369bb52591f1e","name":"Daniel Garc\u00eda Magari\u00f1os","image":{"@type":"ImageObject","inLanguage":"es","@id":"https:\/\/secure.gravatar.com\/avatar\/a7c7a82edf145a1bb8c32117ac59cb3be1c2c760796caff2df495a17896be288?s=96&d=mm&r=g","url":"https:\/\/secure.gravatar.com\/avatar\/a7c7a82edf145a1bb8c32117ac59cb3be1c2c760796caff2df495a17896be288?s=96&d=mm&r=g","contentUrl":"https:\/\/secure.gravatar.com\/avatar\/a7c7a82edf145a1bb8c32117ac59cb3be1c2c760796caff2df495a17896be288?s=96&d=mm&r=g","caption":"Daniel Garc\u00eda Magari\u00f1os"},"url":"https:\/\/magarinos.eu\/atandocabos\/blog\/author\/dgarcia\/"}]}},"_links":{"self":[{"href":"https:\/\/magarinos.eu\/atandocabos\/wp-json\/wp\/v2\/posts\/614","targetHints":{"allow":["GET"]}}],"collection":[{"href":"https:\/\/magarinos.eu\/atandocabos\/wp-json\/wp\/v2\/posts"}],"about":[{"href":"https:\/\/magarinos.eu\/atandocabos\/wp-json\/wp\/v2\/types\/post"}],"author":[{"embeddable":true,"href":"https:\/\/magarinos.eu\/atandocabos\/wp-json\/wp\/v2\/users\/1"}],"replies":[{"embeddable":true,"href":"https:\/\/magarinos.eu\/atandocabos\/wp-json\/wp\/v2\/comments?post=614"}],"version-history":[{"count":0,"href":"https:\/\/magarinos.eu\/atandocabos\/wp-json\/wp\/v2\/posts\/614\/revisions"}],"wp:featuredmedia":[{"embeddable":true,"href":"https:\/\/magarinos.eu\/atandocabos\/wp-json\/wp\/v2\/media\/1223"}],"wp:attachment":[{"href":"https:\/\/magarinos.eu\/atandocabos\/wp-json\/wp\/v2\/media?parent=614"}],"wp:term":[{"taxonomy":"category","embeddable":true,"href":"https:\/\/magarinos.eu\/atandocabos\/wp-json\/wp\/v2\/categories?post=614"},{"taxonomy":"post_tag","embeddable":true,"href":"https:\/\/magarinos.eu\/atandocabos\/wp-json\/wp\/v2\/tags?post=614"}],"curies":[{"name":"wp","href":"https:\/\/api.w.org\/{rel}","templated":true}]}}