{"id":575,"date":"2016-05-08T13:34:32","date_gmt":"2016-05-08T13:34:32","guid":{"rendered":"https:\/\/atandocabosweb.wordpress.com\/?p=575"},"modified":"2022-07-19T00:35:53","modified_gmt":"2022-07-18T22:35:53","slug":"ocho-apellidos-cobeneros","status":"publish","type":"post","link":"https:\/\/magarinos.eu\/atandocabos\/blog\/2016\/05\/08\/ocho-apellidos-cobeneros\/","title":{"rendered":"Ocho apellidos cobe\u00f1eros"},"content":{"rendered":"\n<p>Bueno, ocho y ochocientos, si nos ponemos a buscar&#8230;<\/p>\n\n\n\n<p>A ra\u00edz del juicio de sobre la administraci\u00f3n del <strong><a href=\"https:\/\/magarinos.eu\/atandocabos\/la-disputada-herencia-de-don-sancho-y-dona-marina\/\" target=\"_blank\" rel=\"noreferrer noopener\">Patronato del Hospital de los Gallegos<\/a><\/strong> de Cobe\u00f1a, en el que se vio envuelto entre 1882 y 1891 Nicanor Guti\u00e9rrez (el hermano de mi <a href=\"https:\/\/magarinos.eu\/atandocabos\/el-desventurado-tatarabuelo-juan\/\" target=\"_blank\" rel=\"noreferrer noopener\">tatarabuela<\/a>), descubr\u00ed una lista bastante grande antepasados.<\/p>\n\n\n\n<p>Resulta que Nicanor, para demostrar su mejor derecho a la administraci\u00f3n del patronato, present\u00f3 una lista de nombres de familiares, antepasados suyos, que hab\u00edan ostentado el cargo de Patrono del Hospital.<\/p>\n\n\n\n<p>C0n estos datos, he armado un <a href=\"https:\/\/magarinos.eu\/atandocabos\/Archives\/Tree\/rodriguez.pdf\" target=\"_blank\" rel=\"noreferrer noopener\">\u00e1rbol geneal\u00f3gico<\/a> de mi familia de Cobe\u00f1a que llega hasta el s. XV, con los hermanos Sancho y Ad\u00e1n L\u00f3pez.<\/p>\n\n\n\n<p>Este \u00e1rbol geneal\u00f3gico no tiene m\u00e1s base documental que el texto de la sentencia del tribunal supremo que incluimos a continuaci\u00f3n. El texto de por s\u00ed es confuso tengo mis dudas de si el \u00e1rbol lo representa, especialmente todo lo anterior al 1650.&nbsp;Tampoco sabemos realmente si los documentos aportados durante el juicio fueron realmente s\u00f3lidos.<\/p>\n\n\n\n<figure class=\"wp-block-image\"><a href=\"https:\/\/magarinos.eu\/atandocabos\/Archives\/Tree\/rodriguez.pdf\" target=\"_blank\" rel=\"noopener\"><img decoding=\"async\" src=\"data:image\/gif;base64,R0lGODlhAQABAIAAAAAAAP\/\/\/yH5BAEAAAAALAAAAAABAAEAAAIBRAA7\" data-src=\"https:\/\/magarinos.eu\/atandocabos\/wp-content\/uploads\/2016\/05\/arbol-rodriguez.png\" alt=\"Arbol Rodriguez.png\" class=\"wp-image-597 lazyload\"\/><noscript><img loading=\"lazy\" decoding=\"async\" width=\"903\" height=\"926\" src=\"https:\/\/magarinos.eu\/atandocabos\/wp-content\/uploads\/2016\/05\/arbol-rodriguez.png\" alt=\"Arbol Rodriguez.png\" class=\"wp-image-597 lazyload\" srcset=\"https:\/\/magarinos.eu\/atandocabos\/wp-content\/uploads\/2016\/05\/arbol-rodriguez.png 903w, https:\/\/magarinos.eu\/atandocabos\/wp-content\/uploads\/2016\/05\/arbol-rodriguez-293x300.png 293w, https:\/\/magarinos.eu\/atandocabos\/wp-content\/uploads\/2016\/05\/arbol-rodriguez-768x788.png 768w\" sizes=\"auto, (max-width: 903px) 100vw, 903px\" \/><\/noscript><\/a><\/figure>\n\n\n\n<p>Como no cabe toda la familia en un s\u00f3lo \u00e1rbol, tenemos ahora tres archivos con \u00e1rboles geneal\u00f3gicos:<\/p>\n\n\n\n<ul class=\"wp-block-list\"><li><a href=\"https:\/\/magarinos.eu\/atandocabos\/Archives\/Tree\/Magarinos.pdf\" target=\"_blank\" rel=\"noreferrer noopener\">\u00c1rbol de la familia Magari\u00f1os<\/a><\/li><li><a href=\"https:\/\/magarinos.eu\/atandocabos\/Archives\/Tree\/Ramon_Llera.pdf\" target=\"_blank\" rel=\"noreferrer noopener\">\u00c1rbol de la familia Ram\u00f3n Llera<\/a><\/li><li><a href=\"https:\/\/magarinos.eu\/atandocabos\/Archives\/Tree\/rodriguez.pdf\" target=\"_blank\" rel=\"noreferrer noopener\">\u00c1rbol de la familia Guti\u00e9rrez<\/a><\/li><\/ul>\n\n\n\n<p>Este es la parte de la sentencia en la que Nicanor detalla sus ascendentes:<\/p>\n\n\n\n<p><em>Resultando que contestando a la demanda D. Nicanor Guti\u00e9rrez y Rodr\u00edguez, sostuvo que el orden de sucesi\u00f3n en el patronato desde su fundaci\u00f3n, dividido en cuatro per\u00edodos por los cuatro apellidos&nbsp;que hab\u00edan tenido sus poseedores, era el primero desde Juan L\u00f3pez Gallego, sobrino del fundador, hasta Ana Gallego, hija de Francisco L\u00f3pez Gallego, y los nombres de los poseedores y su orden resultaba de las dos ejecutorias unidas at pleito, debiendo expresar para determinar la raz\u00f3n de suceder Ana Gallego con la ejecutoria de 1617; que extinguida la primera l\u00ednea de los hijos de Juan L\u00f3pez Gallego,&nbsp;el Viejo, por muerte, sin sucesi\u00f3n, de Martin L\u00f3pez Gallego, su nieto, del primer hijo que tuvo llamado tambi\u00e9n Juan L\u00f3pez Gallego, salt\u00f3 la sucesi\u00f3n a la segunda l\u00ednea o fuera a la de Francisco Gallego, hijo segundo del citado Juan L\u00f3pez Gallego, el Viejo, y vino a obtener el patronato Ana Gallego,&nbsp;hija del Francisco;<\/em><\/p>\n\n\n\n<p><em>que el segundo grupo le constitu\u00edan las sucesiones de Cebri\u00e1n D\u00edaz y Mar\u00eda D\u00edaz, su hermana, hijos de Miguel D\u00edaz y Ana Gallego; que por defunci\u00f3n del primero, ocurrida en 24 de Octubre de 1649, sin descendencia, result\u00f3 extinguida la l\u00ednea y pas\u00f3 a Mar\u00eda D\u00edaz, que cas\u00f3 en 14 de Octubre de 1632, muriendo en 10 de Noviembre de 1659;<\/em><\/p>\n\n\n\n<p><em>que el tercer grupo le&nbsp;constitu\u00edan Juan de Benito y&nbsp;Ana de Benito, su hija,&nbsp;debiendo el primero su origen&nbsp;a Pedro Benito y Mar\u00eda D\u00edaz, nieto de Ana Gallego, hija de Bartolom\u00e9 Gallego y de Ana Labrandero, y muri\u00f3 siendo patrono el 18 de Agosto de 1669, y Ana, su hija, que naci\u00f3 en 29 de Junio de 1654, cas\u00f3 con Antonio Guti\u00e9rrez y muri\u00f3 en 19 de Mayo de 1684; que el cuarto grupo le constitu\u00edan las sucesiones de Manuel Guti\u00e9rrez, hijo de Antonio Guti\u00e9rrez y Ana Benito, casado con Mar\u00eda Nieto, &nbsp;padre de otro Manuel Guti\u00e9rrez, que cas\u00f3 con Mar\u00eda Barrag\u00e1n, de cuyo matrimonio naci\u00f3 Jos\u00e9 Guti\u00e9rrez, que cas\u00f3 con Teresa&nbsp;Gallego, al cual sucedi\u00f3 su hijo Jos\u00e9 Nicanor Guti\u00e9rrez, marido de Mar\u00eda Perdiguero y padre del inmediato sucesor en el patronato, Mat\u00edas Guti\u00e9rrez Perdiguero, que cas\u00f3 con Margarita Rodr\u00edguez, habiendo tenido \u00e1 Nicanor Guti\u00e9rrez y Rodr\u00edguez, actual patrono, hijo leg\u00edtimo, \u00fanico var\u00f3n y el mayor en quien exist\u00eda el derecho que se discut\u00eda; que como fundamentos de derecho&nbsp;aleg\u00f3 la voluntad del fundador, a la que deb\u00eda sujetarse la sucesi\u00f3n del patronato, y por tanto, si Sancho L\u00f3pez llam\u00f3 a los hijos y descendientes de su hermano Ad\u00e1n para obtener y disfrutar su vinculaci\u00f3n, habiendo probado D. Nicanor Rodr\u00edguez que descend\u00eda del mismo por l\u00ednea preferente, era indisputable su derecho a obtener el patronato, que las dos ejecutorias reca\u00eddas en el transcurso de la sucesi\u00f3n constitu\u00edan principios legales a que deb\u00edan sujetarse los reclamantes habi\u00e9ndose reconocido por ellas en las hembras especialmente por la segunda, el derecho a obtener la posesi\u00f3n y disfruto de los bienes que constitu\u00edan la fundaci\u00f3n, era innegable que D. Nicanor Guti\u00e9rrez despu\u00e9s de la sucesi\u00f3n de Ana Gallego, Mar\u00eda D\u00edaz y Ana Benito, ten\u00eda derecho a obtener el patronato; y que el demandante no justificaba la descendencia que alegaba; por todo lo cual termin\u00f3 suplicando que le absolviera de la demanda;<\/em><\/p>\n","protected":false},"excerpt":{"rendered":"<p>Bueno, ocho y ochocientos, si nos ponemos a buscar&#8230; A ra\u00edz del juicio de sobre la administraci\u00f3n del Patronato del Hospital de los Gallegos de Cobe\u00f1a, en el que se vio envuelto entre 1882 y 1891 Nicanor Guti\u00e9rrez (el hermano de mi tatarabuela), descubr\u00ed una lista bastante grande antepasados. Resulta que Nicanor, para demostrar su [&hellip;]<\/p>\n","protected":false},"author":1,"featured_media":5549,"comment_status":"open","ping_status":"open","sticky":false,"template":"","format":"standard","meta":{"footnotes":""},"categories":[2,5],"tags":[36,57,62,97,129],"class_list":["post-575","post","type-post","status-publish","format-standard","has-post-thumbnail","hentry","category-arboles-genealogicos","category-historias-familiares","tag-cobena","tag-gallego","tag-gutierrez","tag-marina-alfonso","tag-sancho-lopez"],"blocksy_meta":{"styles_descriptor":{"styles":{"desktop":"","tablet":"","mobile":""},"google_fonts":[],"version":6}},"yoast_head":"<!-- This site is optimized with the Yoast SEO plugin v27.5 - https:\/\/yoast.com\/product\/yoast-seo-wordpress\/ -->\n<title>Ocho apellidos cobe\u00f1eros - Atando Cabos<\/title>\n<meta name=\"robots\" content=\"index, follow, max-snippet:-1, max-image-preview:large, max-video-preview:-1\" \/>\n<link rel=\"canonical\" href=\"https:\/\/magarinos.eu\/atandocabos\/blog\/2016\/05\/08\/ocho-apellidos-cobeneros\/\" \/>\n<meta property=\"og:locale\" content=\"es_ES\" \/>\n<meta property=\"og:type\" content=\"article\" \/>\n<meta property=\"og:title\" content=\"Ocho apellidos cobe\u00f1eros - Atando Cabos\" \/>\n<meta property=\"og:description\" content=\"Bueno, ocho y ochocientos, si nos ponemos a buscar&#8230; A ra\u00edz del juicio de sobre la administraci\u00f3n del Patronato del Hospital de los Gallegos de Cobe\u00f1a, en el que se vio envuelto entre 1882 y 1891 Nicanor Guti\u00e9rrez (el hermano de mi tatarabuela), descubr\u00ed una lista bastante grande antepasados. Resulta que Nicanor, para demostrar su [&hellip;]\" \/>\n<meta property=\"og:url\" content=\"https:\/\/magarinos.eu\/atandocabos\/blog\/2016\/05\/08\/ocho-apellidos-cobeneros\/\" \/>\n<meta property=\"og:site_name\" content=\"Atando Cabos\" \/>\n<meta property=\"article:published_time\" content=\"2016-05-08T13:34:32+00:00\" \/>\n<meta property=\"article:modified_time\" content=\"2022-07-18T22:35:53+00:00\" \/>\n<meta property=\"og:image\" content=\"https:\/\/magarinos.eu\/atandocabos\/wp-content\/uploads\/2016\/05\/122_4173-scaled.jpg\" \/>\n\t<meta property=\"og:image:width\" content=\"2560\" \/>\n\t<meta property=\"og:image:height\" content=\"1920\" \/>\n\t<meta property=\"og:image:type\" content=\"image\/jpeg\" \/>\n<meta name=\"author\" content=\"Daniel Garc\u00eda Magari\u00f1os\" \/>\n<meta name=\"twitter:card\" content=\"summary_large_image\" \/>\n<meta name=\"twitter:label1\" content=\"Escrito por\" \/>\n\t<meta name=\"twitter:data1\" content=\"Daniel Garc\u00eda Magari\u00f1os\" \/>\n\t<meta name=\"twitter:label2\" content=\"Tiempo de lectura\" \/>\n\t<meta name=\"twitter:data2\" content=\"4 minutos\" \/>\n<script type=\"application\/ld+json\" class=\"yoast-schema-graph\">{\"@context\":\"https:\\\/\\\/schema.org\",\"@graph\":[{\"@type\":\"Article\",\"@id\":\"https:\\\/\\\/magarinos.eu\\\/atandocabos\\\/blog\\\/2016\\\/05\\\/08\\\/ocho-apellidos-cobeneros\\\/#article\",\"isPartOf\":{\"@id\":\"https:\\\/\\\/magarinos.eu\\\/atandocabos\\\/blog\\\/2016\\\/05\\\/08\\\/ocho-apellidos-cobeneros\\\/\"},\"author\":{\"name\":\"Daniel Garc\u00eda Magari\u00f1os\",\"@id\":\"https:\\\/\\\/magarinos.eu\\\/atandocabos\\\/#\\\/schema\\\/person\\\/ce62485d4bf8f9cc864369bb52591f1e\"},\"headline\":\"Ocho apellidos cobe\u00f1eros\",\"datePublished\":\"2016-05-08T13:34:32+00:00\",\"dateModified\":\"2022-07-18T22:35:53+00:00\",\"mainEntityOfPage\":{\"@id\":\"https:\\\/\\\/magarinos.eu\\\/atandocabos\\\/blog\\\/2016\\\/05\\\/08\\\/ocho-apellidos-cobeneros\\\/\"},\"wordCount\":835,\"commentCount\":0,\"publisher\":{\"@id\":\"https:\\\/\\\/magarinos.eu\\\/atandocabos\\\/#organization\"},\"image\":{\"@id\":\"https:\\\/\\\/magarinos.eu\\\/atandocabos\\\/blog\\\/2016\\\/05\\\/08\\\/ocho-apellidos-cobeneros\\\/#primaryimage\"},\"thumbnailUrl\":\"https:\\\/\\\/magarinos.eu\\\/atandocabos\\\/wp-content\\\/uploads\\\/2016\\\/05\\\/122_4173-scaled.jpg\",\"keywords\":[\"Cobe\u00f1a\",\"Gallego\",\"Guti\u00e9rrez\",\"Marina Alfonso\",\"Sancho L\u00f3pez\"],\"articleSection\":[\"\u00c1rboles geneal\u00f3gicos\",\"Historias familiares\"],\"inLanguage\":\"es\",\"potentialAction\":[{\"@type\":\"CommentAction\",\"name\":\"Comment\",\"target\":[\"https:\\\/\\\/magarinos.eu\\\/atandocabos\\\/blog\\\/2016\\\/05\\\/08\\\/ocho-apellidos-cobeneros\\\/#respond\"]}]},{\"@type\":\"WebPage\",\"@id\":\"https:\\\/\\\/magarinos.eu\\\/atandocabos\\\/blog\\\/2016\\\/05\\\/08\\\/ocho-apellidos-cobeneros\\\/\",\"url\":\"https:\\\/\\\/magarinos.eu\\\/atandocabos\\\/blog\\\/2016\\\/05\\\/08\\\/ocho-apellidos-cobeneros\\\/\",\"name\":\"Ocho apellidos cobe\u00f1eros - Atando Cabos\",\"isPartOf\":{\"@id\":\"https:\\\/\\\/magarinos.eu\\\/atandocabos\\\/#website\"},\"primaryImageOfPage\":{\"@id\":\"https:\\\/\\\/magarinos.eu\\\/atandocabos\\\/blog\\\/2016\\\/05\\\/08\\\/ocho-apellidos-cobeneros\\\/#primaryimage\"},\"image\":{\"@id\":\"https:\\\/\\\/magarinos.eu\\\/atandocabos\\\/blog\\\/2016\\\/05\\\/08\\\/ocho-apellidos-cobeneros\\\/#primaryimage\"},\"thumbnailUrl\":\"https:\\\/\\\/magarinos.eu\\\/atandocabos\\\/wp-content\\\/uploads\\\/2016\\\/05\\\/122_4173-scaled.jpg\",\"datePublished\":\"2016-05-08T13:34:32+00:00\",\"dateModified\":\"2022-07-18T22:35:53+00:00\",\"breadcrumb\":{\"@id\":\"https:\\\/\\\/magarinos.eu\\\/atandocabos\\\/blog\\\/2016\\\/05\\\/08\\\/ocho-apellidos-cobeneros\\\/#breadcrumb\"},\"inLanguage\":\"es\",\"potentialAction\":[{\"@type\":\"ReadAction\",\"target\":[\"https:\\\/\\\/magarinos.eu\\\/atandocabos\\\/blog\\\/2016\\\/05\\\/08\\\/ocho-apellidos-cobeneros\\\/\"]}]},{\"@type\":\"ImageObject\",\"inLanguage\":\"es\",\"@id\":\"https:\\\/\\\/magarinos.eu\\\/atandocabos\\\/blog\\\/2016\\\/05\\\/08\\\/ocho-apellidos-cobeneros\\\/#primaryimage\",\"url\":\"https:\\\/\\\/magarinos.eu\\\/atandocabos\\\/wp-content\\\/uploads\\\/2016\\\/05\\\/122_4173-scaled.jpg\",\"contentUrl\":\"https:\\\/\\\/magarinos.eu\\\/atandocabos\\\/wp-content\\\/uploads\\\/2016\\\/05\\\/122_4173-scaled.jpg\",\"width\":2560,\"height\":1920,\"caption\":\"KODAK Digital Still Camera\"},{\"@type\":\"BreadcrumbList\",\"@id\":\"https:\\\/\\\/magarinos.eu\\\/atandocabos\\\/blog\\\/2016\\\/05\\\/08\\\/ocho-apellidos-cobeneros\\\/#breadcrumb\",\"itemListElement\":[{\"@type\":\"ListItem\",\"position\":1,\"name\":\"Portada\",\"item\":\"https:\\\/\\\/magarinos.eu\\\/atandocabos\\\/\"},{\"@type\":\"ListItem\",\"position\":2,\"name\":\"Ocho apellidos cobe\u00f1eros\"}]},{\"@type\":\"WebSite\",\"@id\":\"https:\\\/\\\/magarinos.eu\\\/atandocabos\\\/#website\",\"url\":\"https:\\\/\\\/magarinos.eu\\\/atandocabos\\\/\",\"name\":\"Atando Cabos\",\"description\":\"Una p\u00e1gina web de la familia Magari\u00f1os Ram\u00f3n\",\"publisher\":{\"@id\":\"https:\\\/\\\/magarinos.eu\\\/atandocabos\\\/#organization\"},\"potentialAction\":[{\"@type\":\"SearchAction\",\"target\":{\"@type\":\"EntryPoint\",\"urlTemplate\":\"https:\\\/\\\/magarinos.eu\\\/atandocabos\\\/?s={search_term_string}\"},\"query-input\":{\"@type\":\"PropertyValueSpecification\",\"valueRequired\":true,\"valueName\":\"search_term_string\"}}],\"inLanguage\":\"es\"},{\"@type\":\"Organization\",\"@id\":\"https:\\\/\\\/magarinos.eu\\\/atandocabos\\\/#organization\",\"name\":\"Atando Cabos\",\"url\":\"https:\\\/\\\/magarinos.eu\\\/atandocabos\\\/\",\"logo\":{\"@type\":\"ImageObject\",\"inLanguage\":\"es\",\"@id\":\"https:\\\/\\\/magarinos.eu\\\/atandocabos\\\/#\\\/schema\\\/logo\\\/image\\\/\",\"url\":\"https:\\\/\\\/magarinos.eu\\\/atandocabos\\\/wp-content\\\/uploads\\\/2022\\\/06\\\/cropped-cropped-Caballero_Anciano.jpg\",\"contentUrl\":\"https:\\\/\\\/magarinos.eu\\\/atandocabos\\\/wp-content\\\/uploads\\\/2022\\\/06\\\/cropped-cropped-Caballero_Anciano.jpg\",\"width\":512,\"height\":512,\"caption\":\"Atando Cabos\"},\"image\":{\"@id\":\"https:\\\/\\\/magarinos.eu\\\/atandocabos\\\/#\\\/schema\\\/logo\\\/image\\\/\"}},{\"@type\":\"Person\",\"@id\":\"https:\\\/\\\/magarinos.eu\\\/atandocabos\\\/#\\\/schema\\\/person\\\/ce62485d4bf8f9cc864369bb52591f1e\",\"name\":\"Daniel Garc\u00eda Magari\u00f1os\",\"image\":{\"@type\":\"ImageObject\",\"inLanguage\":\"es\",\"@id\":\"https:\\\/\\\/secure.gravatar.com\\\/avatar\\\/a7c7a82edf145a1bb8c32117ac59cb3be1c2c760796caff2df495a17896be288?s=96&d=mm&r=g\",\"url\":\"https:\\\/\\\/secure.gravatar.com\\\/avatar\\\/a7c7a82edf145a1bb8c32117ac59cb3be1c2c760796caff2df495a17896be288?s=96&d=mm&r=g\",\"contentUrl\":\"https:\\\/\\\/secure.gravatar.com\\\/avatar\\\/a7c7a82edf145a1bb8c32117ac59cb3be1c2c760796caff2df495a17896be288?s=96&d=mm&r=g\",\"caption\":\"Daniel Garc\u00eda Magari\u00f1os\"},\"url\":\"https:\\\/\\\/magarinos.eu\\\/atandocabos\\\/blog\\\/author\\\/dgarcia\\\/\"}]}<\/script>\n<!-- \/ Yoast SEO plugin. -->","yoast_head_json":{"title":"Ocho apellidos cobe\u00f1eros - Atando Cabos","robots":{"index":"index","follow":"follow","max-snippet":"max-snippet:-1","max-image-preview":"max-image-preview:large","max-video-preview":"max-video-preview:-1"},"canonical":"https:\/\/magarinos.eu\/atandocabos\/blog\/2016\/05\/08\/ocho-apellidos-cobeneros\/","og_locale":"es_ES","og_type":"article","og_title":"Ocho apellidos cobe\u00f1eros - Atando Cabos","og_description":"Bueno, ocho y ochocientos, si nos ponemos a buscar&#8230; A ra\u00edz del juicio de sobre la administraci\u00f3n del Patronato del Hospital de los Gallegos de Cobe\u00f1a, en el que se vio envuelto entre 1882 y 1891 Nicanor Guti\u00e9rrez (el hermano de mi tatarabuela), descubr\u00ed una lista bastante grande antepasados. Resulta que Nicanor, para demostrar su [&hellip;]","og_url":"https:\/\/magarinos.eu\/atandocabos\/blog\/2016\/05\/08\/ocho-apellidos-cobeneros\/","og_site_name":"Atando Cabos","article_published_time":"2016-05-08T13:34:32+00:00","article_modified_time":"2022-07-18T22:35:53+00:00","og_image":[{"width":2560,"height":1920,"url":"https:\/\/magarinos.eu\/atandocabos\/wp-content\/uploads\/2016\/05\/122_4173-scaled.jpg","type":"image\/jpeg"}],"author":"Daniel Garc\u00eda Magari\u00f1os","twitter_card":"summary_large_image","twitter_misc":{"Escrito por":"Daniel Garc\u00eda Magari\u00f1os","Tiempo de lectura":"4 minutos"},"schema":{"@context":"https:\/\/schema.org","@graph":[{"@type":"Article","@id":"https:\/\/magarinos.eu\/atandocabos\/blog\/2016\/05\/08\/ocho-apellidos-cobeneros\/#article","isPartOf":{"@id":"https:\/\/magarinos.eu\/atandocabos\/blog\/2016\/05\/08\/ocho-apellidos-cobeneros\/"},"author":{"name":"Daniel Garc\u00eda Magari\u00f1os","@id":"https:\/\/magarinos.eu\/atandocabos\/#\/schema\/person\/ce62485d4bf8f9cc864369bb52591f1e"},"headline":"Ocho apellidos cobe\u00f1eros","datePublished":"2016-05-08T13:34:32+00:00","dateModified":"2022-07-18T22:35:53+00:00","mainEntityOfPage":{"@id":"https:\/\/magarinos.eu\/atandocabos\/blog\/2016\/05\/08\/ocho-apellidos-cobeneros\/"},"wordCount":835,"commentCount":0,"publisher":{"@id":"https:\/\/magarinos.eu\/atandocabos\/#organization"},"image":{"@id":"https:\/\/magarinos.eu\/atandocabos\/blog\/2016\/05\/08\/ocho-apellidos-cobeneros\/#primaryimage"},"thumbnailUrl":"https:\/\/magarinos.eu\/atandocabos\/wp-content\/uploads\/2016\/05\/122_4173-scaled.jpg","keywords":["Cobe\u00f1a","Gallego","Guti\u00e9rrez","Marina Alfonso","Sancho L\u00f3pez"],"articleSection":["\u00c1rboles geneal\u00f3gicos","Historias familiares"],"inLanguage":"es","potentialAction":[{"@type":"CommentAction","name":"Comment","target":["https:\/\/magarinos.eu\/atandocabos\/blog\/2016\/05\/08\/ocho-apellidos-cobeneros\/#respond"]}]},{"@type":"WebPage","@id":"https:\/\/magarinos.eu\/atandocabos\/blog\/2016\/05\/08\/ocho-apellidos-cobeneros\/","url":"https:\/\/magarinos.eu\/atandocabos\/blog\/2016\/05\/08\/ocho-apellidos-cobeneros\/","name":"Ocho apellidos cobe\u00f1eros - Atando Cabos","isPartOf":{"@id":"https:\/\/magarinos.eu\/atandocabos\/#website"},"primaryImageOfPage":{"@id":"https:\/\/magarinos.eu\/atandocabos\/blog\/2016\/05\/08\/ocho-apellidos-cobeneros\/#primaryimage"},"image":{"@id":"https:\/\/magarinos.eu\/atandocabos\/blog\/2016\/05\/08\/ocho-apellidos-cobeneros\/#primaryimage"},"thumbnailUrl":"https:\/\/magarinos.eu\/atandocabos\/wp-content\/uploads\/2016\/05\/122_4173-scaled.jpg","datePublished":"2016-05-08T13:34:32+00:00","dateModified":"2022-07-18T22:35:53+00:00","breadcrumb":{"@id":"https:\/\/magarinos.eu\/atandocabos\/blog\/2016\/05\/08\/ocho-apellidos-cobeneros\/#breadcrumb"},"inLanguage":"es","potentialAction":[{"@type":"ReadAction","target":["https:\/\/magarinos.eu\/atandocabos\/blog\/2016\/05\/08\/ocho-apellidos-cobeneros\/"]}]},{"@type":"ImageObject","inLanguage":"es","@id":"https:\/\/magarinos.eu\/atandocabos\/blog\/2016\/05\/08\/ocho-apellidos-cobeneros\/#primaryimage","url":"https:\/\/magarinos.eu\/atandocabos\/wp-content\/uploads\/2016\/05\/122_4173-scaled.jpg","contentUrl":"https:\/\/magarinos.eu\/atandocabos\/wp-content\/uploads\/2016\/05\/122_4173-scaled.jpg","width":2560,"height":1920,"caption":"KODAK Digital Still Camera"},{"@type":"BreadcrumbList","@id":"https:\/\/magarinos.eu\/atandocabos\/blog\/2016\/05\/08\/ocho-apellidos-cobeneros\/#breadcrumb","itemListElement":[{"@type":"ListItem","position":1,"name":"Portada","item":"https:\/\/magarinos.eu\/atandocabos\/"},{"@type":"ListItem","position":2,"name":"Ocho apellidos cobe\u00f1eros"}]},{"@type":"WebSite","@id":"https:\/\/magarinos.eu\/atandocabos\/#website","url":"https:\/\/magarinos.eu\/atandocabos\/","name":"Atando Cabos","description":"Una p\u00e1gina web de la familia Magari\u00f1os Ram\u00f3n","publisher":{"@id":"https:\/\/magarinos.eu\/atandocabos\/#organization"},"potentialAction":[{"@type":"SearchAction","target":{"@type":"EntryPoint","urlTemplate":"https:\/\/magarinos.eu\/atandocabos\/?s={search_term_string}"},"query-input":{"@type":"PropertyValueSpecification","valueRequired":true,"valueName":"search_term_string"}}],"inLanguage":"es"},{"@type":"Organization","@id":"https:\/\/magarinos.eu\/atandocabos\/#organization","name":"Atando Cabos","url":"https:\/\/magarinos.eu\/atandocabos\/","logo":{"@type":"ImageObject","inLanguage":"es","@id":"https:\/\/magarinos.eu\/atandocabos\/#\/schema\/logo\/image\/","url":"https:\/\/magarinos.eu\/atandocabos\/wp-content\/uploads\/2022\/06\/cropped-cropped-Caballero_Anciano.jpg","contentUrl":"https:\/\/magarinos.eu\/atandocabos\/wp-content\/uploads\/2022\/06\/cropped-cropped-Caballero_Anciano.jpg","width":512,"height":512,"caption":"Atando Cabos"},"image":{"@id":"https:\/\/magarinos.eu\/atandocabos\/#\/schema\/logo\/image\/"}},{"@type":"Person","@id":"https:\/\/magarinos.eu\/atandocabos\/#\/schema\/person\/ce62485d4bf8f9cc864369bb52591f1e","name":"Daniel Garc\u00eda Magari\u00f1os","image":{"@type":"ImageObject","inLanguage":"es","@id":"https:\/\/secure.gravatar.com\/avatar\/a7c7a82edf145a1bb8c32117ac59cb3be1c2c760796caff2df495a17896be288?s=96&d=mm&r=g","url":"https:\/\/secure.gravatar.com\/avatar\/a7c7a82edf145a1bb8c32117ac59cb3be1c2c760796caff2df495a17896be288?s=96&d=mm&r=g","contentUrl":"https:\/\/secure.gravatar.com\/avatar\/a7c7a82edf145a1bb8c32117ac59cb3be1c2c760796caff2df495a17896be288?s=96&d=mm&r=g","caption":"Daniel Garc\u00eda Magari\u00f1os"},"url":"https:\/\/magarinos.eu\/atandocabos\/blog\/author\/dgarcia\/"}]}},"_links":{"self":[{"href":"https:\/\/magarinos.eu\/atandocabos\/wp-json\/wp\/v2\/posts\/575","targetHints":{"allow":["GET"]}}],"collection":[{"href":"https:\/\/magarinos.eu\/atandocabos\/wp-json\/wp\/v2\/posts"}],"about":[{"href":"https:\/\/magarinos.eu\/atandocabos\/wp-json\/wp\/v2\/types\/post"}],"author":[{"embeddable":true,"href":"https:\/\/magarinos.eu\/atandocabos\/wp-json\/wp\/v2\/users\/1"}],"replies":[{"embeddable":true,"href":"https:\/\/magarinos.eu\/atandocabos\/wp-json\/wp\/v2\/comments?post=575"}],"version-history":[{"count":0,"href":"https:\/\/magarinos.eu\/atandocabos\/wp-json\/wp\/v2\/posts\/575\/revisions"}],"wp:featuredmedia":[{"embeddable":true,"href":"https:\/\/magarinos.eu\/atandocabos\/wp-json\/wp\/v2\/media\/5549"}],"wp:attachment":[{"href":"https:\/\/magarinos.eu\/atandocabos\/wp-json\/wp\/v2\/media?parent=575"}],"wp:term":[{"taxonomy":"category","embeddable":true,"href":"https:\/\/magarinos.eu\/atandocabos\/wp-json\/wp\/v2\/categories?post=575"},{"taxonomy":"post_tag","embeddable":true,"href":"https:\/\/magarinos.eu\/atandocabos\/wp-json\/wp\/v2\/tags?post=575"}],"curies":[{"name":"wp","href":"https:\/\/api.w.org\/{rel}","templated":true}]}}