{"id":53,"date":"2016-05-03T17:43:28","date_gmt":"2016-05-03T17:43:28","guid":{"rendered":"https:\/\/atandocabosweb.wordpress.com\/?p=53"},"modified":"2022-07-16T22:32:24","modified_gmt":"2022-07-16T20:32:24","slug":"el-desventurado-tatarabuelo-juan","status":"publish","type":"post","link":"https:\/\/magarinos.eu\/atandocabos\/blog\/2016\/05\/03\/el-desventurado-tatarabuelo-juan\/","title":{"rendered":"El desventurado Juan de Dios"},"content":{"rendered":"\n<figure class=\"wp-block-image alignleft is-resized alignnone wp-image-355\"><img loading=\"lazy\" decoding=\"async\" src=\"data:image\/gif;base64,R0lGODlhAQABAIAAAAAAAP\/\/\/yH5BAEAAAAALAAAAAABAAEAAAIBRAA7\" data-src=\"https:\/\/magarinos.eu\/atandocabos\/wp-content\/uploads\/2016\/05\/llera_web1.jpg\" alt=\"Retrato de Juan de Dios Llera y Alc\u00e1zar\" class=\"wp-image-355 lazyload\" width=\"238\" height=\"356\"\/><noscript><img loading=\"lazy\" decoding=\"async\" src=\"https:\/\/magarinos.eu\/atandocabos\/wp-content\/uploads\/2016\/05\/llera_web1.jpg\" alt=\"Retrato de Juan de Dios Llera y Alc\u00e1zar\" class=\"wp-image-355 lazyload\" width=\"238\" height=\"356\"\/><\/noscript><figcaption>Juan de Dios Llera y Alc\u00e1zar<\/figcaption><\/figure>\n\n\n\n<figure class=\"wp-block-image aligncenter is-resized alignnone wp-image-362\"><img loading=\"lazy\" decoding=\"async\" src=\"data:image\/gif;base64,R0lGODlhAQABAIAAAAAAAP\/\/\/yH5BAEAAAAALAAAAAABAAEAAAIBRAA7\" data-src=\"https:\/\/magarinos.eu\/atandocabos\/wp-content\/uploads\/2016\/05\/dolores_guiterrez_final-web-2.jpg\" alt=\"Retrato de Mar\u00eda de los Dolores Guti\u00e9rrez Rodr\u00edguez\" class=\"wp-image-362 lazyload\" width=\"257\" height=\"326\"\/><noscript><img loading=\"lazy\" decoding=\"async\" src=\"https:\/\/magarinos.eu\/atandocabos\/wp-content\/uploads\/2016\/05\/dolores_guiterrez_final-web-2.jpg\" alt=\"Retrato de Mar\u00eda de los Dolores Guti\u00e9rrez Rodr\u00edguez\" class=\"wp-image-362 lazyload\" width=\"257\" height=\"326\" srcset=\"https:\/\/magarinos.eu\/atandocabos\/wp-content\/uploads\/2016\/05\/dolores_guiterrez_final-web-2.jpg 2000w, https:\/\/magarinos.eu\/atandocabos\/wp-content\/uploads\/2016\/05\/dolores_guiterrez_final-web-2-236x300.jpg 236w, https:\/\/magarinos.eu\/atandocabos\/wp-content\/uploads\/2016\/05\/dolores_guiterrez_final-web-2-804x1024.jpg 804w, https:\/\/magarinos.eu\/atandocabos\/wp-content\/uploads\/2016\/05\/dolores_guiterrez_final-web-2-768x978.jpg 768w, https:\/\/magarinos.eu\/atandocabos\/wp-content\/uploads\/2016\/05\/dolores_guiterrez_final-web-2-1206x1536.jpg 1206w, https:\/\/magarinos.eu\/atandocabos\/wp-content\/uploads\/2016\/05\/dolores_guiterrez_final-web-2-1608x2048.jpg 1608w\" sizes=\"auto, (max-width: 257px) 100vw, 257px\" \/><\/noscript><figcaption>Mar\u00eda de los Dolores Guti\u00e9rrez Rodr\u00edguez<\/figcaption><\/figure>\n\n\n\n<p>En todas las familias hay una oveja negra, un calavera, un hijo pr\u00f3digo; alguien que dilapida la hacienda familiar.<\/p>\n\n\n\n<p>Mi familia ha pasado por bastantes peripecias durante el siglo XX, como cualquier familia espa\u00f1ola de la \u00e9poca, pero si hay alguien que tiene fama de ser la oveja negra, ese es sin duda mi tatarabuelo <strong>Juan de Dios Llera y Alc\u00e1zar<\/strong>.<\/p>\n\n\n\n<p>Recuerdo que se contaba en la familia que el tatarabuelo Juan de Dios hab\u00eda muerto en la c\u00e1rcel, al parecer por deudas. Se dec\u00eda que hab\u00eda puesto su confianza en alguien que le hab\u00eda traicionado y que \u00e9l hab\u00eda pagado los platos rotos de un negocio ruinoso. Se hablaba de una serrer\u00eda.<\/p>\n\n\n\n<p>Contaban que hab\u00eda muerto en la c\u00e1rcel de Oca\u00f1a a principios del siglo XX. Habr\u00eda dejado en la ruina a sus dos hijas. Su esposa ya hab\u00eda muerto para entonces.<\/p>\n\n\n\n<p>A continuaci\u00f3n trazar\u00e9&nbsp;unos breves apuntes biogr\u00e1ficos sobre <strong>Juan de Dios Llera<\/strong>. Est\u00e1n basados en documentos familiares y en algunas referencias que hemos podido encontrar en Internet.<\/p>\n\n\n\n<p>Juan de Dios Llera naci\u00f3 en&nbsp;<strong>Laguna de Cameros <\/strong>hacia 1847. Estudi\u00f3 derecho en la Universidad Central de Madrid donde se licenci\u00f3 en Derecho Civil y Can\u00f3nico en&nbsp;1873. Su expediente todav\u00eda se conserva en el archivo hist\u00f3rico nacional, junto con otros&nbsp;expedientes de esta universidad.<\/p>\n\n\n\n<p>Se cas\u00f3 con mi tatarabuela, <strong>Dolores Guti\u00e9rrez Rodr\u00edguez<\/strong> en alg\u00fan momento antes de 1878, que es cuando naci\u00f3 su primera hija, mi bisabuela <strong>Carmen Llera Guti\u00e9rrez<\/strong>.<\/p>\n\n\n\n<p>El Diciembre de 1880 aparece mencionado en el diario&nbsp;<strong>La Provincia<\/strong> por haber sido elegido vocal en la junta de accionistas de la&nbsp;<strong>Compa\u00f1\u00eda de Ferrocarriles Carbon\u00edferos de Arag\u00f3n<\/strong>.&nbsp;La empresa hab\u00eda entrado en suspensi\u00f3n de pagos en 1880.<\/p>\n\n\n\n<p>Entre 1880 y 1900 ejerci\u00f3 como abogado. Su nombre aparece mencionado en el <strong>Diario Oficial de Avisos de Madrid&nbsp;<\/strong>como abogado defensor en casos comentados en dicho peri\u00f3dico.<\/p>\n\n\n\n<p>En esta \u00e9poca fue miembro de la junta directiva de la&nbsp;<strong>Liga de Contribuyentes <\/strong>(un tipo de c\u00e1mara de comercio o asociaci\u00f3n de empresarios de la \u00e9poca). Tambi\u00e9n fue candidato a diputado en las elecciones de la Diputaci\u00f3n Provincial de Madrid, aunque, que sepamos, no sali\u00f3 elegido.<\/p>\n\n\n\n<p>El <strong>31 de Mayo de 1885<\/strong> aparece el primer indicio de que algo no va bien. El&nbsp;<strong>Diario Oficial de Avisos de Madrid<\/strong> publica una nota en la que se anuncia la subasta de varias fincas r\u00fasticas y una casa en Laguna de Cameros \u00bfquiz\u00e1s la casa familiar?<\/p>\n\n\n\n<p><em>Por el presente, y en virtud&nbsp;de providencia del Juzgado&nbsp;de primera instancia&nbsp;del Distrito de la Inclusa de&nbsp;esta Corte, dictada en juicio&nbsp;declarativo seguido por do\u00f1a&nbsp;Mar\u00eda Eusebia y do\u00f1a Juliana&nbsp;Lance con D. Juan de Dios&nbsp;Llera, se anuncia la venta,&nbsp;en p\u00fablica subasta, de veinticinco&nbsp;pedazos de tierra, sitos&nbsp;en Cobe\u00f1a, partido de&nbsp;Alcal\u00e1 de Henares; una casa&nbsp;en Laguna de Cameros, partido&nbsp;de Torrecilla de Cameros,&nbsp;y una participaci\u00f3n en&nbsp;otra casa, sita en Utrera, bajo el pliego de condiciones,&nbsp;que se halla de manifiesto en&nbsp;la Escriban\u00eda. El remate tendr\u00e1&nbsp;lugar ante este Juzgado&nbsp;en su Audiencia, piso principal&nbsp;del Palacio de Justicia, el&nbsp;d\u00eda&nbsp;23 de&nbsp;Junio pr\u00f3ximo, y&nbsp;hora de las dos de su tarde.<\/em><br><em>Madrid 26 de Mayo de 1883,<\/em><br><em>\u2014 Mariano Fonseca. \u2014. Ante&nbsp;m\u00ed, Luis Escobar.<\/em><\/p>\n\n\n\n<p>El apellido de las demandantes aparece citado en otros art\u00edculos como \u00abLance\u00bb, \u00abLanza\u00bb o como \u00abLanre\u00bb.&nbsp;No sabemos c\u00f3mo lleg\u00f3 a tener Juan de Dios Llera las propiedades en Cobe\u00f1a puesto que, en principio, era su esposa,&nbsp;<strong>Dolores Guti\u00e9rrez Rodr\u00edguez<\/strong>, quien proced\u00eda de esta villa.<\/p>\n\n\n\n<p>El <strong>15 de Diciembre de 1888<\/strong>, el <strong>Diario Oficial de Avisos de Madrid<\/strong> publica un&nbsp;edicto en otro caso contra Juan de Dios Llera:<\/p>\n\n\n\n<p><em>En virtud de providencia&nbsp;del se\u00f1or Juez de primera&nbsp;instancia del Sur, dictada en&nbsp;autos ejecutivos seguidos por&nbsp;do\u00f1a Teresa Diaz contra don&nbsp;Juan de Dios Llera, se sacan a segunda subasta tres d\u00e9cimas&nbsp;partes proindiviso de la&nbsp;casa n\u00fam. 7 moderno de la&nbsp;calle del Clavel, que han sido&nbsp;tasadas en trece mil cuatrocientas&nbsp;cuarenta y nueve pesetas, a rebajar cargas, con&nbsp;rebaja del veinticinco por&nbsp;ciento de esta tasaci\u00f3n, o sea&nbsp;por la cantidad de diez mil&nbsp;ochenta y seis pesetas y setenta&nbsp;y cinco c\u00e9ntimos. [&#8230;]<\/em><\/p>\n\n\n\n<p>No tenemos m\u00e1s detalles de este caso ni porqu\u00e9 le reclamaba Teresa D\u00edaz esas cantidades.<\/p>\n\n\n\n<p>Mientras tanto, el 7 de Marzo de 1893 fue elegido Director de Estudios de la sociedad&nbsp;<strong>El Fomento de las Artes<\/strong>, seg\u00fan anuncia el peri\u00f3dico<strong> El D\u00eda<\/strong>.<\/p>\n\n\n\n<p>En <strong>1896<\/strong>, muere <strong>Dolores Guti\u00e9rrez Rodr\u00edguez<\/strong>, con s\u00f3lo 46 a\u00f1os. Desconocemos las circunstancias y el lugar exacto. Sus hijas <strong>Carmen Llera<\/strong> y <strong>Mercedes Llera<\/strong>, ten\u00edan entonces 18 y 16 a\u00f1os, respectivamente.<\/p>\n\n\n\n<p>El 4 de Junio de 1897&nbsp;<strong>El D\u00eda<\/strong> publica una escueta noticia informando sobre el juicio contra Juan de Dios Llera por estafa.<\/p>\n\n\n\n<p>El <strong>17 de Junio de 1897<\/strong> se anuncia en el&nbsp;<strong>Diario de Avisos Oficiales de Madrid<\/strong> la subasta de varios objetos pertenecientes a Juan de Dios Llera, entre ellos una m\u00e1quina de vapor y aparatos de aserrar. La leyenda familiar era cierta. Hab\u00eda una serrer\u00eda.<\/p>\n\n\n\n<p>El&nbsp;<strong>26 de Noviembre de 1897<\/strong> el diario&nbsp;<strong>El Globo<\/strong> informa de la detenci\u00f3n en Madrid por parte de la guardia civil de Juan de Dios Llera, \u00abal cual se se le ten\u00eda reclamado\u00bb.<\/p>\n\n\n\n<p>El <strong>25 de Septiembre de 1903<\/strong> queda visto para sentencia el caso que llevar\u00eda a la c\u00e1rcel a Juan de Dios Llera: la denuncia por estafa de <strong>Petronila Ecenarro<\/strong>. En varios diarios de Madrid se public\u00f3 la historia, con peque\u00f1as variantes.<\/p>\n\n\n\n<p>A grandes rasgos la historia es la siguiente:<\/p>\n\n\n\n<p><strong>\u00c1ngel Ruiz<\/strong> era familiar de Juan de Dios Llera, al parecer su primo. Juan de Dios incluso le habr\u00eda aconsejado a \u00c1ngel el matrimonio con Petronila Ecenarro.<\/p>\n\n\n\n<p>Parece que Juan de Dios Llera se encargaba de la administraci\u00f3n de la fortuna del se\u00f1or Ruiz pero los negocios no fueron demasiado bien y resultaron ruinosos. Se menciona una producci\u00f3n teatral.<\/p>\n\n\n\n<p>A pesar de estos fracasos, en 1890 do\u00f1a Petronila entreg\u00f3 a Juan de Dios ciertas cantidades de dinero para diferentes finalidades:<\/p>\n\n\n\n<ul class=\"wp-block-list\"><li>91.000 pesetas en papel del Estado para que las guardara.<\/li><li>25.000 pesetas en un tal\u00f3n de una cuenta corriente del Banco de Espa\u00f1a para que hiciera un pr\u00e9stamo a una tercera persona.<\/li><li>20.000 pesetas en met\u00e1lico para levantara una retenci\u00f3n que hab\u00eda sobre unos muebles.<\/li><\/ul>\n\n\n\n<p>Al parecer Juan de Dios Llera se gast\u00f3 el dinero que recibi\u00f3. Hizo el pr\u00e9stamo en su propio nombre y, cuando no se devolvi\u00f3 el cr\u00e9dito, recibi\u00f3 un solar que vendi\u00f3 por su cuenta sin dar el dinero a Do\u00f1a Petronila.<\/p>\n\n\n\n<p>\u00c9sta interpuso una denuncia hacia 1895 pero Juan de Dios Llera hab\u00eda desaparecido y se le declar\u00f3 en rebeld\u00eda.<\/p>\n\n\n\n<p>En 1897 Do\u00f1a Petronila se lo encontr\u00f3 por la calle y agarr\u00e1ndolo de la solapa se lo llev\u00f3 a una comisar\u00eda para que lo detuvieran. Seg\u00fan otro peri\u00f3dico, do\u00f1a Petronila descubri\u00f3 la zona por la que circulaba y lo esper\u00f3 con un guardia.<\/p>\n\n\n\n<p>Juan de Dios Llera se defendi\u00f3 a s\u00ed mismo en el juicio alegando que el dinero que hab\u00eda recibido no pertenec\u00eda a do\u00f1a Petronila sino a su marido, \u00c1ngel Ruiz, que ya hab\u00eda muerto. Como administrador del se\u00f1or&nbsp;Ruiz, ya presentar\u00eda las debidas cuentas al presentar la liquidaci\u00f3n de la herencia.<\/p>\n\n\n\n<p>Durante el juicio admiti\u00f3&nbsp;haber sido condenado anteriormente por estafa.<\/p>\n\n\n\n<p>Finalmente fue condenado a dos a\u00f1os de presidio. No sabemos cu\u00e1ndo ingres\u00f3 exactamente pero s\u00ed sabemos que muri\u00f3 en 1906, aparentemente en la c\u00e1rcel de Oca\u00f1a.<\/p>\n\n\n\n<p>A continuaci\u00f3n reproduzco los art\u00edculos de prensa que he localizado sobre el asunto.<\/p>\n\n\n\n<h3 class=\"wp-block-heading\"><strong>El D\u00eda<\/strong><\/h3>\n\n\n\n<p><em><strong>(23 de septiembre de 1903)<\/strong><\/em><\/p>\n\n\n\n<h3 class=\"wp-block-heading\"><strong><em>\u00bfEstafa de 30.000 duros?<\/em><\/strong><\/h3>\n\n\n\n<p><em>De un asunto interesante ha conocido la secci\u00f3n tercera de la Audiencia provincial.<\/em><\/p>\n\n\n\n<p><em>Una se\u00f1ora casada entrega a un pariente del marido, con quien \u00e9ste ten\u00eda cuentas pendientes, 30.000 duros en dep\u00f3sito, como as\u00ed aquel lo confiesa, en escritura p\u00fablica.<\/em><\/p>\n\n\n\n<p><em>Requerido el depositario para la devoluci\u00f3n, dice que como no hay documento p\u00fablico que acredite la propiedad del dinero como exclusivo de la mujer, \u00e9l entiende que s\u00f3lo al marido debe dar cuenta de sus actos. No se convence la se\u00f1ora y acude al Juzgado, formulando querella por estafa contra el depositario. En estas condiciones, el problema planteado. \u00bfSe trata de un delito de estafa hecho a la mujer? \u00bfNo existe tal responsabilidad penal, sino la civil, pues habiendo pendientes cuentas entre el depositario y el marido, en la rendici\u00f3n de aquellas a este se resolver\u00e1 lo del dep\u00f3sito?<\/em><\/p>\n\n\n\n<p><em>\u00bfCu\u00e1l de estos criterios es el exacto? Sobre qui\u00e9n tiene la raz\u00f3n ha sido la discusi\u00f3n.<\/em><\/p>\n\n\n\n<p><em>Este es uno de tantos casos en que se afirma,&nbsp;digamos lo&nbsp;as\u00ed, la l\u00ednea divisoria entre la responsabilidad civil&nbsp;y la penal.<\/em><\/p>\n\n\n\n<p><em>Y vamos al asunto. D. Juan de Dios Llera y Alc\u00e1zar, primo de D. \u00c1ngel Ruiz, realiz\u00f3 a nombre de este una porci\u00f3n de negocios, que por desgracia casi todos resultan desastrosos. La esposa de Ruiz, do\u00f1a Petronila Ecenarro, entreg\u00f3 a Llera 91.000 pesetas en papel del Estado para que las guardara, 25.000 pesetas contra el Banco de Espa\u00f1a, cuya cantidad deb\u00eda emplear Llera en hacer una operaci\u00f3n de pr\u00e9stamo a dona Petra Pardona, y 20.000 pesetas en met\u00e1lico para que levantara una retenci\u00f3n que sobre unos muebles pesaban.<\/em><\/p>\n\n\n\n<p><em>El Sr. Llera no devolvi\u00f3 los t\u00edtulos de la Deuda; el pr\u00e9stamo lo hizo a su nombre, lo liquid\u00f3 y no entreg\u00f3 un solo c\u00e9ntimo, y respecto a la liberaci\u00f3n de la carga sobre los muebles, no se preocup\u00f3 da hacerla.<\/em><\/p>\n\n\n\n<p><em>Hall\u00e1ndose enfermo el Sr. Ruiz, fue llamado el Sr. Llera para que garantizara lo que de do\u00f1a Petronila tenia recibido, y efectivamente suscribi\u00f3 a favor de dicha se\u00f1ora una escritura de dep\u00f3sito.<\/em><\/p>\n\n\n\n<p><em>Comenz\u00f3 el sumario a instancia de la do\u00f1a Petronila el a\u00f1o 1895, quedando paralizado durante dos a\u00f1os por desaparici\u00f3n de Llera, hasta que en el mes de Febrero, si mal no recordamos, la querellante detuvo en la calle al procesado y lo present\u00f3 al Juzgado, quien orden\u00f3 su prisi\u00f3n provisional, que ha sufrido uno cuantos meses, saliendo hace poco en libertad bajo fianza met\u00e1lica.<\/em><\/p>\n\n\n\n<p><em>El procesado, que es abogado, se ha defendido a \u00e9l propio, sosteniendo, como arriba decimos, que el dinero no era de do\u00f1a Petronila, sino de su esposo pues no hay testimonio esc1riturario de que en concepto alguno aportara bienes la se\u00f1ora.<\/em><\/p>\n\n\n\n<p><em>Por su parte \u00e9sta, en animado careo, sostuvo con firmeza que ella llev\u00f3 al matrimonio m\u00e1s de treinta mil duros y su marido unos cuarenta mil; que todo ello ha pasado, por arte de magia, a las manos del Sr Llera; que \u00e9ste no ha entregado un solo c\u00e9ntimo ni a ella ni a su esposo, etc., etc.<\/em><\/p>\n\n\n\n<p><em>El fiscal Sr. Torreblanca ha acusado dos delitos de estafa y ha pedido por cada uno se imponga al procesado dos a\u00f1os de presidio correccional.<\/em><\/p>\n\n\n\n<p><em>El acusador particular Sr. D\u00edaz Valero califica lo mismo que el representante de la ley, pero aprecia la circunstancia de reincidencia, por si bien no est\u00e1 probada documentalmente, la confiesa el procesado. Pide cuatro a\u00f1os por cada delito.<\/em><\/p>\n\n\n\n<p><em>El procesado defensor pide la absoluci\u00f3n, fundado en que hay cuentas pendientes con el Sr. Ruiz y el dinero reconocido en la escritura a D\u00aa Petronila es de aqu\u00e9l.<\/em><\/p>\n\n\n\n<p><em>\u00bfQui\u00e9n tiene derecho? Podr\u00e1 sostenerse que el dinero no es de D\u00aa Petronila, considerando, que es mucho considerar, que la escritura de dep\u00f3sito a su favor es un papel mojado, pero la estafa existe, d\u00edgalo quien lo diga, desde el momento en que se distraen para objeto distinto, los destinados a otro cierto y determinado, como aparece ha hecho el Sr. Llera&#8230;<\/em><\/p>\n\n\n\n<p><em>Ahora la Sala tiene la palabra.<\/em><\/p>\n\n\n\n<p><strong>El Imparcial<\/strong> cuenta la misma historia, con alguna variante sobre c\u00f3mo se produjo la detenci\u00f3n del se\u00f1or Llera.<\/p>\n\n\n\n<h3 class=\"wp-block-heading\">El Imparcial<\/h3>\n\n\n\n<h3 class=\"wp-block-heading\">Causa contra un abogado<\/h3>\n\n\n\n<p><em>Acusado de doble delito de estafa ha comparecido en juicio oral en la Audiencia de esta Corte el abogado D. Juan de Dios Llera, quien utilizando el beneficio que concede a los de su clase una real orden de 7 de Abril de 1866, ha vestido la toga en propia defensa, ocupando el sitio destinado a los letrados defensores, y en esto ya no se ha cumplido la citada disposici\u00f3n, que no releva al procesado de sentarse en el banquillo.<\/em><\/p>\n\n\n\n<p><em>D. Juan de Dios Llera fue el hombre de confianza y el administrador de los bienes del matrimonio constituido por D. \u00c1ngel Ruiz y do\u00f1a Petronila Ecenarro y hasta se dice que el primero, siendo menor de edad, tom\u00f3 a la segunda por esposa, aconsejado por el se\u00f1or Llera. Lo cierto es que \u00e9ste se hizo cargo del capital de su cliente, que ascend\u00eda a unas doscientas mil pesetas, as\u00ed como de la parte que correspond\u00eda a do\u00f1a Petronila en los ba\u00f1os de Saturrar\u00e1n, importante en n\u00fameros redondos unas 125.000 pesetas.<\/em><\/p>\n\n\n\n<p><em>Los bienes de do\u00f1a Petronila los recibi\u00f3 el Sr. Llera en 18 de Agosto de 1890 en la forma siguiente: 92.000 pesetas en t\u00edtulos de la Deuda al 4 por 100, a calidad de dep\u00f3sito, y 25.000 pesetas en un tal\u00f3n de cuenta corriente en el Banco, para que hiciese un pr\u00e9stamo a do\u00f1a Petra Cardona con inter\u00e9s de 6 por 100.<\/em><\/p>\n\n\n\n<p><em>La fortuna de D. \u00c1ngel Ruiz se emple\u00f3 en una empresa teatral poco afortunada.<\/em><\/p>\n\n\n\n<p><em>Habiendo enfermado el Sr. Ruiz, fue llamado Llera a la Alameda de Osuna, donde se hallaba el matrimonio, y all\u00ed se vio obligado a formalizar la escritura de dep\u00f3sito de las 92.000 pesetas que le entregara do\u00f1a Petronila, cosa que. el letrado hizo a rega\u00f1adientes, quedando firmado el documento notarial con fecha 3 de Diciembre de 1901. Veamos ahora c\u00f3mo cumpli\u00f3 Llera el encargo del pr\u00e9stamo.<\/em><\/p>\n\n\n\n<p><em>De las 25.000 pesetas que para dicha operaci\u00f3n se le hab\u00edan entregado, hizo el pr\u00e9stamo de 22.500 a do\u00f1a Petra Cardona con garant\u00eda de dos solares, figurando como prestamista, no do\u00f1a Petronila Ecenarro, sino el propio Llera. De las 2.500 pesetas restantes no se sabe una palabra.<\/em><\/p>\n\n\n\n<p><em>Vencido el plazo del pr\u00e9stamo se adjudic\u00f3 al Sr. Llera uno de los solares, que vendi\u00f3 en unas 25.500 pesetas.<\/em><\/p>\n\n\n\n<p><em>Esta cantidad, como las 92.000 pesetas recibidas en dep\u00f3sito no hubo modo de que volviesen a manos de su leg\u00edtima due\u00f1a y como ya hab\u00eda desaparecido, naturalmente, la confianza que el matrimonio depositara en el abogado, fue \u00e9ste denunciado por el delito de estafa y declarado en rebeld\u00eda por no haber comparecido a las citaciones que se le hicieron.<\/em><\/p>\n\n\n\n<p><em>Pero un d\u00eda tropez\u00f3 en la. calle el Sr. Llera con do\u00f1a Petronila, y cuando aqu\u00e9l contestaba confuso a las sarc\u00e1sticas quejas de su v\u00edctima, \u00e9sta le cogi\u00f3 por las solapas y no le solt\u00f3 sino en las manos de un guardia, que lo llev\u00f3 al juzgado, de donde pas\u00f3 a la C\u00e1rcel Modelo.<\/em><\/p>\n\n\n\n<p><em>Los hechos referidos son los que han servido de base a la acusaci\u00f3n p\u00fablica, representada por el abogado fiscal Sr. Torreblanca, y de la acusaci\u00f3n privada, sostenida por do\u00f1a Petronila Ecenarro, y sustentada en el juicio por el letrado Sr. D\u00edaz Valero, para acusar a D. Juan de Dios Llera como autor de dos delitos de estafa, uno por el dep\u00f3sito de las 92.000 y otro por el pr\u00e9stamo de las 25.000.<\/em><\/p>\n\n\n\n<p><em>En un detalle han discrepado ambas acusaciones.<\/em><\/p>\n\n\n\n<p><em>Mientras el Sr. D\u00edaz Valero aprecia la circunstancia agravante de reincidencia, por haber confesado Llera que ha sufrido una condena de dos meses y un d\u00eda de arresto por delito de estafa, el fiscal no estima dicha agravante porque no consta en la prueba documental.<\/em><\/p>\n\n\n\n<p><em>As\u00ed, pues, mientras el ministerio p\u00fablico solicita que se imponga al procesado la pena de dos a\u00f1os de presidio correccional por cada uno de los dos delitos, el acusador privado eleva a cuatro a\u00f1os la pena correspondiente a cada delito.<\/em><\/p>\n\n\n\n<p><em>El Sr. Llera ha intentado demostrar en su defensa que do\u00f1a Petronila carec\u00eda de bienes, perteneciendo todos a su marido (hoy difunto), y que hall\u00e1ndose pendiente la liquidaci\u00f3n que como administrador de D. \u00c1ngel Ruiz tiene que hacer, nada hasta entonces se le puede reclamar, y mucho menos perseguir como autor de delito alguno.<\/em><\/p>\n\n\n\n<p><em>Veremos lo que resuelve la Sala en su sentencia.<\/em><\/p>\n\n\n\n<h3 class=\"wp-block-heading\">El&nbsp;Liberal<\/h3>\n\n\n\n<h3 class=\"wp-block-heading\">\u00bfAbogado estafador?<\/h3>\n\n\n\n<p><em>Han terminado las vacaciones de los tribunales. La Audiencia va recobrando poco a poco la acostumbrada animaci\u00f3n con el continuo Ir y venir de abogados, procuradores, curiales y curiosos.<\/em><\/p>\n\n\n\n<p><em>Las vistas que desde el comienzo del a\u00f1o judicial se han celebrado han sido de escas\u00edsima importancia, y, por tanto, ninguna de ellas digna de referirse.<\/em><\/p>\n\n\n\n<p><em>El primer juicio de alg\u00fan relieve tuvo efecto ayer en la secci\u00f3n tercera, que preside D. Primitivo Gonz\u00e1lez del Alba.<\/em><\/p>\n\n\n\n<p><em>Se trataba de una causa por estafas, de las cuales aparec\u00eda como responsable el abogado D. Juan de Dios Llera.<\/em><\/p>\n\n\n\n<p><em>No ocupaba \u00e9ste el banquillo destinado \u00e1 los procesados, sino que tomaba asiento en el lugar destinado a los letrados defensores, por actuar \u00e9l como defensor de s\u00ed mismo.<\/em><\/p>\n\n\n\n<p><em>Seg\u00fan la acusaci\u00f3n, el Sr. Llera gozaba de la omn\u00edmoda confianza do D. \u00c1ngel Ruiz y de su esposa do\u00f1a Petra Ecenarro.<\/em><\/p>\n\n\n\n<p><em>El Sr. Ruiz emprendi\u00f3 varios negocios, que resultaron desgraciados y que le produjeron, por tanto, grandes quebrantos de fortuna.<\/em><\/p>\n\n\n\n<p><em>Don Angol Ruiz enferm\u00f3 alg\u00fan tiempo m\u00e1s tarde, y ya pr\u00f3xima la muerte, su c\u00f3nyuge, do\u00f1a Petra, en 18 de Agosto de 1890, entreg\u00f3 al Sr. Llera, con licencia del marido y por medio de escritura p\u00fablica, varios t\u00edtulos de la deuda del cuatro por ciento interior, Importantes noventa y dos mil pesetas nominales en calidad de dep\u00f3sito y un tal\u00f3n del Banco de Espa\u00f1a por valor de veinticinco mil pesetas, para realizar un pr\u00e9stamo a una se\u00f1ora al seis por ciento de inter\u00e9s y con la garant\u00eda de dos solares.<\/em><\/p>\n\n\n\n<p><em>So hizo constar que los valores entregados eran bienes pertenecientes a la mujer.<\/em><\/p>\n\n\n\n<p><em>Muri\u00f3 el Sr. Ruiz, y el referido letrado fue encargado de liquidar las cuentas pendientes de aqu\u00e9l.<\/em><\/p>\n\n\n\n<p><em>Pasado alg\u00fan tiempo, do\u00f1a Petra reclam\u00f3 al Sr. Llera el dep\u00f3sito que le hab\u00eda confiado y la cantidad e interesas correspondientes al pr\u00e9stamo que por su cuenta hab\u00eda hecho.<\/em><\/p>\n\n\n\n<p><em>Ei abogado se opuso, a pretexto de que la liquidaci\u00f3n del marido a\u00fan no estaba terminada; poro la se\u00f1ora Ecenarro, creyendo que el asunto referente a su esposo era independiente do lo que hac\u00eda relaci\u00f3n a sus bienes, insisti\u00f3 in\u00fatilmente.<\/em><\/p>\n\n\n\n<p><em>M\u00e1s tarde supo la se\u00f1ora Ecenarro que en pago del pr\u00e9stamo realizado a nombre suyo, hab\u00eda recibido el Sr. Llera uno de los solares que garantizaban la operaci\u00f3n, el cual hab\u00eda despu\u00e9s vendido por s\u00ed el abogado sin rendir tampoco cuentas.<\/em><\/p>\n\n\n\n<p><em>Do\u00f1a Petra acudi\u00f3 a los tribunales, denunciando los hechos.<\/em><\/p>\n\n\n\n<p><em>El Sr. Llora no se present\u00f3 a las citaciones que se le hicieron y fue declarado en rebeld\u00eda.<\/em><\/p>\n\n\n\n<p><em>Hab\u00edan transcurrido ya varios meses, cuando do\u00f1a Potra supo que el abogado de referencia estaba en Madrid y todos los d\u00edas pasaba por la calle de Santa Teresa; all\u00ed le esper\u00f3 acompa\u00f1ada de unos guardias.<\/em><\/p>\n\n\n\n<p><em>No tard\u00f3 en aparecer el Sr. Llera y entonces fue detenido.<\/em><\/p>\n\n\n\n<p><em>El procesado ha estado en la c\u00e1rcel hasta hace pocos meses, en que se le ha concedido la libertad bajo fianza.<\/em><\/p>\n\n\n\n<p><em>En el acto del juicio al procesado confes\u00f3 que hab\u00eda sufrido ya una condena de cuatro meses do arresto mayor por estafa.<\/em><\/p>\n\n\n\n<p><em>El fiscal Sr. Torreblanoa la acus\u00f3 como autor de dos delitos de estafa, por cada uno do los cuales solicit\u00f3 que fuese condenado a dos a\u00f1os da presidio correccional.<\/em><\/p>\n\n\n\n<p><em>No apreci\u00f3 la reincidencia por estimar que \u00e9sta no estaba probada documentalmente.<\/em><\/p>\n\n\n\n<p><em>El acusador privado, Sr. D\u00edaz Valoro, modific\u00f3 sus conclusiones, alegando que, puesto que el procesado hab\u00eda confesado ser reincidente, deb\u00eda apreciarse esa circunstancia agravante y por tanto: condonarle a cuatro a\u00f1os de presidio por cada una de las dos estafas.<\/em><\/p>\n\n\n\n<p><em>El procesado sostuvo en su informe que no era autor de delito alguno, fund\u00e1ndose en que si no habla rendido cuentas a la se\u00f1ora Ecenarro era porque a\u00fan no hab\u00eda terminado la liquidaci\u00f3n de su esposo y que esperaba finalizarla para ponerlo todo en claro.<\/em><\/p>\n\n\n\n<h3 class=\"wp-block-heading\">El&nbsp;Siglo Futuro<\/h3>\n\n\n\n<h3 class=\"wp-block-heading\">Un abogado acusado de estafador<\/h3>\n\n\n\n<p><em>Ayer se vio en la Audiencia la causa contra el letrado D. Juan de Dios Llera, a quien acusan de haber estafado 117.000 pesetas.<\/em><\/p>\n\n\n\n<p><em>Los due\u00f1os de este capital, amigos en otra \u00e9poca del hoy procesado, entregaron al se\u00f1or Llera la cantidad mencionada al partir para el extranjero, confiando en que el abogado destinar\u00eda el dinero como hab\u00eda prometido, pues no ten\u00edan motivo para dudar de su honradez y formalidad.<\/em><\/p>\n\n\n\n<p><em>Desgraciadamente para el matrimonio, el depositario carg\u00f3 con el santo y la limosna, y lejos de realizar las operaciones que hab\u00eda prometido, se gast\u00f3 el dinero en viajes y diversiones, y desapareci\u00f3 de Madrid.<\/em><\/p>\n\n\n\n<p><em>Alg\u00fan tiempo despu\u00e9s regres\u00f3 a Espa\u00f1a el matrimonio, y se encontr\u00f3 con la desagradable sorpresa de que el Sr. Llera hab\u00eda desaparecido, y lo que era peor, con el capital que confiaran a su custodia.<\/em><\/p>\n\n\n\n<p><em>La casualidad, ese factor con que nunca se cuenta, pero que a veces suele resolver los asuntos de m\u00e1s dif\u00edcil arreglo, hizo que un d\u00eda encontrara la se\u00f1ora que tan c\u00e1ndidamente entreg\u00f3 su fortuna al que con tanta facilidad la dilapidara, y, cogi\u00e9ndole de un brazo, le entreg\u00f3 a los guardias que hall\u00f3 en una de las calles m\u00e1s c\u00e9ntricas de la corte.<\/em><\/p>\n\n\n\n<p><em>Ayer, como hemos dicho, compareci\u00f3 en la secci\u00f3n tercera y fue acusado por el fiscal se\u00f1or Torreblanca y por el Sr. D\u00edaz Valero, que representaba a la perjudicada, pues el esposo de \u00e9sta ha fallecido recientemente.<\/em><\/p>\n\n\n\n<p><em>La estafada sostuvo en\u00e9rgicamente que el abogado, adem\u00e1s de quedarse con 92.000 pesetas en t\u00edtulos del 4 por 100 y un tal\u00f3n contra el Banco por valor de 25.000 pesetas, hizo a su nombre un pr\u00e9stamo hipotecario y, entregando una cantidad insignificante, se aprovech\u00f3 de un solar que vendi\u00f3 luego en condiciones muy ventajosas.<\/em><\/p>\n\n\n\n<p><em>El fiscal acus\u00f3 al procesado como autor de dos delitos de estafa, y pidi\u00f3 que se le impusiera por cada uno de ellos dos a\u00f1os de presidio correccional.&#8217;<\/em><\/p>\n\n\n\n<p><em>El Sr. D\u00edaz Valero que, gracias a una h\u00e1bil pregunta, pudo demostrar que Llera es reincidente, pidi\u00f3 para \u00e9ste cuatro a\u00f1os por cada una de las estafas de que se le considera culpable.<\/em><\/p>\n\n\n\n<p><em>El procesado se defendi\u00f3 a s\u00ed mismo, manifestando que no ha devuelto el dinero porque no ha liquidado todav\u00eda las cuentas pendientes con sus antiguos amigos.<\/em><\/p>\n","protected":false},"excerpt":{"rendered":"<p>En todas las familias hay una oveja negra, un calavera, un hijo pr\u00f3digo; alguien que dilapida la hacienda familiar. Mi familia ha pasado por bastantes peripecias durante el siglo XX, como cualquier familia espa\u00f1ola de la \u00e9poca, pero si hay alguien que tiene fama de ser la oveja negra, ese es sin duda mi tatarabuelo [&hellip;]<\/p>\n","protected":false},"author":1,"featured_media":5558,"comment_status":"open","ping_status":"open","sticky":false,"template":"","format":"standard","meta":{"footnotes":""},"categories":[5],"tags":[17,30,74,93,124],"class_list":["post-53","post","type-post","status-publish","format-standard","has-post-thumbnail","hentry","category-historias-familiares","tag-bancarrota","tag-carcel","tag-juan-de-dios-llera-y-alcazar","tag-maria-de-los-dolores-gutierrez-rdriguez","tag-ruina"],"blocksy_meta":{"styles_descriptor":{"styles":{"desktop":"","tablet":"","mobile":""},"google_fonts":[],"version":6}},"yoast_head":"<!-- This site is optimized with the Yoast SEO plugin v27.5 - https:\/\/yoast.com\/product\/yoast-seo-wordpress\/ -->\n<title>El desventurado Juan de Dios - Atando Cabos<\/title>\n<meta name=\"robots\" content=\"index, follow, max-snippet:-1, max-image-preview:large, max-video-preview:-1\" \/>\n<link rel=\"canonical\" href=\"https:\/\/magarinos.eu\/atandocabos\/blog\/2016\/05\/03\/el-desventurado-tatarabuelo-juan\/\" \/>\n<meta property=\"og:locale\" content=\"es_ES\" \/>\n<meta property=\"og:type\" content=\"article\" \/>\n<meta property=\"og:title\" content=\"El desventurado Juan de Dios - Atando Cabos\" \/>\n<meta property=\"og:description\" content=\"En todas las familias hay una oveja negra, un calavera, un hijo pr\u00f3digo; alguien que dilapida la hacienda familiar. Mi familia ha pasado por bastantes peripecias durante el siglo XX, como cualquier familia espa\u00f1ola de la \u00e9poca, pero si hay alguien que tiene fama de ser la oveja negra, ese es sin duda mi tatarabuelo [&hellip;]\" \/>\n<meta property=\"og:url\" content=\"https:\/\/magarinos.eu\/atandocabos\/blog\/2016\/05\/03\/el-desventurado-tatarabuelo-juan\/\" \/>\n<meta property=\"og:site_name\" content=\"Atando Cabos\" \/>\n<meta property=\"article:published_time\" content=\"2016-05-03T17:43:28+00:00\" \/>\n<meta property=\"article:modified_time\" content=\"2022-07-16T20:32:24+00:00\" \/>\n<meta property=\"og:image\" content=\"https:\/\/magarinos.eu\/atandocabos\/wp-content\/uploads\/2016\/05\/llera_web2-1008x1024.png\" \/>\n\t<meta property=\"og:image:width\" content=\"1008\" \/>\n\t<meta property=\"og:image:height\" content=\"1024\" \/>\n\t<meta property=\"og:image:type\" content=\"image\/png\" \/>\n<meta name=\"author\" content=\"Daniel Garc\u00eda Magari\u00f1os\" \/>\n<meta name=\"twitter:card\" content=\"summary_large_image\" \/>\n<meta name=\"twitter:label1\" content=\"Escrito por\" \/>\n\t<meta name=\"twitter:data1\" content=\"Daniel Garc\u00eda Magari\u00f1os\" \/>\n\t<meta name=\"twitter:label2\" content=\"Tiempo de lectura\" \/>\n\t<meta name=\"twitter:data2\" content=\"18 minutos\" \/>\n<script type=\"application\/ld+json\" class=\"yoast-schema-graph\">{\"@context\":\"https:\\\/\\\/schema.org\",\"@graph\":[{\"@type\":\"Article\",\"@id\":\"https:\\\/\\\/magarinos.eu\\\/atandocabos\\\/blog\\\/2016\\\/05\\\/03\\\/el-desventurado-tatarabuelo-juan\\\/#article\",\"isPartOf\":{\"@id\":\"https:\\\/\\\/magarinos.eu\\\/atandocabos\\\/blog\\\/2016\\\/05\\\/03\\\/el-desventurado-tatarabuelo-juan\\\/\"},\"author\":{\"name\":\"Daniel Garc\u00eda Magari\u00f1os\",\"@id\":\"https:\\\/\\\/magarinos.eu\\\/atandocabos\\\/#\\\/schema\\\/person\\\/ce62485d4bf8f9cc864369bb52591f1e\"},\"headline\":\"El desventurado Juan de Dios\",\"datePublished\":\"2016-05-03T17:43:28+00:00\",\"dateModified\":\"2022-07-16T20:32:24+00:00\",\"mainEntityOfPage\":{\"@id\":\"https:\\\/\\\/magarinos.eu\\\/atandocabos\\\/blog\\\/2016\\\/05\\\/03\\\/el-desventurado-tatarabuelo-juan\\\/\"},\"wordCount\":4027,\"commentCount\":0,\"publisher\":{\"@id\":\"https:\\\/\\\/magarinos.eu\\\/atandocabos\\\/#organization\"},\"image\":{\"@id\":\"https:\\\/\\\/magarinos.eu\\\/atandocabos\\\/blog\\\/2016\\\/05\\\/03\\\/el-desventurado-tatarabuelo-juan\\\/#primaryimage\"},\"thumbnailUrl\":\"https:\\\/\\\/magarinos.eu\\\/atandocabos\\\/wp-content\\\/uploads\\\/2016\\\/05\\\/llera_web2.png\",\"keywords\":[\"Bancarrota\",\"C\u00e1rcel\",\"Juan de Dios Llera y Alc\u00e1zar\",\"Mar\u00eda de los Dolores Guti\u00e9rrez Rdr\u00edguez\",\"Ruina\"],\"articleSection\":[\"Historias familiares\"],\"inLanguage\":\"es\",\"potentialAction\":[{\"@type\":\"CommentAction\",\"name\":\"Comment\",\"target\":[\"https:\\\/\\\/magarinos.eu\\\/atandocabos\\\/blog\\\/2016\\\/05\\\/03\\\/el-desventurado-tatarabuelo-juan\\\/#respond\"]}]},{\"@type\":\"WebPage\",\"@id\":\"https:\\\/\\\/magarinos.eu\\\/atandocabos\\\/blog\\\/2016\\\/05\\\/03\\\/el-desventurado-tatarabuelo-juan\\\/\",\"url\":\"https:\\\/\\\/magarinos.eu\\\/atandocabos\\\/blog\\\/2016\\\/05\\\/03\\\/el-desventurado-tatarabuelo-juan\\\/\",\"name\":\"El desventurado Juan de Dios - Atando Cabos\",\"isPartOf\":{\"@id\":\"https:\\\/\\\/magarinos.eu\\\/atandocabos\\\/#website\"},\"primaryImageOfPage\":{\"@id\":\"https:\\\/\\\/magarinos.eu\\\/atandocabos\\\/blog\\\/2016\\\/05\\\/03\\\/el-desventurado-tatarabuelo-juan\\\/#primaryimage\"},\"image\":{\"@id\":\"https:\\\/\\\/magarinos.eu\\\/atandocabos\\\/blog\\\/2016\\\/05\\\/03\\\/el-desventurado-tatarabuelo-juan\\\/#primaryimage\"},\"thumbnailUrl\":\"https:\\\/\\\/magarinos.eu\\\/atandocabos\\\/wp-content\\\/uploads\\\/2016\\\/05\\\/llera_web2.png\",\"datePublished\":\"2016-05-03T17:43:28+00:00\",\"dateModified\":\"2022-07-16T20:32:24+00:00\",\"breadcrumb\":{\"@id\":\"https:\\\/\\\/magarinos.eu\\\/atandocabos\\\/blog\\\/2016\\\/05\\\/03\\\/el-desventurado-tatarabuelo-juan\\\/#breadcrumb\"},\"inLanguage\":\"es\",\"potentialAction\":[{\"@type\":\"ReadAction\",\"target\":[\"https:\\\/\\\/magarinos.eu\\\/atandocabos\\\/blog\\\/2016\\\/05\\\/03\\\/el-desventurado-tatarabuelo-juan\\\/\"]}]},{\"@type\":\"ImageObject\",\"inLanguage\":\"es\",\"@id\":\"https:\\\/\\\/magarinos.eu\\\/atandocabos\\\/blog\\\/2016\\\/05\\\/03\\\/el-desventurado-tatarabuelo-juan\\\/#primaryimage\",\"url\":\"https:\\\/\\\/magarinos.eu\\\/atandocabos\\\/wp-content\\\/uploads\\\/2016\\\/05\\\/llera_web2.png\",\"contentUrl\":\"https:\\\/\\\/magarinos.eu\\\/atandocabos\\\/wp-content\\\/uploads\\\/2016\\\/05\\\/llera_web2.png\",\"width\":1497,\"height\":1521},{\"@type\":\"BreadcrumbList\",\"@id\":\"https:\\\/\\\/magarinos.eu\\\/atandocabos\\\/blog\\\/2016\\\/05\\\/03\\\/el-desventurado-tatarabuelo-juan\\\/#breadcrumb\",\"itemListElement\":[{\"@type\":\"ListItem\",\"position\":1,\"name\":\"Portada\",\"item\":\"https:\\\/\\\/magarinos.eu\\\/atandocabos\\\/\"},{\"@type\":\"ListItem\",\"position\":2,\"name\":\"El desventurado Juan de Dios\"}]},{\"@type\":\"WebSite\",\"@id\":\"https:\\\/\\\/magarinos.eu\\\/atandocabos\\\/#website\",\"url\":\"https:\\\/\\\/magarinos.eu\\\/atandocabos\\\/\",\"name\":\"Atando Cabos\",\"description\":\"Una p\u00e1gina web de la familia Magari\u00f1os Ram\u00f3n\",\"publisher\":{\"@id\":\"https:\\\/\\\/magarinos.eu\\\/atandocabos\\\/#organization\"},\"potentialAction\":[{\"@type\":\"SearchAction\",\"target\":{\"@type\":\"EntryPoint\",\"urlTemplate\":\"https:\\\/\\\/magarinos.eu\\\/atandocabos\\\/?s={search_term_string}\"},\"query-input\":{\"@type\":\"PropertyValueSpecification\",\"valueRequired\":true,\"valueName\":\"search_term_string\"}}],\"inLanguage\":\"es\"},{\"@type\":\"Organization\",\"@id\":\"https:\\\/\\\/magarinos.eu\\\/atandocabos\\\/#organization\",\"name\":\"Atando Cabos\",\"url\":\"https:\\\/\\\/magarinos.eu\\\/atandocabos\\\/\",\"logo\":{\"@type\":\"ImageObject\",\"inLanguage\":\"es\",\"@id\":\"https:\\\/\\\/magarinos.eu\\\/atandocabos\\\/#\\\/schema\\\/logo\\\/image\\\/\",\"url\":\"https:\\\/\\\/magarinos.eu\\\/atandocabos\\\/wp-content\\\/uploads\\\/2022\\\/06\\\/cropped-cropped-Caballero_Anciano.jpg\",\"contentUrl\":\"https:\\\/\\\/magarinos.eu\\\/atandocabos\\\/wp-content\\\/uploads\\\/2022\\\/06\\\/cropped-cropped-Caballero_Anciano.jpg\",\"width\":512,\"height\":512,\"caption\":\"Atando Cabos\"},\"image\":{\"@id\":\"https:\\\/\\\/magarinos.eu\\\/atandocabos\\\/#\\\/schema\\\/logo\\\/image\\\/\"}},{\"@type\":\"Person\",\"@id\":\"https:\\\/\\\/magarinos.eu\\\/atandocabos\\\/#\\\/schema\\\/person\\\/ce62485d4bf8f9cc864369bb52591f1e\",\"name\":\"Daniel Garc\u00eda Magari\u00f1os\",\"image\":{\"@type\":\"ImageObject\",\"inLanguage\":\"es\",\"@id\":\"https:\\\/\\\/secure.gravatar.com\\\/avatar\\\/a7c7a82edf145a1bb8c32117ac59cb3be1c2c760796caff2df495a17896be288?s=96&d=mm&r=g\",\"url\":\"https:\\\/\\\/secure.gravatar.com\\\/avatar\\\/a7c7a82edf145a1bb8c32117ac59cb3be1c2c760796caff2df495a17896be288?s=96&d=mm&r=g\",\"contentUrl\":\"https:\\\/\\\/secure.gravatar.com\\\/avatar\\\/a7c7a82edf145a1bb8c32117ac59cb3be1c2c760796caff2df495a17896be288?s=96&d=mm&r=g\",\"caption\":\"Daniel Garc\u00eda Magari\u00f1os\"},\"url\":\"https:\\\/\\\/magarinos.eu\\\/atandocabos\\\/blog\\\/author\\\/dgarcia\\\/\"}]}<\/script>\n<!-- \/ Yoast SEO plugin. -->","yoast_head_json":{"title":"El desventurado Juan de Dios - Atando Cabos","robots":{"index":"index","follow":"follow","max-snippet":"max-snippet:-1","max-image-preview":"max-image-preview:large","max-video-preview":"max-video-preview:-1"},"canonical":"https:\/\/magarinos.eu\/atandocabos\/blog\/2016\/05\/03\/el-desventurado-tatarabuelo-juan\/","og_locale":"es_ES","og_type":"article","og_title":"El desventurado Juan de Dios - Atando Cabos","og_description":"En todas las familias hay una oveja negra, un calavera, un hijo pr\u00f3digo; alguien que dilapida la hacienda familiar. Mi familia ha pasado por bastantes peripecias durante el siglo XX, como cualquier familia espa\u00f1ola de la \u00e9poca, pero si hay alguien que tiene fama de ser la oveja negra, ese es sin duda mi tatarabuelo [&hellip;]","og_url":"https:\/\/magarinos.eu\/atandocabos\/blog\/2016\/05\/03\/el-desventurado-tatarabuelo-juan\/","og_site_name":"Atando Cabos","article_published_time":"2016-05-03T17:43:28+00:00","article_modified_time":"2022-07-16T20:32:24+00:00","og_image":[{"width":1008,"height":1024,"url":"https:\/\/magarinos.eu\/atandocabos\/wp-content\/uploads\/2016\/05\/llera_web2-1008x1024.png","type":"image\/png"}],"author":"Daniel Garc\u00eda Magari\u00f1os","twitter_card":"summary_large_image","twitter_misc":{"Escrito por":"Daniel Garc\u00eda Magari\u00f1os","Tiempo de lectura":"18 minutos"},"schema":{"@context":"https:\/\/schema.org","@graph":[{"@type":"Article","@id":"https:\/\/magarinos.eu\/atandocabos\/blog\/2016\/05\/03\/el-desventurado-tatarabuelo-juan\/#article","isPartOf":{"@id":"https:\/\/magarinos.eu\/atandocabos\/blog\/2016\/05\/03\/el-desventurado-tatarabuelo-juan\/"},"author":{"name":"Daniel Garc\u00eda Magari\u00f1os","@id":"https:\/\/magarinos.eu\/atandocabos\/#\/schema\/person\/ce62485d4bf8f9cc864369bb52591f1e"},"headline":"El desventurado Juan de Dios","datePublished":"2016-05-03T17:43:28+00:00","dateModified":"2022-07-16T20:32:24+00:00","mainEntityOfPage":{"@id":"https:\/\/magarinos.eu\/atandocabos\/blog\/2016\/05\/03\/el-desventurado-tatarabuelo-juan\/"},"wordCount":4027,"commentCount":0,"publisher":{"@id":"https:\/\/magarinos.eu\/atandocabos\/#organization"},"image":{"@id":"https:\/\/magarinos.eu\/atandocabos\/blog\/2016\/05\/03\/el-desventurado-tatarabuelo-juan\/#primaryimage"},"thumbnailUrl":"https:\/\/magarinos.eu\/atandocabos\/wp-content\/uploads\/2016\/05\/llera_web2.png","keywords":["Bancarrota","C\u00e1rcel","Juan de Dios Llera y Alc\u00e1zar","Mar\u00eda de los Dolores Guti\u00e9rrez Rdr\u00edguez","Ruina"],"articleSection":["Historias familiares"],"inLanguage":"es","potentialAction":[{"@type":"CommentAction","name":"Comment","target":["https:\/\/magarinos.eu\/atandocabos\/blog\/2016\/05\/03\/el-desventurado-tatarabuelo-juan\/#respond"]}]},{"@type":"WebPage","@id":"https:\/\/magarinos.eu\/atandocabos\/blog\/2016\/05\/03\/el-desventurado-tatarabuelo-juan\/","url":"https:\/\/magarinos.eu\/atandocabos\/blog\/2016\/05\/03\/el-desventurado-tatarabuelo-juan\/","name":"El desventurado Juan de Dios - Atando Cabos","isPartOf":{"@id":"https:\/\/magarinos.eu\/atandocabos\/#website"},"primaryImageOfPage":{"@id":"https:\/\/magarinos.eu\/atandocabos\/blog\/2016\/05\/03\/el-desventurado-tatarabuelo-juan\/#primaryimage"},"image":{"@id":"https:\/\/magarinos.eu\/atandocabos\/blog\/2016\/05\/03\/el-desventurado-tatarabuelo-juan\/#primaryimage"},"thumbnailUrl":"https:\/\/magarinos.eu\/atandocabos\/wp-content\/uploads\/2016\/05\/llera_web2.png","datePublished":"2016-05-03T17:43:28+00:00","dateModified":"2022-07-16T20:32:24+00:00","breadcrumb":{"@id":"https:\/\/magarinos.eu\/atandocabos\/blog\/2016\/05\/03\/el-desventurado-tatarabuelo-juan\/#breadcrumb"},"inLanguage":"es","potentialAction":[{"@type":"ReadAction","target":["https:\/\/magarinos.eu\/atandocabos\/blog\/2016\/05\/03\/el-desventurado-tatarabuelo-juan\/"]}]},{"@type":"ImageObject","inLanguage":"es","@id":"https:\/\/magarinos.eu\/atandocabos\/blog\/2016\/05\/03\/el-desventurado-tatarabuelo-juan\/#primaryimage","url":"https:\/\/magarinos.eu\/atandocabos\/wp-content\/uploads\/2016\/05\/llera_web2.png","contentUrl":"https:\/\/magarinos.eu\/atandocabos\/wp-content\/uploads\/2016\/05\/llera_web2.png","width":1497,"height":1521},{"@type":"BreadcrumbList","@id":"https:\/\/magarinos.eu\/atandocabos\/blog\/2016\/05\/03\/el-desventurado-tatarabuelo-juan\/#breadcrumb","itemListElement":[{"@type":"ListItem","position":1,"name":"Portada","item":"https:\/\/magarinos.eu\/atandocabos\/"},{"@type":"ListItem","position":2,"name":"El desventurado Juan de Dios"}]},{"@type":"WebSite","@id":"https:\/\/magarinos.eu\/atandocabos\/#website","url":"https:\/\/magarinos.eu\/atandocabos\/","name":"Atando Cabos","description":"Una p\u00e1gina web de la familia Magari\u00f1os Ram\u00f3n","publisher":{"@id":"https:\/\/magarinos.eu\/atandocabos\/#organization"},"potentialAction":[{"@type":"SearchAction","target":{"@type":"EntryPoint","urlTemplate":"https:\/\/magarinos.eu\/atandocabos\/?s={search_term_string}"},"query-input":{"@type":"PropertyValueSpecification","valueRequired":true,"valueName":"search_term_string"}}],"inLanguage":"es"},{"@type":"Organization","@id":"https:\/\/magarinos.eu\/atandocabos\/#organization","name":"Atando Cabos","url":"https:\/\/magarinos.eu\/atandocabos\/","logo":{"@type":"ImageObject","inLanguage":"es","@id":"https:\/\/magarinos.eu\/atandocabos\/#\/schema\/logo\/image\/","url":"https:\/\/magarinos.eu\/atandocabos\/wp-content\/uploads\/2022\/06\/cropped-cropped-Caballero_Anciano.jpg","contentUrl":"https:\/\/magarinos.eu\/atandocabos\/wp-content\/uploads\/2022\/06\/cropped-cropped-Caballero_Anciano.jpg","width":512,"height":512,"caption":"Atando Cabos"},"image":{"@id":"https:\/\/magarinos.eu\/atandocabos\/#\/schema\/logo\/image\/"}},{"@type":"Person","@id":"https:\/\/magarinos.eu\/atandocabos\/#\/schema\/person\/ce62485d4bf8f9cc864369bb52591f1e","name":"Daniel Garc\u00eda Magari\u00f1os","image":{"@type":"ImageObject","inLanguage":"es","@id":"https:\/\/secure.gravatar.com\/avatar\/a7c7a82edf145a1bb8c32117ac59cb3be1c2c760796caff2df495a17896be288?s=96&d=mm&r=g","url":"https:\/\/secure.gravatar.com\/avatar\/a7c7a82edf145a1bb8c32117ac59cb3be1c2c760796caff2df495a17896be288?s=96&d=mm&r=g","contentUrl":"https:\/\/secure.gravatar.com\/avatar\/a7c7a82edf145a1bb8c32117ac59cb3be1c2c760796caff2df495a17896be288?s=96&d=mm&r=g","caption":"Daniel Garc\u00eda Magari\u00f1os"},"url":"https:\/\/magarinos.eu\/atandocabos\/blog\/author\/dgarcia\/"}]}},"_links":{"self":[{"href":"https:\/\/magarinos.eu\/atandocabos\/wp-json\/wp\/v2\/posts\/53","targetHints":{"allow":["GET"]}}],"collection":[{"href":"https:\/\/magarinos.eu\/atandocabos\/wp-json\/wp\/v2\/posts"}],"about":[{"href":"https:\/\/magarinos.eu\/atandocabos\/wp-json\/wp\/v2\/types\/post"}],"author":[{"embeddable":true,"href":"https:\/\/magarinos.eu\/atandocabos\/wp-json\/wp\/v2\/users\/1"}],"replies":[{"embeddable":true,"href":"https:\/\/magarinos.eu\/atandocabos\/wp-json\/wp\/v2\/comments?post=53"}],"version-history":[{"count":0,"href":"https:\/\/magarinos.eu\/atandocabos\/wp-json\/wp\/v2\/posts\/53\/revisions"}],"wp:featuredmedia":[{"embeddable":true,"href":"https:\/\/magarinos.eu\/atandocabos\/wp-json\/wp\/v2\/media\/5558"}],"wp:attachment":[{"href":"https:\/\/magarinos.eu\/atandocabos\/wp-json\/wp\/v2\/media?parent=53"}],"wp:term":[{"taxonomy":"category","embeddable":true,"href":"https:\/\/magarinos.eu\/atandocabos\/wp-json\/wp\/v2\/categories?post=53"},{"taxonomy":"post_tag","embeddable":true,"href":"https:\/\/magarinos.eu\/atandocabos\/wp-json\/wp\/v2\/tags?post=53"}],"curies":[{"name":"wp","href":"https:\/\/api.w.org\/{rel}","templated":true}]}}