{"id":468,"date":"2016-05-06T16:23:14","date_gmt":"2016-05-06T16:23:14","guid":{"rendered":"https:\/\/atandocabosweb.wordpress.com\/?p=468"},"modified":"2022-07-19T00:54:26","modified_gmt":"2022-07-18T22:54:26","slug":"el-de-don-sancho-y-dona-marina","status":"publish","type":"post","link":"https:\/\/magarinos.eu\/atandocabos\/blog\/2016\/05\/06\/el-de-don-sancho-y-dona-marina\/","title":{"rendered":"El legado don Sancho y do\u00f1a Marina"},"content":{"rendered":"\n<p>Esta entrada del blog nos retrotrae al <strong>26 de Noviembre de 1413<\/strong>, \u00a0cuando <strong>Sancho L\u00f3pez<\/strong> y <strong>Marina Alfonso<\/strong>, naturales de\u00a0Cobe\u00f1a, decidieron fundar en esa villa\u00a0un hospital\u00a0para pobres enfermos. Sancho resulta ser un pariente muy lejano de mi tatarabuela <strong>Dolores Guti\u00e9rrez<\/strong>, la esposa del <a href=\"https:\/\/magarinos.eu\/atandocabos\/el-desventurado-tatarabuelo-juan\/\" target=\"_blank\" rel=\"noreferrer noopener\">se\u00f1or Llera<\/a><strong>.<\/strong><\/p>\n\n\n\n<p>Sancho L\u00f3pez y Marina Alfonso dejaron en su testamento al hermano de Sancho, <strong>Ad\u00e1n Lopez<\/strong>, y a sus descendientes el encargo mantener abierto el hospital llamado entonces&nbsp;<strong>Hospital del Patronazgo de los Gallegos<\/strong>.&nbsp;Dejaron al patronato 900 fanegas de trigo y de olivares.<\/p>\n\n\n\n<p>La misi\u00f3n del hospital era atender a los pobres que acudieran, cuidarlos si estaban enfermos (enterrarlos y encargarles dos misas si mor\u00edan) y proveer de dote a las mujeres pobres para que se casaran.<\/p>\n\n\n\n<p>El patr\u00f3n o administrador de la fundaci\u00f3n (el hospitalero) recibir\u00eda trigo, centeno, vino y \u00abun cochino gordo\u00bb como salario y su puesto ser\u00eda heredado por los descendientes de&nbsp;<strong>Ad\u00e1n L\u00f3pez<\/strong>, hermano del fundador&nbsp;<strong>Sancho L\u00f3pez<\/strong>.<\/p>\n\n\n\n<p>En el siglo XX el Patronato se renov\u00f3 y ahora se denomina&nbsp;<strong><a href=\"http:\/\/www.fundhos.org\/\">Fundaci\u00f3n Sancho y Marina<\/a>, <\/strong>que se dedica a actividades ben\u00e9fico-sociales, tal y como se detalla en la p\u00e1gina con sus <a href=\"http:\/\/www.fundhos.org\/proyectos.aspx\" target=\"_blank\" rel=\"noopener noreferrer\">proyectos<\/a>.<\/p>\n\n\n\n<p>En el Archivo Hist\u00f3rico Nacional se conserva una copia del testamento de Sancho L\u00f3pez y Marina Alfonso, documento que se puede consultar <a href=\"http:\/\/pares.mcu.es\/ParesBusquedas20\/catalogo\/description\/5286050\" target=\"_blank\" rel=\"noopener\">en l\u00ednea<\/a>.<\/p>\n\n\n\n<p>A continuaci\u00f3n incluimos una transcripci\u00f3n del mismo. Es el documento m\u00e1s antiguo de nuestra familia.<\/p>\n\n\n\n<div data-wp-interactive=\"core\/file\" class=\"wp-block-file\"><object data-wp-bind--hidden=\"!state.hasPdfPreview\" hidden class=\"wp-block-file__embed\" data=\"https:\/\/magarinos.eu\/atandocabos\/wp-content\/uploads\/2017\/11\/1413-11-26-testamento-sancho-y-marina.pdf\" type=\"application\/pdf\" style=\"width:100%;height:600px\" aria-label=\"Incrustado de Embed of 1413-11-26 - Testamento Sancho y Marina..\"><\/object><a id=\"wp-block-file--media-27177d21-0c46-4d21-961d-453f44c32176\" href=\"https:\/\/magarinos.eu\/atandocabos\/wp-content\/uploads\/2017\/11\/1413-11-26-testamento-sancho-y-marina.pdf\">1413-11-26 &#8211; Testamento Sancho y Marina<\/a><a href=\"https:\/\/magarinos.eu\/atandocabos\/wp-content\/uploads\/2017\/11\/1413-11-26-testamento-sancho-y-marina.pdf\" class=\"wp-block-file__button\" download aria-describedby=\"wp-block-file--media-27177d21-0c46-4d21-961d-453f44c32176\">Descargar<\/a><\/div>\n","protected":false},"excerpt":{"rendered":"<p>Esta entrada del blog nos retrotrae al 26 de Noviembre de 1413, \u00a0cuando Sancho L\u00f3pez y Marina Alfonso, naturales de\u00a0Cobe\u00f1a, decidieron fundar en esa villa\u00a0un hospital\u00a0para pobres enfermos. Sancho resulta ser un pariente muy lejano de mi tatarabuela Dolores Guti\u00e9rrez, la esposa del se\u00f1or Llera. Sancho L\u00f3pez y Marina Alfonso dejaron en su testamento al [&hellip;]<\/p>\n","protected":false},"author":1,"featured_media":5551,"comment_status":"open","ping_status":"open","sticky":false,"template":"","format":"standard","meta":{"footnotes":""},"categories":[6],"tags":[36,65,66,91,97,98,108,129],"class_list":["post-468","post","type-post","status-publish","format-standard","has-post-thumbnail","hentry","category-legado","tag-cobena","tag-hospital-de-cobena","tag-hospital-de-los-gallegos","tag-manuel-gutierrez","tag-marina-alfonso","tag-matias-gutierrez","tag-nicanor-gutierrez","tag-sancho-lopez"],"blocksy_meta":{"styles_descriptor":{"styles":{"desktop":"","tablet":"","mobile":""},"google_fonts":[],"version":6}},"yoast_head":"<!-- This site is optimized with the Yoast SEO plugin v27.5 - https:\/\/yoast.com\/product\/yoast-seo-wordpress\/ -->\n<title>El legado don Sancho y do\u00f1a Marina - Atando Cabos<\/title>\n<meta name=\"robots\" content=\"index, follow, max-snippet:-1, max-image-preview:large, max-video-preview:-1\" \/>\n<link rel=\"canonical\" href=\"https:\/\/magarinos.eu\/atandocabos\/blog\/2016\/05\/06\/el-de-don-sancho-y-dona-marina\/\" \/>\n<meta property=\"og:locale\" content=\"es_ES\" \/>\n<meta property=\"og:type\" content=\"article\" \/>\n<meta property=\"og:title\" content=\"El legado don Sancho y do\u00f1a Marina - Atando Cabos\" \/>\n<meta property=\"og:description\" content=\"Esta entrada del blog nos retrotrae al 26 de Noviembre de 1413, \u00a0cuando Sancho L\u00f3pez y Marina Alfonso, naturales de\u00a0Cobe\u00f1a, decidieron fundar en esa villa\u00a0un hospital\u00a0para pobres enfermos. Sancho resulta ser un pariente muy lejano de mi tatarabuela Dolores Guti\u00e9rrez, la esposa del se\u00f1or Llera. Sancho L\u00f3pez y Marina Alfonso dejaron en su testamento al [&hellip;]\" \/>\n<meta property=\"og:url\" content=\"https:\/\/magarinos.eu\/atandocabos\/blog\/2016\/05\/06\/el-de-don-sancho-y-dona-marina\/\" \/>\n<meta property=\"og:site_name\" content=\"Atando Cabos\" \/>\n<meta property=\"article:published_time\" content=\"2016-05-06T16:23:14+00:00\" \/>\n<meta property=\"article:modified_time\" content=\"2022-07-18T22:54:26+00:00\" \/>\n<meta property=\"og:image\" content=\"https:\/\/magarinos.eu\/atandocabos\/wp-content\/uploads\/2016\/05\/hospital-cobec3b1a.png\" \/>\n\t<meta property=\"og:image:width\" content=\"717\" \/>\n\t<meta property=\"og:image:height\" content=\"391\" \/>\n\t<meta property=\"og:image:type\" content=\"image\/png\" \/>\n<meta name=\"author\" content=\"Daniel Garc\u00eda Magari\u00f1os\" \/>\n<meta name=\"twitter:card\" content=\"summary_large_image\" \/>\n<meta name=\"twitter:label1\" content=\"Escrito por\" \/>\n\t<meta name=\"twitter:data1\" content=\"Daniel Garc\u00eda Magari\u00f1os\" \/>\n\t<meta name=\"twitter:label2\" content=\"Tiempo de lectura\" \/>\n\t<meta name=\"twitter:data2\" content=\"2 minutos\" \/>\n<script type=\"application\/ld+json\" class=\"yoast-schema-graph\">{\"@context\":\"https:\\\/\\\/schema.org\",\"@graph\":[{\"@type\":\"Article\",\"@id\":\"https:\\\/\\\/magarinos.eu\\\/atandocabos\\\/blog\\\/2016\\\/05\\\/06\\\/el-de-don-sancho-y-dona-marina\\\/#article\",\"isPartOf\":{\"@id\":\"https:\\\/\\\/magarinos.eu\\\/atandocabos\\\/blog\\\/2016\\\/05\\\/06\\\/el-de-don-sancho-y-dona-marina\\\/\"},\"author\":{\"name\":\"Daniel Garc\u00eda Magari\u00f1os\",\"@id\":\"https:\\\/\\\/magarinos.eu\\\/atandocabos\\\/#\\\/schema\\\/person\\\/ce62485d4bf8f9cc864369bb52591f1e\"},\"headline\":\"El legado don Sancho y do\u00f1a Marina\",\"datePublished\":\"2016-05-06T16:23:14+00:00\",\"dateModified\":\"2022-07-18T22:54:26+00:00\",\"mainEntityOfPage\":{\"@id\":\"https:\\\/\\\/magarinos.eu\\\/atandocabos\\\/blog\\\/2016\\\/05\\\/06\\\/el-de-don-sancho-y-dona-marina\\\/\"},\"wordCount\":274,\"commentCount\":0,\"publisher\":{\"@id\":\"https:\\\/\\\/magarinos.eu\\\/atandocabos\\\/#organization\"},\"image\":{\"@id\":\"https:\\\/\\\/magarinos.eu\\\/atandocabos\\\/blog\\\/2016\\\/05\\\/06\\\/el-de-don-sancho-y-dona-marina\\\/#primaryimage\"},\"thumbnailUrl\":\"https:\\\/\\\/magarinos.eu\\\/atandocabos\\\/wp-content\\\/uploads\\\/2016\\\/05\\\/hospital-cobec3b1a.png\",\"keywords\":[\"Cobe\u00f1a\",\"Hospital de Cobe\u00f1a\",\"Hospital de los Gallegos\",\"Manuel Guti\u00e9rrez\",\"Marina Alfonso\",\"Mat\u00edas Guti\u00e9rrez\",\"Nicanor Guti\u00e9rrez\",\"Sancho L\u00f3pez\"],\"articleSection\":[\"Legado\"],\"inLanguage\":\"es\",\"potentialAction\":[{\"@type\":\"CommentAction\",\"name\":\"Comment\",\"target\":[\"https:\\\/\\\/magarinos.eu\\\/atandocabos\\\/blog\\\/2016\\\/05\\\/06\\\/el-de-don-sancho-y-dona-marina\\\/#respond\"]}]},{\"@type\":\"WebPage\",\"@id\":\"https:\\\/\\\/magarinos.eu\\\/atandocabos\\\/blog\\\/2016\\\/05\\\/06\\\/el-de-don-sancho-y-dona-marina\\\/\",\"url\":\"https:\\\/\\\/magarinos.eu\\\/atandocabos\\\/blog\\\/2016\\\/05\\\/06\\\/el-de-don-sancho-y-dona-marina\\\/\",\"name\":\"El legado don Sancho y do\u00f1a Marina - Atando Cabos\",\"isPartOf\":{\"@id\":\"https:\\\/\\\/magarinos.eu\\\/atandocabos\\\/#website\"},\"primaryImageOfPage\":{\"@id\":\"https:\\\/\\\/magarinos.eu\\\/atandocabos\\\/blog\\\/2016\\\/05\\\/06\\\/el-de-don-sancho-y-dona-marina\\\/#primaryimage\"},\"image\":{\"@id\":\"https:\\\/\\\/magarinos.eu\\\/atandocabos\\\/blog\\\/2016\\\/05\\\/06\\\/el-de-don-sancho-y-dona-marina\\\/#primaryimage\"},\"thumbnailUrl\":\"https:\\\/\\\/magarinos.eu\\\/atandocabos\\\/wp-content\\\/uploads\\\/2016\\\/05\\\/hospital-cobec3b1a.png\",\"datePublished\":\"2016-05-06T16:23:14+00:00\",\"dateModified\":\"2022-07-18T22:54:26+00:00\",\"breadcrumb\":{\"@id\":\"https:\\\/\\\/magarinos.eu\\\/atandocabos\\\/blog\\\/2016\\\/05\\\/06\\\/el-de-don-sancho-y-dona-marina\\\/#breadcrumb\"},\"inLanguage\":\"es\",\"potentialAction\":[{\"@type\":\"ReadAction\",\"target\":[\"https:\\\/\\\/magarinos.eu\\\/atandocabos\\\/blog\\\/2016\\\/05\\\/06\\\/el-de-don-sancho-y-dona-marina\\\/\"]}]},{\"@type\":\"ImageObject\",\"inLanguage\":\"es\",\"@id\":\"https:\\\/\\\/magarinos.eu\\\/atandocabos\\\/blog\\\/2016\\\/05\\\/06\\\/el-de-don-sancho-y-dona-marina\\\/#primaryimage\",\"url\":\"https:\\\/\\\/magarinos.eu\\\/atandocabos\\\/wp-content\\\/uploads\\\/2016\\\/05\\\/hospital-cobec3b1a.png\",\"contentUrl\":\"https:\\\/\\\/magarinos.eu\\\/atandocabos\\\/wp-content\\\/uploads\\\/2016\\\/05\\\/hospital-cobec3b1a.png\",\"width\":717,\"height\":391},{\"@type\":\"BreadcrumbList\",\"@id\":\"https:\\\/\\\/magarinos.eu\\\/atandocabos\\\/blog\\\/2016\\\/05\\\/06\\\/el-de-don-sancho-y-dona-marina\\\/#breadcrumb\",\"itemListElement\":[{\"@type\":\"ListItem\",\"position\":1,\"name\":\"Portada\",\"item\":\"https:\\\/\\\/magarinos.eu\\\/atandocabos\\\/\"},{\"@type\":\"ListItem\",\"position\":2,\"name\":\"El legado don Sancho y do\u00f1a Marina\"}]},{\"@type\":\"WebSite\",\"@id\":\"https:\\\/\\\/magarinos.eu\\\/atandocabos\\\/#website\",\"url\":\"https:\\\/\\\/magarinos.eu\\\/atandocabos\\\/\",\"name\":\"Atando Cabos\",\"description\":\"Una p\u00e1gina web de la familia Magari\u00f1os Ram\u00f3n\",\"publisher\":{\"@id\":\"https:\\\/\\\/magarinos.eu\\\/atandocabos\\\/#organization\"},\"potentialAction\":[{\"@type\":\"SearchAction\",\"target\":{\"@type\":\"EntryPoint\",\"urlTemplate\":\"https:\\\/\\\/magarinos.eu\\\/atandocabos\\\/?s={search_term_string}\"},\"query-input\":{\"@type\":\"PropertyValueSpecification\",\"valueRequired\":true,\"valueName\":\"search_term_string\"}}],\"inLanguage\":\"es\"},{\"@type\":\"Organization\",\"@id\":\"https:\\\/\\\/magarinos.eu\\\/atandocabos\\\/#organization\",\"name\":\"Atando Cabos\",\"url\":\"https:\\\/\\\/magarinos.eu\\\/atandocabos\\\/\",\"logo\":{\"@type\":\"ImageObject\",\"inLanguage\":\"es\",\"@id\":\"https:\\\/\\\/magarinos.eu\\\/atandocabos\\\/#\\\/schema\\\/logo\\\/image\\\/\",\"url\":\"https:\\\/\\\/magarinos.eu\\\/atandocabos\\\/wp-content\\\/uploads\\\/2022\\\/06\\\/cropped-cropped-Caballero_Anciano.jpg\",\"contentUrl\":\"https:\\\/\\\/magarinos.eu\\\/atandocabos\\\/wp-content\\\/uploads\\\/2022\\\/06\\\/cropped-cropped-Caballero_Anciano.jpg\",\"width\":512,\"height\":512,\"caption\":\"Atando Cabos\"},\"image\":{\"@id\":\"https:\\\/\\\/magarinos.eu\\\/atandocabos\\\/#\\\/schema\\\/logo\\\/image\\\/\"}},{\"@type\":\"Person\",\"@id\":\"https:\\\/\\\/magarinos.eu\\\/atandocabos\\\/#\\\/schema\\\/person\\\/ce62485d4bf8f9cc864369bb52591f1e\",\"name\":\"Daniel Garc\u00eda Magari\u00f1os\",\"image\":{\"@type\":\"ImageObject\",\"inLanguage\":\"es\",\"@id\":\"https:\\\/\\\/secure.gravatar.com\\\/avatar\\\/a7c7a82edf145a1bb8c32117ac59cb3be1c2c760796caff2df495a17896be288?s=96&d=mm&r=g\",\"url\":\"https:\\\/\\\/secure.gravatar.com\\\/avatar\\\/a7c7a82edf145a1bb8c32117ac59cb3be1c2c760796caff2df495a17896be288?s=96&d=mm&r=g\",\"contentUrl\":\"https:\\\/\\\/secure.gravatar.com\\\/avatar\\\/a7c7a82edf145a1bb8c32117ac59cb3be1c2c760796caff2df495a17896be288?s=96&d=mm&r=g\",\"caption\":\"Daniel Garc\u00eda Magari\u00f1os\"},\"url\":\"https:\\\/\\\/magarinos.eu\\\/atandocabos\\\/blog\\\/author\\\/dgarcia\\\/\"}]}<\/script>\n<!-- \/ Yoast SEO plugin. -->","yoast_head_json":{"title":"El legado don Sancho y do\u00f1a Marina - Atando Cabos","robots":{"index":"index","follow":"follow","max-snippet":"max-snippet:-1","max-image-preview":"max-image-preview:large","max-video-preview":"max-video-preview:-1"},"canonical":"https:\/\/magarinos.eu\/atandocabos\/blog\/2016\/05\/06\/el-de-don-sancho-y-dona-marina\/","og_locale":"es_ES","og_type":"article","og_title":"El legado don Sancho y do\u00f1a Marina - Atando Cabos","og_description":"Esta entrada del blog nos retrotrae al 26 de Noviembre de 1413, \u00a0cuando Sancho L\u00f3pez y Marina Alfonso, naturales de\u00a0Cobe\u00f1a, decidieron fundar en esa villa\u00a0un hospital\u00a0para pobres enfermos. Sancho resulta ser un pariente muy lejano de mi tatarabuela Dolores Guti\u00e9rrez, la esposa del se\u00f1or Llera. Sancho L\u00f3pez y Marina Alfonso dejaron en su testamento al [&hellip;]","og_url":"https:\/\/magarinos.eu\/atandocabos\/blog\/2016\/05\/06\/el-de-don-sancho-y-dona-marina\/","og_site_name":"Atando Cabos","article_published_time":"2016-05-06T16:23:14+00:00","article_modified_time":"2022-07-18T22:54:26+00:00","og_image":[{"width":717,"height":391,"url":"https:\/\/magarinos.eu\/atandocabos\/wp-content\/uploads\/2016\/05\/hospital-cobec3b1a.png","type":"image\/png"}],"author":"Daniel Garc\u00eda Magari\u00f1os","twitter_card":"summary_large_image","twitter_misc":{"Escrito por":"Daniel Garc\u00eda Magari\u00f1os","Tiempo de lectura":"2 minutos"},"schema":{"@context":"https:\/\/schema.org","@graph":[{"@type":"Article","@id":"https:\/\/magarinos.eu\/atandocabos\/blog\/2016\/05\/06\/el-de-don-sancho-y-dona-marina\/#article","isPartOf":{"@id":"https:\/\/magarinos.eu\/atandocabos\/blog\/2016\/05\/06\/el-de-don-sancho-y-dona-marina\/"},"author":{"name":"Daniel Garc\u00eda Magari\u00f1os","@id":"https:\/\/magarinos.eu\/atandocabos\/#\/schema\/person\/ce62485d4bf8f9cc864369bb52591f1e"},"headline":"El legado don Sancho y do\u00f1a Marina","datePublished":"2016-05-06T16:23:14+00:00","dateModified":"2022-07-18T22:54:26+00:00","mainEntityOfPage":{"@id":"https:\/\/magarinos.eu\/atandocabos\/blog\/2016\/05\/06\/el-de-don-sancho-y-dona-marina\/"},"wordCount":274,"commentCount":0,"publisher":{"@id":"https:\/\/magarinos.eu\/atandocabos\/#organization"},"image":{"@id":"https:\/\/magarinos.eu\/atandocabos\/blog\/2016\/05\/06\/el-de-don-sancho-y-dona-marina\/#primaryimage"},"thumbnailUrl":"https:\/\/magarinos.eu\/atandocabos\/wp-content\/uploads\/2016\/05\/hospital-cobec3b1a.png","keywords":["Cobe\u00f1a","Hospital de Cobe\u00f1a","Hospital de los Gallegos","Manuel Guti\u00e9rrez","Marina Alfonso","Mat\u00edas Guti\u00e9rrez","Nicanor Guti\u00e9rrez","Sancho L\u00f3pez"],"articleSection":["Legado"],"inLanguage":"es","potentialAction":[{"@type":"CommentAction","name":"Comment","target":["https:\/\/magarinos.eu\/atandocabos\/blog\/2016\/05\/06\/el-de-don-sancho-y-dona-marina\/#respond"]}]},{"@type":"WebPage","@id":"https:\/\/magarinos.eu\/atandocabos\/blog\/2016\/05\/06\/el-de-don-sancho-y-dona-marina\/","url":"https:\/\/magarinos.eu\/atandocabos\/blog\/2016\/05\/06\/el-de-don-sancho-y-dona-marina\/","name":"El legado don Sancho y do\u00f1a Marina - Atando Cabos","isPartOf":{"@id":"https:\/\/magarinos.eu\/atandocabos\/#website"},"primaryImageOfPage":{"@id":"https:\/\/magarinos.eu\/atandocabos\/blog\/2016\/05\/06\/el-de-don-sancho-y-dona-marina\/#primaryimage"},"image":{"@id":"https:\/\/magarinos.eu\/atandocabos\/blog\/2016\/05\/06\/el-de-don-sancho-y-dona-marina\/#primaryimage"},"thumbnailUrl":"https:\/\/magarinos.eu\/atandocabos\/wp-content\/uploads\/2016\/05\/hospital-cobec3b1a.png","datePublished":"2016-05-06T16:23:14+00:00","dateModified":"2022-07-18T22:54:26+00:00","breadcrumb":{"@id":"https:\/\/magarinos.eu\/atandocabos\/blog\/2016\/05\/06\/el-de-don-sancho-y-dona-marina\/#breadcrumb"},"inLanguage":"es","potentialAction":[{"@type":"ReadAction","target":["https:\/\/magarinos.eu\/atandocabos\/blog\/2016\/05\/06\/el-de-don-sancho-y-dona-marina\/"]}]},{"@type":"ImageObject","inLanguage":"es","@id":"https:\/\/magarinos.eu\/atandocabos\/blog\/2016\/05\/06\/el-de-don-sancho-y-dona-marina\/#primaryimage","url":"https:\/\/magarinos.eu\/atandocabos\/wp-content\/uploads\/2016\/05\/hospital-cobec3b1a.png","contentUrl":"https:\/\/magarinos.eu\/atandocabos\/wp-content\/uploads\/2016\/05\/hospital-cobec3b1a.png","width":717,"height":391},{"@type":"BreadcrumbList","@id":"https:\/\/magarinos.eu\/atandocabos\/blog\/2016\/05\/06\/el-de-don-sancho-y-dona-marina\/#breadcrumb","itemListElement":[{"@type":"ListItem","position":1,"name":"Portada","item":"https:\/\/magarinos.eu\/atandocabos\/"},{"@type":"ListItem","position":2,"name":"El legado don Sancho y do\u00f1a Marina"}]},{"@type":"WebSite","@id":"https:\/\/magarinos.eu\/atandocabos\/#website","url":"https:\/\/magarinos.eu\/atandocabos\/","name":"Atando Cabos","description":"Una p\u00e1gina web de la familia Magari\u00f1os Ram\u00f3n","publisher":{"@id":"https:\/\/magarinos.eu\/atandocabos\/#organization"},"potentialAction":[{"@type":"SearchAction","target":{"@type":"EntryPoint","urlTemplate":"https:\/\/magarinos.eu\/atandocabos\/?s={search_term_string}"},"query-input":{"@type":"PropertyValueSpecification","valueRequired":true,"valueName":"search_term_string"}}],"inLanguage":"es"},{"@type":"Organization","@id":"https:\/\/magarinos.eu\/atandocabos\/#organization","name":"Atando Cabos","url":"https:\/\/magarinos.eu\/atandocabos\/","logo":{"@type":"ImageObject","inLanguage":"es","@id":"https:\/\/magarinos.eu\/atandocabos\/#\/schema\/logo\/image\/","url":"https:\/\/magarinos.eu\/atandocabos\/wp-content\/uploads\/2022\/06\/cropped-cropped-Caballero_Anciano.jpg","contentUrl":"https:\/\/magarinos.eu\/atandocabos\/wp-content\/uploads\/2022\/06\/cropped-cropped-Caballero_Anciano.jpg","width":512,"height":512,"caption":"Atando Cabos"},"image":{"@id":"https:\/\/magarinos.eu\/atandocabos\/#\/schema\/logo\/image\/"}},{"@type":"Person","@id":"https:\/\/magarinos.eu\/atandocabos\/#\/schema\/person\/ce62485d4bf8f9cc864369bb52591f1e","name":"Daniel Garc\u00eda Magari\u00f1os","image":{"@type":"ImageObject","inLanguage":"es","@id":"https:\/\/secure.gravatar.com\/avatar\/a7c7a82edf145a1bb8c32117ac59cb3be1c2c760796caff2df495a17896be288?s=96&d=mm&r=g","url":"https:\/\/secure.gravatar.com\/avatar\/a7c7a82edf145a1bb8c32117ac59cb3be1c2c760796caff2df495a17896be288?s=96&d=mm&r=g","contentUrl":"https:\/\/secure.gravatar.com\/avatar\/a7c7a82edf145a1bb8c32117ac59cb3be1c2c760796caff2df495a17896be288?s=96&d=mm&r=g","caption":"Daniel Garc\u00eda Magari\u00f1os"},"url":"https:\/\/magarinos.eu\/atandocabos\/blog\/author\/dgarcia\/"}]}},"_links":{"self":[{"href":"https:\/\/magarinos.eu\/atandocabos\/wp-json\/wp\/v2\/posts\/468","targetHints":{"allow":["GET"]}}],"collection":[{"href":"https:\/\/magarinos.eu\/atandocabos\/wp-json\/wp\/v2\/posts"}],"about":[{"href":"https:\/\/magarinos.eu\/atandocabos\/wp-json\/wp\/v2\/types\/post"}],"author":[{"embeddable":true,"href":"https:\/\/magarinos.eu\/atandocabos\/wp-json\/wp\/v2\/users\/1"}],"replies":[{"embeddable":true,"href":"https:\/\/magarinos.eu\/atandocabos\/wp-json\/wp\/v2\/comments?post=468"}],"version-history":[{"count":0,"href":"https:\/\/magarinos.eu\/atandocabos\/wp-json\/wp\/v2\/posts\/468\/revisions"}],"wp:featuredmedia":[{"embeddable":true,"href":"https:\/\/magarinos.eu\/atandocabos\/wp-json\/wp\/v2\/media\/5551"}],"wp:attachment":[{"href":"https:\/\/magarinos.eu\/atandocabos\/wp-json\/wp\/v2\/media?parent=468"}],"wp:term":[{"taxonomy":"category","embeddable":true,"href":"https:\/\/magarinos.eu\/atandocabos\/wp-json\/wp\/v2\/categories?post=468"},{"taxonomy":"post_tag","embeddable":true,"href":"https:\/\/magarinos.eu\/atandocabos\/wp-json\/wp\/v2\/tags?post=468"}],"curies":[{"name":"wp","href":"https:\/\/api.w.org\/{rel}","templated":true}]}}