{"id":43,"date":"2016-04-24T23:34:11","date_gmt":"2016-04-24T23:34:11","guid":{"rendered":"https:\/\/atandocabosweb.wordpress.com\/?p=43"},"modified":"2022-07-19T07:38:42","modified_gmt":"2022-07-19T05:38:42","slug":"arboles-genealogicos","status":"publish","type":"post","link":"https:\/\/magarinos.eu\/atandocabos\/blog\/2016\/04\/24\/arboles-genealogicos\/","title":{"rendered":"\u00c1rboles Geneal\u00f3gicos"},"content":{"rendered":"\n<p>He subido a Internet los \u00e1rboles geneal\u00f3gicos actualizados. Al no haber espacio suficiente en una sola hoja A4, he optado por mantener dos \u00e1rboles: uno para la familia magari\u00f1os (los ascendientes de Antonio y Carlos Magari\u00f1os) y otro para la familia Ram\u00f3n Llera (los ascendientes de Pilar y Dolores Ram\u00f3n).<\/p>\n\n\n\n<p><a href=\"https:\/\/magarinos.eu\/atandocabos\/Archives\/Tree\/Magarinos.pdf\" target=\"_blank\" rel=\"noreferrer noopener\">https:\/\/magarinos.eu\/atandocabos\/Archives\/Tree\/Magarinos.pdf<\/a><\/p>\n\n\n\n<p><a href=\"https:\/\/magarinos.eu\/atandocabos\/Archives\/Tree\/Ramon_Llera.pdf\" target=\"_blank\" rel=\"noreferrer noopener\">https:\/\/magarinos.eu\/atandocabos\/Archives\/Tree\/Ramon_Llera.pdf<\/a><\/p>\n\n\n\n<p>Si detectan alg\u00fan error, no duden en comunicarlo.<\/p>\n","protected":false},"excerpt":{"rendered":"<p>He subido a Internet los \u00e1rboles geneal\u00f3gicos actualizados. Al no haber espacio suficiente en una sola hoja A4, he optado por mantener dos \u00e1rboles: uno para la familia magari\u00f1os (los ascendientes de Antonio y Carlos Magari\u00f1os) y otro para la familia Ram\u00f3n Llera (los ascendientes de Pilar y Dolores Ram\u00f3n). https:\/\/magarinos.eu\/atandocabos\/Archives\/Tree\/Magarinos.pdf https:\/\/magarinos.eu\/atandocabos\/Archives\/Tree\/Ramon_Llera.pdf Si detectan alg\u00fan [&hellip;]<\/p>\n","protected":false},"author":1,"featured_media":3623,"comment_status":"open","ping_status":"open","sticky":false,"template":"","format":"standard","meta":{"footnotes":""},"categories":[2],"tags":[],"class_list":["post-43","post","type-post","status-publish","format-standard","has-post-thumbnail","hentry","category-arboles-genealogicos"],"blocksy_meta":{"styles_descriptor":{"styles":{"desktop":"","tablet":"","mobile":""},"google_fonts":[],"version":6}},"yoast_head":"<!-- This site is optimized with the Yoast SEO plugin v27.5 - https:\/\/yoast.com\/product\/yoast-seo-wordpress\/ -->\n<title>\u00c1rboles Geneal\u00f3gicos - Atando Cabos<\/title>\n<meta name=\"robots\" content=\"index, follow, max-snippet:-1, max-image-preview:large, max-video-preview:-1\" \/>\n<link rel=\"canonical\" href=\"https:\/\/magarinos.eu\/atandocabos\/blog\/2016\/04\/24\/arboles-genealogicos\/\" \/>\n<meta property=\"og:locale\" content=\"es_ES\" \/>\n<meta property=\"og:type\" content=\"article\" \/>\n<meta property=\"og:title\" content=\"\u00c1rboles Geneal\u00f3gicos - Atando Cabos\" \/>\n<meta property=\"og:description\" content=\"He subido a Internet los \u00e1rboles geneal\u00f3gicos actualizados. Al no haber espacio suficiente en una sola hoja A4, he optado por mantener dos \u00e1rboles: uno para la familia magari\u00f1os (los ascendientes de Antonio y Carlos Magari\u00f1os) y otro para la familia Ram\u00f3n Llera (los ascendientes de Pilar y Dolores Ram\u00f3n). https:\/\/magarinos.eu\/atandocabos\/Archives\/Tree\/Magarinos.pdf https:\/\/magarinos.eu\/atandocabos\/Archives\/Tree\/Ramon_Llera.pdf Si detectan alg\u00fan [&hellip;]\" \/>\n<meta property=\"og:url\" content=\"https:\/\/magarinos.eu\/atandocabos\/blog\/2016\/04\/24\/arboles-genealogicos\/\" \/>\n<meta property=\"og:site_name\" content=\"Atando Cabos\" \/>\n<meta property=\"article:published_time\" content=\"2016-04-24T23:34:11+00:00\" \/>\n<meta property=\"article:modified_time\" content=\"2022-07-19T05:38:42+00:00\" \/>\n<meta property=\"og:image\" content=\"https:\/\/magarinos.eu\/atandocabos\/wp-content\/uploads\/2021\/07\/image-5.png\" \/>\n\t<meta property=\"og:image:width\" content=\"876\" \/>\n\t<meta property=\"og:image:height\" content=\"638\" \/>\n\t<meta property=\"og:image:type\" content=\"image\/png\" \/>\n<meta name=\"author\" content=\"Daniel Garc\u00eda Magari\u00f1os\" \/>\n<meta name=\"twitter:card\" content=\"summary_large_image\" \/>\n<meta name=\"twitter:label1\" content=\"Escrito por\" \/>\n\t<meta name=\"twitter:data1\" content=\"Daniel Garc\u00eda Magari\u00f1os\" \/>\n\t<meta name=\"twitter:label2\" content=\"Tiempo de lectura\" \/>\n\t<meta name=\"twitter:data2\" content=\"1 minuto\" \/>\n<script type=\"application\/ld+json\" class=\"yoast-schema-graph\">{\"@context\":\"https:\\\/\\\/schema.org\",\"@graph\":[{\"@type\":\"Article\",\"@id\":\"https:\\\/\\\/magarinos.eu\\\/atandocabos\\\/blog\\\/2016\\\/04\\\/24\\\/arboles-genealogicos\\\/#article\",\"isPartOf\":{\"@id\":\"https:\\\/\\\/magarinos.eu\\\/atandocabos\\\/blog\\\/2016\\\/04\\\/24\\\/arboles-genealogicos\\\/\"},\"author\":{\"name\":\"Daniel Garc\u00eda Magari\u00f1os\",\"@id\":\"https:\\\/\\\/magarinos.eu\\\/atandocabos\\\/#\\\/schema\\\/person\\\/ce62485d4bf8f9cc864369bb52591f1e\"},\"headline\":\"\u00c1rboles Geneal\u00f3gicos\",\"datePublished\":\"2016-04-24T23:34:11+00:00\",\"dateModified\":\"2022-07-19T05:38:42+00:00\",\"mainEntityOfPage\":{\"@id\":\"https:\\\/\\\/magarinos.eu\\\/atandocabos\\\/blog\\\/2016\\\/04\\\/24\\\/arboles-genealogicos\\\/\"},\"wordCount\":84,\"commentCount\":0,\"publisher\":{\"@id\":\"https:\\\/\\\/magarinos.eu\\\/atandocabos\\\/#organization\"},\"image\":{\"@id\":\"https:\\\/\\\/magarinos.eu\\\/atandocabos\\\/blog\\\/2016\\\/04\\\/24\\\/arboles-genealogicos\\\/#primaryimage\"},\"thumbnailUrl\":\"https:\\\/\\\/magarinos.eu\\\/atandocabos\\\/wp-content\\\/uploads\\\/2021\\\/07\\\/image-5.png\",\"articleSection\":[\"\u00c1rboles geneal\u00f3gicos\"],\"inLanguage\":\"es\",\"potentialAction\":[{\"@type\":\"CommentAction\",\"name\":\"Comment\",\"target\":[\"https:\\\/\\\/magarinos.eu\\\/atandocabos\\\/blog\\\/2016\\\/04\\\/24\\\/arboles-genealogicos\\\/#respond\"]}]},{\"@type\":\"WebPage\",\"@id\":\"https:\\\/\\\/magarinos.eu\\\/atandocabos\\\/blog\\\/2016\\\/04\\\/24\\\/arboles-genealogicos\\\/\",\"url\":\"https:\\\/\\\/magarinos.eu\\\/atandocabos\\\/blog\\\/2016\\\/04\\\/24\\\/arboles-genealogicos\\\/\",\"name\":\"\u00c1rboles Geneal\u00f3gicos - Atando Cabos\",\"isPartOf\":{\"@id\":\"https:\\\/\\\/magarinos.eu\\\/atandocabos\\\/#website\"},\"primaryImageOfPage\":{\"@id\":\"https:\\\/\\\/magarinos.eu\\\/atandocabos\\\/blog\\\/2016\\\/04\\\/24\\\/arboles-genealogicos\\\/#primaryimage\"},\"image\":{\"@id\":\"https:\\\/\\\/magarinos.eu\\\/atandocabos\\\/blog\\\/2016\\\/04\\\/24\\\/arboles-genealogicos\\\/#primaryimage\"},\"thumbnailUrl\":\"https:\\\/\\\/magarinos.eu\\\/atandocabos\\\/wp-content\\\/uploads\\\/2021\\\/07\\\/image-5.png\",\"datePublished\":\"2016-04-24T23:34:11+00:00\",\"dateModified\":\"2022-07-19T05:38:42+00:00\",\"breadcrumb\":{\"@id\":\"https:\\\/\\\/magarinos.eu\\\/atandocabos\\\/blog\\\/2016\\\/04\\\/24\\\/arboles-genealogicos\\\/#breadcrumb\"},\"inLanguage\":\"es\",\"potentialAction\":[{\"@type\":\"ReadAction\",\"target\":[\"https:\\\/\\\/magarinos.eu\\\/atandocabos\\\/blog\\\/2016\\\/04\\\/24\\\/arboles-genealogicos\\\/\"]}]},{\"@type\":\"ImageObject\",\"inLanguage\":\"es\",\"@id\":\"https:\\\/\\\/magarinos.eu\\\/atandocabos\\\/blog\\\/2016\\\/04\\\/24\\\/arboles-genealogicos\\\/#primaryimage\",\"url\":\"https:\\\/\\\/magarinos.eu\\\/atandocabos\\\/wp-content\\\/uploads\\\/2021\\\/07\\\/image-5.png\",\"contentUrl\":\"https:\\\/\\\/magarinos.eu\\\/atandocabos\\\/wp-content\\\/uploads\\\/2021\\\/07\\\/image-5.png\",\"width\":876,\"height\":638},{\"@type\":\"BreadcrumbList\",\"@id\":\"https:\\\/\\\/magarinos.eu\\\/atandocabos\\\/blog\\\/2016\\\/04\\\/24\\\/arboles-genealogicos\\\/#breadcrumb\",\"itemListElement\":[{\"@type\":\"ListItem\",\"position\":1,\"name\":\"Portada\",\"item\":\"https:\\\/\\\/magarinos.eu\\\/atandocabos\\\/\"},{\"@type\":\"ListItem\",\"position\":2,\"name\":\"\u00c1rboles Geneal\u00f3gicos\"}]},{\"@type\":\"WebSite\",\"@id\":\"https:\\\/\\\/magarinos.eu\\\/atandocabos\\\/#website\",\"url\":\"https:\\\/\\\/magarinos.eu\\\/atandocabos\\\/\",\"name\":\"Atando Cabos\",\"description\":\"Una p\u00e1gina web de la familia Magari\u00f1os Ram\u00f3n\",\"publisher\":{\"@id\":\"https:\\\/\\\/magarinos.eu\\\/atandocabos\\\/#organization\"},\"potentialAction\":[{\"@type\":\"SearchAction\",\"target\":{\"@type\":\"EntryPoint\",\"urlTemplate\":\"https:\\\/\\\/magarinos.eu\\\/atandocabos\\\/?s={search_term_string}\"},\"query-input\":{\"@type\":\"PropertyValueSpecification\",\"valueRequired\":true,\"valueName\":\"search_term_string\"}}],\"inLanguage\":\"es\"},{\"@type\":\"Organization\",\"@id\":\"https:\\\/\\\/magarinos.eu\\\/atandocabos\\\/#organization\",\"name\":\"Atando Cabos\",\"url\":\"https:\\\/\\\/magarinos.eu\\\/atandocabos\\\/\",\"logo\":{\"@type\":\"ImageObject\",\"inLanguage\":\"es\",\"@id\":\"https:\\\/\\\/magarinos.eu\\\/atandocabos\\\/#\\\/schema\\\/logo\\\/image\\\/\",\"url\":\"https:\\\/\\\/magarinos.eu\\\/atandocabos\\\/wp-content\\\/uploads\\\/2022\\\/06\\\/cropped-cropped-Caballero_Anciano.jpg\",\"contentUrl\":\"https:\\\/\\\/magarinos.eu\\\/atandocabos\\\/wp-content\\\/uploads\\\/2022\\\/06\\\/cropped-cropped-Caballero_Anciano.jpg\",\"width\":512,\"height\":512,\"caption\":\"Atando Cabos\"},\"image\":{\"@id\":\"https:\\\/\\\/magarinos.eu\\\/atandocabos\\\/#\\\/schema\\\/logo\\\/image\\\/\"}},{\"@type\":\"Person\",\"@id\":\"https:\\\/\\\/magarinos.eu\\\/atandocabos\\\/#\\\/schema\\\/person\\\/ce62485d4bf8f9cc864369bb52591f1e\",\"name\":\"Daniel Garc\u00eda Magari\u00f1os\",\"image\":{\"@type\":\"ImageObject\",\"inLanguage\":\"es\",\"@id\":\"https:\\\/\\\/secure.gravatar.com\\\/avatar\\\/a7c7a82edf145a1bb8c32117ac59cb3be1c2c760796caff2df495a17896be288?s=96&d=mm&r=g\",\"url\":\"https:\\\/\\\/secure.gravatar.com\\\/avatar\\\/a7c7a82edf145a1bb8c32117ac59cb3be1c2c760796caff2df495a17896be288?s=96&d=mm&r=g\",\"contentUrl\":\"https:\\\/\\\/secure.gravatar.com\\\/avatar\\\/a7c7a82edf145a1bb8c32117ac59cb3be1c2c760796caff2df495a17896be288?s=96&d=mm&r=g\",\"caption\":\"Daniel Garc\u00eda Magari\u00f1os\"},\"url\":\"https:\\\/\\\/magarinos.eu\\\/atandocabos\\\/blog\\\/author\\\/dgarcia\\\/\"}]}<\/script>\n<!-- \/ Yoast SEO plugin. -->","yoast_head_json":{"title":"\u00c1rboles Geneal\u00f3gicos - Atando Cabos","robots":{"index":"index","follow":"follow","max-snippet":"max-snippet:-1","max-image-preview":"max-image-preview:large","max-video-preview":"max-video-preview:-1"},"canonical":"https:\/\/magarinos.eu\/atandocabos\/blog\/2016\/04\/24\/arboles-genealogicos\/","og_locale":"es_ES","og_type":"article","og_title":"\u00c1rboles Geneal\u00f3gicos - Atando Cabos","og_description":"He subido a Internet los \u00e1rboles geneal\u00f3gicos actualizados. Al no haber espacio suficiente en una sola hoja A4, he optado por mantener dos \u00e1rboles: uno para la familia magari\u00f1os (los ascendientes de Antonio y Carlos Magari\u00f1os) y otro para la familia Ram\u00f3n Llera (los ascendientes de Pilar y Dolores Ram\u00f3n). https:\/\/magarinos.eu\/atandocabos\/Archives\/Tree\/Magarinos.pdf https:\/\/magarinos.eu\/atandocabos\/Archives\/Tree\/Ramon_Llera.pdf Si detectan alg\u00fan [&hellip;]","og_url":"https:\/\/magarinos.eu\/atandocabos\/blog\/2016\/04\/24\/arboles-genealogicos\/","og_site_name":"Atando Cabos","article_published_time":"2016-04-24T23:34:11+00:00","article_modified_time":"2022-07-19T05:38:42+00:00","og_image":[{"width":876,"height":638,"url":"https:\/\/magarinos.eu\/atandocabos\/wp-content\/uploads\/2021\/07\/image-5.png","type":"image\/png"}],"author":"Daniel Garc\u00eda Magari\u00f1os","twitter_card":"summary_large_image","twitter_misc":{"Escrito por":"Daniel Garc\u00eda Magari\u00f1os","Tiempo de lectura":"1 minuto"},"schema":{"@context":"https:\/\/schema.org","@graph":[{"@type":"Article","@id":"https:\/\/magarinos.eu\/atandocabos\/blog\/2016\/04\/24\/arboles-genealogicos\/#article","isPartOf":{"@id":"https:\/\/magarinos.eu\/atandocabos\/blog\/2016\/04\/24\/arboles-genealogicos\/"},"author":{"name":"Daniel Garc\u00eda Magari\u00f1os","@id":"https:\/\/magarinos.eu\/atandocabos\/#\/schema\/person\/ce62485d4bf8f9cc864369bb52591f1e"},"headline":"\u00c1rboles Geneal\u00f3gicos","datePublished":"2016-04-24T23:34:11+00:00","dateModified":"2022-07-19T05:38:42+00:00","mainEntityOfPage":{"@id":"https:\/\/magarinos.eu\/atandocabos\/blog\/2016\/04\/24\/arboles-genealogicos\/"},"wordCount":84,"commentCount":0,"publisher":{"@id":"https:\/\/magarinos.eu\/atandocabos\/#organization"},"image":{"@id":"https:\/\/magarinos.eu\/atandocabos\/blog\/2016\/04\/24\/arboles-genealogicos\/#primaryimage"},"thumbnailUrl":"https:\/\/magarinos.eu\/atandocabos\/wp-content\/uploads\/2021\/07\/image-5.png","articleSection":["\u00c1rboles geneal\u00f3gicos"],"inLanguage":"es","potentialAction":[{"@type":"CommentAction","name":"Comment","target":["https:\/\/magarinos.eu\/atandocabos\/blog\/2016\/04\/24\/arboles-genealogicos\/#respond"]}]},{"@type":"WebPage","@id":"https:\/\/magarinos.eu\/atandocabos\/blog\/2016\/04\/24\/arboles-genealogicos\/","url":"https:\/\/magarinos.eu\/atandocabos\/blog\/2016\/04\/24\/arboles-genealogicos\/","name":"\u00c1rboles Geneal\u00f3gicos - Atando Cabos","isPartOf":{"@id":"https:\/\/magarinos.eu\/atandocabos\/#website"},"primaryImageOfPage":{"@id":"https:\/\/magarinos.eu\/atandocabos\/blog\/2016\/04\/24\/arboles-genealogicos\/#primaryimage"},"image":{"@id":"https:\/\/magarinos.eu\/atandocabos\/blog\/2016\/04\/24\/arboles-genealogicos\/#primaryimage"},"thumbnailUrl":"https:\/\/magarinos.eu\/atandocabos\/wp-content\/uploads\/2021\/07\/image-5.png","datePublished":"2016-04-24T23:34:11+00:00","dateModified":"2022-07-19T05:38:42+00:00","breadcrumb":{"@id":"https:\/\/magarinos.eu\/atandocabos\/blog\/2016\/04\/24\/arboles-genealogicos\/#breadcrumb"},"inLanguage":"es","potentialAction":[{"@type":"ReadAction","target":["https:\/\/magarinos.eu\/atandocabos\/blog\/2016\/04\/24\/arboles-genealogicos\/"]}]},{"@type":"ImageObject","inLanguage":"es","@id":"https:\/\/magarinos.eu\/atandocabos\/blog\/2016\/04\/24\/arboles-genealogicos\/#primaryimage","url":"https:\/\/magarinos.eu\/atandocabos\/wp-content\/uploads\/2021\/07\/image-5.png","contentUrl":"https:\/\/magarinos.eu\/atandocabos\/wp-content\/uploads\/2021\/07\/image-5.png","width":876,"height":638},{"@type":"BreadcrumbList","@id":"https:\/\/magarinos.eu\/atandocabos\/blog\/2016\/04\/24\/arboles-genealogicos\/#breadcrumb","itemListElement":[{"@type":"ListItem","position":1,"name":"Portada","item":"https:\/\/magarinos.eu\/atandocabos\/"},{"@type":"ListItem","position":2,"name":"\u00c1rboles Geneal\u00f3gicos"}]},{"@type":"WebSite","@id":"https:\/\/magarinos.eu\/atandocabos\/#website","url":"https:\/\/magarinos.eu\/atandocabos\/","name":"Atando Cabos","description":"Una p\u00e1gina web de la familia Magari\u00f1os Ram\u00f3n","publisher":{"@id":"https:\/\/magarinos.eu\/atandocabos\/#organization"},"potentialAction":[{"@type":"SearchAction","target":{"@type":"EntryPoint","urlTemplate":"https:\/\/magarinos.eu\/atandocabos\/?s={search_term_string}"},"query-input":{"@type":"PropertyValueSpecification","valueRequired":true,"valueName":"search_term_string"}}],"inLanguage":"es"},{"@type":"Organization","@id":"https:\/\/magarinos.eu\/atandocabos\/#organization","name":"Atando Cabos","url":"https:\/\/magarinos.eu\/atandocabos\/","logo":{"@type":"ImageObject","inLanguage":"es","@id":"https:\/\/magarinos.eu\/atandocabos\/#\/schema\/logo\/image\/","url":"https:\/\/magarinos.eu\/atandocabos\/wp-content\/uploads\/2022\/06\/cropped-cropped-Caballero_Anciano.jpg","contentUrl":"https:\/\/magarinos.eu\/atandocabos\/wp-content\/uploads\/2022\/06\/cropped-cropped-Caballero_Anciano.jpg","width":512,"height":512,"caption":"Atando Cabos"},"image":{"@id":"https:\/\/magarinos.eu\/atandocabos\/#\/schema\/logo\/image\/"}},{"@type":"Person","@id":"https:\/\/magarinos.eu\/atandocabos\/#\/schema\/person\/ce62485d4bf8f9cc864369bb52591f1e","name":"Daniel Garc\u00eda Magari\u00f1os","image":{"@type":"ImageObject","inLanguage":"es","@id":"https:\/\/secure.gravatar.com\/avatar\/a7c7a82edf145a1bb8c32117ac59cb3be1c2c760796caff2df495a17896be288?s=96&d=mm&r=g","url":"https:\/\/secure.gravatar.com\/avatar\/a7c7a82edf145a1bb8c32117ac59cb3be1c2c760796caff2df495a17896be288?s=96&d=mm&r=g","contentUrl":"https:\/\/secure.gravatar.com\/avatar\/a7c7a82edf145a1bb8c32117ac59cb3be1c2c760796caff2df495a17896be288?s=96&d=mm&r=g","caption":"Daniel Garc\u00eda Magari\u00f1os"},"url":"https:\/\/magarinos.eu\/atandocabos\/blog\/author\/dgarcia\/"}]}},"_links":{"self":[{"href":"https:\/\/magarinos.eu\/atandocabos\/wp-json\/wp\/v2\/posts\/43","targetHints":{"allow":["GET"]}}],"collection":[{"href":"https:\/\/magarinos.eu\/atandocabos\/wp-json\/wp\/v2\/posts"}],"about":[{"href":"https:\/\/magarinos.eu\/atandocabos\/wp-json\/wp\/v2\/types\/post"}],"author":[{"embeddable":true,"href":"https:\/\/magarinos.eu\/atandocabos\/wp-json\/wp\/v2\/users\/1"}],"replies":[{"embeddable":true,"href":"https:\/\/magarinos.eu\/atandocabos\/wp-json\/wp\/v2\/comments?post=43"}],"version-history":[{"count":0,"href":"https:\/\/magarinos.eu\/atandocabos\/wp-json\/wp\/v2\/posts\/43\/revisions"}],"wp:featuredmedia":[{"embeddable":true,"href":"https:\/\/magarinos.eu\/atandocabos\/wp-json\/wp\/v2\/media\/3623"}],"wp:attachment":[{"href":"https:\/\/magarinos.eu\/atandocabos\/wp-json\/wp\/v2\/media?parent=43"}],"wp:term":[{"taxonomy":"category","embeddable":true,"href":"https:\/\/magarinos.eu\/atandocabos\/wp-json\/wp\/v2\/categories?post=43"},{"taxonomy":"post_tag","embeddable":true,"href":"https:\/\/magarinos.eu\/atandocabos\/wp-json\/wp\/v2\/tags?post=43"}],"curies":[{"name":"wp","href":"https:\/\/api.w.org\/{rel}","templated":true}]}}