{"id":418,"date":"2016-05-04T13:08:37","date_gmt":"2016-05-04T13:08:37","guid":{"rendered":"https:\/\/atandocabosweb.wordpress.com\/?p=418"},"modified":"2022-07-19T00:38:48","modified_gmt":"2022-07-18T22:38:48","slug":"la-vaqueria-del-tio-emeterio","status":"publish","type":"post","link":"https:\/\/magarinos.eu\/atandocabos\/blog\/2016\/05\/04\/la-vaqueria-del-tio-emeterio\/","title":{"rendered":"La vaquer\u00eda del t\u00edo Emeterio"},"content":{"rendered":"\n<p>En una entrada anterior del blog habl\u00e1bamos de la <strong><a href=\"https:\/\/magarinos.eu\/atandocabos\/la-boda-de-manuel-e-ignacia\/\">boda de Manuel Magari\u00f1os Mera<\/a><\/strong>. Por la esquela de Manuel, sabemos que ten\u00eda un hermano llamado <strong>Emeterio<\/strong>, que se hab\u00eda casado con\u00a0<strong>Matilde Torres<\/strong>.<\/p>\n\n\n\n<p>Para no liarnos mucho, aqu\u00ed incluyo los v\u00ednculos a los \u00e1rboles geneal\u00f3gicos.<\/p>\n\n\n\n<ul class=\"wp-block-list\"><li><a href=\"https:\/\/magarinos.eu\/atandocabos\/Archives\/Tree\/Magarinos.pdf\">\u00c1rbol de la familia Magari\u00f1os<\/a><\/li><li><a href=\"https:\/\/magarinos.eu\/atandocabos\/Archives\/Tree\/Ramon_Llera.pdf\">\u00c1rbol de la familia Ram\u00f3n Llera<\/a><\/li><li><a href=\"https:\/\/magarinos.eu\/atandocabos\/Archives\/Tree\/rodriguez.pdf\">\u00c1rbol de la familia Guti\u00e9rrez Rodr\u00edguez<\/a><\/li><\/ul>\n\n\n\n<p>Como se describe en este anuncio publicitario publicado en la revista actualidades, el 1 de diciembre de 1909, Emeterio posey\u00f3 una lecher\u00eda en la <strong>calle de la Aduana n\u00ba 35<\/strong>. Seg\u00fan se desprende del art\u00edculo, no tendr\u00eda las vacas en la misma tienda en Madrid sino que se encontrar\u00edan en el pueblo de&nbsp;<strong>Los Molinos<\/strong>, a unos 50 km de Madrid.<\/p>\n\n\n\n<figure class=\"wp-block-image\"><img decoding=\"async\" src=\"data:image\/gif;base64,R0lGODlhAQABAIAAAAAAAP\/\/\/yH5BAEAAAAALAAAAAABAAEAAAIBRAA7\" data-src=\"https:\/\/magarinos.eu\/atandocabos\/wp-content\/uploads\/2016\/05\/emeterio_magarinos_lecherc3ada.png\" alt=\"Emeterio_Magarinos_Lecher\u00eda.png\" class=\"wp-image-429 lazyload\"\/><noscript><img loading=\"lazy\" decoding=\"async\" width=\"642\" height=\"576\" src=\"https:\/\/magarinos.eu\/atandocabos\/wp-content\/uploads\/2016\/05\/emeterio_magarinos_lecherc3ada.png\" alt=\"Emeterio_Magarinos_Lecher\u00eda.png\" class=\"wp-image-429 lazyload\" srcset=\"https:\/\/magarinos.eu\/atandocabos\/wp-content\/uploads\/2016\/05\/emeterio_magarinos_lecherc3ada.png 642w, https:\/\/magarinos.eu\/atandocabos\/wp-content\/uploads\/2016\/05\/emeterio_magarinos_lecherc3ada-300x269.png 300w\" sizes=\"auto, (max-width: 642px) 100vw, 642px\" \/><\/noscript><\/figure>\n\n\n\n<p><em>El problema de las vaquer\u00edas ha sido siempre, y lo es actualmente, motivo de preocupaci\u00f3n&nbsp;<\/em><em>del vecindario madrile\u00f1o, pues, por desgracia, son pocas las que re\u00fanen las condiciones que&nbsp;marcan las Ordenanzas municipales.<\/em><br><em>Como verdadera excepci\u00f3n puede citarse la que D. Emeterio Magari\u00f1os tiene establecida en&nbsp;<\/em><em>el n\u00fam. 35 de la calle de la Aduana, y que, a pesar de que su instalaci\u00f3n s\u00f3lo data del mes de&nbsp;<\/em><em>Marzo \u00faltimo, es hoy modelo entre las de su clase.<\/em><br><em>El Sr. Magari\u00f1os, industrial tan activo como concienzudo, tiene sus vacas pastando en Los&nbsp;<\/em><em>Molinos; y tal es el cuidado que las dedica y tanto su inter\u00e9s por el negocio en bien del p\u00fablico,&nbsp;que en los an\u00e1lisis que realizan los veedores municipales, la leche de aquellas alcanza una graduaci\u00f3n&nbsp;de 35\u00b0. Este dato bastar\u00e1 para que dicha casa pueda citarse como modelo y justifica&nbsp;el que cuente con una numerosa clientela, que cada d\u00eda va en aumento.<\/em><\/p>\n\n\n\n<p>Emeterio Magari\u00f1os y Matilda Torres fueron los padres de&nbsp;<strong>Santiago Magari\u00f1os Torres<\/strong>, <strong>Ram\u00f3n Magari\u00f1os Torres&nbsp;<\/strong>y de&nbsp;<strong>Fernando Magari\u00f1os Torres<\/strong>, primos de mi abuelo.<\/p>\n\n\n\n<p>Santiago Magari\u00f1os tuvo cierta&nbsp;relevancia intelectual. Fue profesor de universidad antes de la guerra civil. Durante la guerra, fue arrestado dos veces en Madrid por sospecharse de su simpat\u00eda con los franquistas aunque nunca fue condenado, siendo absuelto en ambas ocasiones. Despu\u00e9s de la guerra, form\u00f3 parte de la direcci\u00f3n del Instituto de Cultura Hisp\u00e1nica pero en 1952 tuvo que dimitir y exiliarse a Venezuela al anunciarse que el Instituto iba a publicar una antolog\u00eda de Miguel Hern\u00e1ndez, que \u00e9l hab\u00eda autorizado.<\/p>\n","protected":false},"excerpt":{"rendered":"<p>En una entrada anterior del blog habl\u00e1bamos de la boda de Manuel Magari\u00f1os Mera. Por la esquela de Manuel, sabemos que ten\u00eda un hermano llamado Emeterio, que se hab\u00eda casado con\u00a0Matilde Torres. Para no liarnos mucho, aqu\u00ed incluyo los v\u00ednculos a los \u00e1rboles geneal\u00f3gicos. \u00c1rbol de la familia Magari\u00f1os \u00c1rbol de la familia Ram\u00f3n Llera [&hellip;]<\/p>\n","protected":false},"author":1,"featured_media":429,"comment_status":"open","ping_status":"open","sticky":false,"template":"","format":"standard","meta":{"footnotes":""},"categories":[5],"tags":[49,101,132],"class_list":["post-418","post","type-post","status-publish","format-standard","has-post-thumbnail","hentry","category-historias-familiares","tag-emeterio-magarinos-mera","tag-matilde-torres","tag-santiago-magarinos-torres"],"blocksy_meta":{"styles_descriptor":{"styles":{"desktop":"","tablet":"","mobile":""},"google_fonts":[],"version":6}},"yoast_head":"<!-- This site is optimized with the Yoast SEO plugin v27.5 - https:\/\/yoast.com\/product\/yoast-seo-wordpress\/ -->\n<title>La vaquer\u00eda del t\u00edo Emeterio - Atando Cabos<\/title>\n<meta name=\"robots\" content=\"index, follow, max-snippet:-1, max-image-preview:large, max-video-preview:-1\" \/>\n<link rel=\"canonical\" href=\"https:\/\/magarinos.eu\/atandocabos\/blog\/2016\/05\/04\/la-vaqueria-del-tio-emeterio\/\" \/>\n<meta property=\"og:locale\" content=\"es_ES\" \/>\n<meta property=\"og:type\" content=\"article\" \/>\n<meta property=\"og:title\" content=\"La vaquer\u00eda del t\u00edo Emeterio - Atando Cabos\" \/>\n<meta property=\"og:description\" content=\"En una entrada anterior del blog habl\u00e1bamos de la boda de Manuel Magari\u00f1os Mera. Por la esquela de Manuel, sabemos que ten\u00eda un hermano llamado Emeterio, que se hab\u00eda casado con\u00a0Matilde Torres. Para no liarnos mucho, aqu\u00ed incluyo los v\u00ednculos a los \u00e1rboles geneal\u00f3gicos. \u00c1rbol de la familia Magari\u00f1os \u00c1rbol de la familia Ram\u00f3n Llera [&hellip;]\" \/>\n<meta property=\"og:url\" content=\"https:\/\/magarinos.eu\/atandocabos\/blog\/2016\/05\/04\/la-vaqueria-del-tio-emeterio\/\" \/>\n<meta property=\"og:site_name\" content=\"Atando Cabos\" \/>\n<meta property=\"article:published_time\" content=\"2016-05-04T13:08:37+00:00\" \/>\n<meta property=\"article:modified_time\" content=\"2022-07-18T22:38:48+00:00\" \/>\n<meta property=\"og:image\" content=\"https:\/\/magarinos.eu\/atandocabos\/wp-content\/uploads\/2016\/05\/emeterio_magarinos_lecherc3ada.png\" \/>\n\t<meta property=\"og:image:width\" content=\"642\" \/>\n\t<meta property=\"og:image:height\" content=\"576\" \/>\n\t<meta property=\"og:image:type\" content=\"image\/png\" \/>\n<meta name=\"author\" content=\"Daniel Garc\u00eda Magari\u00f1os\" \/>\n<meta name=\"twitter:card\" content=\"summary_large_image\" \/>\n<meta name=\"twitter:label1\" content=\"Escrito por\" \/>\n\t<meta name=\"twitter:data1\" content=\"Daniel Garc\u00eda Magari\u00f1os\" \/>\n\t<meta name=\"twitter:label2\" content=\"Tiempo de lectura\" \/>\n\t<meta name=\"twitter:data2\" content=\"2 minutos\" \/>\n<script type=\"application\/ld+json\" class=\"yoast-schema-graph\">{\"@context\":\"https:\\\/\\\/schema.org\",\"@graph\":[{\"@type\":\"Article\",\"@id\":\"https:\\\/\\\/magarinos.eu\\\/atandocabos\\\/blog\\\/2016\\\/05\\\/04\\\/la-vaqueria-del-tio-emeterio\\\/#article\",\"isPartOf\":{\"@id\":\"https:\\\/\\\/magarinos.eu\\\/atandocabos\\\/blog\\\/2016\\\/05\\\/04\\\/la-vaqueria-del-tio-emeterio\\\/\"},\"author\":{\"name\":\"Daniel Garc\u00eda Magari\u00f1os\",\"@id\":\"https:\\\/\\\/magarinos.eu\\\/atandocabos\\\/#\\\/schema\\\/person\\\/ce62485d4bf8f9cc864369bb52591f1e\"},\"headline\":\"La vaquer\u00eda del t\u00edo Emeterio\",\"datePublished\":\"2016-05-04T13:08:37+00:00\",\"dateModified\":\"2022-07-18T22:38:48+00:00\",\"mainEntityOfPage\":{\"@id\":\"https:\\\/\\\/magarinos.eu\\\/atandocabos\\\/blog\\\/2016\\\/05\\\/04\\\/la-vaqueria-del-tio-emeterio\\\/\"},\"wordCount\":441,\"commentCount\":0,\"publisher\":{\"@id\":\"https:\\\/\\\/magarinos.eu\\\/atandocabos\\\/#organization\"},\"image\":{\"@id\":\"https:\\\/\\\/magarinos.eu\\\/atandocabos\\\/blog\\\/2016\\\/05\\\/04\\\/la-vaqueria-del-tio-emeterio\\\/#primaryimage\"},\"thumbnailUrl\":\"https:\\\/\\\/magarinos.eu\\\/atandocabos\\\/wp-content\\\/uploads\\\/2016\\\/05\\\/emeterio_magarinos_lecherc3ada.png\",\"keywords\":[\"Emeterio Magari\u00f1os Mera\",\"Matilde Torres\",\"Santiago Magari\u00f1os Torres\"],\"articleSection\":[\"Historias familiares\"],\"inLanguage\":\"es\",\"potentialAction\":[{\"@type\":\"CommentAction\",\"name\":\"Comment\",\"target\":[\"https:\\\/\\\/magarinos.eu\\\/atandocabos\\\/blog\\\/2016\\\/05\\\/04\\\/la-vaqueria-del-tio-emeterio\\\/#respond\"]}]},{\"@type\":\"WebPage\",\"@id\":\"https:\\\/\\\/magarinos.eu\\\/atandocabos\\\/blog\\\/2016\\\/05\\\/04\\\/la-vaqueria-del-tio-emeterio\\\/\",\"url\":\"https:\\\/\\\/magarinos.eu\\\/atandocabos\\\/blog\\\/2016\\\/05\\\/04\\\/la-vaqueria-del-tio-emeterio\\\/\",\"name\":\"La vaquer\u00eda del t\u00edo Emeterio - Atando Cabos\",\"isPartOf\":{\"@id\":\"https:\\\/\\\/magarinos.eu\\\/atandocabos\\\/#website\"},\"primaryImageOfPage\":{\"@id\":\"https:\\\/\\\/magarinos.eu\\\/atandocabos\\\/blog\\\/2016\\\/05\\\/04\\\/la-vaqueria-del-tio-emeterio\\\/#primaryimage\"},\"image\":{\"@id\":\"https:\\\/\\\/magarinos.eu\\\/atandocabos\\\/blog\\\/2016\\\/05\\\/04\\\/la-vaqueria-del-tio-emeterio\\\/#primaryimage\"},\"thumbnailUrl\":\"https:\\\/\\\/magarinos.eu\\\/atandocabos\\\/wp-content\\\/uploads\\\/2016\\\/05\\\/emeterio_magarinos_lecherc3ada.png\",\"datePublished\":\"2016-05-04T13:08:37+00:00\",\"dateModified\":\"2022-07-18T22:38:48+00:00\",\"breadcrumb\":{\"@id\":\"https:\\\/\\\/magarinos.eu\\\/atandocabos\\\/blog\\\/2016\\\/05\\\/04\\\/la-vaqueria-del-tio-emeterio\\\/#breadcrumb\"},\"inLanguage\":\"es\",\"potentialAction\":[{\"@type\":\"ReadAction\",\"target\":[\"https:\\\/\\\/magarinos.eu\\\/atandocabos\\\/blog\\\/2016\\\/05\\\/04\\\/la-vaqueria-del-tio-emeterio\\\/\"]}]},{\"@type\":\"ImageObject\",\"inLanguage\":\"es\",\"@id\":\"https:\\\/\\\/magarinos.eu\\\/atandocabos\\\/blog\\\/2016\\\/05\\\/04\\\/la-vaqueria-del-tio-emeterio\\\/#primaryimage\",\"url\":\"https:\\\/\\\/magarinos.eu\\\/atandocabos\\\/wp-content\\\/uploads\\\/2016\\\/05\\\/emeterio_magarinos_lecherc3ada.png\",\"contentUrl\":\"https:\\\/\\\/magarinos.eu\\\/atandocabos\\\/wp-content\\\/uploads\\\/2016\\\/05\\\/emeterio_magarinos_lecherc3ada.png\",\"width\":642,\"height\":576},{\"@type\":\"BreadcrumbList\",\"@id\":\"https:\\\/\\\/magarinos.eu\\\/atandocabos\\\/blog\\\/2016\\\/05\\\/04\\\/la-vaqueria-del-tio-emeterio\\\/#breadcrumb\",\"itemListElement\":[{\"@type\":\"ListItem\",\"position\":1,\"name\":\"Portada\",\"item\":\"https:\\\/\\\/magarinos.eu\\\/atandocabos\\\/\"},{\"@type\":\"ListItem\",\"position\":2,\"name\":\"La vaquer\u00eda del t\u00edo Emeterio\"}]},{\"@type\":\"WebSite\",\"@id\":\"https:\\\/\\\/magarinos.eu\\\/atandocabos\\\/#website\",\"url\":\"https:\\\/\\\/magarinos.eu\\\/atandocabos\\\/\",\"name\":\"Atando Cabos\",\"description\":\"Una p\u00e1gina web de la familia Magari\u00f1os Ram\u00f3n\",\"publisher\":{\"@id\":\"https:\\\/\\\/magarinos.eu\\\/atandocabos\\\/#organization\"},\"potentialAction\":[{\"@type\":\"SearchAction\",\"target\":{\"@type\":\"EntryPoint\",\"urlTemplate\":\"https:\\\/\\\/magarinos.eu\\\/atandocabos\\\/?s={search_term_string}\"},\"query-input\":{\"@type\":\"PropertyValueSpecification\",\"valueRequired\":true,\"valueName\":\"search_term_string\"}}],\"inLanguage\":\"es\"},{\"@type\":\"Organization\",\"@id\":\"https:\\\/\\\/magarinos.eu\\\/atandocabos\\\/#organization\",\"name\":\"Atando Cabos\",\"url\":\"https:\\\/\\\/magarinos.eu\\\/atandocabos\\\/\",\"logo\":{\"@type\":\"ImageObject\",\"inLanguage\":\"es\",\"@id\":\"https:\\\/\\\/magarinos.eu\\\/atandocabos\\\/#\\\/schema\\\/logo\\\/image\\\/\",\"url\":\"https:\\\/\\\/magarinos.eu\\\/atandocabos\\\/wp-content\\\/uploads\\\/2022\\\/06\\\/cropped-cropped-Caballero_Anciano.jpg\",\"contentUrl\":\"https:\\\/\\\/magarinos.eu\\\/atandocabos\\\/wp-content\\\/uploads\\\/2022\\\/06\\\/cropped-cropped-Caballero_Anciano.jpg\",\"width\":512,\"height\":512,\"caption\":\"Atando Cabos\"},\"image\":{\"@id\":\"https:\\\/\\\/magarinos.eu\\\/atandocabos\\\/#\\\/schema\\\/logo\\\/image\\\/\"}},{\"@type\":\"Person\",\"@id\":\"https:\\\/\\\/magarinos.eu\\\/atandocabos\\\/#\\\/schema\\\/person\\\/ce62485d4bf8f9cc864369bb52591f1e\",\"name\":\"Daniel Garc\u00eda Magari\u00f1os\",\"image\":{\"@type\":\"ImageObject\",\"inLanguage\":\"es\",\"@id\":\"https:\\\/\\\/secure.gravatar.com\\\/avatar\\\/a7c7a82edf145a1bb8c32117ac59cb3be1c2c760796caff2df495a17896be288?s=96&d=mm&r=g\",\"url\":\"https:\\\/\\\/secure.gravatar.com\\\/avatar\\\/a7c7a82edf145a1bb8c32117ac59cb3be1c2c760796caff2df495a17896be288?s=96&d=mm&r=g\",\"contentUrl\":\"https:\\\/\\\/secure.gravatar.com\\\/avatar\\\/a7c7a82edf145a1bb8c32117ac59cb3be1c2c760796caff2df495a17896be288?s=96&d=mm&r=g\",\"caption\":\"Daniel Garc\u00eda Magari\u00f1os\"},\"url\":\"https:\\\/\\\/magarinos.eu\\\/atandocabos\\\/blog\\\/author\\\/dgarcia\\\/\"}]}<\/script>\n<!-- \/ Yoast SEO plugin. -->","yoast_head_json":{"title":"La vaquer\u00eda del t\u00edo Emeterio - Atando Cabos","robots":{"index":"index","follow":"follow","max-snippet":"max-snippet:-1","max-image-preview":"max-image-preview:large","max-video-preview":"max-video-preview:-1"},"canonical":"https:\/\/magarinos.eu\/atandocabos\/blog\/2016\/05\/04\/la-vaqueria-del-tio-emeterio\/","og_locale":"es_ES","og_type":"article","og_title":"La vaquer\u00eda del t\u00edo Emeterio - Atando Cabos","og_description":"En una entrada anterior del blog habl\u00e1bamos de la boda de Manuel Magari\u00f1os Mera. Por la esquela de Manuel, sabemos que ten\u00eda un hermano llamado Emeterio, que se hab\u00eda casado con\u00a0Matilde Torres. Para no liarnos mucho, aqu\u00ed incluyo los v\u00ednculos a los \u00e1rboles geneal\u00f3gicos. \u00c1rbol de la familia Magari\u00f1os \u00c1rbol de la familia Ram\u00f3n Llera [&hellip;]","og_url":"https:\/\/magarinos.eu\/atandocabos\/blog\/2016\/05\/04\/la-vaqueria-del-tio-emeterio\/","og_site_name":"Atando Cabos","article_published_time":"2016-05-04T13:08:37+00:00","article_modified_time":"2022-07-18T22:38:48+00:00","og_image":[{"width":642,"height":576,"url":"https:\/\/magarinos.eu\/atandocabos\/wp-content\/uploads\/2016\/05\/emeterio_magarinos_lecherc3ada.png","type":"image\/png"}],"author":"Daniel Garc\u00eda Magari\u00f1os","twitter_card":"summary_large_image","twitter_misc":{"Escrito por":"Daniel Garc\u00eda Magari\u00f1os","Tiempo de lectura":"2 minutos"},"schema":{"@context":"https:\/\/schema.org","@graph":[{"@type":"Article","@id":"https:\/\/magarinos.eu\/atandocabos\/blog\/2016\/05\/04\/la-vaqueria-del-tio-emeterio\/#article","isPartOf":{"@id":"https:\/\/magarinos.eu\/atandocabos\/blog\/2016\/05\/04\/la-vaqueria-del-tio-emeterio\/"},"author":{"name":"Daniel Garc\u00eda Magari\u00f1os","@id":"https:\/\/magarinos.eu\/atandocabos\/#\/schema\/person\/ce62485d4bf8f9cc864369bb52591f1e"},"headline":"La vaquer\u00eda del t\u00edo Emeterio","datePublished":"2016-05-04T13:08:37+00:00","dateModified":"2022-07-18T22:38:48+00:00","mainEntityOfPage":{"@id":"https:\/\/magarinos.eu\/atandocabos\/blog\/2016\/05\/04\/la-vaqueria-del-tio-emeterio\/"},"wordCount":441,"commentCount":0,"publisher":{"@id":"https:\/\/magarinos.eu\/atandocabos\/#organization"},"image":{"@id":"https:\/\/magarinos.eu\/atandocabos\/blog\/2016\/05\/04\/la-vaqueria-del-tio-emeterio\/#primaryimage"},"thumbnailUrl":"https:\/\/magarinos.eu\/atandocabos\/wp-content\/uploads\/2016\/05\/emeterio_magarinos_lecherc3ada.png","keywords":["Emeterio Magari\u00f1os Mera","Matilde Torres","Santiago Magari\u00f1os Torres"],"articleSection":["Historias familiares"],"inLanguage":"es","potentialAction":[{"@type":"CommentAction","name":"Comment","target":["https:\/\/magarinos.eu\/atandocabos\/blog\/2016\/05\/04\/la-vaqueria-del-tio-emeterio\/#respond"]}]},{"@type":"WebPage","@id":"https:\/\/magarinos.eu\/atandocabos\/blog\/2016\/05\/04\/la-vaqueria-del-tio-emeterio\/","url":"https:\/\/magarinos.eu\/atandocabos\/blog\/2016\/05\/04\/la-vaqueria-del-tio-emeterio\/","name":"La vaquer\u00eda del t\u00edo Emeterio - Atando Cabos","isPartOf":{"@id":"https:\/\/magarinos.eu\/atandocabos\/#website"},"primaryImageOfPage":{"@id":"https:\/\/magarinos.eu\/atandocabos\/blog\/2016\/05\/04\/la-vaqueria-del-tio-emeterio\/#primaryimage"},"image":{"@id":"https:\/\/magarinos.eu\/atandocabos\/blog\/2016\/05\/04\/la-vaqueria-del-tio-emeterio\/#primaryimage"},"thumbnailUrl":"https:\/\/magarinos.eu\/atandocabos\/wp-content\/uploads\/2016\/05\/emeterio_magarinos_lecherc3ada.png","datePublished":"2016-05-04T13:08:37+00:00","dateModified":"2022-07-18T22:38:48+00:00","breadcrumb":{"@id":"https:\/\/magarinos.eu\/atandocabos\/blog\/2016\/05\/04\/la-vaqueria-del-tio-emeterio\/#breadcrumb"},"inLanguage":"es","potentialAction":[{"@type":"ReadAction","target":["https:\/\/magarinos.eu\/atandocabos\/blog\/2016\/05\/04\/la-vaqueria-del-tio-emeterio\/"]}]},{"@type":"ImageObject","inLanguage":"es","@id":"https:\/\/magarinos.eu\/atandocabos\/blog\/2016\/05\/04\/la-vaqueria-del-tio-emeterio\/#primaryimage","url":"https:\/\/magarinos.eu\/atandocabos\/wp-content\/uploads\/2016\/05\/emeterio_magarinos_lecherc3ada.png","contentUrl":"https:\/\/magarinos.eu\/atandocabos\/wp-content\/uploads\/2016\/05\/emeterio_magarinos_lecherc3ada.png","width":642,"height":576},{"@type":"BreadcrumbList","@id":"https:\/\/magarinos.eu\/atandocabos\/blog\/2016\/05\/04\/la-vaqueria-del-tio-emeterio\/#breadcrumb","itemListElement":[{"@type":"ListItem","position":1,"name":"Portada","item":"https:\/\/magarinos.eu\/atandocabos\/"},{"@type":"ListItem","position":2,"name":"La vaquer\u00eda del t\u00edo Emeterio"}]},{"@type":"WebSite","@id":"https:\/\/magarinos.eu\/atandocabos\/#website","url":"https:\/\/magarinos.eu\/atandocabos\/","name":"Atando Cabos","description":"Una p\u00e1gina web de la familia Magari\u00f1os Ram\u00f3n","publisher":{"@id":"https:\/\/magarinos.eu\/atandocabos\/#organization"},"potentialAction":[{"@type":"SearchAction","target":{"@type":"EntryPoint","urlTemplate":"https:\/\/magarinos.eu\/atandocabos\/?s={search_term_string}"},"query-input":{"@type":"PropertyValueSpecification","valueRequired":true,"valueName":"search_term_string"}}],"inLanguage":"es"},{"@type":"Organization","@id":"https:\/\/magarinos.eu\/atandocabos\/#organization","name":"Atando Cabos","url":"https:\/\/magarinos.eu\/atandocabos\/","logo":{"@type":"ImageObject","inLanguage":"es","@id":"https:\/\/magarinos.eu\/atandocabos\/#\/schema\/logo\/image\/","url":"https:\/\/magarinos.eu\/atandocabos\/wp-content\/uploads\/2022\/06\/cropped-cropped-Caballero_Anciano.jpg","contentUrl":"https:\/\/magarinos.eu\/atandocabos\/wp-content\/uploads\/2022\/06\/cropped-cropped-Caballero_Anciano.jpg","width":512,"height":512,"caption":"Atando Cabos"},"image":{"@id":"https:\/\/magarinos.eu\/atandocabos\/#\/schema\/logo\/image\/"}},{"@type":"Person","@id":"https:\/\/magarinos.eu\/atandocabos\/#\/schema\/person\/ce62485d4bf8f9cc864369bb52591f1e","name":"Daniel Garc\u00eda Magari\u00f1os","image":{"@type":"ImageObject","inLanguage":"es","@id":"https:\/\/secure.gravatar.com\/avatar\/a7c7a82edf145a1bb8c32117ac59cb3be1c2c760796caff2df495a17896be288?s=96&d=mm&r=g","url":"https:\/\/secure.gravatar.com\/avatar\/a7c7a82edf145a1bb8c32117ac59cb3be1c2c760796caff2df495a17896be288?s=96&d=mm&r=g","contentUrl":"https:\/\/secure.gravatar.com\/avatar\/a7c7a82edf145a1bb8c32117ac59cb3be1c2c760796caff2df495a17896be288?s=96&d=mm&r=g","caption":"Daniel Garc\u00eda Magari\u00f1os"},"url":"https:\/\/magarinos.eu\/atandocabos\/blog\/author\/dgarcia\/"}]}},"_links":{"self":[{"href":"https:\/\/magarinos.eu\/atandocabos\/wp-json\/wp\/v2\/posts\/418","targetHints":{"allow":["GET"]}}],"collection":[{"href":"https:\/\/magarinos.eu\/atandocabos\/wp-json\/wp\/v2\/posts"}],"about":[{"href":"https:\/\/magarinos.eu\/atandocabos\/wp-json\/wp\/v2\/types\/post"}],"author":[{"embeddable":true,"href":"https:\/\/magarinos.eu\/atandocabos\/wp-json\/wp\/v2\/users\/1"}],"replies":[{"embeddable":true,"href":"https:\/\/magarinos.eu\/atandocabos\/wp-json\/wp\/v2\/comments?post=418"}],"version-history":[{"count":0,"href":"https:\/\/magarinos.eu\/atandocabos\/wp-json\/wp\/v2\/posts\/418\/revisions"}],"wp:featuredmedia":[{"embeddable":true,"href":"https:\/\/magarinos.eu\/atandocabos\/wp-json\/wp\/v2\/media\/429"}],"wp:attachment":[{"href":"https:\/\/magarinos.eu\/atandocabos\/wp-json\/wp\/v2\/media?parent=418"}],"wp:term":[{"taxonomy":"category","embeddable":true,"href":"https:\/\/magarinos.eu\/atandocabos\/wp-json\/wp\/v2\/categories?post=418"},{"taxonomy":"post_tag","embeddable":true,"href":"https:\/\/magarinos.eu\/atandocabos\/wp-json\/wp\/v2\/tags?post=418"}],"curies":[{"name":"wp","href":"https:\/\/api.w.org\/{rel}","templated":true}]}}