{"id":3647,"date":"2016-04-23T17:02:40","date_gmt":"2016-04-23T17:02:40","guid":{"rendered":"https:\/\/atandocabosweb.wordpress.com\/2016\/04\/23\/first-blog-post\/"},"modified":"2022-07-19T00:39:57","modified_gmt":"2022-07-18T22:39:57","slug":"boda_carlos_dolores","status":"publish","type":"post","link":"https:\/\/magarinos.eu\/atandocabos\/blog\/2016\/04\/23\/boda_carlos_dolores\/","title":{"rendered":"La boda de Carlos y Dolores"},"content":{"rendered":"\n<figure class=\"wp-block-image aligncenter is-resized\"><img loading=\"lazy\" decoding=\"async\" src=\"data:image\/gif;base64,R0lGODlhAQABAIAAAAAAAP\/\/\/yH5BAEAAAAALAAAAAABAAEAAAIBRAA7\" data-src=\"https:\/\/magarinos.eu\/atandocabos\/wp-content\/uploads\/2016\/04\/1936-01-16_boda_carlos-y-dolores_header1.jpg\" alt=\"1936-01-16_Boda_Carlos y Dolores_header\" class=\"wp-image-41 lazyload\" width=\"438\" height=\"339\"\/><noscript><img loading=\"lazy\" decoding=\"async\" src=\"https:\/\/magarinos.eu\/atandocabos\/wp-content\/uploads\/2016\/04\/1936-01-16_boda_carlos-y-dolores_header1.jpg\" alt=\"1936-01-16_Boda_Carlos y Dolores_header\" class=\"wp-image-41 lazyload\" width=\"438\" height=\"339\" srcset=\"https:\/\/magarinos.eu\/atandocabos\/wp-content\/uploads\/2016\/04\/1936-01-16_boda_carlos-y-dolores_header1.jpg 1275w, https:\/\/magarinos.eu\/atandocabos\/wp-content\/uploads\/2016\/04\/1936-01-16_boda_carlos-y-dolores_header1-300x233.jpg 300w, https:\/\/magarinos.eu\/atandocabos\/wp-content\/uploads\/2016\/04\/1936-01-16_boda_carlos-y-dolores_header1-1024x794.jpg 1024w, https:\/\/magarinos.eu\/atandocabos\/wp-content\/uploads\/2016\/04\/1936-01-16_boda_carlos-y-dolores_header1-768x596.jpg 768w\" sizes=\"auto, (max-width: 438px) 100vw, 438px\" \/><\/noscript><\/figure>\n\n\n\n<p>Mis abuelos, <strong>Dolores Ram\u00f3n Llera<\/strong> y&nbsp;<strong>Carlos Magari\u00f1os Garc\u00eda<\/strong>, se casaron el 16 de enero de 1936 en la <strong><a href=\"http:\/\/www.viendomadrid.com\/2010\/02\/iglesia-de-nuestra-senora-de-los.html\" target=\"_blank\" rel=\"noopener\">Iglesia de Nuestra Se\u00f1ora de los Dolores<\/a><\/strong>, en la <strong><a href=\"https:\/\/www.google.de\/maps\/place\/Parroquia+de+Nuestra+Se%C3%B1ora+de+los+Dolores\/@40.4311382,-3.7054963,15z\/data=!4m5!3m4!1s0x0:0x296a563e9e278576!8m2!3d40.4311382!4d-3.7054963\" target=\"_blank\" rel=\"noopener\">calle de San Bernardo<\/a><\/strong>, en Madrid. De esa boda se conservan documentos oficiales como el certificado de matrimonio eclesi\u00e1stico, as\u00ed como un documento personal muy interesante: una carta que escribi\u00f3 mi bisabuelo <strong>Juan Ram\u00f3n Vidal<\/strong>&nbsp;(el padre de la novia) a su hermana <strong>Nacimiento Ram\u00f3n Vidal<\/strong>.<\/p>\n\n\n\n<p>En la carta, adem\u00e1s de los contrayentes, se menciona a las siguientes personas:<\/p>\n\n\n\n<ul class=\"wp-block-list\"><li><strong>Carmen Llera Guti\u00e9rrez<\/strong>, esposa de Juan Ram\u00f3n Vidal y madre de Dolores.<\/li><li><strong>Emilio Ram\u00f3n Vidal<\/strong>, hermano de Juan y de Nacimiento).<\/li><li><strong>Pilar Ram\u00f3n Llera<\/strong>, hermana de Dolores, se casar\u00eda despu\u00e9s de la guerra con Antonio Magari\u00f1os Garc\u00eda.<\/li><li><strong>Ignacia Garc\u00eda del Pozo<\/strong>, madre de Carlos Magari\u00f1os Garc\u00eda, el novio, y que morir\u00eda pocas semanas despu\u00e9s.<\/li><li><strong>Manuel Magari\u00f1os Mera<\/strong>, padre de Carlos. Hab\u00eda muerto en 1912 y la carta menciona que, despu\u00e9s de la boda, los novios fueron a visitar su tumba.<\/li><li><strong>Antonio Magari\u00f1os Garc\u00eda<\/strong>, hermano del novio. Se casar\u00eda despu\u00e9s de la guerra con <a href=\"https:\/\/magarinos.eu\/atandocabos\/1940-la-boda-de-antonio-y-pilar\/\">Pilar Ram\u00f3n Llera<\/a>, hermana de Dolores, la novia.<\/li><li><strong>Perpetuo Espejo<\/strong>, p\u00e1rroco de Cobe\u00f1a, que se desplaz\u00f3 a Madrid para celebrar la boda.<\/li><\/ul>\n\n\n\n<figure class=\"wp-block-image alignleft\"><img decoding=\"async\" src=\"data:image\/gif;base64,R0lGODlhAQABAIAAAAAAAP\/\/\/yH5BAEAAAAALAAAAAABAAEAAAIBRAA7\" data-src=\"https:\/\/magarinos.eu\/atandocabos\/wp-content\/uploads\/2016\/04\/carta-de-juan-a-nacimiento1_instagram2.jpg\" alt=\"carta de juan a nacimiento1_instagram\" class=\"wp-image-33 lazyload\"\/><noscript><img loading=\"lazy\" decoding=\"async\" width=\"783\" height=\"995\" src=\"https:\/\/magarinos.eu\/atandocabos\/wp-content\/uploads\/2016\/04\/carta-de-juan-a-nacimiento1_instagram2.jpg\" alt=\"carta de juan a nacimiento1_instagram\" class=\"wp-image-33 lazyload\" srcset=\"https:\/\/magarinos.eu\/atandocabos\/wp-content\/uploads\/2016\/04\/carta-de-juan-a-nacimiento1_instagram2.jpg 783w, https:\/\/magarinos.eu\/atandocabos\/wp-content\/uploads\/2016\/04\/carta-de-juan-a-nacimiento1_instagram2-236x300.jpg 236w, https:\/\/magarinos.eu\/atandocabos\/wp-content\/uploads\/2016\/04\/carta-de-juan-a-nacimiento1_instagram2-768x976.jpg 768w\" sizes=\"auto, (max-width: 783px) 100vw, 783px\" \/><\/noscript><\/figure>\n\n\n\n<figure class=\"wp-block-image aligncenter\"><img decoding=\"async\" src=\"data:image\/gif;base64,R0lGODlhAQABAIAAAAAAAP\/\/\/yH5BAEAAAAALAAAAAABAAEAAAIBRAA7\" data-src=\"https:\/\/magarinos.eu\/atandocabos\/wp-content\/uploads\/2016\/04\/carta-de-juan-a-nacimiento2_instagram1.jpg\" alt=\"carta de juan a nacimiento2_instagram\" class=\"wp-image-34 lazyload\"\/><noscript><img loading=\"lazy\" decoding=\"async\" width=\"781\" height=\"999\" src=\"https:\/\/magarinos.eu\/atandocabos\/wp-content\/uploads\/2016\/04\/carta-de-juan-a-nacimiento2_instagram1.jpg\" alt=\"carta de juan a nacimiento2_instagram\" class=\"wp-image-34 lazyload\" srcset=\"https:\/\/magarinos.eu\/atandocabos\/wp-content\/uploads\/2016\/04\/carta-de-juan-a-nacimiento2_instagram1.jpg 781w, https:\/\/magarinos.eu\/atandocabos\/wp-content\/uploads\/2016\/04\/carta-de-juan-a-nacimiento2_instagram1-235x300.jpg 235w, https:\/\/magarinos.eu\/atandocabos\/wp-content\/uploads\/2016\/04\/carta-de-juan-a-nacimiento2_instagram1-768x982.jpg 768w\" sizes=\"auto, (max-width: 781px) 100vw, 781px\" \/><\/noscript><\/figure>\n\n\n\n<p>El texto de la carta dice as\u00ed:<\/p>\n\n\n\n<p><em>Juan Ram\u00f3n Vidal<br><\/em><em>Secretario de Ayuntamiento<br><\/em><em>Cobe\u00f1a<br><\/em><em>(Madrid)<\/em><\/p>\n\n\n\n<p><em>17 de Enero de 1936<\/em><\/p>\n\n\n\n<p><em>&nbsp;&nbsp;&nbsp;&nbsp;&nbsp;&nbsp;&nbsp;&nbsp;&nbsp;&nbsp;&nbsp;&nbsp;&nbsp;&nbsp;&nbsp; Querida Nacimiento: Anoche a las diez, regresamos de Madrid despu\u00e9s del acto de la boda de dolores, que result\u00f3 maravilloso. Fue un d\u00eda de emociones que yo no s\u00e9 c\u00f3mo lo resist\u00ed. El d\u00eda antes del acto me dijo Dolores que su gusto ser\u00eda que yo comulgase con ellas aqu\u00ed. Y antes de las siete de la ma\u00f1ana nos encaminamos a la Iglesia todos muy silenciosos y bajo la impresi\u00f3n del acto que \u00edbamos a realizar. Por el ruido que se produc\u00eda en la Iglesia, al volverme, observ\u00e9 que todas lloraban y yo empec\u00e9 a hacer lo mismo. En estas condiciones me arrodill\u00e9 ante el confesionario y tan embargado me ten\u00eda el llanto que solamente pod\u00eda contestar \u201cs\u00ed\u201d o \u201cno\u201d a las preguntas del confesor.<\/em><\/p>\n\n\n\n<p><em>A las ocho menos cuarto vino un coche de Madrid, en el que fuimos los padres con las dos hijas, y los dem\u00e1s en el coche de l\u00ednea. Nos condujo el nuestro a la casa de unos amigos en donde se encontraba la ropa exterior de boda de Dolores y a cuya casa volvi\u00f3 a recogernos a las once menos cuarto para conducirnos a la Iglesia. Aunque el d\u00eda estuvo muy desapacible por el agua que ca\u00eda, hubo una enormidad de gente que llenaba el recinto y yo sub\u00ed al altar mayor cogido del brazo de mi hija y detr\u00e1s Carlos con su&nbsp; madre. Nos arrodillamos en cuatro reclinatorios y empez\u00f3 la ceremonia por el mismo sacerdote de aqu\u00ed que los fue a casar a Madrid. Durante ella nos sacaron una porci\u00f3n de fotograf\u00edas y terminado el acto nos tiraron tambi\u00e9n unas placas en la sacrist\u00eda.<\/em><\/p>\n\n\n\n<p><em>Despu\u00e9s se marcharon los novios con sus madres a una fotograf\u00eda, aquellos con el mismo auto que nos condujo de Cobe\u00f1a y la madre de Carlos y mi hermano, en un taxi y despu\u00e9s de retratarse los reci\u00e9n casados, fueron a depositar el ramo de flores preciosas que llevaba Dolores, sobre la tumba del padre de Carlos.<\/em><\/p>\n\n\n\n<p><em>A las dos de la tarde fue el banquete, que por&nbsp; el n\u00famero y calidad de los concurrentes result\u00f3 muy brillante. Tambi\u00e9n all\u00ed fuimos perseguidos por los fot\u00f3grafos, que sacaron una enormidad de planos. Cuando llegue a&nbsp; nuestras manos alguna de ellas, ya te mandaremos. De las de la Iglesia llevaron&nbsp; casa por la tarde una copias que me gustaron y encargue nueve a cinco pesetas cada una. Dijeron que las llevar\u00edan m\u00e1s tarde a la casa de la madre de Carlos, pero hasta las ocho que salimos Carmen y yo de all\u00ed, no hab\u00edan llegado. No s\u00e9 si me habr\u00e1n timado. En la boda estuvieron Antonio y Emilio, que gozaron mucho.<\/em><\/p>\n\n\n\n<p><em>Hoy estamos de preparativo para dar aqu\u00ed una comida a los jornaleros de casa. Los novios salieron&nbsp; las siete de viaje. No salimos a despedirlos por ahorrarnos esta emoci\u00f3n m\u00e1s.<\/em><\/p>\n\n\n\n<p><em>De Cobe\u00f1a no se invit\u00f3 m\u00e1s que a los quince&nbsp; o veinte familiares y de m\u00e1s intimidad y en el banquete fuimos 118 seg\u00fan la nota de cubiertos que pagu\u00e9.<\/em><\/p>\n\n\n\n<p><em>Todos salieron muy satisfechos y mucho m\u00e1s por ello, nosotros.<\/em><\/p>\n\n\n\n<p><em>Recuerdos y un beso a tus peque\u00f1as. Recibe un abrazo de tu hermano,<\/em><\/p>\n\n\n\n<p><em>&nbsp;&nbsp;&nbsp;&nbsp;&nbsp;&nbsp;&nbsp;&nbsp;&nbsp;&nbsp;&nbsp;&nbsp;&nbsp;&nbsp;&nbsp; Juan Ram\u00f3n<\/em><\/p>\n\n\n\n<p>Otro documento que se conserva de la boda es el certificado de matrimonio. Es curioso que la boda se celebr\u00f3 en Madrid pero, al ser el celebrante p\u00e1rroco de Cobe\u00f1a, \u00e9sta quedo oficialmente registrada en el registro de Cobe\u00f1a y no en el de Madrid.<\/p>\n\n\n\n<figure class=\"wp-block-image aligncenter is-resized\"><img loading=\"lazy\" decoding=\"async\" src=\"data:image\/gif;base64,R0lGODlhAQABAIAAAAAAAP\/\/\/yH5BAEAAAAALAAAAAABAAEAAAIBRAA7\" data-src=\"https:\/\/magarinos.eu\/atandocabos\/wp-content\/uploads\/2016\/04\/certificado-de-matrimonio-religioso-carlos-y-dolores_small.jpg\" alt=\"Certificado de matrimonio religioso Carlos y Dolores_small\" class=\"wp-image-39 lazyload\" width=\"466\" height=\"323\"\/><noscript><img loading=\"lazy\" decoding=\"async\" src=\"https:\/\/magarinos.eu\/atandocabos\/wp-content\/uploads\/2016\/04\/certificado-de-matrimonio-religioso-carlos-y-dolores_small.jpg\" alt=\"Certificado de matrimonio religioso Carlos y Dolores_small\" class=\"wp-image-39 lazyload\" width=\"466\" height=\"323\" srcset=\"https:\/\/magarinos.eu\/atandocabos\/wp-content\/uploads\/2016\/04\/certificado-de-matrimonio-religioso-carlos-y-dolores_small.jpg 1198w, https:\/\/magarinos.eu\/atandocabos\/wp-content\/uploads\/2016\/04\/certificado-de-matrimonio-religioso-carlos-y-dolores_small-300x208.jpg 300w, https:\/\/magarinos.eu\/atandocabos\/wp-content\/uploads\/2016\/04\/certificado-de-matrimonio-religioso-carlos-y-dolores_small-1024x709.jpg 1024w, https:\/\/magarinos.eu\/atandocabos\/wp-content\/uploads\/2016\/04\/certificado-de-matrimonio-religioso-carlos-y-dolores_small-768x532.jpg 768w\" sizes=\"auto, (max-width: 466px) 100vw, 466px\" \/><\/noscript><\/figure>\n\n\n\n<p>Y esta la foto de su boda que mis abuelos ten\u00edan en su casa.<\/p>\n\n\n\n<figure class=\"wp-block-image aligncenter is-resized\"><img loading=\"lazy\" decoding=\"async\" src=\"data:image\/gif;base64,R0lGODlhAQABAIAAAAAAAP\/\/\/yH5BAEAAAAALAAAAAABAAEAAAIBRAA7\" data-src=\"https:\/\/magarinos.eu\/atandocabos\/wp-content\/uploads\/2016\/04\/1936-01-16_boda_carlos-y-dolores.jpg\" alt=\"1936-01-16_Boda_Carlos y Dolores\" class=\"wp-image-27 lazyload\" width=\"461\" height=\"713\"\/><noscript><img loading=\"lazy\" decoding=\"async\" src=\"https:\/\/magarinos.eu\/atandocabos\/wp-content\/uploads\/2016\/04\/1936-01-16_boda_carlos-y-dolores.jpg\" alt=\"1936-01-16_Boda_Carlos y Dolores\" class=\"wp-image-27 lazyload\" width=\"461\" height=\"713\"\/><\/noscript><\/figure>\n","protected":false},"excerpt":{"rendered":"<p>Mis abuelos, Dolores Ram\u00f3n Llera y&nbsp;Carlos Magari\u00f1os Garc\u00eda, se casaron el 16 de enero de 1936 en la Iglesia de Nuestra Se\u00f1ora de los Dolores, en la calle de San Bernardo, en Madrid. De esa boda se conservan documentos oficiales como el certificado de matrimonio eclesi\u00e1stico, as\u00ed como un documento personal muy interesante: una carta [&hellip;]<\/p>\n","protected":false},"author":1,"featured_media":41,"comment_status":"open","ping_status":"open","sticky":false,"template":"","format":"standard","meta":{"footnotes":""},"categories":[3],"tags":[20,25,42],"class_list":["post-3647","post","type-post","status-publish","format-standard","has-post-thumbnail","hentry","category-bodas","tag-boda","tag-carlos-magarinos-garcia","tag-dolores-ramon-llera"],"blocksy_meta":{"styles_descriptor":{"styles":{"desktop":"","tablet":"","mobile":""},"google_fonts":[],"version":6}},"yoast_head":"<!-- This site is optimized with the Yoast SEO plugin v27.5 - https:\/\/yoast.com\/product\/yoast-seo-wordpress\/ -->\n<title>La boda de Carlos y Dolores - Atando Cabos<\/title>\n<meta name=\"robots\" content=\"index, follow, max-snippet:-1, max-image-preview:large, max-video-preview:-1\" \/>\n<link rel=\"canonical\" href=\"https:\/\/magarinos.eu\/atandocabos\/blog\/2016\/04\/23\/boda_carlos_dolores\/\" \/>\n<meta property=\"og:locale\" content=\"es_ES\" \/>\n<meta property=\"og:type\" content=\"article\" \/>\n<meta property=\"og:title\" content=\"La boda de Carlos y Dolores - Atando Cabos\" \/>\n<meta property=\"og:description\" content=\"Mis abuelos, Dolores Ram\u00f3n Llera y&nbsp;Carlos Magari\u00f1os Garc\u00eda, se casaron el 16 de enero de 1936 en la Iglesia de Nuestra Se\u00f1ora de los Dolores, en la calle de San Bernardo, en Madrid. De esa boda se conservan documentos oficiales como el certificado de matrimonio eclesi\u00e1stico, as\u00ed como un documento personal muy interesante: una carta [&hellip;]\" \/>\n<meta property=\"og:url\" content=\"https:\/\/magarinos.eu\/atandocabos\/blog\/2016\/04\/23\/boda_carlos_dolores\/\" \/>\n<meta property=\"og:site_name\" content=\"Atando Cabos\" \/>\n<meta property=\"article:published_time\" content=\"2016-04-23T17:02:40+00:00\" \/>\n<meta property=\"article:modified_time\" content=\"2022-07-18T22:39:57+00:00\" \/>\n<meta property=\"og:image\" content=\"https:\/\/magarinos.eu\/atandocabos\/wp-content\/uploads\/2016\/04\/1936-01-16_boda_carlos-y-dolores_header1.jpg\" \/>\n\t<meta property=\"og:image:width\" content=\"1275\" \/>\n\t<meta property=\"og:image:height\" content=\"989\" \/>\n\t<meta property=\"og:image:type\" content=\"image\/jpeg\" \/>\n<meta name=\"author\" content=\"Daniel Garc\u00eda Magari\u00f1os\" \/>\n<meta name=\"twitter:card\" content=\"summary_large_image\" \/>\n<meta name=\"twitter:label1\" content=\"Escrito por\" \/>\n\t<meta name=\"twitter:data1\" content=\"Daniel Garc\u00eda Magari\u00f1os\" \/>\n\t<meta name=\"twitter:label2\" content=\"Tiempo de lectura\" \/>\n\t<meta name=\"twitter:data2\" content=\"5 minutos\" \/>\n<script type=\"application\/ld+json\" class=\"yoast-schema-graph\">{\"@context\":\"https:\\\/\\\/schema.org\",\"@graph\":[{\"@type\":\"Article\",\"@id\":\"https:\\\/\\\/magarinos.eu\\\/atandocabos\\\/blog\\\/2016\\\/04\\\/23\\\/boda_carlos_dolores\\\/#article\",\"isPartOf\":{\"@id\":\"https:\\\/\\\/magarinos.eu\\\/atandocabos\\\/blog\\\/2016\\\/04\\\/23\\\/boda_carlos_dolores\\\/\"},\"author\":{\"name\":\"Daniel Garc\u00eda Magari\u00f1os\",\"@id\":\"https:\\\/\\\/magarinos.eu\\\/atandocabos\\\/#\\\/schema\\\/person\\\/ce62485d4bf8f9cc864369bb52591f1e\"},\"headline\":\"La boda de Carlos y Dolores\",\"datePublished\":\"2016-04-23T17:02:40+00:00\",\"dateModified\":\"2022-07-18T22:39:57+00:00\",\"mainEntityOfPage\":{\"@id\":\"https:\\\/\\\/magarinos.eu\\\/atandocabos\\\/blog\\\/2016\\\/04\\\/23\\\/boda_carlos_dolores\\\/\"},\"wordCount\":921,\"commentCount\":0,\"publisher\":{\"@id\":\"https:\\\/\\\/magarinos.eu\\\/atandocabos\\\/#organization\"},\"image\":{\"@id\":\"https:\\\/\\\/magarinos.eu\\\/atandocabos\\\/blog\\\/2016\\\/04\\\/23\\\/boda_carlos_dolores\\\/#primaryimage\"},\"thumbnailUrl\":\"https:\\\/\\\/magarinos.eu\\\/atandocabos\\\/wp-content\\\/uploads\\\/2016\\\/04\\\/1936-01-16_boda_carlos-y-dolores_header1.jpg\",\"keywords\":[\"boda\",\"Carlos Magari\u00f1os Garc\u00eda\",\"Dolores Ram\u00f3n Llera\"],\"articleSection\":[\"Bodas\"],\"inLanguage\":\"es\",\"potentialAction\":[{\"@type\":\"CommentAction\",\"name\":\"Comment\",\"target\":[\"https:\\\/\\\/magarinos.eu\\\/atandocabos\\\/blog\\\/2016\\\/04\\\/23\\\/boda_carlos_dolores\\\/#respond\"]}]},{\"@type\":\"WebPage\",\"@id\":\"https:\\\/\\\/magarinos.eu\\\/atandocabos\\\/blog\\\/2016\\\/04\\\/23\\\/boda_carlos_dolores\\\/\",\"url\":\"https:\\\/\\\/magarinos.eu\\\/atandocabos\\\/blog\\\/2016\\\/04\\\/23\\\/boda_carlos_dolores\\\/\",\"name\":\"La boda de Carlos y Dolores - Atando Cabos\",\"isPartOf\":{\"@id\":\"https:\\\/\\\/magarinos.eu\\\/atandocabos\\\/#website\"},\"primaryImageOfPage\":{\"@id\":\"https:\\\/\\\/magarinos.eu\\\/atandocabos\\\/blog\\\/2016\\\/04\\\/23\\\/boda_carlos_dolores\\\/#primaryimage\"},\"image\":{\"@id\":\"https:\\\/\\\/magarinos.eu\\\/atandocabos\\\/blog\\\/2016\\\/04\\\/23\\\/boda_carlos_dolores\\\/#primaryimage\"},\"thumbnailUrl\":\"https:\\\/\\\/magarinos.eu\\\/atandocabos\\\/wp-content\\\/uploads\\\/2016\\\/04\\\/1936-01-16_boda_carlos-y-dolores_header1.jpg\",\"datePublished\":\"2016-04-23T17:02:40+00:00\",\"dateModified\":\"2022-07-18T22:39:57+00:00\",\"breadcrumb\":{\"@id\":\"https:\\\/\\\/magarinos.eu\\\/atandocabos\\\/blog\\\/2016\\\/04\\\/23\\\/boda_carlos_dolores\\\/#breadcrumb\"},\"inLanguage\":\"es\",\"potentialAction\":[{\"@type\":\"ReadAction\",\"target\":[\"https:\\\/\\\/magarinos.eu\\\/atandocabos\\\/blog\\\/2016\\\/04\\\/23\\\/boda_carlos_dolores\\\/\"]}]},{\"@type\":\"ImageObject\",\"inLanguage\":\"es\",\"@id\":\"https:\\\/\\\/magarinos.eu\\\/atandocabos\\\/blog\\\/2016\\\/04\\\/23\\\/boda_carlos_dolores\\\/#primaryimage\",\"url\":\"https:\\\/\\\/magarinos.eu\\\/atandocabos\\\/wp-content\\\/uploads\\\/2016\\\/04\\\/1936-01-16_boda_carlos-y-dolores_header1.jpg\",\"contentUrl\":\"https:\\\/\\\/magarinos.eu\\\/atandocabos\\\/wp-content\\\/uploads\\\/2016\\\/04\\\/1936-01-16_boda_carlos-y-dolores_header1.jpg\",\"width\":1275,\"height\":989},{\"@type\":\"BreadcrumbList\",\"@id\":\"https:\\\/\\\/magarinos.eu\\\/atandocabos\\\/blog\\\/2016\\\/04\\\/23\\\/boda_carlos_dolores\\\/#breadcrumb\",\"itemListElement\":[{\"@type\":\"ListItem\",\"position\":1,\"name\":\"Portada\",\"item\":\"https:\\\/\\\/magarinos.eu\\\/atandocabos\\\/\"},{\"@type\":\"ListItem\",\"position\":2,\"name\":\"La boda de Carlos y Dolores\"}]},{\"@type\":\"WebSite\",\"@id\":\"https:\\\/\\\/magarinos.eu\\\/atandocabos\\\/#website\",\"url\":\"https:\\\/\\\/magarinos.eu\\\/atandocabos\\\/\",\"name\":\"Atando Cabos\",\"description\":\"Una p\u00e1gina web de la familia Magari\u00f1os Ram\u00f3n\",\"publisher\":{\"@id\":\"https:\\\/\\\/magarinos.eu\\\/atandocabos\\\/#organization\"},\"potentialAction\":[{\"@type\":\"SearchAction\",\"target\":{\"@type\":\"EntryPoint\",\"urlTemplate\":\"https:\\\/\\\/magarinos.eu\\\/atandocabos\\\/?s={search_term_string}\"},\"query-input\":{\"@type\":\"PropertyValueSpecification\",\"valueRequired\":true,\"valueName\":\"search_term_string\"}}],\"inLanguage\":\"es\"},{\"@type\":\"Organization\",\"@id\":\"https:\\\/\\\/magarinos.eu\\\/atandocabos\\\/#organization\",\"name\":\"Atando Cabos\",\"url\":\"https:\\\/\\\/magarinos.eu\\\/atandocabos\\\/\",\"logo\":{\"@type\":\"ImageObject\",\"inLanguage\":\"es\",\"@id\":\"https:\\\/\\\/magarinos.eu\\\/atandocabos\\\/#\\\/schema\\\/logo\\\/image\\\/\",\"url\":\"https:\\\/\\\/magarinos.eu\\\/atandocabos\\\/wp-content\\\/uploads\\\/2022\\\/06\\\/cropped-cropped-Caballero_Anciano.jpg\",\"contentUrl\":\"https:\\\/\\\/magarinos.eu\\\/atandocabos\\\/wp-content\\\/uploads\\\/2022\\\/06\\\/cropped-cropped-Caballero_Anciano.jpg\",\"width\":512,\"height\":512,\"caption\":\"Atando Cabos\"},\"image\":{\"@id\":\"https:\\\/\\\/magarinos.eu\\\/atandocabos\\\/#\\\/schema\\\/logo\\\/image\\\/\"}},{\"@type\":\"Person\",\"@id\":\"https:\\\/\\\/magarinos.eu\\\/atandocabos\\\/#\\\/schema\\\/person\\\/ce62485d4bf8f9cc864369bb52591f1e\",\"name\":\"Daniel Garc\u00eda Magari\u00f1os\",\"image\":{\"@type\":\"ImageObject\",\"inLanguage\":\"es\",\"@id\":\"https:\\\/\\\/secure.gravatar.com\\\/avatar\\\/a7c7a82edf145a1bb8c32117ac59cb3be1c2c760796caff2df495a17896be288?s=96&d=mm&r=g\",\"url\":\"https:\\\/\\\/secure.gravatar.com\\\/avatar\\\/a7c7a82edf145a1bb8c32117ac59cb3be1c2c760796caff2df495a17896be288?s=96&d=mm&r=g\",\"contentUrl\":\"https:\\\/\\\/secure.gravatar.com\\\/avatar\\\/a7c7a82edf145a1bb8c32117ac59cb3be1c2c760796caff2df495a17896be288?s=96&d=mm&r=g\",\"caption\":\"Daniel Garc\u00eda Magari\u00f1os\"},\"url\":\"https:\\\/\\\/magarinos.eu\\\/atandocabos\\\/blog\\\/author\\\/dgarcia\\\/\"}]}<\/script>\n<!-- \/ Yoast SEO plugin. -->","yoast_head_json":{"title":"La boda de Carlos y Dolores - Atando Cabos","robots":{"index":"index","follow":"follow","max-snippet":"max-snippet:-1","max-image-preview":"max-image-preview:large","max-video-preview":"max-video-preview:-1"},"canonical":"https:\/\/magarinos.eu\/atandocabos\/blog\/2016\/04\/23\/boda_carlos_dolores\/","og_locale":"es_ES","og_type":"article","og_title":"La boda de Carlos y Dolores - Atando Cabos","og_description":"Mis abuelos, Dolores Ram\u00f3n Llera y&nbsp;Carlos Magari\u00f1os Garc\u00eda, se casaron el 16 de enero de 1936 en la Iglesia de Nuestra Se\u00f1ora de los Dolores, en la calle de San Bernardo, en Madrid. De esa boda se conservan documentos oficiales como el certificado de matrimonio eclesi\u00e1stico, as\u00ed como un documento personal muy interesante: una carta [&hellip;]","og_url":"https:\/\/magarinos.eu\/atandocabos\/blog\/2016\/04\/23\/boda_carlos_dolores\/","og_site_name":"Atando Cabos","article_published_time":"2016-04-23T17:02:40+00:00","article_modified_time":"2022-07-18T22:39:57+00:00","og_image":[{"width":1275,"height":989,"url":"https:\/\/magarinos.eu\/atandocabos\/wp-content\/uploads\/2016\/04\/1936-01-16_boda_carlos-y-dolores_header1.jpg","type":"image\/jpeg"}],"author":"Daniel Garc\u00eda Magari\u00f1os","twitter_card":"summary_large_image","twitter_misc":{"Escrito por":"Daniel Garc\u00eda Magari\u00f1os","Tiempo de lectura":"5 minutos"},"schema":{"@context":"https:\/\/schema.org","@graph":[{"@type":"Article","@id":"https:\/\/magarinos.eu\/atandocabos\/blog\/2016\/04\/23\/boda_carlos_dolores\/#article","isPartOf":{"@id":"https:\/\/magarinos.eu\/atandocabos\/blog\/2016\/04\/23\/boda_carlos_dolores\/"},"author":{"name":"Daniel Garc\u00eda Magari\u00f1os","@id":"https:\/\/magarinos.eu\/atandocabos\/#\/schema\/person\/ce62485d4bf8f9cc864369bb52591f1e"},"headline":"La boda de Carlos y Dolores","datePublished":"2016-04-23T17:02:40+00:00","dateModified":"2022-07-18T22:39:57+00:00","mainEntityOfPage":{"@id":"https:\/\/magarinos.eu\/atandocabos\/blog\/2016\/04\/23\/boda_carlos_dolores\/"},"wordCount":921,"commentCount":0,"publisher":{"@id":"https:\/\/magarinos.eu\/atandocabos\/#organization"},"image":{"@id":"https:\/\/magarinos.eu\/atandocabos\/blog\/2016\/04\/23\/boda_carlos_dolores\/#primaryimage"},"thumbnailUrl":"https:\/\/magarinos.eu\/atandocabos\/wp-content\/uploads\/2016\/04\/1936-01-16_boda_carlos-y-dolores_header1.jpg","keywords":["boda","Carlos Magari\u00f1os Garc\u00eda","Dolores Ram\u00f3n Llera"],"articleSection":["Bodas"],"inLanguage":"es","potentialAction":[{"@type":"CommentAction","name":"Comment","target":["https:\/\/magarinos.eu\/atandocabos\/blog\/2016\/04\/23\/boda_carlos_dolores\/#respond"]}]},{"@type":"WebPage","@id":"https:\/\/magarinos.eu\/atandocabos\/blog\/2016\/04\/23\/boda_carlos_dolores\/","url":"https:\/\/magarinos.eu\/atandocabos\/blog\/2016\/04\/23\/boda_carlos_dolores\/","name":"La boda de Carlos y Dolores - Atando Cabos","isPartOf":{"@id":"https:\/\/magarinos.eu\/atandocabos\/#website"},"primaryImageOfPage":{"@id":"https:\/\/magarinos.eu\/atandocabos\/blog\/2016\/04\/23\/boda_carlos_dolores\/#primaryimage"},"image":{"@id":"https:\/\/magarinos.eu\/atandocabos\/blog\/2016\/04\/23\/boda_carlos_dolores\/#primaryimage"},"thumbnailUrl":"https:\/\/magarinos.eu\/atandocabos\/wp-content\/uploads\/2016\/04\/1936-01-16_boda_carlos-y-dolores_header1.jpg","datePublished":"2016-04-23T17:02:40+00:00","dateModified":"2022-07-18T22:39:57+00:00","breadcrumb":{"@id":"https:\/\/magarinos.eu\/atandocabos\/blog\/2016\/04\/23\/boda_carlos_dolores\/#breadcrumb"},"inLanguage":"es","potentialAction":[{"@type":"ReadAction","target":["https:\/\/magarinos.eu\/atandocabos\/blog\/2016\/04\/23\/boda_carlos_dolores\/"]}]},{"@type":"ImageObject","inLanguage":"es","@id":"https:\/\/magarinos.eu\/atandocabos\/blog\/2016\/04\/23\/boda_carlos_dolores\/#primaryimage","url":"https:\/\/magarinos.eu\/atandocabos\/wp-content\/uploads\/2016\/04\/1936-01-16_boda_carlos-y-dolores_header1.jpg","contentUrl":"https:\/\/magarinos.eu\/atandocabos\/wp-content\/uploads\/2016\/04\/1936-01-16_boda_carlos-y-dolores_header1.jpg","width":1275,"height":989},{"@type":"BreadcrumbList","@id":"https:\/\/magarinos.eu\/atandocabos\/blog\/2016\/04\/23\/boda_carlos_dolores\/#breadcrumb","itemListElement":[{"@type":"ListItem","position":1,"name":"Portada","item":"https:\/\/magarinos.eu\/atandocabos\/"},{"@type":"ListItem","position":2,"name":"La boda de Carlos y Dolores"}]},{"@type":"WebSite","@id":"https:\/\/magarinos.eu\/atandocabos\/#website","url":"https:\/\/magarinos.eu\/atandocabos\/","name":"Atando Cabos","description":"Una p\u00e1gina web de la familia Magari\u00f1os Ram\u00f3n","publisher":{"@id":"https:\/\/magarinos.eu\/atandocabos\/#organization"},"potentialAction":[{"@type":"SearchAction","target":{"@type":"EntryPoint","urlTemplate":"https:\/\/magarinos.eu\/atandocabos\/?s={search_term_string}"},"query-input":{"@type":"PropertyValueSpecification","valueRequired":true,"valueName":"search_term_string"}}],"inLanguage":"es"},{"@type":"Organization","@id":"https:\/\/magarinos.eu\/atandocabos\/#organization","name":"Atando Cabos","url":"https:\/\/magarinos.eu\/atandocabos\/","logo":{"@type":"ImageObject","inLanguage":"es","@id":"https:\/\/magarinos.eu\/atandocabos\/#\/schema\/logo\/image\/","url":"https:\/\/magarinos.eu\/atandocabos\/wp-content\/uploads\/2022\/06\/cropped-cropped-Caballero_Anciano.jpg","contentUrl":"https:\/\/magarinos.eu\/atandocabos\/wp-content\/uploads\/2022\/06\/cropped-cropped-Caballero_Anciano.jpg","width":512,"height":512,"caption":"Atando Cabos"},"image":{"@id":"https:\/\/magarinos.eu\/atandocabos\/#\/schema\/logo\/image\/"}},{"@type":"Person","@id":"https:\/\/magarinos.eu\/atandocabos\/#\/schema\/person\/ce62485d4bf8f9cc864369bb52591f1e","name":"Daniel Garc\u00eda Magari\u00f1os","image":{"@type":"ImageObject","inLanguage":"es","@id":"https:\/\/secure.gravatar.com\/avatar\/a7c7a82edf145a1bb8c32117ac59cb3be1c2c760796caff2df495a17896be288?s=96&d=mm&r=g","url":"https:\/\/secure.gravatar.com\/avatar\/a7c7a82edf145a1bb8c32117ac59cb3be1c2c760796caff2df495a17896be288?s=96&d=mm&r=g","contentUrl":"https:\/\/secure.gravatar.com\/avatar\/a7c7a82edf145a1bb8c32117ac59cb3be1c2c760796caff2df495a17896be288?s=96&d=mm&r=g","caption":"Daniel Garc\u00eda Magari\u00f1os"},"url":"https:\/\/magarinos.eu\/atandocabos\/blog\/author\/dgarcia\/"}]}},"_links":{"self":[{"href":"https:\/\/magarinos.eu\/atandocabos\/wp-json\/wp\/v2\/posts\/3647","targetHints":{"allow":["GET"]}}],"collection":[{"href":"https:\/\/magarinos.eu\/atandocabos\/wp-json\/wp\/v2\/posts"}],"about":[{"href":"https:\/\/magarinos.eu\/atandocabos\/wp-json\/wp\/v2\/types\/post"}],"author":[{"embeddable":true,"href":"https:\/\/magarinos.eu\/atandocabos\/wp-json\/wp\/v2\/users\/1"}],"replies":[{"embeddable":true,"href":"https:\/\/magarinos.eu\/atandocabos\/wp-json\/wp\/v2\/comments?post=3647"}],"version-history":[{"count":0,"href":"https:\/\/magarinos.eu\/atandocabos\/wp-json\/wp\/v2\/posts\/3647\/revisions"}],"wp:featuredmedia":[{"embeddable":true,"href":"https:\/\/magarinos.eu\/atandocabos\/wp-json\/wp\/v2\/media\/41"}],"wp:attachment":[{"href":"https:\/\/magarinos.eu\/atandocabos\/wp-json\/wp\/v2\/media?parent=3647"}],"wp:term":[{"taxonomy":"category","embeddable":true,"href":"https:\/\/magarinos.eu\/atandocabos\/wp-json\/wp\/v2\/categories?post=3647"},{"taxonomy":"post_tag","embeddable":true,"href":"https:\/\/magarinos.eu\/atandocabos\/wp-json\/wp\/v2\/tags?post=3647"}],"curies":[{"name":"wp","href":"https:\/\/api.w.org\/{rel}","templated":true}]}}