{"id":363,"date":"2016-05-03T18:51:53","date_gmt":"2016-05-03T18:51:53","guid":{"rendered":"https:\/\/atandocabosweb.wordpress.com\/?p=363"},"modified":"2022-07-19T00:16:32","modified_gmt":"2022-07-18T22:16:32","slug":"la-boda-de-manuel-e-ignacia","status":"publish","type":"post","link":"https:\/\/magarinos.eu\/atandocabos\/blog\/2016\/05\/03\/la-boda-de-manuel-e-ignacia\/","title":{"rendered":"La boda de Manuel e Ignacia en 1903"},"content":{"rendered":"\n<figure class=\"wp-block-image aligncenter is-resized\"><img loading=\"lazy\" decoding=\"async\" src=\"data:image\/gif;base64,R0lGODlhAQABAIAAAAAAAP\/\/\/yH5BAEAAAAALAAAAAABAAEAAAIBRAA7\" data-src=\"https:\/\/magarinos.eu\/atandocabos\/wp-content\/uploads\/2016\/05\/1903-04-28_boda-de-manuel-e-ignacia-small1.jpg?w=846\" alt=\"1903-04-28_boda de Manuel e Ignacia small.jpg\" class=\"wp-image-377 lazyload\" width=\"356\" height=\"522\"\/><noscript><img loading=\"lazy\" decoding=\"async\" src=\"https:\/\/magarinos.eu\/atandocabos\/wp-content\/uploads\/2016\/05\/1903-04-28_boda-de-manuel-e-ignacia-small1.jpg?w=846\" alt=\"1903-04-28_boda de Manuel e Ignacia small.jpg\" class=\"wp-image-377 lazyload\" width=\"356\" height=\"522\" srcset=\"https:\/\/magarinos.eu\/atandocabos\/wp-content\/uploads\/2016\/05\/1903-04-28_boda-de-manuel-e-ignacia-small1.jpg 1253w, https:\/\/magarinos.eu\/atandocabos\/wp-content\/uploads\/2016\/05\/1903-04-28_boda-de-manuel-e-ignacia-small1-205x300.jpg 205w, https:\/\/magarinos.eu\/atandocabos\/wp-content\/uploads\/2016\/05\/1903-04-28_boda-de-manuel-e-ignacia-small1-698x1024.jpg 698w, https:\/\/magarinos.eu\/atandocabos\/wp-content\/uploads\/2016\/05\/1903-04-28_boda-de-manuel-e-ignacia-small1-768x1126.jpg 768w, https:\/\/magarinos.eu\/atandocabos\/wp-content\/uploads\/2016\/05\/1903-04-28_boda-de-manuel-e-ignacia-small1-1048x1536.jpg 1048w\" sizes=\"auto, (max-width: 356px) 100vw, 356px\" \/><\/noscript><\/figure>\n\n\n\n<p><strong>Manuel Magari\u00f1os Mera<\/strong> (1873-1912) e <strong>Ignacia Garc\u00eda del Pozo<\/strong>&nbsp;(1879-1936) fueron los padres de mi abuelo Carlos y de mi t\u00edo abuelo Antonio. Se casaron a las <strong>8:30 del jueves 28 de mayo de 1903<\/strong>.&nbsp;pero el matrimonio no duro demasiado tiempo. En 1912 muri\u00f3 Manuel de fiebres tifoideas a los 39 a\u00f1os.<\/p>\n\n\n\n<p>De la boda de Manuel e Ignacia se conservan algunas fotos y una copia del certificado de Matrimonio, que dice as\u00ed:<\/p>\n\n\n\n<p><em>En Madrid hoy, d\u00eda de la fecha del acto, ante Don Manuel L\u00f3pez Avil\u00e9s, Juez Municipal del distrito de la Latina por Juli\u00e1n Fern\u00e1ndez Garc\u00eda, Secretario, se procede a inscribir la que literalmente dice as\u00ed:<br><\/em><em> En la Villa de Madrid, <strong>a las ocho y media de la ma\u00f1ana del d\u00eda veintiocho de Mayo de mil novecientos tres<\/strong>, hall\u00e1ndome yo el infrascrito Don Tom\u00e1s Andr\u00e9s Llorente en la <strong><a href=\"https:\/\/es.wikipedia.org\/wiki\/Iglesia_de_San_Andr%C3%A9s_(Madrid)\" target=\"_blank\" rel=\"noopener\">Parroquia de San Andr\u00e9s<\/a><\/strong>, a donde me traslad\u00e9 como delegado nombrado por el se\u00f1or Juez Municipal del Distrito de la Latina para asistir en cumplimiento de los dispuesto en el art\u00edculo setenta y siete del C\u00f3digo Civil a la celebraci\u00f3n del matrimonio can\u00f3nico convenido entre <strong>Don Manuel Magari\u00f1os Mera<\/strong> y <strong>Do\u00f1a Ignacia Garc\u00eda del Pozo.<br><\/strong><\/em><em>Que en mi presencia ha procedido el presb\u00edtero <strong>Don Gabriel L\u00f3pez<\/strong>, Sacerdote Mayor de dicha Iglesia, a unir en matrimonio can\u00f3nico a los referidos Don Manuel Magari\u00f1os Mera, de treinta a\u00f1os de edad, empleado, soltero, natural y vecino de Madrid, domiciliado en la calle de las Infantas diez y ocho principal, hijo leg\u00edtimo de Don Antonio, difunto, natural de Puenteareas, Pontevedra, y de Do\u00f1a Cipriana Mera, difunta, natural de Gerdiz, Lugo; y a Do\u00f1a Ignacia Garc\u00eda del Pozo, de veintitres a\u00f1os de edad, sus labores, soltera, natural de Madrid, domiciliada en la calle de Jorge Juan, siete, piso cuarto, hija leg\u00edtima de Don Francisco, difunto, natural de Madrid y de Do\u00f1a Carlota, viuda, natural de esta Corte; habiendo asistido adem\u00e1s a dicho acto los testigos, mayores de edad, Don Aquilino Dom\u00ednguez Fern\u00e1ndez, que vive en Colegiata dos, Don Enrique Esteban Retiro, soltero, vecino de Campo Real. Y para que conste extiendo la presente acta de incorporaci\u00f3n firm\u00e1ndola a continuaci\u00f3n los contrayentes y testigos asistentes al acto de que certifica:<\/em><\/p>\n\n\n\n<p><em>Manuel Magari\u00f1os Mera<\/em><br><em>Ignacia Garc\u00eda<\/em><br><em>Aquilino Dom\u00ednguez Fern\u00e1ndez<\/em><br><em>Enrique Esteban Retiro<\/em><br><em>Tom\u00e1s Andr\u00e9s<\/em><\/p>\n\n\n\n<p>La madre de Manuel se llamaba <strong>Cipriana Mera<\/strong> y en la familia estamos convencidos de que deb\u00eda ser pariente de <strong>Cipriano Mera<\/strong>.<\/p>\n\n\n\n<p>De <strong>Enrique Esteban Retiro<\/strong> sabemos que fue maestro en Campo Real, jubil\u00e1ndose en 1941.<\/p>\n","protected":false},"excerpt":{"rendered":"<p>Manuel Magari\u00f1os Mera (1873-1912) e Ignacia Garc\u00eda del Pozo&nbsp;(1879-1936) fueron los padres de mi abuelo Carlos y de mi t\u00edo abuelo Antonio. Se casaron a las 8:30 del jueves 28 de mayo de 1903.&nbsp;pero el matrimonio no duro demasiado tiempo. En 1912 muri\u00f3 Manuel de fiebres tifoideas a los 39 a\u00f1os. De la boda de [&hellip;]<\/p>\n","protected":false},"author":1,"featured_media":2005,"comment_status":"open","ping_status":"open","sticky":false,"template":"","format":"standard","meta":{"footnotes":""},"categories":[3],"tags":[70,92],"class_list":["post-363","post","type-post","status-publish","format-standard","has-post-thumbnail","hentry","category-bodas","tag-ignacia-garcia-del-pozo","tag-manuel-magarinos-mera"],"blocksy_meta":{"styles_descriptor":{"styles":{"desktop":"","tablet":"","mobile":""},"google_fonts":[],"version":6}},"yoast_head":"<!-- This site is optimized with the Yoast SEO plugin v27.5 - https:\/\/yoast.com\/product\/yoast-seo-wordpress\/ -->\n<title>La boda de Manuel e Ignacia en 1903 - Atando Cabos<\/title>\n<meta name=\"robots\" content=\"index, follow, max-snippet:-1, max-image-preview:large, max-video-preview:-1\" \/>\n<link rel=\"canonical\" href=\"https:\/\/magarinos.eu\/atandocabos\/blog\/2016\/05\/03\/la-boda-de-manuel-e-ignacia\/\" \/>\n<meta property=\"og:locale\" content=\"es_ES\" \/>\n<meta property=\"og:type\" content=\"article\" \/>\n<meta property=\"og:title\" content=\"La boda de Manuel e Ignacia en 1903 - Atando Cabos\" \/>\n<meta property=\"og:description\" content=\"Manuel Magari\u00f1os Mera (1873-1912) e Ignacia Garc\u00eda del Pozo&nbsp;(1879-1936) fueron los padres de mi abuelo Carlos y de mi t\u00edo abuelo Antonio. Se casaron a las 8:30 del jueves 28 de mayo de 1903.&nbsp;pero el matrimonio no duro demasiado tiempo. En 1912 muri\u00f3 Manuel de fiebres tifoideas a los 39 a\u00f1os. De la boda de [&hellip;]\" \/>\n<meta property=\"og:url\" content=\"https:\/\/magarinos.eu\/atandocabos\/blog\/2016\/05\/03\/la-boda-de-manuel-e-ignacia\/\" \/>\n<meta property=\"og:site_name\" content=\"Atando Cabos\" \/>\n<meta property=\"article:published_time\" content=\"2016-05-03T18:51:53+00:00\" \/>\n<meta property=\"article:modified_time\" content=\"2022-07-18T22:16:32+00:00\" \/>\n<meta property=\"og:image\" content=\"https:\/\/magarinos.eu\/atandocabos\/wp-content\/uploads\/2016\/11\/1903-04-28_boda-de-manuel-e-ignacia-primer-plano.jpg\" \/>\n\t<meta property=\"og:image:width\" content=\"786\" \/>\n\t<meta property=\"og:image:height\" content=\"528\" \/>\n\t<meta property=\"og:image:type\" content=\"image\/jpeg\" \/>\n<meta name=\"author\" content=\"Daniel Garc\u00eda Magari\u00f1os\" \/>\n<meta name=\"twitter:card\" content=\"summary_large_image\" \/>\n<meta name=\"twitter:label1\" content=\"Escrito por\" \/>\n\t<meta name=\"twitter:data1\" content=\"Daniel Garc\u00eda Magari\u00f1os\" \/>\n\t<meta name=\"twitter:label2\" content=\"Tiempo de lectura\" \/>\n\t<meta name=\"twitter:data2\" content=\"3 minutos\" \/>\n<script type=\"application\/ld+json\" class=\"yoast-schema-graph\">{\"@context\":\"https:\\\/\\\/schema.org\",\"@graph\":[{\"@type\":\"Article\",\"@id\":\"https:\\\/\\\/magarinos.eu\\\/atandocabos\\\/blog\\\/2016\\\/05\\\/03\\\/la-boda-de-manuel-e-ignacia\\\/#article\",\"isPartOf\":{\"@id\":\"https:\\\/\\\/magarinos.eu\\\/atandocabos\\\/blog\\\/2016\\\/05\\\/03\\\/la-boda-de-manuel-e-ignacia\\\/\"},\"author\":{\"name\":\"Daniel Garc\u00eda Magari\u00f1os\",\"@id\":\"https:\\\/\\\/magarinos.eu\\\/atandocabos\\\/#\\\/schema\\\/person\\\/ce62485d4bf8f9cc864369bb52591f1e\"},\"headline\":\"La boda de Manuel e Ignacia en 1903\",\"datePublished\":\"2016-05-03T18:51:53+00:00\",\"dateModified\":\"2022-07-18T22:16:32+00:00\",\"mainEntityOfPage\":{\"@id\":\"https:\\\/\\\/magarinos.eu\\\/atandocabos\\\/blog\\\/2016\\\/05\\\/03\\\/la-boda-de-manuel-e-ignacia\\\/\"},\"wordCount\":467,\"commentCount\":0,\"publisher\":{\"@id\":\"https:\\\/\\\/magarinos.eu\\\/atandocabos\\\/#organization\"},\"image\":{\"@id\":\"https:\\\/\\\/magarinos.eu\\\/atandocabos\\\/blog\\\/2016\\\/05\\\/03\\\/la-boda-de-manuel-e-ignacia\\\/#primaryimage\"},\"thumbnailUrl\":\"https:\\\/\\\/magarinos.eu\\\/atandocabos\\\/wp-content\\\/uploads\\\/2016\\\/11\\\/1903-04-28_boda-de-manuel-e-ignacia-primer-plano.jpg\",\"keywords\":[\"Ignacia Garc\u00eda del Pozo\",\"Manuel Magari\u00f1os Mera\"],\"articleSection\":[\"Bodas\"],\"inLanguage\":\"es\",\"potentialAction\":[{\"@type\":\"CommentAction\",\"name\":\"Comment\",\"target\":[\"https:\\\/\\\/magarinos.eu\\\/atandocabos\\\/blog\\\/2016\\\/05\\\/03\\\/la-boda-de-manuel-e-ignacia\\\/#respond\"]}]},{\"@type\":\"WebPage\",\"@id\":\"https:\\\/\\\/magarinos.eu\\\/atandocabos\\\/blog\\\/2016\\\/05\\\/03\\\/la-boda-de-manuel-e-ignacia\\\/\",\"url\":\"https:\\\/\\\/magarinos.eu\\\/atandocabos\\\/blog\\\/2016\\\/05\\\/03\\\/la-boda-de-manuel-e-ignacia\\\/\",\"name\":\"La boda de Manuel e Ignacia en 1903 - Atando Cabos\",\"isPartOf\":{\"@id\":\"https:\\\/\\\/magarinos.eu\\\/atandocabos\\\/#website\"},\"primaryImageOfPage\":{\"@id\":\"https:\\\/\\\/magarinos.eu\\\/atandocabos\\\/blog\\\/2016\\\/05\\\/03\\\/la-boda-de-manuel-e-ignacia\\\/#primaryimage\"},\"image\":{\"@id\":\"https:\\\/\\\/magarinos.eu\\\/atandocabos\\\/blog\\\/2016\\\/05\\\/03\\\/la-boda-de-manuel-e-ignacia\\\/#primaryimage\"},\"thumbnailUrl\":\"https:\\\/\\\/magarinos.eu\\\/atandocabos\\\/wp-content\\\/uploads\\\/2016\\\/11\\\/1903-04-28_boda-de-manuel-e-ignacia-primer-plano.jpg\",\"datePublished\":\"2016-05-03T18:51:53+00:00\",\"dateModified\":\"2022-07-18T22:16:32+00:00\",\"breadcrumb\":{\"@id\":\"https:\\\/\\\/magarinos.eu\\\/atandocabos\\\/blog\\\/2016\\\/05\\\/03\\\/la-boda-de-manuel-e-ignacia\\\/#breadcrumb\"},\"inLanguage\":\"es\",\"potentialAction\":[{\"@type\":\"ReadAction\",\"target\":[\"https:\\\/\\\/magarinos.eu\\\/atandocabos\\\/blog\\\/2016\\\/05\\\/03\\\/la-boda-de-manuel-e-ignacia\\\/\"]}]},{\"@type\":\"ImageObject\",\"inLanguage\":\"es\",\"@id\":\"https:\\\/\\\/magarinos.eu\\\/atandocabos\\\/blog\\\/2016\\\/05\\\/03\\\/la-boda-de-manuel-e-ignacia\\\/#primaryimage\",\"url\":\"https:\\\/\\\/magarinos.eu\\\/atandocabos\\\/wp-content\\\/uploads\\\/2016\\\/11\\\/1903-04-28_boda-de-manuel-e-ignacia-primer-plano.jpg\",\"contentUrl\":\"https:\\\/\\\/magarinos.eu\\\/atandocabos\\\/wp-content\\\/uploads\\\/2016\\\/11\\\/1903-04-28_boda-de-manuel-e-ignacia-primer-plano.jpg\",\"width\":786,\"height\":528},{\"@type\":\"BreadcrumbList\",\"@id\":\"https:\\\/\\\/magarinos.eu\\\/atandocabos\\\/blog\\\/2016\\\/05\\\/03\\\/la-boda-de-manuel-e-ignacia\\\/#breadcrumb\",\"itemListElement\":[{\"@type\":\"ListItem\",\"position\":1,\"name\":\"Portada\",\"item\":\"https:\\\/\\\/magarinos.eu\\\/atandocabos\\\/\"},{\"@type\":\"ListItem\",\"position\":2,\"name\":\"La boda de Manuel e Ignacia en 1903\"}]},{\"@type\":\"WebSite\",\"@id\":\"https:\\\/\\\/magarinos.eu\\\/atandocabos\\\/#website\",\"url\":\"https:\\\/\\\/magarinos.eu\\\/atandocabos\\\/\",\"name\":\"Atando Cabos\",\"description\":\"Una p\u00e1gina web de la familia Magari\u00f1os Ram\u00f3n\",\"publisher\":{\"@id\":\"https:\\\/\\\/magarinos.eu\\\/atandocabos\\\/#organization\"},\"potentialAction\":[{\"@type\":\"SearchAction\",\"target\":{\"@type\":\"EntryPoint\",\"urlTemplate\":\"https:\\\/\\\/magarinos.eu\\\/atandocabos\\\/?s={search_term_string}\"},\"query-input\":{\"@type\":\"PropertyValueSpecification\",\"valueRequired\":true,\"valueName\":\"search_term_string\"}}],\"inLanguage\":\"es\"},{\"@type\":\"Organization\",\"@id\":\"https:\\\/\\\/magarinos.eu\\\/atandocabos\\\/#organization\",\"name\":\"Atando Cabos\",\"url\":\"https:\\\/\\\/magarinos.eu\\\/atandocabos\\\/\",\"logo\":{\"@type\":\"ImageObject\",\"inLanguage\":\"es\",\"@id\":\"https:\\\/\\\/magarinos.eu\\\/atandocabos\\\/#\\\/schema\\\/logo\\\/image\\\/\",\"url\":\"https:\\\/\\\/magarinos.eu\\\/atandocabos\\\/wp-content\\\/uploads\\\/2022\\\/06\\\/cropped-cropped-Caballero_Anciano.jpg\",\"contentUrl\":\"https:\\\/\\\/magarinos.eu\\\/atandocabos\\\/wp-content\\\/uploads\\\/2022\\\/06\\\/cropped-cropped-Caballero_Anciano.jpg\",\"width\":512,\"height\":512,\"caption\":\"Atando Cabos\"},\"image\":{\"@id\":\"https:\\\/\\\/magarinos.eu\\\/atandocabos\\\/#\\\/schema\\\/logo\\\/image\\\/\"}},{\"@type\":\"Person\",\"@id\":\"https:\\\/\\\/magarinos.eu\\\/atandocabos\\\/#\\\/schema\\\/person\\\/ce62485d4bf8f9cc864369bb52591f1e\",\"name\":\"Daniel Garc\u00eda Magari\u00f1os\",\"image\":{\"@type\":\"ImageObject\",\"inLanguage\":\"es\",\"@id\":\"https:\\\/\\\/secure.gravatar.com\\\/avatar\\\/a7c7a82edf145a1bb8c32117ac59cb3be1c2c760796caff2df495a17896be288?s=96&d=mm&r=g\",\"url\":\"https:\\\/\\\/secure.gravatar.com\\\/avatar\\\/a7c7a82edf145a1bb8c32117ac59cb3be1c2c760796caff2df495a17896be288?s=96&d=mm&r=g\",\"contentUrl\":\"https:\\\/\\\/secure.gravatar.com\\\/avatar\\\/a7c7a82edf145a1bb8c32117ac59cb3be1c2c760796caff2df495a17896be288?s=96&d=mm&r=g\",\"caption\":\"Daniel Garc\u00eda Magari\u00f1os\"},\"url\":\"https:\\\/\\\/magarinos.eu\\\/atandocabos\\\/blog\\\/author\\\/dgarcia\\\/\"}]}<\/script>\n<!-- \/ Yoast SEO plugin. -->","yoast_head_json":{"title":"La boda de Manuel e Ignacia en 1903 - Atando Cabos","robots":{"index":"index","follow":"follow","max-snippet":"max-snippet:-1","max-image-preview":"max-image-preview:large","max-video-preview":"max-video-preview:-1"},"canonical":"https:\/\/magarinos.eu\/atandocabos\/blog\/2016\/05\/03\/la-boda-de-manuel-e-ignacia\/","og_locale":"es_ES","og_type":"article","og_title":"La boda de Manuel e Ignacia en 1903 - Atando Cabos","og_description":"Manuel Magari\u00f1os Mera (1873-1912) e Ignacia Garc\u00eda del Pozo&nbsp;(1879-1936) fueron los padres de mi abuelo Carlos y de mi t\u00edo abuelo Antonio. Se casaron a las 8:30 del jueves 28 de mayo de 1903.&nbsp;pero el matrimonio no duro demasiado tiempo. En 1912 muri\u00f3 Manuel de fiebres tifoideas a los 39 a\u00f1os. De la boda de [&hellip;]","og_url":"https:\/\/magarinos.eu\/atandocabos\/blog\/2016\/05\/03\/la-boda-de-manuel-e-ignacia\/","og_site_name":"Atando Cabos","article_published_time":"2016-05-03T18:51:53+00:00","article_modified_time":"2022-07-18T22:16:32+00:00","og_image":[{"width":786,"height":528,"url":"https:\/\/magarinos.eu\/atandocabos\/wp-content\/uploads\/2016\/11\/1903-04-28_boda-de-manuel-e-ignacia-primer-plano.jpg","type":"image\/jpeg"}],"author":"Daniel Garc\u00eda Magari\u00f1os","twitter_card":"summary_large_image","twitter_misc":{"Escrito por":"Daniel Garc\u00eda Magari\u00f1os","Tiempo de lectura":"3 minutos"},"schema":{"@context":"https:\/\/schema.org","@graph":[{"@type":"Article","@id":"https:\/\/magarinos.eu\/atandocabos\/blog\/2016\/05\/03\/la-boda-de-manuel-e-ignacia\/#article","isPartOf":{"@id":"https:\/\/magarinos.eu\/atandocabos\/blog\/2016\/05\/03\/la-boda-de-manuel-e-ignacia\/"},"author":{"name":"Daniel Garc\u00eda Magari\u00f1os","@id":"https:\/\/magarinos.eu\/atandocabos\/#\/schema\/person\/ce62485d4bf8f9cc864369bb52591f1e"},"headline":"La boda de Manuel e Ignacia en 1903","datePublished":"2016-05-03T18:51:53+00:00","dateModified":"2022-07-18T22:16:32+00:00","mainEntityOfPage":{"@id":"https:\/\/magarinos.eu\/atandocabos\/blog\/2016\/05\/03\/la-boda-de-manuel-e-ignacia\/"},"wordCount":467,"commentCount":0,"publisher":{"@id":"https:\/\/magarinos.eu\/atandocabos\/#organization"},"image":{"@id":"https:\/\/magarinos.eu\/atandocabos\/blog\/2016\/05\/03\/la-boda-de-manuel-e-ignacia\/#primaryimage"},"thumbnailUrl":"https:\/\/magarinos.eu\/atandocabos\/wp-content\/uploads\/2016\/11\/1903-04-28_boda-de-manuel-e-ignacia-primer-plano.jpg","keywords":["Ignacia Garc\u00eda del Pozo","Manuel Magari\u00f1os Mera"],"articleSection":["Bodas"],"inLanguage":"es","potentialAction":[{"@type":"CommentAction","name":"Comment","target":["https:\/\/magarinos.eu\/atandocabos\/blog\/2016\/05\/03\/la-boda-de-manuel-e-ignacia\/#respond"]}]},{"@type":"WebPage","@id":"https:\/\/magarinos.eu\/atandocabos\/blog\/2016\/05\/03\/la-boda-de-manuel-e-ignacia\/","url":"https:\/\/magarinos.eu\/atandocabos\/blog\/2016\/05\/03\/la-boda-de-manuel-e-ignacia\/","name":"La boda de Manuel e Ignacia en 1903 - Atando Cabos","isPartOf":{"@id":"https:\/\/magarinos.eu\/atandocabos\/#website"},"primaryImageOfPage":{"@id":"https:\/\/magarinos.eu\/atandocabos\/blog\/2016\/05\/03\/la-boda-de-manuel-e-ignacia\/#primaryimage"},"image":{"@id":"https:\/\/magarinos.eu\/atandocabos\/blog\/2016\/05\/03\/la-boda-de-manuel-e-ignacia\/#primaryimage"},"thumbnailUrl":"https:\/\/magarinos.eu\/atandocabos\/wp-content\/uploads\/2016\/11\/1903-04-28_boda-de-manuel-e-ignacia-primer-plano.jpg","datePublished":"2016-05-03T18:51:53+00:00","dateModified":"2022-07-18T22:16:32+00:00","breadcrumb":{"@id":"https:\/\/magarinos.eu\/atandocabos\/blog\/2016\/05\/03\/la-boda-de-manuel-e-ignacia\/#breadcrumb"},"inLanguage":"es","potentialAction":[{"@type":"ReadAction","target":["https:\/\/magarinos.eu\/atandocabos\/blog\/2016\/05\/03\/la-boda-de-manuel-e-ignacia\/"]}]},{"@type":"ImageObject","inLanguage":"es","@id":"https:\/\/magarinos.eu\/atandocabos\/blog\/2016\/05\/03\/la-boda-de-manuel-e-ignacia\/#primaryimage","url":"https:\/\/magarinos.eu\/atandocabos\/wp-content\/uploads\/2016\/11\/1903-04-28_boda-de-manuel-e-ignacia-primer-plano.jpg","contentUrl":"https:\/\/magarinos.eu\/atandocabos\/wp-content\/uploads\/2016\/11\/1903-04-28_boda-de-manuel-e-ignacia-primer-plano.jpg","width":786,"height":528},{"@type":"BreadcrumbList","@id":"https:\/\/magarinos.eu\/atandocabos\/blog\/2016\/05\/03\/la-boda-de-manuel-e-ignacia\/#breadcrumb","itemListElement":[{"@type":"ListItem","position":1,"name":"Portada","item":"https:\/\/magarinos.eu\/atandocabos\/"},{"@type":"ListItem","position":2,"name":"La boda de Manuel e Ignacia en 1903"}]},{"@type":"WebSite","@id":"https:\/\/magarinos.eu\/atandocabos\/#website","url":"https:\/\/magarinos.eu\/atandocabos\/","name":"Atando Cabos","description":"Una p\u00e1gina web de la familia Magari\u00f1os Ram\u00f3n","publisher":{"@id":"https:\/\/magarinos.eu\/atandocabos\/#organization"},"potentialAction":[{"@type":"SearchAction","target":{"@type":"EntryPoint","urlTemplate":"https:\/\/magarinos.eu\/atandocabos\/?s={search_term_string}"},"query-input":{"@type":"PropertyValueSpecification","valueRequired":true,"valueName":"search_term_string"}}],"inLanguage":"es"},{"@type":"Organization","@id":"https:\/\/magarinos.eu\/atandocabos\/#organization","name":"Atando Cabos","url":"https:\/\/magarinos.eu\/atandocabos\/","logo":{"@type":"ImageObject","inLanguage":"es","@id":"https:\/\/magarinos.eu\/atandocabos\/#\/schema\/logo\/image\/","url":"https:\/\/magarinos.eu\/atandocabos\/wp-content\/uploads\/2022\/06\/cropped-cropped-Caballero_Anciano.jpg","contentUrl":"https:\/\/magarinos.eu\/atandocabos\/wp-content\/uploads\/2022\/06\/cropped-cropped-Caballero_Anciano.jpg","width":512,"height":512,"caption":"Atando Cabos"},"image":{"@id":"https:\/\/magarinos.eu\/atandocabos\/#\/schema\/logo\/image\/"}},{"@type":"Person","@id":"https:\/\/magarinos.eu\/atandocabos\/#\/schema\/person\/ce62485d4bf8f9cc864369bb52591f1e","name":"Daniel Garc\u00eda Magari\u00f1os","image":{"@type":"ImageObject","inLanguage":"es","@id":"https:\/\/secure.gravatar.com\/avatar\/a7c7a82edf145a1bb8c32117ac59cb3be1c2c760796caff2df495a17896be288?s=96&d=mm&r=g","url":"https:\/\/secure.gravatar.com\/avatar\/a7c7a82edf145a1bb8c32117ac59cb3be1c2c760796caff2df495a17896be288?s=96&d=mm&r=g","contentUrl":"https:\/\/secure.gravatar.com\/avatar\/a7c7a82edf145a1bb8c32117ac59cb3be1c2c760796caff2df495a17896be288?s=96&d=mm&r=g","caption":"Daniel Garc\u00eda Magari\u00f1os"},"url":"https:\/\/magarinos.eu\/atandocabos\/blog\/author\/dgarcia\/"}]}},"_links":{"self":[{"href":"https:\/\/magarinos.eu\/atandocabos\/wp-json\/wp\/v2\/posts\/363","targetHints":{"allow":["GET"]}}],"collection":[{"href":"https:\/\/magarinos.eu\/atandocabos\/wp-json\/wp\/v2\/posts"}],"about":[{"href":"https:\/\/magarinos.eu\/atandocabos\/wp-json\/wp\/v2\/types\/post"}],"author":[{"embeddable":true,"href":"https:\/\/magarinos.eu\/atandocabos\/wp-json\/wp\/v2\/users\/1"}],"replies":[{"embeddable":true,"href":"https:\/\/magarinos.eu\/atandocabos\/wp-json\/wp\/v2\/comments?post=363"}],"version-history":[{"count":0,"href":"https:\/\/magarinos.eu\/atandocabos\/wp-json\/wp\/v2\/posts\/363\/revisions"}],"wp:featuredmedia":[{"embeddable":true,"href":"https:\/\/magarinos.eu\/atandocabos\/wp-json\/wp\/v2\/media\/2005"}],"wp:attachment":[{"href":"https:\/\/magarinos.eu\/atandocabos\/wp-json\/wp\/v2\/media?parent=363"}],"wp:term":[{"taxonomy":"category","embeddable":true,"href":"https:\/\/magarinos.eu\/atandocabos\/wp-json\/wp\/v2\/categories?post=363"},{"taxonomy":"post_tag","embeddable":true,"href":"https:\/\/magarinos.eu\/atandocabos\/wp-json\/wp\/v2\/tags?post=363"}],"curies":[{"name":"wp","href":"https:\/\/api.w.org\/{rel}","templated":true}]}}