{"id":3360,"date":"2020-01-26T12:44:24","date_gmt":"2020-01-26T12:44:24","guid":{"rendered":"https:\/\/atandocabosweb.wordpress.com\/?p=3360"},"modified":"2022-07-20T23:16:54","modified_gmt":"2022-07-20T21:16:54","slug":"nuestros-primos-de-america-1-manuel-garcia-de-tejada","status":"publish","type":"post","link":"https:\/\/magarinos.eu\/atandocabos\/blog\/2020\/01\/26\/nuestros-primos-de-america-1-manuel-garcia-de-tejada\/","title":{"rendered":"Nuestros primos de  Am\u00e9rica (1): Manuel Garc\u00eda de Tejada"},"content":{"rendered":"\n<p>Ya hemos hablado en otras entradas sobre nuestra relaci\u00f3n con Laguna de Cameros y el Solar de Tejada. Gracias a los registros de esta instituci\u00f3n nobiliaria hemos descubierto informaci\u00f3n sobre nuestros antepasados y un gran n\u00famero de parientes m\u00e1s o menos lejanos.<\/p>\n\n\n\n<p>Hoy iniciamos una serie en la que vamos a hablar de unos primos lejanos que se fueron a \u00abhacer las am\u00e9ricas\u00bb y cuyos descendientes se encuentran dispersos por diferentes partes del mundo.<\/p>\n\n\n\n<h3 class=\"wp-block-heading\">Manuel Garc\u00eda de Tejada: el militar que se instal\u00f3 en la Luisiana espa\u00f1ola<\/h3>\n\n\n\n<p>Compartimos con don Manuel antepasados comunes: del matrimonio entre <strong>Diego de la C\u00e1mara y de las Heras<\/strong> y <strong>Ana Dom\u00ednguez e \u00cd\u00f1iguez<\/strong> nacieron varios hijos. Manuel desciende de <strong>Domingo de la C\u00e1mara<\/strong> (nacido en 1686) y nosotros de su hermano<strong>&nbsp;Francisco de la C\u00e1mara<\/strong> (1693), que era uno de los antepasados de nuestro tatarabuelo <a href=\"https:\/\/magarinos.eu\/atandocabos\/el-desventurado-tatarabuelo-juan\/\">Juan de Dios Llera y Alc\u00e1zar<\/a>.<\/p>\n\n\n\n<figure class=\"wp-block-image\"><img decoding=\"async\" src=\"data:image\/gif;base64,R0lGODlhAQABAIAAAAAAAP\/\/\/yH5BAEAAAAALAAAAAABAAEAAAIBRAA7\" data-src=\"https:\/\/magarinos.eu\/atandocabos\/wp-content\/uploads\/2020\/01\/manuel-garcc3ada-de-tejada.png\" alt=\"Manuel Garc\u00eda de Tejada\" class=\"wp-image-3370 lazyload\"\/><noscript><img loading=\"lazy\" decoding=\"async\" width=\"982\" height=\"793\" src=\"https:\/\/magarinos.eu\/atandocabos\/wp-content\/uploads\/2020\/01\/manuel-garcc3ada-de-tejada.png\" alt=\"Manuel Garc\u00eda de Tejada\" class=\"wp-image-3370 lazyload\" srcset=\"https:\/\/magarinos.eu\/atandocabos\/wp-content\/uploads\/2020\/01\/manuel-garcc3ada-de-tejada.png 982w, https:\/\/magarinos.eu\/atandocabos\/wp-content\/uploads\/2020\/01\/manuel-garcc3ada-de-tejada-300x242.png 300w, https:\/\/magarinos.eu\/atandocabos\/wp-content\/uploads\/2020\/01\/manuel-garcc3ada-de-tejada-768x620.png 768w\" sizes=\"auto, (max-width: 982px) 100vw, 982px\" \/><\/noscript><\/figure>\n\n\n\n<p>Nuestro t\u00edo lejano <strong>Manuel Garc\u00eda de Tejada<\/strong> naci\u00f3 en Laguna de Cameros (La Rioja), el 30 de Abril de 1756 y en 1765 fue recibido como se\u00f1or de Tejada en la casa solariega de la familia.<\/p>\n\n\n\n<h3 class=\"wp-block-heading\">G\u00e1lvez y la independencia de Estados Unidos<\/h3>\n\n\n\n<p>Gracias a las investigaciones de&nbsp;<strong><span style=\"color: var(--color-text);\">Tom\u00e1s Rubio de Tejada<\/span><span style=\"color: var(--color-text);\">&nbsp;<\/span><\/strong><span style=\"color: var(--color-text);\">y <strong>Mary David Baker<\/strong> (una prima lejana nuestra descendiente de Manuel Garc\u00eda de Tejada), sabemos que este sigui\u00f3 la carrera militar y a finales del s. XVIII se encontraba en M\u00e9xico. En 1780 lleg\u00f3 a La Habana y de all\u00ed pas\u00f3 a la <\/span><a href=\"https:\/\/es.wikipedia.org\/wiki\/Luisiana_espa%C3%B1ola\" target=\"_blank\" rel=\"noopener\"><strong>Luisiana Espa\u00f1ola<\/strong><\/a><span style=\"color: var(--color-text);\">, cuyo gobernador era entonces <\/span><strong style=\"color: var(--color-text);\"><a href=\"https:\/\/es.wikipedia.org\/wiki\/Bernardo_de_G%C3%A1lvez\" target=\"_blank\" rel=\"noopener\">Bernardo de G\u00e1lvez<\/a><\/strong><span style=\"color: var(--color-text);\">.<\/span><\/p>\n\n\n\n<figure class=\"wp-block-image aligncenter wp-image-3367\"><img decoding=\"async\" src=\"data:image\/gif;base64,R0lGODlhAQABAIAAAAAAAP\/\/\/yH5BAEAAAAALAAAAAABAAEAAAIBRAA7\" data-src=\"https:\/\/magarinos.eu\/atandocabos\/wp-content\/uploads\/2020\/01\/1024px-louisianapurchase-fr.png\" alt=\"Mapa de la Luisiana Espa\u00f1ola superpuesta sobre un mapa actual de Estados Unidos. \" class=\"wp-image-3367 lazyload\"\/><noscript><img loading=\"lazy\" decoding=\"async\" width=\"1024\" height=\"694\" src=\"https:\/\/magarinos.eu\/atandocabos\/wp-content\/uploads\/2020\/01\/1024px-louisianapurchase-fr.png\" alt=\"Mapa de la Luisiana Espa\u00f1ola superpuesta sobre un mapa actual de Estados Unidos. \" class=\"wp-image-3367 lazyload\" srcset=\"https:\/\/magarinos.eu\/atandocabos\/wp-content\/uploads\/2020\/01\/1024px-louisianapurchase-fr.png 1024w, https:\/\/magarinos.eu\/atandocabos\/wp-content\/uploads\/2020\/01\/1024px-louisianapurchase-fr-300x203.png 300w, https:\/\/magarinos.eu\/atandocabos\/wp-content\/uploads\/2020\/01\/1024px-louisianapurchase-fr-768x521.png 768w\" sizes=\"auto, (max-width: 1024px) 100vw, 1024px\" \/><\/noscript><figcaption>Mapa de la Luisiana Espa\u00f1ola superpuesta sobre un mapa actual de Estados Unidos. Fuente:&nbsp;<strong><a href=\"https:\/\/commons.wikimedia.org\/w\/index.php?curid=775072\" target=\"_blank\" rel=\"noopener\">Wikimedia<\/a><\/strong><\/figcaption><\/figure>\n\n\n\n<p>Durante la <a href=\"https:\/\/es.wikipedia.org\/wiki\/Guerra_de_Independencia_de_los_Estados_Unidos\" target=\"_blank\" rel=\"noopener\">Guerra de la Independencia de Estados Unidos<\/a>, Espa\u00f1a apoy\u00f3 a los rebeldes independentistas y G\u00e1lvez particip\u00f3 <a href=\"https:\/\/es.wikipedia.org\/wiki\/Guerra_anglo-espa%C3%B1ola_(1779-1783)#cite_note-11\" target=\"_blank\" rel=\"noopener\">en diferentes batallas<\/a>.<\/p>\n\n\n\n<p>Manuel Garc\u00eda de Texada sirvi\u00f3 en el 2\u00ba Batall\u00f3n del <strong>Regimiento de la Luisiana<\/strong> y, al terminar la Guerra de la Independencia Americana, en lugar de volver a M\u00e9xico o Espa\u00f1a, decidi\u00f3 permanecer en la regi\u00f3n. Se instal\u00f3 en <strong><a href=\"https:\/\/es.wikipedia.org\/wiki\/Natchez_(Misisipi)\" target=\"_blank\" rel=\"noopener\">Natchez<\/a><\/strong> (en espa\u00f1ol entonces se sol\u00eda denominar Naches), una ciudad a orillas del Mississippi que hab\u00eda hab\u00eda sido fundada por los espa\u00f1oles en la ubicaci\u00f3n de un antiguo fuerte brit\u00e1nico ocupado durante la guerra.<\/p>\n\n\n\n<figure class=\"wp-block-image aligncenter wp-image-3363\"><img decoding=\"async\" src=\"data:image\/gif;base64,R0lGODlhAQABAIAAAAAAAP\/\/\/yH5BAEAAAAALAAAAAABAAEAAAIBRAA7\" data-src=\"https:\/\/magarinos.eu\/atandocabos\/wp-content\/uploads\/2020\/01\/texada_manuel.jpg\" alt=\"Retrato de Manuel Garc\u00eda de Texada (1756-1817) en sus ultmos a\u00f1os. \" class=\"wp-image-3363 lazyload\"\/><noscript><img loading=\"lazy\" decoding=\"async\" width=\"380\" height=\"449\" src=\"https:\/\/magarinos.eu\/atandocabos\/wp-content\/uploads\/2020\/01\/texada_manuel.jpg\" alt=\"Retrato de Manuel Garc\u00eda de Texada (1756-1817) en sus ultmos a\u00f1os. \" class=\"wp-image-3363 lazyload\" srcset=\"https:\/\/magarinos.eu\/atandocabos\/wp-content\/uploads\/2020\/01\/texada_manuel.jpg 380w, https:\/\/magarinos.eu\/atandocabos\/wp-content\/uploads\/2020\/01\/texada_manuel-254x300.jpg 254w\" sizes=\"auto, (max-width: 380px) 100vw, 380px\" \/><\/noscript><figcaption>Retrato de Manuel Garc\u00eda de Texada (1756-1817) en sus ultmos a\u00f1os. <strong>Fuente<\/strong>: <a href=\"http:\/\/www.offms.org\/ancestors\/texada_manuel.html\">The Order of the First Families of Mississippi<\/a><\/figcaption><\/figure>\n\n\n\n<h3 class=\"wp-block-heading\">La vida en Natchez<\/h3>\n\n\n\n<p>En Natchez, Manuel prosper\u00f3. Adquiri\u00f3 patrimonio y propiedades, entre ellas la denominada <strong>Texada Tavern<\/strong>. Ahora es la casa de ladrillos m\u00e1s antigua de la ciudad y alberga a la asamblea legislativa del estado Mississippi.<\/p>\n\n\n\n<figure class=\"wp-block-image aligncenter size-full wp-image-3364\"><img decoding=\"async\" src=\"data:image\/gif;base64,R0lGODlhAQABAIAAAAAAAP\/\/\/yH5BAEAAAAALAAAAAABAAEAAAIBRAA7\" data-src=\"https:\/\/magarinos.eu\/atandocabos\/wp-content\/uploads\/2020\/01\/texada_manuel1.jpg\" alt=\"Imagen de la Texada Tavern.\" class=\"wp-image-3364 lazyload\"\/><noscript><img loading=\"lazy\" decoding=\"async\" width=\"577\" height=\"398\" src=\"https:\/\/magarinos.eu\/atandocabos\/wp-content\/uploads\/2020\/01\/texada_manuel1.jpg\" alt=\"Imagen de la Texada Tavern.\" class=\"wp-image-3364 lazyload\" srcset=\"https:\/\/magarinos.eu\/atandocabos\/wp-content\/uploads\/2020\/01\/texada_manuel1.jpg 577w, https:\/\/magarinos.eu\/atandocabos\/wp-content\/uploads\/2020\/01\/texada_manuel1-300x207.jpg 300w\" sizes=\"auto, (max-width: 577px) 100vw, 577px\" \/><\/noscript><figcaption>Imagen de la&nbsp;<strong>Texada Tavern<\/strong>, la casa que compr\u00f3 Manuel Garc\u00eda de Texada. Actualmente alberga la sede de la Asamblea Legislativa del estado de Mississippi. <strong>Fuente<\/strong>: <a href=\"http:\/\/www.offms.org\/ancestors\/texada_manuel.html\" target=\"_blank\" rel=\"noopener\">The Order of the First Families of Mississippi<\/a><\/figcaption><\/figure>\n\n\n\n<figure class=\"wp-block-image aligncenter is-resized wp-image-3365\"><img loading=\"lazy\" decoding=\"async\" src=\"data:image\/gif;base64,R0lGODlhAQABAIAAAAAAAP\/\/\/yH5BAEAAAAALAAAAAABAAEAAAIBRAA7\" data-src=\"https:\/\/magarinos.eu\/atandocabos\/wp-content\/uploads\/2020\/01\/venta.png\" alt=\"Resumen del registro de la venta a Manuel Garc\u00eda de Texada de la que luego ser\u00eda conocida como Texada Tavern.\" class=\"wp-image-3365 lazyload\" width=\"628\" height=\"66\"\/><noscript><img loading=\"lazy\" decoding=\"async\" src=\"https:\/\/magarinos.eu\/atandocabos\/wp-content\/uploads\/2020\/01\/venta.png\" alt=\"Resumen del registro de la venta a Manuel Garc\u00eda de Texada de la que luego ser\u00eda conocida como Texada Tavern.\" class=\"wp-image-3365 lazyload\" width=\"628\" height=\"66\" srcset=\"https:\/\/magarinos.eu\/atandocabos\/wp-content\/uploads\/2020\/01\/venta.png 552w, https:\/\/magarinos.eu\/atandocabos\/wp-content\/uploads\/2020\/01\/venta-300x32.png 300w\" sizes=\"auto, (max-width: 628px) 100vw, 628px\" \/><\/noscript><figcaption>Resumen del registro de la venta a Manuel Garc\u00eda de Texada de la que luego ser\u00eda conocida como Texada Tavern. <strong>Fuente<\/strong>: The Natchez Court Records. 1767-1805. Abstracts of Early Records, Mary Wilson McBee (1953, 2003)<\/figcaption><\/figure>\n\n\n\n<p>Manuel muri\u00f3 en Natchez en 1817, unos d\u00edas antes de que el territorio se convirtiera en el estado de Mississippi. Sus descendientes permanecieron en el estado, donde poseyeron plantaciones. En una de ellas, llamada <strong>Castile Plantation <\/strong>(Plantaci\u00f3n Castilla, hoy en d\u00eda llamada <a href=\"https:\/\/thejulietteplantation.com\/\" target=\"_blank\" rel=\"noopener\">Juliette Plantation<\/a>), se encuentra el <a href=\"https:\/\/es.findagrave.com\/cemetery\/69125\/texada-cemetery\" target=\"_blank\" rel=\"noopener\">Cementerio de Texada<\/a>, en las que est\u00e1n enterrados algunos de nuestros primos lejanos.<\/p>\n\n\n\n<p>Entre ellos podemos mencionar a <a href=\"https:\/\/www.wikitree.com\/wiki\/Texada-17\" target=\"_blank\" rel=\"noopener\"><strong>Joseph Welsh Texada<\/strong><\/a>, que fue representante de su ciudad en la asamblea del estado de Mississippi en la que se decidi\u00f3 en 1861 separarse de la uni\u00f3n para unirse a los estados del Sur durante la Guerra de Secesi\u00f3n. Fue capit\u00e1n en el regimiento de Luisiana del ej\u00e9rcito confederado y combati\u00f3 en la <a href=\"https:\/\/es.wikipedia.org\/wiki\/Batalla_de_Shiloh\" target=\"_blank\" rel=\"noopener\">batalla de Shiloh<\/a>.<\/p>\n\n\n\n<figure class=\"wp-block-image aligncenter wp-image-3371\"><img decoding=\"async\" src=\"data:image\/gif;base64,R0lGODlhAQABAIAAAAAAAP\/\/\/yH5BAEAAAAALAAAAAABAAEAAAIBRAA7\" data-src=\"https:\/\/magarinos.eu\/atandocabos\/wp-content\/uploads\/2020\/01\/1280px-thure_de_thulstrup_-_battle_of_shiloh.jpg\" alt=\"La Batalla de Shiloh, por el pintor Thure de Thulstrup.\" class=\"wp-image-3371 lazyload\"\/><noscript><img loading=\"lazy\" decoding=\"async\" width=\"1280\" height=\"926\" src=\"https:\/\/magarinos.eu\/atandocabos\/wp-content\/uploads\/2020\/01\/1280px-thure_de_thulstrup_-_battle_of_shiloh.jpg\" alt=\"La Batalla de Shiloh, por el pintor Thure de Thulstrup.\" class=\"wp-image-3371 lazyload\" srcset=\"https:\/\/magarinos.eu\/atandocabos\/wp-content\/uploads\/2020\/01\/1280px-thure_de_thulstrup_-_battle_of_shiloh.jpg 1280w, https:\/\/magarinos.eu\/atandocabos\/wp-content\/uploads\/2020\/01\/1280px-thure_de_thulstrup_-_battle_of_shiloh-300x217.jpg 300w, https:\/\/magarinos.eu\/atandocabos\/wp-content\/uploads\/2020\/01\/1280px-thure_de_thulstrup_-_battle_of_shiloh-1024x741.jpg 1024w, https:\/\/magarinos.eu\/atandocabos\/wp-content\/uploads\/2020\/01\/1280px-thure_de_thulstrup_-_battle_of_shiloh-768x556.jpg 768w\" sizes=\"auto, (max-width: 1280px) 100vw, 1280px\" \/><\/noscript><figcaption><span class=\"mw-mmv-author\"><em>La Batalla de Shiloh<\/em>, por el pintor <a class=\"extiw\" title=\"w:es:Thure de Thulstrup\" href=\"https:\/\/en.wikipedia.org\/wiki\/es:Thure_de_Thulstrup\">Thure de Thulstrup<\/a>&nbsp;<\/span>&#8211;&nbsp; <span class=\"mw-mmv-source\">Divisi\u00f3n de Impresiones y Fotograf\u00edas de la&nbsp;<a title=\"Library of Congress\" href=\"https:\/\/commons.wikimedia.org\/wiki\/Library_of_Congress\">Biblioteca del Congreso<\/a> de los Estados Unidos (c\u00f3digo digital <a class=\"external text\" href=\"http:\/\/hdl.loc.gov\/loc.pnp\/pga.04037\" rel=\"nofollow\">pga.04037<\/a>).&nbsp;<\/span><\/figcaption><\/figure>\n\n\n\n<h3 class=\"wp-block-heading\">M\u00e1s informaci\u00f3n<\/h3>\n\n\n\n<p><a href=\"http:\/\/www.offms.org\/ancestors\/texada_manuel.html\" target=\"_blank\" rel=\"noopener\">The Order of the First Families of Mississippi: Honored Ancestor: Manuel Garc\u00eda de Texada<\/a> (breve semblanza biogr\u00e1fica de Manuel Garc\u00eda de Texada).<\/p>\n\n\n\n<p><a href=\"https:\/\/www.texadaofnatchezbook.com\/\" target=\"_blank\" rel=\"noopener\">The Texada of Natchez book<\/a>. Un libro que recopila datos sobre la vida de Manuel Garc\u00eda de Texada y sus descendientes.<\/p>\n\n\n\n<p>\u00abD. Manuel Domingo Garc\u00eda de Texada y la b\u00fasqueda familiar de su origen\u00bb<br>Tom\u00e1s Rubio de Tejada Fern\u00e1ndez<br>Bolet\u00edn de la Asociaci\u00f3n Riojana de Genealog\u00eda y Her\u00e1ldica<br>ISSN-e 1889-3503, N\u00ba. 7, 2015, p\u00e1gs. 119-126<\/p>\n\n\n\n<p><em>Historia geneal\u00f3gica de los Caballeros Hijosdalgo, Se\u00f1ores de la antigua, noble e ilustre Villa y Casa Solar Infanzona de Tejada. Tomo I: \u00c1greda-Cura<br><\/em><span class=\"accent-text\">Jos\u00e9 Mar\u00eda San Mart\u00edn P\u00e9rez<br><\/span><span class=\"accent-text\">Sevilla, 2006<\/span><em><span class=\"accent-text\"><br><\/span><\/em><span class=\"accent-text\">ISBN:&nbsp;<\/span>9788493491277<\/p>\n\n\n\n<p><em><br><\/em><em>Solar de Tejada. Asientos y elecciones, 1569-2008<br><\/em>Tom\u00e1s Rubio de Tejada Fern\u00e1ndez<br>Logro\u00f1o, 2015<br><span class=\"accent-text\">ISBN:&nbsp;<\/span>9788461255696<em><br><\/em><\/p>\n\n\n\n<p>En la siguiente entrada esta serie hablaremos de Manuel Gregorio de Tejada y Trevijano, el contable de Nueva Orleans.<\/p>\n","protected":false},"excerpt":{"rendered":"<p>Ya hemos hablado en otras entradas sobre nuestra relaci\u00f3n con Laguna de Cameros y el Solar de Tejada. Gracias a los registros de esta instituci\u00f3n nobiliaria hemos descubierto informaci\u00f3n sobre nuestros antepasados y un gran n\u00famero de parientes m\u00e1s o menos lejanos. Hoy iniciamos una serie en la que vamos a hablar de unos primos [&hellip;]<\/p>\n","protected":false},"author":1,"featured_media":3363,"comment_status":"open","ping_status":"open","sticky":false,"template":"","format":"standard","meta":{"footnotes":""},"categories":[156,157,173,184,195,194,185,154],"tags":[],"class_list":["post-3360","post","type-post","status-publish","format-standard","has-post-thumbnail","hentry","category-cameros","category-estados-unidos","category-laguna-de-cameros","category-luisiana","category-mississippi","category-natchez","category-nueva-orleans","category-solar-de-tejada"],"blocksy_meta":{"styles_descriptor":{"styles":{"desktop":"","tablet":"","mobile":""},"google_fonts":[],"version":6}},"yoast_head":"<!-- This site is optimized with the Yoast SEO plugin v27.5 - https:\/\/yoast.com\/product\/yoast-seo-wordpress\/ -->\n<title>Nuestros primos de Am\u00e9rica (1): Manuel Garc\u00eda de Tejada - Atando Cabos<\/title>\n<meta name=\"robots\" content=\"index, follow, max-snippet:-1, max-image-preview:large, max-video-preview:-1\" \/>\n<link rel=\"canonical\" href=\"https:\/\/magarinos.eu\/atandocabos\/blog\/2020\/01\/26\/nuestros-primos-de-america-1-manuel-garcia-de-tejada\/\" \/>\n<meta property=\"og:locale\" content=\"es_ES\" \/>\n<meta property=\"og:type\" content=\"article\" \/>\n<meta property=\"og:title\" content=\"Nuestros primos de Am\u00e9rica (1): Manuel Garc\u00eda de Tejada - Atando Cabos\" \/>\n<meta property=\"og:description\" content=\"Ya hemos hablado en otras entradas sobre nuestra relaci\u00f3n con Laguna de Cameros y el Solar de Tejada. Gracias a los registros de esta instituci\u00f3n nobiliaria hemos descubierto informaci\u00f3n sobre nuestros antepasados y un gran n\u00famero de parientes m\u00e1s o menos lejanos. Hoy iniciamos una serie en la que vamos a hablar de unos primos [&hellip;]\" \/>\n<meta property=\"og:url\" content=\"https:\/\/magarinos.eu\/atandocabos\/blog\/2020\/01\/26\/nuestros-primos-de-america-1-manuel-garcia-de-tejada\/\" \/>\n<meta property=\"og:site_name\" content=\"Atando Cabos\" \/>\n<meta property=\"article:published_time\" content=\"2020-01-26T12:44:24+00:00\" \/>\n<meta property=\"article:modified_time\" content=\"2022-07-20T21:16:54+00:00\" \/>\n<meta property=\"og:image\" content=\"https:\/\/magarinos.eu\/atandocabos\/wp-content\/uploads\/2020\/01\/texada_manuel.jpg\" \/>\n\t<meta property=\"og:image:width\" content=\"380\" \/>\n\t<meta property=\"og:image:height\" content=\"449\" \/>\n\t<meta property=\"og:image:type\" content=\"image\/jpeg\" \/>\n<meta name=\"author\" content=\"Daniel Garc\u00eda Magari\u00f1os\" \/>\n<meta name=\"twitter:card\" content=\"summary_large_image\" \/>\n<meta name=\"twitter:label1\" content=\"Escrito por\" \/>\n\t<meta name=\"twitter:data1\" content=\"Daniel Garc\u00eda Magari\u00f1os\" \/>\n\t<meta name=\"twitter:label2\" content=\"Tiempo de lectura\" \/>\n\t<meta name=\"twitter:data2\" content=\"5 minutos\" \/>\n<script type=\"application\/ld+json\" class=\"yoast-schema-graph\">{\"@context\":\"https:\\\/\\\/schema.org\",\"@graph\":[{\"@type\":\"Article\",\"@id\":\"https:\\\/\\\/magarinos.eu\\\/atandocabos\\\/blog\\\/2020\\\/01\\\/26\\\/nuestros-primos-de-america-1-manuel-garcia-de-tejada\\\/#article\",\"isPartOf\":{\"@id\":\"https:\\\/\\\/magarinos.eu\\\/atandocabos\\\/blog\\\/2020\\\/01\\\/26\\\/nuestros-primos-de-america-1-manuel-garcia-de-tejada\\\/\"},\"author\":{\"name\":\"Daniel Garc\u00eda Magari\u00f1os\",\"@id\":\"https:\\\/\\\/magarinos.eu\\\/atandocabos\\\/#\\\/schema\\\/person\\\/ce62485d4bf8f9cc864369bb52591f1e\"},\"headline\":\"Nuestros primos de Am\u00e9rica (1): Manuel Garc\u00eda de Tejada\",\"datePublished\":\"2020-01-26T12:44:24+00:00\",\"dateModified\":\"2022-07-20T21:16:54+00:00\",\"mainEntityOfPage\":{\"@id\":\"https:\\\/\\\/magarinos.eu\\\/atandocabos\\\/blog\\\/2020\\\/01\\\/26\\\/nuestros-primos-de-america-1-manuel-garcia-de-tejada\\\/\"},\"wordCount\":860,\"commentCount\":0,\"publisher\":{\"@id\":\"https:\\\/\\\/magarinos.eu\\\/atandocabos\\\/#organization\"},\"image\":{\"@id\":\"https:\\\/\\\/magarinos.eu\\\/atandocabos\\\/blog\\\/2020\\\/01\\\/26\\\/nuestros-primos-de-america-1-manuel-garcia-de-tejada\\\/#primaryimage\"},\"thumbnailUrl\":\"https:\\\/\\\/magarinos.eu\\\/atandocabos\\\/wp-content\\\/uploads\\\/2020\\\/01\\\/texada_manuel.jpg\",\"articleSection\":[\"Cameros\",\"Estados Unidos\",\"Laguna de Cameros\",\"Luisiana\",\"Mississippi\",\"Natchez\",\"Nueva Orleans\",\"Solar de Tejada\"],\"inLanguage\":\"es\",\"potentialAction\":[{\"@type\":\"CommentAction\",\"name\":\"Comment\",\"target\":[\"https:\\\/\\\/magarinos.eu\\\/atandocabos\\\/blog\\\/2020\\\/01\\\/26\\\/nuestros-primos-de-america-1-manuel-garcia-de-tejada\\\/#respond\"]}]},{\"@type\":\"WebPage\",\"@id\":\"https:\\\/\\\/magarinos.eu\\\/atandocabos\\\/blog\\\/2020\\\/01\\\/26\\\/nuestros-primos-de-america-1-manuel-garcia-de-tejada\\\/\",\"url\":\"https:\\\/\\\/magarinos.eu\\\/atandocabos\\\/blog\\\/2020\\\/01\\\/26\\\/nuestros-primos-de-america-1-manuel-garcia-de-tejada\\\/\",\"name\":\"Nuestros primos de Am\u00e9rica (1): Manuel Garc\u00eda de Tejada - Atando Cabos\",\"isPartOf\":{\"@id\":\"https:\\\/\\\/magarinos.eu\\\/atandocabos\\\/#website\"},\"primaryImageOfPage\":{\"@id\":\"https:\\\/\\\/magarinos.eu\\\/atandocabos\\\/blog\\\/2020\\\/01\\\/26\\\/nuestros-primos-de-america-1-manuel-garcia-de-tejada\\\/#primaryimage\"},\"image\":{\"@id\":\"https:\\\/\\\/magarinos.eu\\\/atandocabos\\\/blog\\\/2020\\\/01\\\/26\\\/nuestros-primos-de-america-1-manuel-garcia-de-tejada\\\/#primaryimage\"},\"thumbnailUrl\":\"https:\\\/\\\/magarinos.eu\\\/atandocabos\\\/wp-content\\\/uploads\\\/2020\\\/01\\\/texada_manuel.jpg\",\"datePublished\":\"2020-01-26T12:44:24+00:00\",\"dateModified\":\"2022-07-20T21:16:54+00:00\",\"breadcrumb\":{\"@id\":\"https:\\\/\\\/magarinos.eu\\\/atandocabos\\\/blog\\\/2020\\\/01\\\/26\\\/nuestros-primos-de-america-1-manuel-garcia-de-tejada\\\/#breadcrumb\"},\"inLanguage\":\"es\",\"potentialAction\":[{\"@type\":\"ReadAction\",\"target\":[\"https:\\\/\\\/magarinos.eu\\\/atandocabos\\\/blog\\\/2020\\\/01\\\/26\\\/nuestros-primos-de-america-1-manuel-garcia-de-tejada\\\/\"]}]},{\"@type\":\"ImageObject\",\"inLanguage\":\"es\",\"@id\":\"https:\\\/\\\/magarinos.eu\\\/atandocabos\\\/blog\\\/2020\\\/01\\\/26\\\/nuestros-primos-de-america-1-manuel-garcia-de-tejada\\\/#primaryimage\",\"url\":\"https:\\\/\\\/magarinos.eu\\\/atandocabos\\\/wp-content\\\/uploads\\\/2020\\\/01\\\/texada_manuel.jpg\",\"contentUrl\":\"https:\\\/\\\/magarinos.eu\\\/atandocabos\\\/wp-content\\\/uploads\\\/2020\\\/01\\\/texada_manuel.jpg\",\"width\":380,\"height\":449},{\"@type\":\"BreadcrumbList\",\"@id\":\"https:\\\/\\\/magarinos.eu\\\/atandocabos\\\/blog\\\/2020\\\/01\\\/26\\\/nuestros-primos-de-america-1-manuel-garcia-de-tejada\\\/#breadcrumb\",\"itemListElement\":[{\"@type\":\"ListItem\",\"position\":1,\"name\":\"Portada\",\"item\":\"https:\\\/\\\/magarinos.eu\\\/atandocabos\\\/\"},{\"@type\":\"ListItem\",\"position\":2,\"name\":\"Nuestros primos de Am\u00e9rica (1): Manuel Garc\u00eda de Tejada\"}]},{\"@type\":\"WebSite\",\"@id\":\"https:\\\/\\\/magarinos.eu\\\/atandocabos\\\/#website\",\"url\":\"https:\\\/\\\/magarinos.eu\\\/atandocabos\\\/\",\"name\":\"Atando Cabos\",\"description\":\"Una p\u00e1gina web de la familia Magari\u00f1os Ram\u00f3n\",\"publisher\":{\"@id\":\"https:\\\/\\\/magarinos.eu\\\/atandocabos\\\/#organization\"},\"potentialAction\":[{\"@type\":\"SearchAction\",\"target\":{\"@type\":\"EntryPoint\",\"urlTemplate\":\"https:\\\/\\\/magarinos.eu\\\/atandocabos\\\/?s={search_term_string}\"},\"query-input\":{\"@type\":\"PropertyValueSpecification\",\"valueRequired\":true,\"valueName\":\"search_term_string\"}}],\"inLanguage\":\"es\"},{\"@type\":\"Organization\",\"@id\":\"https:\\\/\\\/magarinos.eu\\\/atandocabos\\\/#organization\",\"name\":\"Atando Cabos\",\"url\":\"https:\\\/\\\/magarinos.eu\\\/atandocabos\\\/\",\"logo\":{\"@type\":\"ImageObject\",\"inLanguage\":\"es\",\"@id\":\"https:\\\/\\\/magarinos.eu\\\/atandocabos\\\/#\\\/schema\\\/logo\\\/image\\\/\",\"url\":\"https:\\\/\\\/magarinos.eu\\\/atandocabos\\\/wp-content\\\/uploads\\\/2022\\\/06\\\/cropped-cropped-Caballero_Anciano.jpg\",\"contentUrl\":\"https:\\\/\\\/magarinos.eu\\\/atandocabos\\\/wp-content\\\/uploads\\\/2022\\\/06\\\/cropped-cropped-Caballero_Anciano.jpg\",\"width\":512,\"height\":512,\"caption\":\"Atando Cabos\"},\"image\":{\"@id\":\"https:\\\/\\\/magarinos.eu\\\/atandocabos\\\/#\\\/schema\\\/logo\\\/image\\\/\"}},{\"@type\":\"Person\",\"@id\":\"https:\\\/\\\/magarinos.eu\\\/atandocabos\\\/#\\\/schema\\\/person\\\/ce62485d4bf8f9cc864369bb52591f1e\",\"name\":\"Daniel Garc\u00eda Magari\u00f1os\",\"image\":{\"@type\":\"ImageObject\",\"inLanguage\":\"es\",\"@id\":\"https:\\\/\\\/secure.gravatar.com\\\/avatar\\\/a7c7a82edf145a1bb8c32117ac59cb3be1c2c760796caff2df495a17896be288?s=96&d=mm&r=g\",\"url\":\"https:\\\/\\\/secure.gravatar.com\\\/avatar\\\/a7c7a82edf145a1bb8c32117ac59cb3be1c2c760796caff2df495a17896be288?s=96&d=mm&r=g\",\"contentUrl\":\"https:\\\/\\\/secure.gravatar.com\\\/avatar\\\/a7c7a82edf145a1bb8c32117ac59cb3be1c2c760796caff2df495a17896be288?s=96&d=mm&r=g\",\"caption\":\"Daniel Garc\u00eda Magari\u00f1os\"},\"url\":\"https:\\\/\\\/magarinos.eu\\\/atandocabos\\\/blog\\\/author\\\/dgarcia\\\/\"}]}<\/script>\n<!-- \/ Yoast SEO plugin. -->","yoast_head_json":{"title":"Nuestros primos de Am\u00e9rica (1): Manuel Garc\u00eda de Tejada - Atando Cabos","robots":{"index":"index","follow":"follow","max-snippet":"max-snippet:-1","max-image-preview":"max-image-preview:large","max-video-preview":"max-video-preview:-1"},"canonical":"https:\/\/magarinos.eu\/atandocabos\/blog\/2020\/01\/26\/nuestros-primos-de-america-1-manuel-garcia-de-tejada\/","og_locale":"es_ES","og_type":"article","og_title":"Nuestros primos de Am\u00e9rica (1): Manuel Garc\u00eda de Tejada - Atando Cabos","og_description":"Ya hemos hablado en otras entradas sobre nuestra relaci\u00f3n con Laguna de Cameros y el Solar de Tejada. Gracias a los registros de esta instituci\u00f3n nobiliaria hemos descubierto informaci\u00f3n sobre nuestros antepasados y un gran n\u00famero de parientes m\u00e1s o menos lejanos. Hoy iniciamos una serie en la que vamos a hablar de unos primos [&hellip;]","og_url":"https:\/\/magarinos.eu\/atandocabos\/blog\/2020\/01\/26\/nuestros-primos-de-america-1-manuel-garcia-de-tejada\/","og_site_name":"Atando Cabos","article_published_time":"2020-01-26T12:44:24+00:00","article_modified_time":"2022-07-20T21:16:54+00:00","og_image":[{"width":380,"height":449,"url":"https:\/\/magarinos.eu\/atandocabos\/wp-content\/uploads\/2020\/01\/texada_manuel.jpg","type":"image\/jpeg"}],"author":"Daniel Garc\u00eda Magari\u00f1os","twitter_card":"summary_large_image","twitter_misc":{"Escrito por":"Daniel Garc\u00eda Magari\u00f1os","Tiempo de lectura":"5 minutos"},"schema":{"@context":"https:\/\/schema.org","@graph":[{"@type":"Article","@id":"https:\/\/magarinos.eu\/atandocabos\/blog\/2020\/01\/26\/nuestros-primos-de-america-1-manuel-garcia-de-tejada\/#article","isPartOf":{"@id":"https:\/\/magarinos.eu\/atandocabos\/blog\/2020\/01\/26\/nuestros-primos-de-america-1-manuel-garcia-de-tejada\/"},"author":{"name":"Daniel Garc\u00eda Magari\u00f1os","@id":"https:\/\/magarinos.eu\/atandocabos\/#\/schema\/person\/ce62485d4bf8f9cc864369bb52591f1e"},"headline":"Nuestros primos de Am\u00e9rica (1): Manuel Garc\u00eda de Tejada","datePublished":"2020-01-26T12:44:24+00:00","dateModified":"2022-07-20T21:16:54+00:00","mainEntityOfPage":{"@id":"https:\/\/magarinos.eu\/atandocabos\/blog\/2020\/01\/26\/nuestros-primos-de-america-1-manuel-garcia-de-tejada\/"},"wordCount":860,"commentCount":0,"publisher":{"@id":"https:\/\/magarinos.eu\/atandocabos\/#organization"},"image":{"@id":"https:\/\/magarinos.eu\/atandocabos\/blog\/2020\/01\/26\/nuestros-primos-de-america-1-manuel-garcia-de-tejada\/#primaryimage"},"thumbnailUrl":"https:\/\/magarinos.eu\/atandocabos\/wp-content\/uploads\/2020\/01\/texada_manuel.jpg","articleSection":["Cameros","Estados Unidos","Laguna de Cameros","Luisiana","Mississippi","Natchez","Nueva Orleans","Solar de Tejada"],"inLanguage":"es","potentialAction":[{"@type":"CommentAction","name":"Comment","target":["https:\/\/magarinos.eu\/atandocabos\/blog\/2020\/01\/26\/nuestros-primos-de-america-1-manuel-garcia-de-tejada\/#respond"]}]},{"@type":"WebPage","@id":"https:\/\/magarinos.eu\/atandocabos\/blog\/2020\/01\/26\/nuestros-primos-de-america-1-manuel-garcia-de-tejada\/","url":"https:\/\/magarinos.eu\/atandocabos\/blog\/2020\/01\/26\/nuestros-primos-de-america-1-manuel-garcia-de-tejada\/","name":"Nuestros primos de Am\u00e9rica (1): Manuel Garc\u00eda de Tejada - Atando Cabos","isPartOf":{"@id":"https:\/\/magarinos.eu\/atandocabos\/#website"},"primaryImageOfPage":{"@id":"https:\/\/magarinos.eu\/atandocabos\/blog\/2020\/01\/26\/nuestros-primos-de-america-1-manuel-garcia-de-tejada\/#primaryimage"},"image":{"@id":"https:\/\/magarinos.eu\/atandocabos\/blog\/2020\/01\/26\/nuestros-primos-de-america-1-manuel-garcia-de-tejada\/#primaryimage"},"thumbnailUrl":"https:\/\/magarinos.eu\/atandocabos\/wp-content\/uploads\/2020\/01\/texada_manuel.jpg","datePublished":"2020-01-26T12:44:24+00:00","dateModified":"2022-07-20T21:16:54+00:00","breadcrumb":{"@id":"https:\/\/magarinos.eu\/atandocabos\/blog\/2020\/01\/26\/nuestros-primos-de-america-1-manuel-garcia-de-tejada\/#breadcrumb"},"inLanguage":"es","potentialAction":[{"@type":"ReadAction","target":["https:\/\/magarinos.eu\/atandocabos\/blog\/2020\/01\/26\/nuestros-primos-de-america-1-manuel-garcia-de-tejada\/"]}]},{"@type":"ImageObject","inLanguage":"es","@id":"https:\/\/magarinos.eu\/atandocabos\/blog\/2020\/01\/26\/nuestros-primos-de-america-1-manuel-garcia-de-tejada\/#primaryimage","url":"https:\/\/magarinos.eu\/atandocabos\/wp-content\/uploads\/2020\/01\/texada_manuel.jpg","contentUrl":"https:\/\/magarinos.eu\/atandocabos\/wp-content\/uploads\/2020\/01\/texada_manuel.jpg","width":380,"height":449},{"@type":"BreadcrumbList","@id":"https:\/\/magarinos.eu\/atandocabos\/blog\/2020\/01\/26\/nuestros-primos-de-america-1-manuel-garcia-de-tejada\/#breadcrumb","itemListElement":[{"@type":"ListItem","position":1,"name":"Portada","item":"https:\/\/magarinos.eu\/atandocabos\/"},{"@type":"ListItem","position":2,"name":"Nuestros primos de Am\u00e9rica (1): Manuel Garc\u00eda de Tejada"}]},{"@type":"WebSite","@id":"https:\/\/magarinos.eu\/atandocabos\/#website","url":"https:\/\/magarinos.eu\/atandocabos\/","name":"Atando Cabos","description":"Una p\u00e1gina web de la familia Magari\u00f1os Ram\u00f3n","publisher":{"@id":"https:\/\/magarinos.eu\/atandocabos\/#organization"},"potentialAction":[{"@type":"SearchAction","target":{"@type":"EntryPoint","urlTemplate":"https:\/\/magarinos.eu\/atandocabos\/?s={search_term_string}"},"query-input":{"@type":"PropertyValueSpecification","valueRequired":true,"valueName":"search_term_string"}}],"inLanguage":"es"},{"@type":"Organization","@id":"https:\/\/magarinos.eu\/atandocabos\/#organization","name":"Atando Cabos","url":"https:\/\/magarinos.eu\/atandocabos\/","logo":{"@type":"ImageObject","inLanguage":"es","@id":"https:\/\/magarinos.eu\/atandocabos\/#\/schema\/logo\/image\/","url":"https:\/\/magarinos.eu\/atandocabos\/wp-content\/uploads\/2022\/06\/cropped-cropped-Caballero_Anciano.jpg","contentUrl":"https:\/\/magarinos.eu\/atandocabos\/wp-content\/uploads\/2022\/06\/cropped-cropped-Caballero_Anciano.jpg","width":512,"height":512,"caption":"Atando Cabos"},"image":{"@id":"https:\/\/magarinos.eu\/atandocabos\/#\/schema\/logo\/image\/"}},{"@type":"Person","@id":"https:\/\/magarinos.eu\/atandocabos\/#\/schema\/person\/ce62485d4bf8f9cc864369bb52591f1e","name":"Daniel Garc\u00eda Magari\u00f1os","image":{"@type":"ImageObject","inLanguage":"es","@id":"https:\/\/secure.gravatar.com\/avatar\/a7c7a82edf145a1bb8c32117ac59cb3be1c2c760796caff2df495a17896be288?s=96&d=mm&r=g","url":"https:\/\/secure.gravatar.com\/avatar\/a7c7a82edf145a1bb8c32117ac59cb3be1c2c760796caff2df495a17896be288?s=96&d=mm&r=g","contentUrl":"https:\/\/secure.gravatar.com\/avatar\/a7c7a82edf145a1bb8c32117ac59cb3be1c2c760796caff2df495a17896be288?s=96&d=mm&r=g","caption":"Daniel Garc\u00eda Magari\u00f1os"},"url":"https:\/\/magarinos.eu\/atandocabos\/blog\/author\/dgarcia\/"}]}},"_links":{"self":[{"href":"https:\/\/magarinos.eu\/atandocabos\/wp-json\/wp\/v2\/posts\/3360","targetHints":{"allow":["GET"]}}],"collection":[{"href":"https:\/\/magarinos.eu\/atandocabos\/wp-json\/wp\/v2\/posts"}],"about":[{"href":"https:\/\/magarinos.eu\/atandocabos\/wp-json\/wp\/v2\/types\/post"}],"author":[{"embeddable":true,"href":"https:\/\/magarinos.eu\/atandocabos\/wp-json\/wp\/v2\/users\/1"}],"replies":[{"embeddable":true,"href":"https:\/\/magarinos.eu\/atandocabos\/wp-json\/wp\/v2\/comments?post=3360"}],"version-history":[{"count":0,"href":"https:\/\/magarinos.eu\/atandocabos\/wp-json\/wp\/v2\/posts\/3360\/revisions"}],"wp:featuredmedia":[{"embeddable":true,"href":"https:\/\/magarinos.eu\/atandocabos\/wp-json\/wp\/v2\/media\/3363"}],"wp:attachment":[{"href":"https:\/\/magarinos.eu\/atandocabos\/wp-json\/wp\/v2\/media?parent=3360"}],"wp:term":[{"taxonomy":"category","embeddable":true,"href":"https:\/\/magarinos.eu\/atandocabos\/wp-json\/wp\/v2\/categories?post=3360"},{"taxonomy":"post_tag","embeddable":true,"href":"https:\/\/magarinos.eu\/atandocabos\/wp-json\/wp\/v2\/tags?post=3360"}],"curies":[{"name":"wp","href":"https:\/\/api.w.org\/{rel}","templated":true}]}}