{"id":3346,"date":"2019-03-23T18:38:52","date_gmt":"2019-03-23T18:38:52","guid":{"rendered":"https:\/\/atandocabosweb.wordpress.com\/?p=3346"},"modified":"2022-07-21T00:04:12","modified_gmt":"2022-07-20T22:04:12","slug":"1895-la-primera-comunion-de-carmen-magarinos","status":"publish","type":"post","link":"https:\/\/magarinos.eu\/atandocabos\/blog\/2019\/03\/23\/1895-la-primera-comunion-de-carmen-magarinos\/","title":{"rendered":"1895 &#8211; La Primera Comuni\u00f3n de Carmen Magari\u00f1os"},"content":{"rendered":"\n<p>El otro d\u00eda me envi\u00f3 un mensaje el primo V\u00edctor porque le hab\u00edan preguntado si el cuadro de Sorolla titulado&nbsp;<em>La Primera Comuni\u00f3n de Carmen Magari\u00f1os<\/em> ten\u00eda algo que ver con la familia.<\/p>\n\n\n\n<p>El cuadro en cuesti\u00f3n es este:<\/p>\n\n\n\n<figure class=\"wp-block-image aligncenter size-full wp-image-3350\"><img decoding=\"async\" src=\"data:image\/gif;base64,R0lGODlhAQABAIAAAAAAAP\/\/\/yH5BAEAAAAALAAAAAABAAEAAAIBRAA7\" data-src=\"https:\/\/magarinos.eu\/atandocabos\/wp-content\/uploads\/2022\/07\/Sorolla-Magarinos.jpg\" alt=\"La primera comuni\u00f3n de Carmen Magari\u00f1os - Cuadro de Sorolla.\" class=\"wp-image-5435 lazyload\"\/><noscript><img loading=\"lazy\" decoding=\"async\" width=\"629\" height=\"510\" src=\"https:\/\/magarinos.eu\/atandocabos\/wp-content\/uploads\/2022\/07\/Sorolla-Magarinos.jpg\" alt=\"La primera comuni\u00f3n de Carmen Magari\u00f1os - Cuadro de Sorolla.\" class=\"wp-image-5435 lazyload\" srcset=\"https:\/\/magarinos.eu\/atandocabos\/wp-content\/uploads\/2022\/07\/Sorolla-Magarinos.jpg 629w, https:\/\/magarinos.eu\/atandocabos\/wp-content\/uploads\/2022\/07\/Sorolla-Magarinos-300x243.jpg 300w, https:\/\/magarinos.eu\/atandocabos\/wp-content\/uploads\/2022\/07\/Sorolla-Magarinos-150x122.jpg 150w\" sizes=\"auto, (max-width: 629px) 100vw, 629px\" \/><\/noscript><figcaption>La Primera Comuni\u00f3n de Carmen Magari\u00f1os<\/figcaption><\/figure>\n\n\n\n<p>La obra pertenece a una colecci\u00f3n privada y form\u00f3 parte de la exposici\u00f3n \u00ab<a href=\"https:\/\/www.fundacioncristinamasaveu.com\/portfolio\/eucharistia-2\/\" target=\"_blank\" rel=\"noopener noreferrer\">Las Edades del Hombre<\/a>\u00bb de 2014.<\/p>\n\n\n\n<p>Seg\u00fan explica Vicente Samper Embiz en su obra sobre <a href=\"https:\/\/www.museobilbao.com\/sala-de-lectura.php?f=&amp;e=&amp;m=&amp;pagina=3\" target=\"_blank\" rel=\"noopener noreferrer\">Sorolla y el Antiguo Colegio San Pablo<\/a>, el cuadro lo habr\u00eda encargado <strong>Ricardo Magari\u00f1os<\/strong> con ocasi\u00f3n de la primera comuni\u00f3n de su hija Carmen. La venta se habr\u00eda producido en 1896.<\/p>\n\n\n\n<p>Ricardo Magari\u00f1os no pudo disfrutar mucho del cuadro puesto que muri\u00f3 el 2 de mayo de 1896, tal como se puede apreciar por la esquela y la noticia publicada en la prensa.<\/p>\n\n\n\n<figure class=\"wp-block-image aligncenter is-resized wp-image-3351\"><img loading=\"lazy\" decoding=\"async\" src=\"data:image\/gif;base64,R0lGODlhAQABAIAAAAAAAP\/\/\/yH5BAEAAAAALAAAAAABAAEAAAIBRAA7\" data-src=\"https:\/\/magarinos.eu\/atandocabos\/wp-content\/uploads\/2019\/03\/1806-ricardo-magaric3b1os.jpg\" alt=\"1806 - Ricardo magari\u00f1os\" class=\"wp-image-3351 lazyload\" width=\"313\" height=\"528\"\/><noscript><img loading=\"lazy\" decoding=\"async\" src=\"https:\/\/magarinos.eu\/atandocabos\/wp-content\/uploads\/2019\/03\/1806-ricardo-magaric3b1os.jpg\" alt=\"1806 - Ricardo magari\u00f1os\" class=\"wp-image-3351 lazyload\" width=\"313\" height=\"528\" srcset=\"https:\/\/magarinos.eu\/atandocabos\/wp-content\/uploads\/2019\/03\/1806-ricardo-magaric3b1os.jpg 501w, https:\/\/magarinos.eu\/atandocabos\/wp-content\/uploads\/2019\/03\/1806-ricardo-magaric3b1os-178x300.jpg 178w\" sizes=\"auto, (max-width: 313px) 100vw, 313px\" \/><\/noscript><figcaption>Esquela de Ricardo Magari\u00f1os Garc\u00eda.<\/figcaption><\/figure>\n\n\n\n<p>En la esquela se reproducen los nombres de los padres de don Ricardo (Eduardo Magari\u00f1os y Prisca Garc\u00eda), quienes no parecen tener relaci\u00f3n con <a href=\"https:\/\/magarinos.eu\/atandocabos\/cipriana-mera-y-sus-misterios\/\">Antonio Magari\u00f1os Soutullo y Cipriana Mera y Hermida,<\/a> los tarabuelos por la rama Magari\u00f1os que viv\u00edan en Madrid en esa \u00e9poca.<\/p>\n\n\n\n<p>Hasta que aparezca m\u00e1s informaci\u00f3n, no podemos confirmar que exista relaci\u00f3n alguna entre estos Magari\u00f1os y nuestra familia.<\/p>\n\n\n\n<figure class=\"wp-block-image aligncenter size-full wp-image-3352\"><img decoding=\"async\" src=\"data:image\/gif;base64,R0lGODlhAQABAIAAAAAAAP\/\/\/yH5BAEAAAAALAAAAAABAAEAAAIBRAA7\" data-src=\"https:\/\/magarinos.eu\/atandocabos\/wp-content\/uploads\/2019\/03\/accidente-ricardo-magaric3b1os.png\" alt=\"Accidente Ricardo Magari\u00f1os\" class=\"wp-image-3352 lazyload\"\/><noscript><img loading=\"lazy\" decoding=\"async\" width=\"457\" height=\"386\" src=\"https:\/\/magarinos.eu\/atandocabos\/wp-content\/uploads\/2019\/03\/accidente-ricardo-magaric3b1os.png\" alt=\"Accidente Ricardo Magari\u00f1os\" class=\"wp-image-3352 lazyload\" srcset=\"https:\/\/magarinos.eu\/atandocabos\/wp-content\/uploads\/2019\/03\/accidente-ricardo-magaric3b1os.png 457w, https:\/\/magarinos.eu\/atandocabos\/wp-content\/uploads\/2019\/03\/accidente-ricardo-magaric3b1os-300x253.png 300w\" sizes=\"auto, (max-width: 457px) 100vw, 457px\" \/><\/noscript><figcaption>Noticia de la muerte de Ricardo Magari\u00f1os, publicada en <em>El&nbsp;Liberal<\/em>, el 3 de mayo de 1896.<\/figcaption><\/figure>\n\n\n\n<p>UNA DESGRACIA<br>En el paseo de la Castellana, y en sitio pr\u00f3ximo al paseo del Cisne, ocurri\u00f3 ayer, entre doce y una de la tarde, un suceso trist\u00edsimo, del cual fue v\u00edctima un caballero muy conocido y estimado en Madrid.<\/p>\n\n\n\n<p>Dos \u00edntimos amigos, D. Telesforo Casarrubio y D. Ricardo Magari\u00f1os, marchaban&nbsp;ayer a dicha hora en una <em>churret<\/em> de la propiedad&nbsp;del primero.<\/p>\n\n\n\n<p>Guiaba el carruaje el Sr. Magari\u00f1os, y al&nbsp;ver que el caballo emprend\u00eda precipitada carrera, y suponiendo que se hubiera desbocado,&nbsp;entreg\u00f3 las riendas 4 su amigo&nbsp;Sr. Casarrubio, y sin duda con el prop\u00f3sito&nbsp;do detener al caballo se lanz\u00f3 al suelo.<\/p>\n\n\n\n<p>El Sr. Magarif\u00edos cay\u00f3 con tan mala fortuna,&nbsp;que se produjo dos fuertes lesiones en la cabeza y casi ex\u00e1nime fue recogido en el&nbsp;coche y trasladado precipitadamente al Gabinete&nbsp;M\u00e9dico del barrio de Salamanca.<\/p>\n\n\n\n<p>Hecha la primera cura, los m\u00e9dicos&nbsp; declararon que el estado del herido era grav\u00edsimo,&nbsp;pues por efecto del golpe sufrido en la&nbsp;cabeza y varias lesiones en la regi\u00f3n occipital,&nbsp;al Sr. Magari\u00f1os se le hab\u00eda declarado enseguida la commoci\u00f3n cerebral.<\/p>\n\n\n\n<p>Con objeto de evitar a la distinguida familia&nbsp;del Sr. Magari\u00f1os la terrible escena&nbsp;de ver entrar en su casa en tal estado a un&nbsp; ser qwerido que hab\u00eda salido de ella alegre y lleno de vida, dos horas antes se convino en trasladar al herido a la casa de su cu\u00f1ado,&nbsp;D. Joaqu\u00edn de la Hoz, calle de Alcal\u00e1,&nbsp;69 duplicado, segundo, en donde a los pocos momentos dej\u00f3 de existir.<\/p>\n\n\n\n<p>D. Ricardo Magari\u00f1os, hombre de envidiable&nbsp;fortuna y muy conocido en la Bolsa, era muy estimado en Madrid, donde ten\u00eda&nbsp;numerosos amigos en todas las clases sociales,&nbsp;por sus excelentes cualidades, su talento&nbsp;para los negocios y su amor por las artes. Ten\u00eda treinta y cuatro a\u00f1os de edad y habitaba&nbsp;en uni\u00f3n de distinguida esposa y&nbsp;de su angelical hija, en la calle del Almirante,&nbsp;n\u00famero 16.<\/p>\n\n\n\n<p>El juez de guardia, Sr. Pozo y Marretti, accediendo a los ruegos de la infortunada&nbsp;familia del Sr. Magari\u00f1os, a cuyo dolor muy&nbsp;sinceramente nos asociamos, acord\u00f3 que la&nbsp;autopsia del cad\u00e1ver se practique en el domicilio&nbsp;en donde falleci\u00f3.<\/p>\n","protected":false},"excerpt":{"rendered":"<p>El otro d\u00eda me envi\u00f3 un mensaje el primo V\u00edctor porque le hab\u00edan preguntado si el cuadro de Sorolla titulado&nbsp;La Primera Comuni\u00f3n de Carmen Magari\u00f1os ten\u00eda algo que ver con la familia. El cuadro en cuesti\u00f3n es este: La obra pertenece a una colecci\u00f3n privada y form\u00f3 parte de la exposici\u00f3n \u00abLas Edades del Hombre\u00bb [&hellip;]<\/p>\n","protected":false},"author":1,"featured_media":5435,"comment_status":"open","ping_status":"open","sticky":false,"template":"","format":"standard","meta":{"footnotes":""},"categories":[5,160,159],"tags":[28,123,137],"class_list":["post-3346","post","type-post","status-publish","format-standard","has-post-thumbnail","hentry","category-historias-familiares","category-madrid","category-magarinos","tag-carmen-magarinos-de-la-hoz","tag-ricardo-magarinos-garcia","tag-sorolla"],"blocksy_meta":{"styles_descriptor":{"styles":{"desktop":"","tablet":"","mobile":""},"google_fonts":[],"version":6}},"yoast_head":"<!-- This site is optimized with the Yoast SEO plugin v27.5 - https:\/\/yoast.com\/product\/yoast-seo-wordpress\/ -->\n<title>1895 - La Primera Comuni\u00f3n de Carmen Magari\u00f1os - Atando Cabos<\/title>\n<meta name=\"description\" content=\"Una curiosa coincidencia. Una ni\u00f1a llamada Carmen Magari\u00f1os recibi\u00f3 la primera comuni\u00f3n y fue pintada por Sorolla.\" \/>\n<meta name=\"robots\" content=\"index, follow, max-snippet:-1, max-image-preview:large, max-video-preview:-1\" \/>\n<link rel=\"canonical\" href=\"https:\/\/magarinos.eu\/atandocabos\/blog\/2019\/03\/23\/1895-la-primera-comunion-de-carmen-magarinos\/\" \/>\n<meta property=\"og:locale\" content=\"es_ES\" \/>\n<meta property=\"og:type\" content=\"article\" \/>\n<meta property=\"og:title\" content=\"1895 - La Primera Comuni\u00f3n de Carmen Magari\u00f1os - Atando Cabos\" \/>\n<meta property=\"og:description\" content=\"Una curiosa coincidencia. Una ni\u00f1a llamada Carmen Magari\u00f1os recibi\u00f3 la primera comuni\u00f3n y fue pintada por Sorolla.\" \/>\n<meta property=\"og:url\" content=\"https:\/\/magarinos.eu\/atandocabos\/blog\/2019\/03\/23\/1895-la-primera-comunion-de-carmen-magarinos\/\" \/>\n<meta property=\"og:site_name\" content=\"Atando Cabos\" \/>\n<meta property=\"article:published_time\" content=\"2019-03-23T18:38:52+00:00\" \/>\n<meta property=\"article:modified_time\" content=\"2022-07-20T22:04:12+00:00\" \/>\n<meta property=\"og:image\" content=\"https:\/\/magarinos.eu\/atandocabos\/wp-content\/uploads\/2022\/07\/Sorolla-Magarinos.jpg\" \/>\n\t<meta property=\"og:image:width\" content=\"629\" \/>\n\t<meta property=\"og:image:height\" content=\"510\" \/>\n\t<meta property=\"og:image:type\" content=\"image\/jpeg\" \/>\n<meta name=\"author\" content=\"Daniel Garc\u00eda Magari\u00f1os\" \/>\n<meta name=\"twitter:card\" content=\"summary_large_image\" \/>\n<meta name=\"twitter:label1\" content=\"Escrito por\" \/>\n\t<meta name=\"twitter:data1\" content=\"Daniel Garc\u00eda Magari\u00f1os\" \/>\n\t<meta name=\"twitter:label2\" content=\"Tiempo de lectura\" \/>\n\t<meta name=\"twitter:data2\" content=\"4 minutos\" \/>\n<script type=\"application\/ld+json\" class=\"yoast-schema-graph\">{\"@context\":\"https:\\\/\\\/schema.org\",\"@graph\":[{\"@type\":\"Article\",\"@id\":\"https:\\\/\\\/magarinos.eu\\\/atandocabos\\\/blog\\\/2019\\\/03\\\/23\\\/1895-la-primera-comunion-de-carmen-magarinos\\\/#article\",\"isPartOf\":{\"@id\":\"https:\\\/\\\/magarinos.eu\\\/atandocabos\\\/blog\\\/2019\\\/03\\\/23\\\/1895-la-primera-comunion-de-carmen-magarinos\\\/\"},\"author\":{\"name\":\"Daniel Garc\u00eda Magari\u00f1os\",\"@id\":\"https:\\\/\\\/magarinos.eu\\\/atandocabos\\\/#\\\/schema\\\/person\\\/ce62485d4bf8f9cc864369bb52591f1e\"},\"headline\":\"1895 &#8211; La Primera Comuni\u00f3n de Carmen Magari\u00f1os\",\"datePublished\":\"2019-03-23T18:38:52+00:00\",\"dateModified\":\"2022-07-20T22:04:12+00:00\",\"mainEntityOfPage\":{\"@id\":\"https:\\\/\\\/magarinos.eu\\\/atandocabos\\\/blog\\\/2019\\\/03\\\/23\\\/1895-la-primera-comunion-de-carmen-magarinos\\\/\"},\"wordCount\":672,\"commentCount\":1,\"publisher\":{\"@id\":\"https:\\\/\\\/magarinos.eu\\\/atandocabos\\\/#organization\"},\"image\":{\"@id\":\"https:\\\/\\\/magarinos.eu\\\/atandocabos\\\/blog\\\/2019\\\/03\\\/23\\\/1895-la-primera-comunion-de-carmen-magarinos\\\/#primaryimage\"},\"thumbnailUrl\":\"https:\\\/\\\/magarinos.eu\\\/atandocabos\\\/wp-content\\\/uploads\\\/2022\\\/07\\\/Sorolla-Magarinos.jpg\",\"keywords\":[\"Carmen Magari\u00f1os de la Hoz\",\"Ricardo Magari\u00f1os Garc\u00eda\",\"Sorolla\"],\"articleSection\":[\"Historias familiares\",\"Madrid\",\"Magari\u00f1os\"],\"inLanguage\":\"es\",\"potentialAction\":[{\"@type\":\"CommentAction\",\"name\":\"Comment\",\"target\":[\"https:\\\/\\\/magarinos.eu\\\/atandocabos\\\/blog\\\/2019\\\/03\\\/23\\\/1895-la-primera-comunion-de-carmen-magarinos\\\/#respond\"]}]},{\"@type\":\"WebPage\",\"@id\":\"https:\\\/\\\/magarinos.eu\\\/atandocabos\\\/blog\\\/2019\\\/03\\\/23\\\/1895-la-primera-comunion-de-carmen-magarinos\\\/\",\"url\":\"https:\\\/\\\/magarinos.eu\\\/atandocabos\\\/blog\\\/2019\\\/03\\\/23\\\/1895-la-primera-comunion-de-carmen-magarinos\\\/\",\"name\":\"1895 - La Primera Comuni\u00f3n de Carmen Magari\u00f1os - Atando Cabos\",\"isPartOf\":{\"@id\":\"https:\\\/\\\/magarinos.eu\\\/atandocabos\\\/#website\"},\"primaryImageOfPage\":{\"@id\":\"https:\\\/\\\/magarinos.eu\\\/atandocabos\\\/blog\\\/2019\\\/03\\\/23\\\/1895-la-primera-comunion-de-carmen-magarinos\\\/#primaryimage\"},\"image\":{\"@id\":\"https:\\\/\\\/magarinos.eu\\\/atandocabos\\\/blog\\\/2019\\\/03\\\/23\\\/1895-la-primera-comunion-de-carmen-magarinos\\\/#primaryimage\"},\"thumbnailUrl\":\"https:\\\/\\\/magarinos.eu\\\/atandocabos\\\/wp-content\\\/uploads\\\/2022\\\/07\\\/Sorolla-Magarinos.jpg\",\"datePublished\":\"2019-03-23T18:38:52+00:00\",\"dateModified\":\"2022-07-20T22:04:12+00:00\",\"description\":\"Una curiosa coincidencia. Una ni\u00f1a llamada Carmen Magari\u00f1os recibi\u00f3 la primera comuni\u00f3n y fue pintada por Sorolla.\",\"breadcrumb\":{\"@id\":\"https:\\\/\\\/magarinos.eu\\\/atandocabos\\\/blog\\\/2019\\\/03\\\/23\\\/1895-la-primera-comunion-de-carmen-magarinos\\\/#breadcrumb\"},\"inLanguage\":\"es\",\"potentialAction\":[{\"@type\":\"ReadAction\",\"target\":[\"https:\\\/\\\/magarinos.eu\\\/atandocabos\\\/blog\\\/2019\\\/03\\\/23\\\/1895-la-primera-comunion-de-carmen-magarinos\\\/\"]}]},{\"@type\":\"ImageObject\",\"inLanguage\":\"es\",\"@id\":\"https:\\\/\\\/magarinos.eu\\\/atandocabos\\\/blog\\\/2019\\\/03\\\/23\\\/1895-la-primera-comunion-de-carmen-magarinos\\\/#primaryimage\",\"url\":\"https:\\\/\\\/magarinos.eu\\\/atandocabos\\\/wp-content\\\/uploads\\\/2022\\\/07\\\/Sorolla-Magarinos.jpg\",\"contentUrl\":\"https:\\\/\\\/magarinos.eu\\\/atandocabos\\\/wp-content\\\/uploads\\\/2022\\\/07\\\/Sorolla-Magarinos.jpg\",\"width\":629,\"height\":510,\"caption\":\"La Primera Comuni\u00f3n de Carmen Magari\u00f1os\"},{\"@type\":\"BreadcrumbList\",\"@id\":\"https:\\\/\\\/magarinos.eu\\\/atandocabos\\\/blog\\\/2019\\\/03\\\/23\\\/1895-la-primera-comunion-de-carmen-magarinos\\\/#breadcrumb\",\"itemListElement\":[{\"@type\":\"ListItem\",\"position\":1,\"name\":\"Portada\",\"item\":\"https:\\\/\\\/magarinos.eu\\\/atandocabos\\\/\"},{\"@type\":\"ListItem\",\"position\":2,\"name\":\"1895 &#8211; La Primera Comuni\u00f3n de Carmen Magari\u00f1os\"}]},{\"@type\":\"WebSite\",\"@id\":\"https:\\\/\\\/magarinos.eu\\\/atandocabos\\\/#website\",\"url\":\"https:\\\/\\\/magarinos.eu\\\/atandocabos\\\/\",\"name\":\"Atando Cabos\",\"description\":\"Una p\u00e1gina web de la familia Magari\u00f1os Ram\u00f3n\",\"publisher\":{\"@id\":\"https:\\\/\\\/magarinos.eu\\\/atandocabos\\\/#organization\"},\"potentialAction\":[{\"@type\":\"SearchAction\",\"target\":{\"@type\":\"EntryPoint\",\"urlTemplate\":\"https:\\\/\\\/magarinos.eu\\\/atandocabos\\\/?s={search_term_string}\"},\"query-input\":{\"@type\":\"PropertyValueSpecification\",\"valueRequired\":true,\"valueName\":\"search_term_string\"}}],\"inLanguage\":\"es\"},{\"@type\":\"Organization\",\"@id\":\"https:\\\/\\\/magarinos.eu\\\/atandocabos\\\/#organization\",\"name\":\"Atando Cabos\",\"url\":\"https:\\\/\\\/magarinos.eu\\\/atandocabos\\\/\",\"logo\":{\"@type\":\"ImageObject\",\"inLanguage\":\"es\",\"@id\":\"https:\\\/\\\/magarinos.eu\\\/atandocabos\\\/#\\\/schema\\\/logo\\\/image\\\/\",\"url\":\"https:\\\/\\\/magarinos.eu\\\/atandocabos\\\/wp-content\\\/uploads\\\/2022\\\/06\\\/cropped-cropped-Caballero_Anciano.jpg\",\"contentUrl\":\"https:\\\/\\\/magarinos.eu\\\/atandocabos\\\/wp-content\\\/uploads\\\/2022\\\/06\\\/cropped-cropped-Caballero_Anciano.jpg\",\"width\":512,\"height\":512,\"caption\":\"Atando Cabos\"},\"image\":{\"@id\":\"https:\\\/\\\/magarinos.eu\\\/atandocabos\\\/#\\\/schema\\\/logo\\\/image\\\/\"}},{\"@type\":\"Person\",\"@id\":\"https:\\\/\\\/magarinos.eu\\\/atandocabos\\\/#\\\/schema\\\/person\\\/ce62485d4bf8f9cc864369bb52591f1e\",\"name\":\"Daniel Garc\u00eda Magari\u00f1os\",\"image\":{\"@type\":\"ImageObject\",\"inLanguage\":\"es\",\"@id\":\"https:\\\/\\\/secure.gravatar.com\\\/avatar\\\/a7c7a82edf145a1bb8c32117ac59cb3be1c2c760796caff2df495a17896be288?s=96&d=mm&r=g\",\"url\":\"https:\\\/\\\/secure.gravatar.com\\\/avatar\\\/a7c7a82edf145a1bb8c32117ac59cb3be1c2c760796caff2df495a17896be288?s=96&d=mm&r=g\",\"contentUrl\":\"https:\\\/\\\/secure.gravatar.com\\\/avatar\\\/a7c7a82edf145a1bb8c32117ac59cb3be1c2c760796caff2df495a17896be288?s=96&d=mm&r=g\",\"caption\":\"Daniel Garc\u00eda Magari\u00f1os\"},\"url\":\"https:\\\/\\\/magarinos.eu\\\/atandocabos\\\/blog\\\/author\\\/dgarcia\\\/\"}]}<\/script>\n<!-- \/ Yoast SEO plugin. -->","yoast_head_json":{"title":"1895 - La Primera Comuni\u00f3n de Carmen Magari\u00f1os - Atando Cabos","description":"Una curiosa coincidencia. Una ni\u00f1a llamada Carmen Magari\u00f1os recibi\u00f3 la primera comuni\u00f3n y fue pintada por Sorolla.","robots":{"index":"index","follow":"follow","max-snippet":"max-snippet:-1","max-image-preview":"max-image-preview:large","max-video-preview":"max-video-preview:-1"},"canonical":"https:\/\/magarinos.eu\/atandocabos\/blog\/2019\/03\/23\/1895-la-primera-comunion-de-carmen-magarinos\/","og_locale":"es_ES","og_type":"article","og_title":"1895 - La Primera Comuni\u00f3n de Carmen Magari\u00f1os - Atando Cabos","og_description":"Una curiosa coincidencia. Una ni\u00f1a llamada Carmen Magari\u00f1os recibi\u00f3 la primera comuni\u00f3n y fue pintada por Sorolla.","og_url":"https:\/\/magarinos.eu\/atandocabos\/blog\/2019\/03\/23\/1895-la-primera-comunion-de-carmen-magarinos\/","og_site_name":"Atando Cabos","article_published_time":"2019-03-23T18:38:52+00:00","article_modified_time":"2022-07-20T22:04:12+00:00","og_image":[{"width":629,"height":510,"url":"https:\/\/magarinos.eu\/atandocabos\/wp-content\/uploads\/2022\/07\/Sorolla-Magarinos.jpg","type":"image\/jpeg"}],"author":"Daniel Garc\u00eda Magari\u00f1os","twitter_card":"summary_large_image","twitter_misc":{"Escrito por":"Daniel Garc\u00eda Magari\u00f1os","Tiempo de lectura":"4 minutos"},"schema":{"@context":"https:\/\/schema.org","@graph":[{"@type":"Article","@id":"https:\/\/magarinos.eu\/atandocabos\/blog\/2019\/03\/23\/1895-la-primera-comunion-de-carmen-magarinos\/#article","isPartOf":{"@id":"https:\/\/magarinos.eu\/atandocabos\/blog\/2019\/03\/23\/1895-la-primera-comunion-de-carmen-magarinos\/"},"author":{"name":"Daniel Garc\u00eda Magari\u00f1os","@id":"https:\/\/magarinos.eu\/atandocabos\/#\/schema\/person\/ce62485d4bf8f9cc864369bb52591f1e"},"headline":"1895 &#8211; La Primera Comuni\u00f3n de Carmen Magari\u00f1os","datePublished":"2019-03-23T18:38:52+00:00","dateModified":"2022-07-20T22:04:12+00:00","mainEntityOfPage":{"@id":"https:\/\/magarinos.eu\/atandocabos\/blog\/2019\/03\/23\/1895-la-primera-comunion-de-carmen-magarinos\/"},"wordCount":672,"commentCount":1,"publisher":{"@id":"https:\/\/magarinos.eu\/atandocabos\/#organization"},"image":{"@id":"https:\/\/magarinos.eu\/atandocabos\/blog\/2019\/03\/23\/1895-la-primera-comunion-de-carmen-magarinos\/#primaryimage"},"thumbnailUrl":"https:\/\/magarinos.eu\/atandocabos\/wp-content\/uploads\/2022\/07\/Sorolla-Magarinos.jpg","keywords":["Carmen Magari\u00f1os de la Hoz","Ricardo Magari\u00f1os Garc\u00eda","Sorolla"],"articleSection":["Historias familiares","Madrid","Magari\u00f1os"],"inLanguage":"es","potentialAction":[{"@type":"CommentAction","name":"Comment","target":["https:\/\/magarinos.eu\/atandocabos\/blog\/2019\/03\/23\/1895-la-primera-comunion-de-carmen-magarinos\/#respond"]}]},{"@type":"WebPage","@id":"https:\/\/magarinos.eu\/atandocabos\/blog\/2019\/03\/23\/1895-la-primera-comunion-de-carmen-magarinos\/","url":"https:\/\/magarinos.eu\/atandocabos\/blog\/2019\/03\/23\/1895-la-primera-comunion-de-carmen-magarinos\/","name":"1895 - La Primera Comuni\u00f3n de Carmen Magari\u00f1os - Atando Cabos","isPartOf":{"@id":"https:\/\/magarinos.eu\/atandocabos\/#website"},"primaryImageOfPage":{"@id":"https:\/\/magarinos.eu\/atandocabos\/blog\/2019\/03\/23\/1895-la-primera-comunion-de-carmen-magarinos\/#primaryimage"},"image":{"@id":"https:\/\/magarinos.eu\/atandocabos\/blog\/2019\/03\/23\/1895-la-primera-comunion-de-carmen-magarinos\/#primaryimage"},"thumbnailUrl":"https:\/\/magarinos.eu\/atandocabos\/wp-content\/uploads\/2022\/07\/Sorolla-Magarinos.jpg","datePublished":"2019-03-23T18:38:52+00:00","dateModified":"2022-07-20T22:04:12+00:00","description":"Una curiosa coincidencia. Una ni\u00f1a llamada Carmen Magari\u00f1os recibi\u00f3 la primera comuni\u00f3n y fue pintada por Sorolla.","breadcrumb":{"@id":"https:\/\/magarinos.eu\/atandocabos\/blog\/2019\/03\/23\/1895-la-primera-comunion-de-carmen-magarinos\/#breadcrumb"},"inLanguage":"es","potentialAction":[{"@type":"ReadAction","target":["https:\/\/magarinos.eu\/atandocabos\/blog\/2019\/03\/23\/1895-la-primera-comunion-de-carmen-magarinos\/"]}]},{"@type":"ImageObject","inLanguage":"es","@id":"https:\/\/magarinos.eu\/atandocabos\/blog\/2019\/03\/23\/1895-la-primera-comunion-de-carmen-magarinos\/#primaryimage","url":"https:\/\/magarinos.eu\/atandocabos\/wp-content\/uploads\/2022\/07\/Sorolla-Magarinos.jpg","contentUrl":"https:\/\/magarinos.eu\/atandocabos\/wp-content\/uploads\/2022\/07\/Sorolla-Magarinos.jpg","width":629,"height":510,"caption":"La Primera Comuni\u00f3n de Carmen Magari\u00f1os"},{"@type":"BreadcrumbList","@id":"https:\/\/magarinos.eu\/atandocabos\/blog\/2019\/03\/23\/1895-la-primera-comunion-de-carmen-magarinos\/#breadcrumb","itemListElement":[{"@type":"ListItem","position":1,"name":"Portada","item":"https:\/\/magarinos.eu\/atandocabos\/"},{"@type":"ListItem","position":2,"name":"1895 &#8211; La Primera Comuni\u00f3n de Carmen Magari\u00f1os"}]},{"@type":"WebSite","@id":"https:\/\/magarinos.eu\/atandocabos\/#website","url":"https:\/\/magarinos.eu\/atandocabos\/","name":"Atando Cabos","description":"Una p\u00e1gina web de la familia Magari\u00f1os Ram\u00f3n","publisher":{"@id":"https:\/\/magarinos.eu\/atandocabos\/#organization"},"potentialAction":[{"@type":"SearchAction","target":{"@type":"EntryPoint","urlTemplate":"https:\/\/magarinos.eu\/atandocabos\/?s={search_term_string}"},"query-input":{"@type":"PropertyValueSpecification","valueRequired":true,"valueName":"search_term_string"}}],"inLanguage":"es"},{"@type":"Organization","@id":"https:\/\/magarinos.eu\/atandocabos\/#organization","name":"Atando Cabos","url":"https:\/\/magarinos.eu\/atandocabos\/","logo":{"@type":"ImageObject","inLanguage":"es","@id":"https:\/\/magarinos.eu\/atandocabos\/#\/schema\/logo\/image\/","url":"https:\/\/magarinos.eu\/atandocabos\/wp-content\/uploads\/2022\/06\/cropped-cropped-Caballero_Anciano.jpg","contentUrl":"https:\/\/magarinos.eu\/atandocabos\/wp-content\/uploads\/2022\/06\/cropped-cropped-Caballero_Anciano.jpg","width":512,"height":512,"caption":"Atando Cabos"},"image":{"@id":"https:\/\/magarinos.eu\/atandocabos\/#\/schema\/logo\/image\/"}},{"@type":"Person","@id":"https:\/\/magarinos.eu\/atandocabos\/#\/schema\/person\/ce62485d4bf8f9cc864369bb52591f1e","name":"Daniel Garc\u00eda Magari\u00f1os","image":{"@type":"ImageObject","inLanguage":"es","@id":"https:\/\/secure.gravatar.com\/avatar\/a7c7a82edf145a1bb8c32117ac59cb3be1c2c760796caff2df495a17896be288?s=96&d=mm&r=g","url":"https:\/\/secure.gravatar.com\/avatar\/a7c7a82edf145a1bb8c32117ac59cb3be1c2c760796caff2df495a17896be288?s=96&d=mm&r=g","contentUrl":"https:\/\/secure.gravatar.com\/avatar\/a7c7a82edf145a1bb8c32117ac59cb3be1c2c760796caff2df495a17896be288?s=96&d=mm&r=g","caption":"Daniel Garc\u00eda Magari\u00f1os"},"url":"https:\/\/magarinos.eu\/atandocabos\/blog\/author\/dgarcia\/"}]}},"_links":{"self":[{"href":"https:\/\/magarinos.eu\/atandocabos\/wp-json\/wp\/v2\/posts\/3346","targetHints":{"allow":["GET"]}}],"collection":[{"href":"https:\/\/magarinos.eu\/atandocabos\/wp-json\/wp\/v2\/posts"}],"about":[{"href":"https:\/\/magarinos.eu\/atandocabos\/wp-json\/wp\/v2\/types\/post"}],"author":[{"embeddable":true,"href":"https:\/\/magarinos.eu\/atandocabos\/wp-json\/wp\/v2\/users\/1"}],"replies":[{"embeddable":true,"href":"https:\/\/magarinos.eu\/atandocabos\/wp-json\/wp\/v2\/comments?post=3346"}],"version-history":[{"count":0,"href":"https:\/\/magarinos.eu\/atandocabos\/wp-json\/wp\/v2\/posts\/3346\/revisions"}],"wp:featuredmedia":[{"embeddable":true,"href":"https:\/\/magarinos.eu\/atandocabos\/wp-json\/wp\/v2\/media\/5435"}],"wp:attachment":[{"href":"https:\/\/magarinos.eu\/atandocabos\/wp-json\/wp\/v2\/media?parent=3346"}],"wp:term":[{"taxonomy":"category","embeddable":true,"href":"https:\/\/magarinos.eu\/atandocabos\/wp-json\/wp\/v2\/categories?post=3346"},{"taxonomy":"post_tag","embeddable":true,"href":"https:\/\/magarinos.eu\/atandocabos\/wp-json\/wp\/v2\/tags?post=3346"}],"curies":[{"name":"wp","href":"https:\/\/api.w.org\/{rel}","templated":true}]}}