{"id":3296,"date":"2018-05-19T12:29:24","date_gmt":"2018-05-19T12:29:24","guid":{"rendered":"https:\/\/atandocabosweb.wordpress.com\/?p=3296"},"modified":"2022-07-18T23:43:17","modified_gmt":"2022-07-18T21:43:17","slug":"1915-primera-comunion","status":"publish","type":"post","link":"https:\/\/magarinos.eu\/atandocabos\/blog\/2018\/05\/19\/1915-primera-comunion\/","title":{"rendered":"1915 &#8211; La primera comuni\u00f3n de Carlos y Antonio"},"content":{"rendered":"\n<p>La primera comuni\u00f3n es un ritual de la iglesia cat\u00f3lica por el cual una persona (por lo general todav\u00eda menor de edad) recibe por primera vez la eucarist\u00eda.<\/p>\n\n\n\n<p>Esta ceremonia suele realizarse cuando el ni\u00f1o tiene uso de raz\u00f3n. Es tradicional celebrarlo en grupos, en ocasiones con otros ni\u00f1os de la misma familia. Adem\u00e1s del oficio religioso que conlleva, a menudo se organiza una fiesta familiar para celebrar la ocasi\u00f3n.<\/p>\n\n\n\n<p>La primera comuni\u00f3n de <strong>Carlos Magari\u00f1os<\/strong> y su hermano <strong>Antonio Magari\u00f1os<\/strong>&nbsp;se celebr\u00f3 el <strong>13 de Mayo de 1915<\/strong>, tal como nos indica el recordatorio de su primera comuni\u00f3n que se ha conservado en la familia durante m\u00e1s de cien a\u00f1os.<\/p>\n\n\n\n<figure class=\"wp-block-image aligncenter is-resized\"><a href=\"https:\/\/magarinos.eu\/atandocabos\/wp-content\/uploads\/2018\/05\/1915-05-13-carlos-magaric3b1os-comunic3b3n-small.jpg\" target=\"_blank\" rel=\"noopener\"><img loading=\"lazy\" decoding=\"async\" src=\"data:image\/gif;base64,R0lGODlhAQABAIAAAAAAAP\/\/\/yH5BAEAAAAALAAAAAABAAEAAAIBRAA7\" data-src=\"https:\/\/magarinos.eu\/atandocabos\/wp-content\/uploads\/2018\/05\/1915-05-13-carlos-magaric3b1os-comunic3b3n-small.jpg\" alt=\"1915-05-13 - Carlos Magari\u00f1os - Comuni\u00f3n small\" class=\"wp-image-3298 lazyload\" width=\"250\" height=\"461\"\/><noscript><img loading=\"lazy\" decoding=\"async\" src=\"https:\/\/magarinos.eu\/atandocabos\/wp-content\/uploads\/2018\/05\/1915-05-13-carlos-magaric3b1os-comunic3b3n-small.jpg\" alt=\"1915-05-13 - Carlos Magari\u00f1os - Comuni\u00f3n small\" class=\"wp-image-3298 lazyload\" width=\"250\" height=\"461\" srcset=\"https:\/\/magarinos.eu\/atandocabos\/wp-content\/uploads\/2018\/05\/1915-05-13-carlos-magaric3b1os-comunic3b3n-small.jpg 397w, https:\/\/magarinos.eu\/atandocabos\/wp-content\/uploads\/2018\/05\/1915-05-13-carlos-magaric3b1os-comunic3b3n-small-163x300.jpg 163w\" sizes=\"auto, (max-width: 250px) 100vw, 250px\" \/><\/noscript><\/a><\/figure>\n\n\n\n<p>La ceremonia tuvo lugar en la \u00abiglesia de Religiosas Concepcionistas\u00bb, que pudiera ser el <strong><a href=\"https:\/\/www.misas.org\/p\/monasterio-de-san-jose-y-jesus-maria-concepcionistas-franciscanas-madrid\" target=\"_blank\" rel=\"noopener\">Monasterio de San Jos\u00e9 y Jes\u00fas Mar\u00eda, de las Concepcionistas Franciscanas<\/a><\/strong>, situado en la calle <strong><a href=\"https:\/\/www.google.de\/maps\/place\/Calle+de+Blasco+de+Garay,+51,+28015+Madrid,+Spain\/data=!4m2!3m1!1s0xd42285cdbdaa7bb:0xfba368230c54ac3f?sa=X&amp;ved=0ahUKEwiq17yp05HbAhWzhqYKHTgEDpwQ8gEIJjAA\" target=\"_blank\" rel=\"noopener\">Blasco de Garay, 51<\/a><\/strong>.<\/p>\n\n\n\n<p>Por suerte se conservan tambi\u00e9n algunas fotos familiares de aquel d\u00eda.<\/p>\n\n\n\n<figure class=\"wp-block-image aligncenter is-resized\"><a href=\"https:\/\/magarinos.eu\/atandocabos\/wp-content\/uploads\/2018\/05\/1915-05-13-carlos-y-antonio-small.jpg\" rel=\"noopener\"><img loading=\"lazy\" decoding=\"async\" src=\"data:image\/gif;base64,R0lGODlhAQABAIAAAAAAAP\/\/\/yH5BAEAAAAALAAAAAABAAEAAAIBRAA7\" data-src=\"https:\/\/magarinos.eu\/atandocabos\/wp-content\/uploads\/2018\/05\/1915-05-13-carlos-y-antonio-small.jpg\" alt=\"Comuni\u00f3n de Carlos y Antonio Magari\u00f1os Garc\u00eda.\" class=\"wp-image-3299 lazyload\" width=\"398\" height=\"689\"\/><noscript><img loading=\"lazy\" decoding=\"async\" src=\"https:\/\/magarinos.eu\/atandocabos\/wp-content\/uploads\/2018\/05\/1915-05-13-carlos-y-antonio-small.jpg\" alt=\"Comuni\u00f3n de Carlos y Antonio Magari\u00f1os Garc\u00eda.\" class=\"wp-image-3299 lazyload\" width=\"398\" height=\"689\" srcset=\"https:\/\/magarinos.eu\/atandocabos\/wp-content\/uploads\/2018\/05\/1915-05-13-carlos-y-antonio-small.jpg 567w, https:\/\/magarinos.eu\/atandocabos\/wp-content\/uploads\/2018\/05\/1915-05-13-carlos-y-antonio-small-173x300.jpg 173w\" sizes=\"auto, (max-width: 398px) 100vw, 398px\" \/><\/noscript><\/a><figcaption>Antonio Magari\u00f1os Garc\u00eda y Carlos Magari\u00f1os Garc\u00eda el d\u00eda de su primera comuni\u00f3n. Estudio Biedma, Alcal\u00e1 33.<\/figcaption><\/figure>\n\n\n\n<p>En esta primera foto identificamos al hermano mayor, Antonio Magari\u00f1os, a la izquierda. Entonces ten\u00eda ocho a\u00f1os. A la derecha vemos al hermano peque\u00f1o, Carlos Magari\u00f1os, con apenas seis a\u00f1os. Ser\u00eda el \u00faltimo a\u00f1o que pasar\u00eda en casa. En 1916 ingres\u00f3 en <strong><a href=\"https:\/\/magarinos.eu\/atandocabos\/los-nietos-de-san-ildefonso\/\">Colegio de San Ildefonso<\/a><\/strong>.<\/p>\n\n\n\n<figure class=\"wp-block-image aligncenter is-resized\"><a href=\"https:\/\/magarinos.eu\/atandocabos\/wp-content\/uploads\/2018\/05\/1915-05-13-emeterio-magaric3b1os-small.jpg\" rel=\"noopener\"><img loading=\"lazy\" decoding=\"async\" src=\"data:image\/gif;base64,R0lGODlhAQABAIAAAAAAAP\/\/\/yH5BAEAAAAALAAAAAABAAEAAAIBRAA7\" data-src=\"https:\/\/magarinos.eu\/atandocabos\/wp-content\/uploads\/2018\/05\/1915-05-13-emeterio-magaric3b1os-small.jpg\" alt=\"1915-05-13 - Emeterio Magari\u00f1os small\" class=\"wp-image-3297 lazyload\" width=\"445\" height=\"708\"\/><noscript><img loading=\"lazy\" decoding=\"async\" src=\"https:\/\/magarinos.eu\/atandocabos\/wp-content\/uploads\/2018\/05\/1915-05-13-emeterio-magaric3b1os-small.jpg\" alt=\"1915-05-13 - Emeterio Magari\u00f1os small\" class=\"wp-image-3297 lazyload\" width=\"445\" height=\"708\" srcset=\"https:\/\/magarinos.eu\/atandocabos\/wp-content\/uploads\/2018\/05\/1915-05-13-emeterio-magaric3b1os-small.jpg 703w, https:\/\/magarinos.eu\/atandocabos\/wp-content\/uploads\/2018\/05\/1915-05-13-emeterio-magaric3b1os-small-188x300.jpg 188w, https:\/\/magarinos.eu\/atandocabos\/wp-content\/uploads\/2018\/05\/1915-05-13-emeterio-magaric3b1os-small-643x1024.jpg 643w\" sizes=\"auto, (max-width: 445px) 100vw, 445px\" \/><\/noscript><\/a><figcaption>De izquierda a derecha y de arriba hacia abajo. <br>Detr\u00e1s: Ignacia Garc\u00eda del Pozo (1879-1936), Ram\u00f3n Magari\u00f1os Torres (1906-1936) y Matilde de Torres (-1959), los tres de pie. <br>Delante: Santiago Magari\u00f1os Torres (1902-1979), Carlos Magari\u00f1os Garc\u00eda (1908-1997), Emeterio Magari\u00f1os Mera y Antonio Magari\u00f1os Garc\u00eda (1907-1966)<\/figcaption><\/figure>\n\n\n\n<p>En esta foto familiar de aqu\u00e9l d\u00eda vemos a todos los miembros de la familia en 1915.<\/p>\n\n\n\n<p>En primer lugar, de pie y a la izquierda tenemos a <strong>Ignacia Garc\u00eda del Pozo<\/strong>. Su marido, <strong><a href=\"https:\/\/magarinos.eu\/atandocabos\/manuel-magarinos-mera-el-delineante\/\">Manuel Magari\u00f1os Mera<\/a><\/strong> hab\u00eda fallecido tres a\u00f1os antes. La otra mujer que aparece en el retrato la identificamos como <strong>Matilde Torres Cap\u00f3n<\/strong>, su cu\u00f1ada, que estaba casada con <a href=\"https:\/\/magarinos.eu\/atandocabos\/la-vaqueria-del-tio-emeterio\/\">Emeterio Magari\u00f1os Mera<\/a>, hermano de Manuel. Es el caballero de la fotograf\u00eda.<\/p>\n\n\n\n<p>Entre las dos se\u00f1oras est\u00e1 un ni\u00f1o que hizo la primera comuni\u00f3n ese mismo d\u00eda. Debe de tratarse de <strong>Ram\u00f3n Magari\u00f1os Torres<\/strong>, segundo hijo Emeterio y Matilda, que tendr\u00eda ocho a\u00f1os. Ram\u00f3n lleg\u00f3 a ser ingeniero agr\u00edcola y particip\u00f3 activamente en la reforma agraria en Andaluc\u00eda, lo que le costar\u00eda la vida. Fue fusilado en C\u00f3rdoba en 1936.<\/p>\n\n\n\n<p>En primera fila tenemos al hijo mayor de Emeterio y Matilda, <a href=\"https:\/\/magarinos.eu\/atandocabos\/12-de-octubre-dia-de-la-hispanidad\/\">Santiago Magari\u00f1os Torres<\/a>, de quien hemos hablado en otra entrada del blog. Entonces deb\u00eda de tener unos 13 a\u00f1os.<\/p>\n\n\n\n<p>Finalmente tenemos a Carlos y a Antonio, uno a cada lado de su t\u00edo Emeterio.<\/p>\n\n\n\n<p>Sin saberlo a con seguridad, podemos suponer que Emeterio y Matilda sufragaron parte de los gastos de la celebraci\u00f3n, si no todos, dada la precaria situaci\u00f3n econ\u00f3mica de Ignacia y sus hijos tras la muerte de Manuel Magari\u00f1os.<\/p>\n\n\n\n<p>Emeterio y Matilda tuvieron posteriormente un tercer hijo <strong>Fernando Magari\u00f1os Torres<\/strong> (1922-1977). Incluimos a continuaci\u00f3n el \u00e1rbol geneal\u00f3gico de esta parte de la familia.<\/p>\n\n\n\n<figure class=\"wp-block-image aligncenter\"><a href=\"https:\/\/magarinos.eu\/atandocabos\/wp-content\/uploads\/2017\/02\/2016-02-18_magaric3b1os_mera1.png\" target=\"_blank\" rel=\"noopener\"><img decoding=\"async\" src=\"data:image\/gif;base64,R0lGODlhAQABAIAAAAAAAP\/\/\/yH5BAEAAAAALAAAAAABAAEAAAIBRAA7\" data-src=\"https:\/\/magarinos.eu\/atandocabos\/wp-content\/uploads\/2017\/02\/2016-02-18_magaric3b1os_mera1.png\" alt=\"2016-02-18_magarinos_mera\" class=\"wp-image-2527 lazyload\"\/><noscript><img loading=\"lazy\" decoding=\"async\" width=\"1163\" height=\"667\" src=\"https:\/\/magarinos.eu\/atandocabos\/wp-content\/uploads\/2017\/02\/2016-02-18_magaric3b1os_mera1.png\" alt=\"2016-02-18_magarinos_mera\" class=\"wp-image-2527 lazyload\" srcset=\"https:\/\/magarinos.eu\/atandocabos\/wp-content\/uploads\/2017\/02\/2016-02-18_magaric3b1os_mera1.png 1163w, https:\/\/magarinos.eu\/atandocabos\/wp-content\/uploads\/2017\/02\/2016-02-18_magaric3b1os_mera1-300x172.png 300w, https:\/\/magarinos.eu\/atandocabos\/wp-content\/uploads\/2017\/02\/2016-02-18_magaric3b1os_mera1-1024x587.png 1024w, https:\/\/magarinos.eu\/atandocabos\/wp-content\/uploads\/2017\/02\/2016-02-18_magaric3b1os_mera1-768x440.png 768w\" sizes=\"auto, (max-width: 1163px) 100vw, 1163px\" \/><\/noscript><\/a><\/figure>\n","protected":false},"excerpt":{"rendered":"<p>En 1915 se celebra la primera comuni\u00f3n de Carlos y Antonio Magari\u00f1os.<\/p>\n","protected":false},"author":1,"featured_media":3299,"comment_status":"open","ping_status":"open","sticky":false,"template":"","format":"standard","meta":{"footnotes":""},"categories":[2,5],"tags":[12,25,49,55,70,92,101,120,121,132],"class_list":["post-3296","post","type-post","status-publish","format-standard","has-post-thumbnail","hentry","category-arboles-genealogicos","category-historias-familiares","tag-antonio-magarinos-garcia","tag-carlos-magarinos-garcia","tag-emeterio-magarinos-mera","tag-fernando-magarinos-torres","tag-ignacia-garcia-del-pozo","tag-manuel-magarinos-mera","tag-matilde-torres","tag-primera-comunion","tag-ramon-magarinos-torres","tag-santiago-magarinos-torres"],"blocksy_meta":{"styles_descriptor":{"styles":{"desktop":"","tablet":"","mobile":""},"google_fonts":[],"version":6}},"yoast_head":"<!-- This site is optimized with the Yoast SEO plugin v27.5 - https:\/\/yoast.com\/product\/yoast-seo-wordpress\/ -->\n<title>1915 - La primera comuni\u00f3n de Carlos y Antonio - Atando Cabos<\/title>\n<meta name=\"robots\" content=\"index, follow, max-snippet:-1, max-image-preview:large, max-video-preview:-1\" \/>\n<link rel=\"canonical\" href=\"https:\/\/magarinos.eu\/atandocabos\/blog\/2018\/05\/19\/1915-primera-comunion\/\" \/>\n<meta property=\"og:locale\" content=\"es_ES\" \/>\n<meta property=\"og:type\" content=\"article\" \/>\n<meta property=\"og:title\" content=\"1915 - La primera comuni\u00f3n de Carlos y Antonio - Atando Cabos\" \/>\n<meta property=\"og:description\" content=\"En 1915 se celebra la primera comuni\u00f3n de Carlos y Antonio Magari\u00f1os.\" \/>\n<meta property=\"og:url\" content=\"https:\/\/magarinos.eu\/atandocabos\/blog\/2018\/05\/19\/1915-primera-comunion\/\" \/>\n<meta property=\"og:site_name\" content=\"Atando Cabos\" \/>\n<meta property=\"article:published_time\" content=\"2018-05-19T12:29:24+00:00\" \/>\n<meta property=\"article:modified_time\" content=\"2022-07-18T21:43:17+00:00\" \/>\n<meta property=\"og:image\" content=\"https:\/\/magarinos.eu\/atandocabos\/wp-content\/uploads\/2018\/05\/1915-05-13-carlos-y-antonio-small.jpg\" \/>\n\t<meta property=\"og:image:width\" content=\"567\" \/>\n\t<meta property=\"og:image:height\" content=\"981\" \/>\n\t<meta property=\"og:image:type\" content=\"image\/jpeg\" \/>\n<meta name=\"author\" content=\"Daniel Garc\u00eda Magari\u00f1os\" \/>\n<meta name=\"twitter:card\" content=\"summary_large_image\" \/>\n<meta name=\"twitter:label1\" content=\"Escrito por\" \/>\n\t<meta name=\"twitter:data1\" content=\"Daniel Garc\u00eda Magari\u00f1os\" \/>\n\t<meta name=\"twitter:label2\" content=\"Tiempo de lectura\" \/>\n\t<meta name=\"twitter:data2\" content=\"4 minutos\" \/>\n<script type=\"application\/ld+json\" class=\"yoast-schema-graph\">{\"@context\":\"https:\\\/\\\/schema.org\",\"@graph\":[{\"@type\":\"Article\",\"@id\":\"https:\\\/\\\/magarinos.eu\\\/atandocabos\\\/blog\\\/2018\\\/05\\\/19\\\/1915-primera-comunion\\\/#article\",\"isPartOf\":{\"@id\":\"https:\\\/\\\/magarinos.eu\\\/atandocabos\\\/blog\\\/2018\\\/05\\\/19\\\/1915-primera-comunion\\\/\"},\"author\":{\"name\":\"Daniel Garc\u00eda Magari\u00f1os\",\"@id\":\"https:\\\/\\\/magarinos.eu\\\/atandocabos\\\/#\\\/schema\\\/person\\\/ce62485d4bf8f9cc864369bb52591f1e\"},\"headline\":\"1915 &#8211; La primera comuni\u00f3n de Carlos y Antonio\",\"datePublished\":\"2018-05-19T12:29:24+00:00\",\"dateModified\":\"2022-07-18T21:43:17+00:00\",\"mainEntityOfPage\":{\"@id\":\"https:\\\/\\\/magarinos.eu\\\/atandocabos\\\/blog\\\/2018\\\/05\\\/19\\\/1915-primera-comunion\\\/\"},\"wordCount\":582,\"commentCount\":0,\"publisher\":{\"@id\":\"https:\\\/\\\/magarinos.eu\\\/atandocabos\\\/#organization\"},\"image\":{\"@id\":\"https:\\\/\\\/magarinos.eu\\\/atandocabos\\\/blog\\\/2018\\\/05\\\/19\\\/1915-primera-comunion\\\/#primaryimage\"},\"thumbnailUrl\":\"https:\\\/\\\/magarinos.eu\\\/atandocabos\\\/wp-content\\\/uploads\\\/2018\\\/05\\\/1915-05-13-carlos-y-antonio-small.jpg\",\"keywords\":[\"Antonio Magari\u00f1os Garc\u00eda\",\"Carlos Magari\u00f1os Garc\u00eda\",\"Emeterio Magari\u00f1os Mera\",\"Fernando Magari\u00f1os Torres\",\"Ignacia Garc\u00eda del Pozo\",\"Manuel Magari\u00f1os Mera\",\"Matilde Torres\",\"Primera Comuni\u00f3n\",\"Ram\u00f3n Magari\u00f1os Torres\",\"Santiago Magari\u00f1os Torres\"],\"articleSection\":[\"\u00c1rboles geneal\u00f3gicos\",\"Historias familiares\"],\"inLanguage\":\"es\",\"potentialAction\":[{\"@type\":\"CommentAction\",\"name\":\"Comment\",\"target\":[\"https:\\\/\\\/magarinos.eu\\\/atandocabos\\\/blog\\\/2018\\\/05\\\/19\\\/1915-primera-comunion\\\/#respond\"]}]},{\"@type\":\"WebPage\",\"@id\":\"https:\\\/\\\/magarinos.eu\\\/atandocabos\\\/blog\\\/2018\\\/05\\\/19\\\/1915-primera-comunion\\\/\",\"url\":\"https:\\\/\\\/magarinos.eu\\\/atandocabos\\\/blog\\\/2018\\\/05\\\/19\\\/1915-primera-comunion\\\/\",\"name\":\"1915 - La primera comuni\u00f3n de Carlos y Antonio - Atando Cabos\",\"isPartOf\":{\"@id\":\"https:\\\/\\\/magarinos.eu\\\/atandocabos\\\/#website\"},\"primaryImageOfPage\":{\"@id\":\"https:\\\/\\\/magarinos.eu\\\/atandocabos\\\/blog\\\/2018\\\/05\\\/19\\\/1915-primera-comunion\\\/#primaryimage\"},\"image\":{\"@id\":\"https:\\\/\\\/magarinos.eu\\\/atandocabos\\\/blog\\\/2018\\\/05\\\/19\\\/1915-primera-comunion\\\/#primaryimage\"},\"thumbnailUrl\":\"https:\\\/\\\/magarinos.eu\\\/atandocabos\\\/wp-content\\\/uploads\\\/2018\\\/05\\\/1915-05-13-carlos-y-antonio-small.jpg\",\"datePublished\":\"2018-05-19T12:29:24+00:00\",\"dateModified\":\"2022-07-18T21:43:17+00:00\",\"breadcrumb\":{\"@id\":\"https:\\\/\\\/magarinos.eu\\\/atandocabos\\\/blog\\\/2018\\\/05\\\/19\\\/1915-primera-comunion\\\/#breadcrumb\"},\"inLanguage\":\"es\",\"potentialAction\":[{\"@type\":\"ReadAction\",\"target\":[\"https:\\\/\\\/magarinos.eu\\\/atandocabos\\\/blog\\\/2018\\\/05\\\/19\\\/1915-primera-comunion\\\/\"]}]},{\"@type\":\"ImageObject\",\"inLanguage\":\"es\",\"@id\":\"https:\\\/\\\/magarinos.eu\\\/atandocabos\\\/blog\\\/2018\\\/05\\\/19\\\/1915-primera-comunion\\\/#primaryimage\",\"url\":\"https:\\\/\\\/magarinos.eu\\\/atandocabos\\\/wp-content\\\/uploads\\\/2018\\\/05\\\/1915-05-13-carlos-y-antonio-small.jpg\",\"contentUrl\":\"https:\\\/\\\/magarinos.eu\\\/atandocabos\\\/wp-content\\\/uploads\\\/2018\\\/05\\\/1915-05-13-carlos-y-antonio-small.jpg\",\"width\":567,\"height\":981,\"caption\":\"Antonio Magari\u00f1os Garc\u00eda y Carlos Magari\u00f1os Garc\u00eda el d\u00eda de su primera comuni\u00f3n. Fotogoraf\u00eda: Estudio Biedma, Alcal\u00e1 33.\"},{\"@type\":\"BreadcrumbList\",\"@id\":\"https:\\\/\\\/magarinos.eu\\\/atandocabos\\\/blog\\\/2018\\\/05\\\/19\\\/1915-primera-comunion\\\/#breadcrumb\",\"itemListElement\":[{\"@type\":\"ListItem\",\"position\":1,\"name\":\"Portada\",\"item\":\"https:\\\/\\\/magarinos.eu\\\/atandocabos\\\/\"},{\"@type\":\"ListItem\",\"position\":2,\"name\":\"1915 &#8211; La primera comuni\u00f3n de Carlos y Antonio\"}]},{\"@type\":\"WebSite\",\"@id\":\"https:\\\/\\\/magarinos.eu\\\/atandocabos\\\/#website\",\"url\":\"https:\\\/\\\/magarinos.eu\\\/atandocabos\\\/\",\"name\":\"Atando Cabos\",\"description\":\"Una p\u00e1gina web de la familia Magari\u00f1os Ram\u00f3n\",\"publisher\":{\"@id\":\"https:\\\/\\\/magarinos.eu\\\/atandocabos\\\/#organization\"},\"potentialAction\":[{\"@type\":\"SearchAction\",\"target\":{\"@type\":\"EntryPoint\",\"urlTemplate\":\"https:\\\/\\\/magarinos.eu\\\/atandocabos\\\/?s={search_term_string}\"},\"query-input\":{\"@type\":\"PropertyValueSpecification\",\"valueRequired\":true,\"valueName\":\"search_term_string\"}}],\"inLanguage\":\"es\"},{\"@type\":\"Organization\",\"@id\":\"https:\\\/\\\/magarinos.eu\\\/atandocabos\\\/#organization\",\"name\":\"Atando Cabos\",\"url\":\"https:\\\/\\\/magarinos.eu\\\/atandocabos\\\/\",\"logo\":{\"@type\":\"ImageObject\",\"inLanguage\":\"es\",\"@id\":\"https:\\\/\\\/magarinos.eu\\\/atandocabos\\\/#\\\/schema\\\/logo\\\/image\\\/\",\"url\":\"https:\\\/\\\/magarinos.eu\\\/atandocabos\\\/wp-content\\\/uploads\\\/2022\\\/06\\\/cropped-cropped-Caballero_Anciano.jpg\",\"contentUrl\":\"https:\\\/\\\/magarinos.eu\\\/atandocabos\\\/wp-content\\\/uploads\\\/2022\\\/06\\\/cropped-cropped-Caballero_Anciano.jpg\",\"width\":512,\"height\":512,\"caption\":\"Atando Cabos\"},\"image\":{\"@id\":\"https:\\\/\\\/magarinos.eu\\\/atandocabos\\\/#\\\/schema\\\/logo\\\/image\\\/\"}},{\"@type\":\"Person\",\"@id\":\"https:\\\/\\\/magarinos.eu\\\/atandocabos\\\/#\\\/schema\\\/person\\\/ce62485d4bf8f9cc864369bb52591f1e\",\"name\":\"Daniel Garc\u00eda Magari\u00f1os\",\"image\":{\"@type\":\"ImageObject\",\"inLanguage\":\"es\",\"@id\":\"https:\\\/\\\/secure.gravatar.com\\\/avatar\\\/a7c7a82edf145a1bb8c32117ac59cb3be1c2c760796caff2df495a17896be288?s=96&d=mm&r=g\",\"url\":\"https:\\\/\\\/secure.gravatar.com\\\/avatar\\\/a7c7a82edf145a1bb8c32117ac59cb3be1c2c760796caff2df495a17896be288?s=96&d=mm&r=g\",\"contentUrl\":\"https:\\\/\\\/secure.gravatar.com\\\/avatar\\\/a7c7a82edf145a1bb8c32117ac59cb3be1c2c760796caff2df495a17896be288?s=96&d=mm&r=g\",\"caption\":\"Daniel Garc\u00eda Magari\u00f1os\"},\"url\":\"https:\\\/\\\/magarinos.eu\\\/atandocabos\\\/blog\\\/author\\\/dgarcia\\\/\"}]}<\/script>\n<!-- \/ Yoast SEO plugin. -->","yoast_head_json":{"title":"1915 - La primera comuni\u00f3n de Carlos y Antonio - Atando Cabos","robots":{"index":"index","follow":"follow","max-snippet":"max-snippet:-1","max-image-preview":"max-image-preview:large","max-video-preview":"max-video-preview:-1"},"canonical":"https:\/\/magarinos.eu\/atandocabos\/blog\/2018\/05\/19\/1915-primera-comunion\/","og_locale":"es_ES","og_type":"article","og_title":"1915 - La primera comuni\u00f3n de Carlos y Antonio - Atando Cabos","og_description":"En 1915 se celebra la primera comuni\u00f3n de Carlos y Antonio Magari\u00f1os.","og_url":"https:\/\/magarinos.eu\/atandocabos\/blog\/2018\/05\/19\/1915-primera-comunion\/","og_site_name":"Atando Cabos","article_published_time":"2018-05-19T12:29:24+00:00","article_modified_time":"2022-07-18T21:43:17+00:00","og_image":[{"width":567,"height":981,"url":"https:\/\/magarinos.eu\/atandocabos\/wp-content\/uploads\/2018\/05\/1915-05-13-carlos-y-antonio-small.jpg","type":"image\/jpeg"}],"author":"Daniel Garc\u00eda Magari\u00f1os","twitter_card":"summary_large_image","twitter_misc":{"Escrito por":"Daniel Garc\u00eda Magari\u00f1os","Tiempo de lectura":"4 minutos"},"schema":{"@context":"https:\/\/schema.org","@graph":[{"@type":"Article","@id":"https:\/\/magarinos.eu\/atandocabos\/blog\/2018\/05\/19\/1915-primera-comunion\/#article","isPartOf":{"@id":"https:\/\/magarinos.eu\/atandocabos\/blog\/2018\/05\/19\/1915-primera-comunion\/"},"author":{"name":"Daniel Garc\u00eda Magari\u00f1os","@id":"https:\/\/magarinos.eu\/atandocabos\/#\/schema\/person\/ce62485d4bf8f9cc864369bb52591f1e"},"headline":"1915 &#8211; La primera comuni\u00f3n de Carlos y Antonio","datePublished":"2018-05-19T12:29:24+00:00","dateModified":"2022-07-18T21:43:17+00:00","mainEntityOfPage":{"@id":"https:\/\/magarinos.eu\/atandocabos\/blog\/2018\/05\/19\/1915-primera-comunion\/"},"wordCount":582,"commentCount":0,"publisher":{"@id":"https:\/\/magarinos.eu\/atandocabos\/#organization"},"image":{"@id":"https:\/\/magarinos.eu\/atandocabos\/blog\/2018\/05\/19\/1915-primera-comunion\/#primaryimage"},"thumbnailUrl":"https:\/\/magarinos.eu\/atandocabos\/wp-content\/uploads\/2018\/05\/1915-05-13-carlos-y-antonio-small.jpg","keywords":["Antonio Magari\u00f1os Garc\u00eda","Carlos Magari\u00f1os Garc\u00eda","Emeterio Magari\u00f1os Mera","Fernando Magari\u00f1os Torres","Ignacia Garc\u00eda del Pozo","Manuel Magari\u00f1os Mera","Matilde Torres","Primera Comuni\u00f3n","Ram\u00f3n Magari\u00f1os Torres","Santiago Magari\u00f1os Torres"],"articleSection":["\u00c1rboles geneal\u00f3gicos","Historias familiares"],"inLanguage":"es","potentialAction":[{"@type":"CommentAction","name":"Comment","target":["https:\/\/magarinos.eu\/atandocabos\/blog\/2018\/05\/19\/1915-primera-comunion\/#respond"]}]},{"@type":"WebPage","@id":"https:\/\/magarinos.eu\/atandocabos\/blog\/2018\/05\/19\/1915-primera-comunion\/","url":"https:\/\/magarinos.eu\/atandocabos\/blog\/2018\/05\/19\/1915-primera-comunion\/","name":"1915 - La primera comuni\u00f3n de Carlos y Antonio - Atando Cabos","isPartOf":{"@id":"https:\/\/magarinos.eu\/atandocabos\/#website"},"primaryImageOfPage":{"@id":"https:\/\/magarinos.eu\/atandocabos\/blog\/2018\/05\/19\/1915-primera-comunion\/#primaryimage"},"image":{"@id":"https:\/\/magarinos.eu\/atandocabos\/blog\/2018\/05\/19\/1915-primera-comunion\/#primaryimage"},"thumbnailUrl":"https:\/\/magarinos.eu\/atandocabos\/wp-content\/uploads\/2018\/05\/1915-05-13-carlos-y-antonio-small.jpg","datePublished":"2018-05-19T12:29:24+00:00","dateModified":"2022-07-18T21:43:17+00:00","breadcrumb":{"@id":"https:\/\/magarinos.eu\/atandocabos\/blog\/2018\/05\/19\/1915-primera-comunion\/#breadcrumb"},"inLanguage":"es","potentialAction":[{"@type":"ReadAction","target":["https:\/\/magarinos.eu\/atandocabos\/blog\/2018\/05\/19\/1915-primera-comunion\/"]}]},{"@type":"ImageObject","inLanguage":"es","@id":"https:\/\/magarinos.eu\/atandocabos\/blog\/2018\/05\/19\/1915-primera-comunion\/#primaryimage","url":"https:\/\/magarinos.eu\/atandocabos\/wp-content\/uploads\/2018\/05\/1915-05-13-carlos-y-antonio-small.jpg","contentUrl":"https:\/\/magarinos.eu\/atandocabos\/wp-content\/uploads\/2018\/05\/1915-05-13-carlos-y-antonio-small.jpg","width":567,"height":981,"caption":"Antonio Magari\u00f1os Garc\u00eda y Carlos Magari\u00f1os Garc\u00eda el d\u00eda de su primera comuni\u00f3n. Fotogoraf\u00eda: Estudio Biedma, Alcal\u00e1 33."},{"@type":"BreadcrumbList","@id":"https:\/\/magarinos.eu\/atandocabos\/blog\/2018\/05\/19\/1915-primera-comunion\/#breadcrumb","itemListElement":[{"@type":"ListItem","position":1,"name":"Portada","item":"https:\/\/magarinos.eu\/atandocabos\/"},{"@type":"ListItem","position":2,"name":"1915 &#8211; La primera comuni\u00f3n de Carlos y Antonio"}]},{"@type":"WebSite","@id":"https:\/\/magarinos.eu\/atandocabos\/#website","url":"https:\/\/magarinos.eu\/atandocabos\/","name":"Atando Cabos","description":"Una p\u00e1gina web de la familia Magari\u00f1os Ram\u00f3n","publisher":{"@id":"https:\/\/magarinos.eu\/atandocabos\/#organization"},"potentialAction":[{"@type":"SearchAction","target":{"@type":"EntryPoint","urlTemplate":"https:\/\/magarinos.eu\/atandocabos\/?s={search_term_string}"},"query-input":{"@type":"PropertyValueSpecification","valueRequired":true,"valueName":"search_term_string"}}],"inLanguage":"es"},{"@type":"Organization","@id":"https:\/\/magarinos.eu\/atandocabos\/#organization","name":"Atando Cabos","url":"https:\/\/magarinos.eu\/atandocabos\/","logo":{"@type":"ImageObject","inLanguage":"es","@id":"https:\/\/magarinos.eu\/atandocabos\/#\/schema\/logo\/image\/","url":"https:\/\/magarinos.eu\/atandocabos\/wp-content\/uploads\/2022\/06\/cropped-cropped-Caballero_Anciano.jpg","contentUrl":"https:\/\/magarinos.eu\/atandocabos\/wp-content\/uploads\/2022\/06\/cropped-cropped-Caballero_Anciano.jpg","width":512,"height":512,"caption":"Atando Cabos"},"image":{"@id":"https:\/\/magarinos.eu\/atandocabos\/#\/schema\/logo\/image\/"}},{"@type":"Person","@id":"https:\/\/magarinos.eu\/atandocabos\/#\/schema\/person\/ce62485d4bf8f9cc864369bb52591f1e","name":"Daniel Garc\u00eda Magari\u00f1os","image":{"@type":"ImageObject","inLanguage":"es","@id":"https:\/\/secure.gravatar.com\/avatar\/a7c7a82edf145a1bb8c32117ac59cb3be1c2c760796caff2df495a17896be288?s=96&d=mm&r=g","url":"https:\/\/secure.gravatar.com\/avatar\/a7c7a82edf145a1bb8c32117ac59cb3be1c2c760796caff2df495a17896be288?s=96&d=mm&r=g","contentUrl":"https:\/\/secure.gravatar.com\/avatar\/a7c7a82edf145a1bb8c32117ac59cb3be1c2c760796caff2df495a17896be288?s=96&d=mm&r=g","caption":"Daniel Garc\u00eda Magari\u00f1os"},"url":"https:\/\/magarinos.eu\/atandocabos\/blog\/author\/dgarcia\/"}]}},"_links":{"self":[{"href":"https:\/\/magarinos.eu\/atandocabos\/wp-json\/wp\/v2\/posts\/3296","targetHints":{"allow":["GET"]}}],"collection":[{"href":"https:\/\/magarinos.eu\/atandocabos\/wp-json\/wp\/v2\/posts"}],"about":[{"href":"https:\/\/magarinos.eu\/atandocabos\/wp-json\/wp\/v2\/types\/post"}],"author":[{"embeddable":true,"href":"https:\/\/magarinos.eu\/atandocabos\/wp-json\/wp\/v2\/users\/1"}],"replies":[{"embeddable":true,"href":"https:\/\/magarinos.eu\/atandocabos\/wp-json\/wp\/v2\/comments?post=3296"}],"version-history":[{"count":0,"href":"https:\/\/magarinos.eu\/atandocabos\/wp-json\/wp\/v2\/posts\/3296\/revisions"}],"wp:featuredmedia":[{"embeddable":true,"href":"https:\/\/magarinos.eu\/atandocabos\/wp-json\/wp\/v2\/media\/3299"}],"wp:attachment":[{"href":"https:\/\/magarinos.eu\/atandocabos\/wp-json\/wp\/v2\/media?parent=3296"}],"wp:term":[{"taxonomy":"category","embeddable":true,"href":"https:\/\/magarinos.eu\/atandocabos\/wp-json\/wp\/v2\/categories?post=3296"},{"taxonomy":"post_tag","embeddable":true,"href":"https:\/\/magarinos.eu\/atandocabos\/wp-json\/wp\/v2\/tags?post=3296"}],"curies":[{"name":"wp","href":"https:\/\/api.w.org\/{rel}","templated":true}]}}