{"id":3282,"date":"2018-03-10T22:17:26","date_gmt":"2018-03-10T22:17:26","guid":{"rendered":"https:\/\/atandocabosweb.wordpress.com\/?p=3282"},"modified":"2022-07-18T23:45:57","modified_gmt":"2022-07-18T21:45:57","slug":"1895-la-emancipacion-de-carmen-llera","status":"publish","type":"post","link":"https:\/\/magarinos.eu\/atandocabos\/blog\/2018\/03\/10\/1895-la-emancipacion-de-carmen-llera\/","title":{"rendered":"1895 &#8211; La emancipaci\u00f3n de Carmen Llera"},"content":{"rendered":"\n<p>Ya hemos hablado en otras entradas del blog sobre <strong><a href=\"https:\/\/magarinos.eu\/atandocabos\/1936_guerra_familia_magarinos_ramon\/\">Carmen Llera Guti\u00e9rrez<\/a><\/strong> (1878-1936), la madre de nuestras abuelas <strong>Dolores Ram\u00f3n<\/strong> y <strong>Pilar Ram\u00f3n<\/strong>. M\u00e1s abajo he incluido esa parte del \u00e1rbol para situarnos.<\/p>\n\n\n\n<figure class=\"wp-block-image aligncenter is-resized alignnone wp-image-355\"><img loading=\"lazy\" decoding=\"async\" src=\"data:image\/gif;base64,R0lGODlhAQABAIAAAAAAAP\/\/\/yH5BAEAAAAALAAAAAABAAEAAAIBRAA7\" data-src=\"https:\/\/magarinos.eu\/atandocabos\/wp-content\/uploads\/2016\/05\/llera_web1.jpg\" alt=\"Retrato de Juan de Dios Llera y Alc\u00e1zar\" class=\"wp-image-355 lazyload\" width=\"312\" height=\"468\"\/><noscript><img loading=\"lazy\" decoding=\"async\" src=\"https:\/\/magarinos.eu\/atandocabos\/wp-content\/uploads\/2016\/05\/llera_web1.jpg\" alt=\"Retrato de Juan de Dios Llera y Alc\u00e1zar\" class=\"wp-image-355 lazyload\" width=\"312\" height=\"468\"\/><\/noscript><figcaption>Juan de Dios Llera y Alc\u00e1zar <br>(1846 &#8211; 1906)<\/figcaption><\/figure>\n\n\n\n<p>Carmen y su padre, <a href=\"https:\/\/magarinos.eu\/atandocabos\/el-desventurado-tatarabuelo-juan\/\"><strong>Juan de Dios Llera y Alc\u00e1zar<\/strong><\/a>, acudieron el <strong>23 de Noviembre de 1897<\/strong> al notario\u00a0<strong>Joaqu\u00edn Moreno Caballero<\/strong> con el fin de que Juan de Dios otorgara un curioso documento: <strong>la emancipaci\u00f3n de su hija Carmen<\/strong>, que era entonces menor de edad al tener todav\u00eda 19 a\u00f1os. La mayor\u00eda de edad se deb\u00eda alcanzar entonces a los 21 a\u00f1os.<\/p>\n\n\n\n<figure class=\"wp-block-image aligncenter is-resized alignnone wp-image-802\"><img loading=\"lazy\" decoding=\"async\" src=\"data:image\/gif;base64,R0lGODlhAQABAIAAAAAAAP\/\/\/yH5BAEAAAAALAAAAAABAAEAAAIBRAA7\" data-src=\"https:\/\/magarinos.eu\/atandocabos\/wp-content\/uploads\/2016\/05\/carmen-llera-dolores-y-pilar_small.jpg\" alt=\"Pilar Ram\u00f3n Lllera, Carmen Lllera Guti\u00e9rrez y Dolores Ram\u00f3n Llera\" class=\"wp-image-802 lazyload\" width=\"511\" height=\"319\"\/><noscript><img loading=\"lazy\" decoding=\"async\" src=\"https:\/\/magarinos.eu\/atandocabos\/wp-content\/uploads\/2016\/05\/carmen-llera-dolores-y-pilar_small.jpg\" alt=\"Pilar Ram\u00f3n Lllera, Carmen Lllera Guti\u00e9rrez y Dolores Ram\u00f3n Llera\" class=\"wp-image-802 lazyload\" width=\"511\" height=\"319\" srcset=\"https:\/\/magarinos.eu\/atandocabos\/wp-content\/uploads\/2016\/05\/carmen-llera-dolores-y-pilar_small.jpg 1200w, https:\/\/magarinos.eu\/atandocabos\/wp-content\/uploads\/2016\/05\/carmen-llera-dolores-y-pilar_small-300x188.jpg 300w, https:\/\/magarinos.eu\/atandocabos\/wp-content\/uploads\/2016\/05\/carmen-llera-dolores-y-pilar_small-1024x642.jpg 1024w, https:\/\/magarinos.eu\/atandocabos\/wp-content\/uploads\/2016\/05\/carmen-llera-dolores-y-pilar_small-768x481.jpg 768w\" sizes=\"auto, (max-width: 511px) 100vw, 511px\" \/><\/noscript><figcaption>Pilar Ram\u00f3n Llera, Carmen Llera Guti\u00e9rrez y Dolores Ram\u00f3n Llera<\/figcaption><\/figure>\n\n\n\n<p>En el documento Juan de Dios Llera declara:<\/p>\n\n\n\n<p><em>Que atendiendo a la instrucci\u00f3n que tiene su hija Do\u00f1a Carmen y dem\u00e1s cualidades de que se halla adornada, ha resuelto emanciparla y, llev\u00e1ndolo a efecto, otorgar: que renuncia a la patria potestad que hasta ahora ha tenido sobre la persona y bienes de su hija Do\u00f1a Carmen Llera Guti\u00e9rrez y, en su consecuencia, se emancipa a la misma con la limitaci\u00f3n que establece el art\u00edculo trescientos diez y siete del C\u00f3digo Civil; oblig\u00e1ndose a no revocar esta emancipaci\u00f3n en manera alguna y la que hab\u00eda de anotarse en el Registro Civil correspondiente al margen de la inscripci\u00f3n de nacimiento de la Do\u00f1a Carmen, sin la que no podr\u00e1 tener efecto contra terceros.<\/em><\/p>\n\n\n\n<p><em>La do\u00f1a Carmen Llera Guti\u00e9rrez acepta esta emancipaci\u00f3n qued\u00e1ndole agradecida a su se\u00f1or padre por el beneficio que le dispensa.<\/em><\/p>\n\n\n\n<p>Al final del documento firman Carmen, su padre y los testigos:<\/p>\n\n\n\n<figure class=\"wp-block-image aligncenter\"><img decoding=\"async\" src=\"data:image\/gif;base64,R0lGODlhAQABAIAAAAAAAP\/\/\/yH5BAEAAAAALAAAAAABAAEAAAIBRAA7\" data-src=\"https:\/\/magarinos.eu\/atandocabos\/wp-content\/uploads\/2018\/03\/1897-11-29-emancipacic3b3n-firmas.jpg\" alt=\"1897-11-29 Emancipaci\u00f3n Firmas\" class=\"wp-image-3286 lazyload\"\/><noscript><img loading=\"lazy\" decoding=\"async\" width=\"2332\" height=\"558\" src=\"https:\/\/magarinos.eu\/atandocabos\/wp-content\/uploads\/2018\/03\/1897-11-29-emancipacic3b3n-firmas.jpg\" alt=\"1897-11-29 Emancipaci\u00f3n Firmas\" class=\"wp-image-3286 lazyload\" srcset=\"https:\/\/magarinos.eu\/atandocabos\/wp-content\/uploads\/2018\/03\/1897-11-29-emancipacic3b3n-firmas.jpg 2332w, https:\/\/magarinos.eu\/atandocabos\/wp-content\/uploads\/2018\/03\/1897-11-29-emancipacic3b3n-firmas-300x72.jpg 300w, https:\/\/magarinos.eu\/atandocabos\/wp-content\/uploads\/2018\/03\/1897-11-29-emancipacic3b3n-firmas-1024x245.jpg 1024w, https:\/\/magarinos.eu\/atandocabos\/wp-content\/uploads\/2018\/03\/1897-11-29-emancipacic3b3n-firmas-768x184.jpg 768w, https:\/\/magarinos.eu\/atandocabos\/wp-content\/uploads\/2018\/03\/1897-11-29-emancipacic3b3n-firmas-1536x368.jpg 1536w, https:\/\/magarinos.eu\/atandocabos\/wp-content\/uploads\/2018\/03\/1897-11-29-emancipacic3b3n-firmas-2048x490.jpg 2048w\" sizes=\"auto, (max-width: 2332px) 100vw, 2332px\" \/><\/noscript><\/figure>\n\n\n\n<p>En el documento no se explican las razones Juan de Dios para emancipar a su hija pero podemos sospecharlas: seguramente intentaban salvar las propiedades que hubiera Carmen Llera de su madre al morir \u00e9sta en 1895 antes los posibles embargos que pudiera sufrir la familia.<\/p>\n\n\n\n<p>Sabemos que unos meses antes, en Junio de 1896, Juan de Dios Llera ya hab\u00eda sido embargado pero, adem\u00e1s, el <strong>26 de Noviembre de 1896<\/strong>&nbsp;se public\u00f3 la detenci\u00f3n de juan de Dios Llera, apenas unos d\u00edas despu\u00e9s de que concediera la emancipaci\u00f3n a su hija. Seguramente, Juan de Dios se esperaba algo as\u00ed e intent\u00f3 desligar a su hija de cualquier peligro.<\/p>\n\n\n\n<figure class=\"wp-block-image aligncenter is-resized wp-image-3284\"><img loading=\"lazy\" decoding=\"async\" src=\"data:image\/gif;base64,R0lGODlhAQABAIAAAAAAAP\/\/\/yH5BAEAAAAALAAAAAABAAEAAAIBRAA7\" data-src=\"https:\/\/magarinos.eu\/atandocabos\/wp-content\/uploads\/2018\/03\/1897_06_17_diario-oficial-de-avisos-de-madrid-17-6-1897_subasta-serrerc3ada.png?w=194\" alt=\"1897_06_17_Diario oficial de avisos de Madrid. 17-6-1897_Subasta Serrer\u00eda.png\" class=\"wp-image-3284 lazyload\" width=\"329\" height=\"472\"\/><noscript><img loading=\"lazy\" decoding=\"async\" src=\"https:\/\/magarinos.eu\/atandocabos\/wp-content\/uploads\/2018\/03\/1897_06_17_diario-oficial-de-avisos-de-madrid-17-6-1897_subasta-serrerc3ada.png?w=194\" alt=\"1897_06_17_Diario oficial de avisos de Madrid. 17-6-1897_Subasta Serrer\u00eda.png\" class=\"wp-image-3284 lazyload\" width=\"329\" height=\"472\" srcset=\"https:\/\/magarinos.eu\/atandocabos\/wp-content\/uploads\/2018\/03\/1897_06_17_diario-oficial-de-avisos-de-madrid-17-6-1897_subasta-serrerc3ada.png 457w, https:\/\/magarinos.eu\/atandocabos\/wp-content\/uploads\/2018\/03\/1897_06_17_diario-oficial-de-avisos-de-madrid-17-6-1897_subasta-serrerc3ada-209x300.png 209w\" sizes=\"auto, (max-width: 329px) 100vw, 329px\" \/><\/noscript><figcaption>Notificaci\u00f3n del 17 de Junio de 1896 de la subasta de algunos bienes de Juan de Dios Llera<\/figcaption><\/figure>\n\n\n\n<figure class=\"wp-block-image aligncenter size-full wp-image-3285\"><img decoding=\"async\" src=\"data:image\/gif;base64,R0lGODlhAQABAIAAAAAAAP\/\/\/yH5BAEAAAAALAAAAAABAAEAAAIBRAA7\" data-src=\"https:\/\/magarinos.eu\/atandocabos\/wp-content\/uploads\/2018\/03\/1897-11-26_el-globo-madrid-1875-no-8038-detencic3b3n.png\" alt=\"1897-11-26_El Globo (Madrid. 1875), no. 8,038 - Detenci\u00f3n\" class=\"wp-image-3285 lazyload\"\/><noscript><img loading=\"lazy\" decoding=\"async\" width=\"387\" height=\"102\" src=\"https:\/\/magarinos.eu\/atandocabos\/wp-content\/uploads\/2018\/03\/1897-11-26_el-globo-madrid-1875-no-8038-detencic3b3n.png\" alt=\"1897-11-26_El Globo (Madrid. 1875), no. 8,038 - Detenci\u00f3n\" class=\"wp-image-3285 lazyload\" srcset=\"https:\/\/magarinos.eu\/atandocabos\/wp-content\/uploads\/2018\/03\/1897-11-26_el-globo-madrid-1875-no-8038-detencic3b3n.png 387w, https:\/\/magarinos.eu\/atandocabos\/wp-content\/uploads\/2018\/03\/1897-11-26_el-globo-madrid-1875-no-8038-detencic3b3n-300x79.png 300w\" sizes=\"auto, (max-width: 387px) 100vw, 387px\" \/><\/noscript><figcaption>Comunicaci\u00f3n de la detenci\u00f3n de Juan de Dios Llera. La noticia se public\u00f3 el 26 de noviembre de 1896.<\/figcaption><\/figure>\n\n\n\n<figure class=\"wp-block-image aligncenter alignnone size-full wp-image-3219\"><img decoding=\"async\" src=\"data:image\/gif;base64,R0lGODlhAQABAIAAAAAAAP\/\/\/yH5BAEAAAAALAAAAAABAAEAAAIBRAA7\" data-src=\"https:\/\/magarinos.eu\/atandocabos\/wp-content\/uploads\/2017\/08\/llera1.png\" alt=\"\u00c1rbol Geneal\u00f3gico de Juan de Dios Llera y Alc\u00e1zar\" class=\"wp-image-3219 lazyload\"\/><noscript><img loading=\"lazy\" decoding=\"async\" width=\"667\" height=\"745\" src=\"https:\/\/magarinos.eu\/atandocabos\/wp-content\/uploads\/2017\/08\/llera1.png\" alt=\"\u00c1rbol Geneal\u00f3gico de Juan de Dios Llera y Alc\u00e1zar\" class=\"wp-image-3219 lazyload\" srcset=\"https:\/\/magarinos.eu\/atandocabos\/wp-content\/uploads\/2017\/08\/llera1.png 667w, https:\/\/magarinos.eu\/atandocabos\/wp-content\/uploads\/2017\/08\/llera1-269x300.png 269w\" sizes=\"auto, (max-width: 667px) 100vw, 667px\" \/><\/noscript><figcaption>\u00c1rbol Geneal\u00f3gico de Carmen Llera Guti\u00e9rrez<\/figcaption><\/figure>\n","protected":false},"excerpt":{"rendered":"<p>Ya hemos hablado en otras entradas del blog sobre Carmen Llera Guti\u00e9rrez (1878-1936), la madre de nuestras abuelas Dolores Ram\u00f3n y Pilar Ram\u00f3n. M\u00e1s abajo he incluido esa parte del \u00e1rbol para situarnos. Carmen y su padre, Juan de Dios Llera y Alc\u00e1zar, acudieron el 23 de Noviembre de 1897 al notario\u00a0Joaqu\u00edn Moreno Caballero con [&hellip;]<\/p>\n","protected":false},"author":1,"featured_media":802,"comment_status":"open","ping_status":"open","sticky":false,"template":"","format":"standard","meta":{"footnotes":""},"categories":[5],"tags":[27,48,74,110],"class_list":["post-3282","post","type-post","status-publish","format-standard","has-post-thumbnail","hentry","category-historias-familiares","tag-carmen-llera-gutierrez","tag-emancipacion","tag-juan-de-dios-llera-y-alcazar","tag-notarios"],"blocksy_meta":{"styles_descriptor":{"styles":{"desktop":"","tablet":"","mobile":""},"google_fonts":[],"version":6}},"yoast_head":"<!-- This site is optimized with the Yoast SEO plugin v27.5 - https:\/\/yoast.com\/product\/yoast-seo-wordpress\/ -->\n<title>1895 - La emancipaci\u00f3n de Carmen Llera - Atando Cabos<\/title>\n<meta name=\"robots\" content=\"index, follow, max-snippet:-1, max-image-preview:large, max-video-preview:-1\" \/>\n<link rel=\"canonical\" href=\"https:\/\/magarinos.eu\/atandocabos\/blog\/2018\/03\/10\/1895-la-emancipacion-de-carmen-llera\/\" \/>\n<meta property=\"og:locale\" content=\"es_ES\" \/>\n<meta property=\"og:type\" content=\"article\" \/>\n<meta property=\"og:title\" content=\"1895 - La emancipaci\u00f3n de Carmen Llera - Atando Cabos\" \/>\n<meta property=\"og:description\" content=\"Ya hemos hablado en otras entradas del blog sobre Carmen Llera Guti\u00e9rrez (1878-1936), la madre de nuestras abuelas Dolores Ram\u00f3n y Pilar Ram\u00f3n. M\u00e1s abajo he incluido esa parte del \u00e1rbol para situarnos. Carmen y su padre, Juan de Dios Llera y Alc\u00e1zar, acudieron el 23 de Noviembre de 1897 al notario\u00a0Joaqu\u00edn Moreno Caballero con [&hellip;]\" \/>\n<meta property=\"og:url\" content=\"https:\/\/magarinos.eu\/atandocabos\/blog\/2018\/03\/10\/1895-la-emancipacion-de-carmen-llera\/\" \/>\n<meta property=\"og:site_name\" content=\"Atando Cabos\" \/>\n<meta property=\"article:published_time\" content=\"2018-03-10T22:17:26+00:00\" \/>\n<meta property=\"article:modified_time\" content=\"2022-07-18T21:45:57+00:00\" \/>\n<meta property=\"og:image\" content=\"https:\/\/magarinos.eu\/atandocabos\/wp-content\/uploads\/2016\/05\/carmen-llera-dolores-y-pilar_small.jpg\" \/>\n\t<meta property=\"og:image:width\" content=\"1200\" \/>\n\t<meta property=\"og:image:height\" content=\"752\" \/>\n\t<meta property=\"og:image:type\" content=\"image\/jpeg\" \/>\n<meta name=\"author\" content=\"Daniel Garc\u00eda Magari\u00f1os\" \/>\n<meta name=\"twitter:card\" content=\"summary_large_image\" \/>\n<meta name=\"twitter:label1\" content=\"Escrito por\" \/>\n\t<meta name=\"twitter:data1\" content=\"Daniel Garc\u00eda Magari\u00f1os\" \/>\n\t<meta name=\"twitter:label2\" content=\"Tiempo de lectura\" \/>\n\t<meta name=\"twitter:data2\" content=\"4 minutos\" \/>\n<script type=\"application\/ld+json\" class=\"yoast-schema-graph\">{\"@context\":\"https:\\\/\\\/schema.org\",\"@graph\":[{\"@type\":\"Article\",\"@id\":\"https:\\\/\\\/magarinos.eu\\\/atandocabos\\\/blog\\\/2018\\\/03\\\/10\\\/1895-la-emancipacion-de-carmen-llera\\\/#article\",\"isPartOf\":{\"@id\":\"https:\\\/\\\/magarinos.eu\\\/atandocabos\\\/blog\\\/2018\\\/03\\\/10\\\/1895-la-emancipacion-de-carmen-llera\\\/\"},\"author\":{\"name\":\"Daniel Garc\u00eda Magari\u00f1os\",\"@id\":\"https:\\\/\\\/magarinos.eu\\\/atandocabos\\\/#\\\/schema\\\/person\\\/ce62485d4bf8f9cc864369bb52591f1e\"},\"headline\":\"1895 &#8211; La emancipaci\u00f3n de Carmen Llera\",\"datePublished\":\"2018-03-10T22:17:26+00:00\",\"dateModified\":\"2022-07-18T21:45:57+00:00\",\"mainEntityOfPage\":{\"@id\":\"https:\\\/\\\/magarinos.eu\\\/atandocabos\\\/blog\\\/2018\\\/03\\\/10\\\/1895-la-emancipacion-de-carmen-llera\\\/\"},\"wordCount\":458,\"commentCount\":0,\"publisher\":{\"@id\":\"https:\\\/\\\/magarinos.eu\\\/atandocabos\\\/#organization\"},\"image\":{\"@id\":\"https:\\\/\\\/magarinos.eu\\\/atandocabos\\\/blog\\\/2018\\\/03\\\/10\\\/1895-la-emancipacion-de-carmen-llera\\\/#primaryimage\"},\"thumbnailUrl\":\"https:\\\/\\\/magarinos.eu\\\/atandocabos\\\/wp-content\\\/uploads\\\/2016\\\/05\\\/carmen-llera-dolores-y-pilar_small.jpg\",\"keywords\":[\"Carmen Llera Guti\u00e9rrez\",\"Emancipaci\u00f3n\",\"Juan de Dios Llera y Alc\u00e1zar\",\"Notarios\"],\"articleSection\":[\"Historias familiares\"],\"inLanguage\":\"es\",\"potentialAction\":[{\"@type\":\"CommentAction\",\"name\":\"Comment\",\"target\":[\"https:\\\/\\\/magarinos.eu\\\/atandocabos\\\/blog\\\/2018\\\/03\\\/10\\\/1895-la-emancipacion-de-carmen-llera\\\/#respond\"]}]},{\"@type\":\"WebPage\",\"@id\":\"https:\\\/\\\/magarinos.eu\\\/atandocabos\\\/blog\\\/2018\\\/03\\\/10\\\/1895-la-emancipacion-de-carmen-llera\\\/\",\"url\":\"https:\\\/\\\/magarinos.eu\\\/atandocabos\\\/blog\\\/2018\\\/03\\\/10\\\/1895-la-emancipacion-de-carmen-llera\\\/\",\"name\":\"1895 - La emancipaci\u00f3n de Carmen Llera - Atando Cabos\",\"isPartOf\":{\"@id\":\"https:\\\/\\\/magarinos.eu\\\/atandocabos\\\/#website\"},\"primaryImageOfPage\":{\"@id\":\"https:\\\/\\\/magarinos.eu\\\/atandocabos\\\/blog\\\/2018\\\/03\\\/10\\\/1895-la-emancipacion-de-carmen-llera\\\/#primaryimage\"},\"image\":{\"@id\":\"https:\\\/\\\/magarinos.eu\\\/atandocabos\\\/blog\\\/2018\\\/03\\\/10\\\/1895-la-emancipacion-de-carmen-llera\\\/#primaryimage\"},\"thumbnailUrl\":\"https:\\\/\\\/magarinos.eu\\\/atandocabos\\\/wp-content\\\/uploads\\\/2016\\\/05\\\/carmen-llera-dolores-y-pilar_small.jpg\",\"datePublished\":\"2018-03-10T22:17:26+00:00\",\"dateModified\":\"2022-07-18T21:45:57+00:00\",\"breadcrumb\":{\"@id\":\"https:\\\/\\\/magarinos.eu\\\/atandocabos\\\/blog\\\/2018\\\/03\\\/10\\\/1895-la-emancipacion-de-carmen-llera\\\/#breadcrumb\"},\"inLanguage\":\"es\",\"potentialAction\":[{\"@type\":\"ReadAction\",\"target\":[\"https:\\\/\\\/magarinos.eu\\\/atandocabos\\\/blog\\\/2018\\\/03\\\/10\\\/1895-la-emancipacion-de-carmen-llera\\\/\"]}]},{\"@type\":\"ImageObject\",\"inLanguage\":\"es\",\"@id\":\"https:\\\/\\\/magarinos.eu\\\/atandocabos\\\/blog\\\/2018\\\/03\\\/10\\\/1895-la-emancipacion-de-carmen-llera\\\/#primaryimage\",\"url\":\"https:\\\/\\\/magarinos.eu\\\/atandocabos\\\/wp-content\\\/uploads\\\/2016\\\/05\\\/carmen-llera-dolores-y-pilar_small.jpg\",\"contentUrl\":\"https:\\\/\\\/magarinos.eu\\\/atandocabos\\\/wp-content\\\/uploads\\\/2016\\\/05\\\/carmen-llera-dolores-y-pilar_small.jpg\",\"width\":1200,\"height\":752,\"caption\":\"Pilar Ram\u00f3n Lllera, Carmen Lllera Guti\u00e9rrez y Dolores Ram\u00f3n Llera\"},{\"@type\":\"BreadcrumbList\",\"@id\":\"https:\\\/\\\/magarinos.eu\\\/atandocabos\\\/blog\\\/2018\\\/03\\\/10\\\/1895-la-emancipacion-de-carmen-llera\\\/#breadcrumb\",\"itemListElement\":[{\"@type\":\"ListItem\",\"position\":1,\"name\":\"Portada\",\"item\":\"https:\\\/\\\/magarinos.eu\\\/atandocabos\\\/\"},{\"@type\":\"ListItem\",\"position\":2,\"name\":\"1895 &#8211; La emancipaci\u00f3n de Carmen Llera\"}]},{\"@type\":\"WebSite\",\"@id\":\"https:\\\/\\\/magarinos.eu\\\/atandocabos\\\/#website\",\"url\":\"https:\\\/\\\/magarinos.eu\\\/atandocabos\\\/\",\"name\":\"Atando Cabos\",\"description\":\"Una p\u00e1gina web de la familia Magari\u00f1os Ram\u00f3n\",\"publisher\":{\"@id\":\"https:\\\/\\\/magarinos.eu\\\/atandocabos\\\/#organization\"},\"potentialAction\":[{\"@type\":\"SearchAction\",\"target\":{\"@type\":\"EntryPoint\",\"urlTemplate\":\"https:\\\/\\\/magarinos.eu\\\/atandocabos\\\/?s={search_term_string}\"},\"query-input\":{\"@type\":\"PropertyValueSpecification\",\"valueRequired\":true,\"valueName\":\"search_term_string\"}}],\"inLanguage\":\"es\"},{\"@type\":\"Organization\",\"@id\":\"https:\\\/\\\/magarinos.eu\\\/atandocabos\\\/#organization\",\"name\":\"Atando Cabos\",\"url\":\"https:\\\/\\\/magarinos.eu\\\/atandocabos\\\/\",\"logo\":{\"@type\":\"ImageObject\",\"inLanguage\":\"es\",\"@id\":\"https:\\\/\\\/magarinos.eu\\\/atandocabos\\\/#\\\/schema\\\/logo\\\/image\\\/\",\"url\":\"https:\\\/\\\/magarinos.eu\\\/atandocabos\\\/wp-content\\\/uploads\\\/2022\\\/06\\\/cropped-cropped-Caballero_Anciano.jpg\",\"contentUrl\":\"https:\\\/\\\/magarinos.eu\\\/atandocabos\\\/wp-content\\\/uploads\\\/2022\\\/06\\\/cropped-cropped-Caballero_Anciano.jpg\",\"width\":512,\"height\":512,\"caption\":\"Atando Cabos\"},\"image\":{\"@id\":\"https:\\\/\\\/magarinos.eu\\\/atandocabos\\\/#\\\/schema\\\/logo\\\/image\\\/\"}},{\"@type\":\"Person\",\"@id\":\"https:\\\/\\\/magarinos.eu\\\/atandocabos\\\/#\\\/schema\\\/person\\\/ce62485d4bf8f9cc864369bb52591f1e\",\"name\":\"Daniel Garc\u00eda Magari\u00f1os\",\"image\":{\"@type\":\"ImageObject\",\"inLanguage\":\"es\",\"@id\":\"https:\\\/\\\/secure.gravatar.com\\\/avatar\\\/a7c7a82edf145a1bb8c32117ac59cb3be1c2c760796caff2df495a17896be288?s=96&d=mm&r=g\",\"url\":\"https:\\\/\\\/secure.gravatar.com\\\/avatar\\\/a7c7a82edf145a1bb8c32117ac59cb3be1c2c760796caff2df495a17896be288?s=96&d=mm&r=g\",\"contentUrl\":\"https:\\\/\\\/secure.gravatar.com\\\/avatar\\\/a7c7a82edf145a1bb8c32117ac59cb3be1c2c760796caff2df495a17896be288?s=96&d=mm&r=g\",\"caption\":\"Daniel Garc\u00eda Magari\u00f1os\"},\"url\":\"https:\\\/\\\/magarinos.eu\\\/atandocabos\\\/blog\\\/author\\\/dgarcia\\\/\"}]}<\/script>\n<!-- \/ Yoast SEO plugin. -->","yoast_head_json":{"title":"1895 - La emancipaci\u00f3n de Carmen Llera - Atando Cabos","robots":{"index":"index","follow":"follow","max-snippet":"max-snippet:-1","max-image-preview":"max-image-preview:large","max-video-preview":"max-video-preview:-1"},"canonical":"https:\/\/magarinos.eu\/atandocabos\/blog\/2018\/03\/10\/1895-la-emancipacion-de-carmen-llera\/","og_locale":"es_ES","og_type":"article","og_title":"1895 - La emancipaci\u00f3n de Carmen Llera - Atando Cabos","og_description":"Ya hemos hablado en otras entradas del blog sobre Carmen Llera Guti\u00e9rrez (1878-1936), la madre de nuestras abuelas Dolores Ram\u00f3n y Pilar Ram\u00f3n. M\u00e1s abajo he incluido esa parte del \u00e1rbol para situarnos. Carmen y su padre, Juan de Dios Llera y Alc\u00e1zar, acudieron el 23 de Noviembre de 1897 al notario\u00a0Joaqu\u00edn Moreno Caballero con [&hellip;]","og_url":"https:\/\/magarinos.eu\/atandocabos\/blog\/2018\/03\/10\/1895-la-emancipacion-de-carmen-llera\/","og_site_name":"Atando Cabos","article_published_time":"2018-03-10T22:17:26+00:00","article_modified_time":"2022-07-18T21:45:57+00:00","og_image":[{"width":1200,"height":752,"url":"https:\/\/magarinos.eu\/atandocabos\/wp-content\/uploads\/2016\/05\/carmen-llera-dolores-y-pilar_small.jpg","type":"image\/jpeg"}],"author":"Daniel Garc\u00eda Magari\u00f1os","twitter_card":"summary_large_image","twitter_misc":{"Escrito por":"Daniel Garc\u00eda Magari\u00f1os","Tiempo de lectura":"4 minutos"},"schema":{"@context":"https:\/\/schema.org","@graph":[{"@type":"Article","@id":"https:\/\/magarinos.eu\/atandocabos\/blog\/2018\/03\/10\/1895-la-emancipacion-de-carmen-llera\/#article","isPartOf":{"@id":"https:\/\/magarinos.eu\/atandocabos\/blog\/2018\/03\/10\/1895-la-emancipacion-de-carmen-llera\/"},"author":{"name":"Daniel Garc\u00eda Magari\u00f1os","@id":"https:\/\/magarinos.eu\/atandocabos\/#\/schema\/person\/ce62485d4bf8f9cc864369bb52591f1e"},"headline":"1895 &#8211; La emancipaci\u00f3n de Carmen Llera","datePublished":"2018-03-10T22:17:26+00:00","dateModified":"2022-07-18T21:45:57+00:00","mainEntityOfPage":{"@id":"https:\/\/magarinos.eu\/atandocabos\/blog\/2018\/03\/10\/1895-la-emancipacion-de-carmen-llera\/"},"wordCount":458,"commentCount":0,"publisher":{"@id":"https:\/\/magarinos.eu\/atandocabos\/#organization"},"image":{"@id":"https:\/\/magarinos.eu\/atandocabos\/blog\/2018\/03\/10\/1895-la-emancipacion-de-carmen-llera\/#primaryimage"},"thumbnailUrl":"https:\/\/magarinos.eu\/atandocabos\/wp-content\/uploads\/2016\/05\/carmen-llera-dolores-y-pilar_small.jpg","keywords":["Carmen Llera Guti\u00e9rrez","Emancipaci\u00f3n","Juan de Dios Llera y Alc\u00e1zar","Notarios"],"articleSection":["Historias familiares"],"inLanguage":"es","potentialAction":[{"@type":"CommentAction","name":"Comment","target":["https:\/\/magarinos.eu\/atandocabos\/blog\/2018\/03\/10\/1895-la-emancipacion-de-carmen-llera\/#respond"]}]},{"@type":"WebPage","@id":"https:\/\/magarinos.eu\/atandocabos\/blog\/2018\/03\/10\/1895-la-emancipacion-de-carmen-llera\/","url":"https:\/\/magarinos.eu\/atandocabos\/blog\/2018\/03\/10\/1895-la-emancipacion-de-carmen-llera\/","name":"1895 - La emancipaci\u00f3n de Carmen Llera - Atando Cabos","isPartOf":{"@id":"https:\/\/magarinos.eu\/atandocabos\/#website"},"primaryImageOfPage":{"@id":"https:\/\/magarinos.eu\/atandocabos\/blog\/2018\/03\/10\/1895-la-emancipacion-de-carmen-llera\/#primaryimage"},"image":{"@id":"https:\/\/magarinos.eu\/atandocabos\/blog\/2018\/03\/10\/1895-la-emancipacion-de-carmen-llera\/#primaryimage"},"thumbnailUrl":"https:\/\/magarinos.eu\/atandocabos\/wp-content\/uploads\/2016\/05\/carmen-llera-dolores-y-pilar_small.jpg","datePublished":"2018-03-10T22:17:26+00:00","dateModified":"2022-07-18T21:45:57+00:00","breadcrumb":{"@id":"https:\/\/magarinos.eu\/atandocabos\/blog\/2018\/03\/10\/1895-la-emancipacion-de-carmen-llera\/#breadcrumb"},"inLanguage":"es","potentialAction":[{"@type":"ReadAction","target":["https:\/\/magarinos.eu\/atandocabos\/blog\/2018\/03\/10\/1895-la-emancipacion-de-carmen-llera\/"]}]},{"@type":"ImageObject","inLanguage":"es","@id":"https:\/\/magarinos.eu\/atandocabos\/blog\/2018\/03\/10\/1895-la-emancipacion-de-carmen-llera\/#primaryimage","url":"https:\/\/magarinos.eu\/atandocabos\/wp-content\/uploads\/2016\/05\/carmen-llera-dolores-y-pilar_small.jpg","contentUrl":"https:\/\/magarinos.eu\/atandocabos\/wp-content\/uploads\/2016\/05\/carmen-llera-dolores-y-pilar_small.jpg","width":1200,"height":752,"caption":"Pilar Ram\u00f3n Lllera, Carmen Lllera Guti\u00e9rrez y Dolores Ram\u00f3n Llera"},{"@type":"BreadcrumbList","@id":"https:\/\/magarinos.eu\/atandocabos\/blog\/2018\/03\/10\/1895-la-emancipacion-de-carmen-llera\/#breadcrumb","itemListElement":[{"@type":"ListItem","position":1,"name":"Portada","item":"https:\/\/magarinos.eu\/atandocabos\/"},{"@type":"ListItem","position":2,"name":"1895 &#8211; La emancipaci\u00f3n de Carmen Llera"}]},{"@type":"WebSite","@id":"https:\/\/magarinos.eu\/atandocabos\/#website","url":"https:\/\/magarinos.eu\/atandocabos\/","name":"Atando Cabos","description":"Una p\u00e1gina web de la familia Magari\u00f1os Ram\u00f3n","publisher":{"@id":"https:\/\/magarinos.eu\/atandocabos\/#organization"},"potentialAction":[{"@type":"SearchAction","target":{"@type":"EntryPoint","urlTemplate":"https:\/\/magarinos.eu\/atandocabos\/?s={search_term_string}"},"query-input":{"@type":"PropertyValueSpecification","valueRequired":true,"valueName":"search_term_string"}}],"inLanguage":"es"},{"@type":"Organization","@id":"https:\/\/magarinos.eu\/atandocabos\/#organization","name":"Atando Cabos","url":"https:\/\/magarinos.eu\/atandocabos\/","logo":{"@type":"ImageObject","inLanguage":"es","@id":"https:\/\/magarinos.eu\/atandocabos\/#\/schema\/logo\/image\/","url":"https:\/\/magarinos.eu\/atandocabos\/wp-content\/uploads\/2022\/06\/cropped-cropped-Caballero_Anciano.jpg","contentUrl":"https:\/\/magarinos.eu\/atandocabos\/wp-content\/uploads\/2022\/06\/cropped-cropped-Caballero_Anciano.jpg","width":512,"height":512,"caption":"Atando Cabos"},"image":{"@id":"https:\/\/magarinos.eu\/atandocabos\/#\/schema\/logo\/image\/"}},{"@type":"Person","@id":"https:\/\/magarinos.eu\/atandocabos\/#\/schema\/person\/ce62485d4bf8f9cc864369bb52591f1e","name":"Daniel Garc\u00eda Magari\u00f1os","image":{"@type":"ImageObject","inLanguage":"es","@id":"https:\/\/secure.gravatar.com\/avatar\/a7c7a82edf145a1bb8c32117ac59cb3be1c2c760796caff2df495a17896be288?s=96&d=mm&r=g","url":"https:\/\/secure.gravatar.com\/avatar\/a7c7a82edf145a1bb8c32117ac59cb3be1c2c760796caff2df495a17896be288?s=96&d=mm&r=g","contentUrl":"https:\/\/secure.gravatar.com\/avatar\/a7c7a82edf145a1bb8c32117ac59cb3be1c2c760796caff2df495a17896be288?s=96&d=mm&r=g","caption":"Daniel Garc\u00eda Magari\u00f1os"},"url":"https:\/\/magarinos.eu\/atandocabos\/blog\/author\/dgarcia\/"}]}},"_links":{"self":[{"href":"https:\/\/magarinos.eu\/atandocabos\/wp-json\/wp\/v2\/posts\/3282","targetHints":{"allow":["GET"]}}],"collection":[{"href":"https:\/\/magarinos.eu\/atandocabos\/wp-json\/wp\/v2\/posts"}],"about":[{"href":"https:\/\/magarinos.eu\/atandocabos\/wp-json\/wp\/v2\/types\/post"}],"author":[{"embeddable":true,"href":"https:\/\/magarinos.eu\/atandocabos\/wp-json\/wp\/v2\/users\/1"}],"replies":[{"embeddable":true,"href":"https:\/\/magarinos.eu\/atandocabos\/wp-json\/wp\/v2\/comments?post=3282"}],"version-history":[{"count":0,"href":"https:\/\/magarinos.eu\/atandocabos\/wp-json\/wp\/v2\/posts\/3282\/revisions"}],"wp:featuredmedia":[{"embeddable":true,"href":"https:\/\/magarinos.eu\/atandocabos\/wp-json\/wp\/v2\/media\/802"}],"wp:attachment":[{"href":"https:\/\/magarinos.eu\/atandocabos\/wp-json\/wp\/v2\/media?parent=3282"}],"wp:term":[{"taxonomy":"category","embeddable":true,"href":"https:\/\/magarinos.eu\/atandocabos\/wp-json\/wp\/v2\/categories?post=3282"},{"taxonomy":"post_tag","embeddable":true,"href":"https:\/\/magarinos.eu\/atandocabos\/wp-json\/wp\/v2\/tags?post=3282"}],"curies":[{"name":"wp","href":"https:\/\/api.w.org\/{rel}","templated":true}]}}