{"id":2762,"date":"2017-05-21T17:09:38","date_gmt":"2017-05-21T17:09:38","guid":{"rendered":"https:\/\/atandocabosweb.wordpress.com\/?p=2762"},"modified":"2022-07-16T19:24:41","modified_gmt":"2022-07-16T17:24:41","slug":"1309-el-primer-magarinos","status":"publish","type":"post","link":"https:\/\/magarinos.eu\/atandocabos\/blog\/2017\/05\/21\/1309-el-primer-magarinos\/","title":{"rendered":"1309 &#8211; El primer Magari\u00f1os"},"content":{"rendered":"\n<figure class=\"wp-block-image aligncenter wp-image-2809\"><img decoding=\"async\" src=\"data:image\/gif;base64,R0lGODlhAQABAIAAAAAAAP\/\/\/yH5BAEAAAAALAAAAAABAAEAAAIBRAA7\" data-src=\"https:\/\/magarinos.eu\/atandocabos\/wp-content\/uploads\/2017\/05\/800px-mosteiro_de_santa_marc3ada_de_armenteira.jpg\" alt=\"800px-mosteiro_de_santa_marc3ada_de_armenteira\" class=\"wp-image-2809 lazyload\"\/><noscript><img loading=\"lazy\" decoding=\"async\" width=\"800\" height=\"600\" src=\"https:\/\/magarinos.eu\/atandocabos\/wp-content\/uploads\/2017\/05\/800px-mosteiro_de_santa_marc3ada_de_armenteira.jpg\" alt=\"800px-mosteiro_de_santa_marc3ada_de_armenteira\" class=\"wp-image-2809 lazyload\" srcset=\"https:\/\/magarinos.eu\/atandocabos\/wp-content\/uploads\/2017\/05\/800px-mosteiro_de_santa_marc3ada_de_armenteira.jpg 800w, https:\/\/magarinos.eu\/atandocabos\/wp-content\/uploads\/2017\/05\/800px-mosteiro_de_santa_marc3ada_de_armenteira-300x225.jpg 300w, https:\/\/magarinos.eu\/atandocabos\/wp-content\/uploads\/2017\/05\/800px-mosteiro_de_santa_marc3ada_de_armenteira-768x576.jpg 768w\" sizes=\"auto, (max-width: 800px) 100vw, 800px\" \/><\/noscript><figcaption>Monasterio de Santa Mar\u00eda de Armenteira <br>(Fuente: Wikipedia)<\/figcaption><\/figure>\n\n\n\n<p>Buscando documentaci\u00f3n en el <a href=\"https:\/\/www.mecd.gob.es\/cultura-mecd\/areas-cultura\/archivos\/mc\/archivos\/ahn\/portada.html\" target=\"_blank\" rel=\"noopener noreferrer\">Archivo Hist\u00f3rico Nacional<\/a> (que se puede consultar por Internet a trav\u00e9s del portal PARES, el <a href=\"http:\/\/pares.mcu.es\/\" target=\"_blank\" rel=\"noopener noreferrer\">Portal de Archivos Espa\u00f1oles<\/a>) me tropec\u00e9 con una escritura que otorgaron en 1309&nbsp;<strong>Juan Eanes, llamado de Magari\u00f1os<\/strong> y su esposa&nbsp;<strong>Teresa Alfonso<\/strong>, a favor del Monasterio de Santa Mar\u00eda de Armenteira sobre ciertas heredades sitas en la feligres\u00eda de San Esteban de Tremoedo.<\/p>\n\n\n\n<figure class=\"wp-block-image aligncenter is-resized\"><img loading=\"lazy\" decoding=\"async\" src=\"data:image\/gif;base64,R0lGODlhAQABAIAAAAAAAP\/\/\/yH5BAEAAAAALAAAAAABAAEAAAIBRAA7\" data-src=\"https:\/\/magarinos.eu\/atandocabos\/wp-content\/uploads\/2017\/05\/32909021_small.jpg\" alt=\"Gobierno de Espa\u00f1a. Ministerio de Cultura\" class=\"wp-image-2798 lazyload\" width=\"415\" height=\"201\"\/><noscript><img loading=\"lazy\" decoding=\"async\" src=\"https:\/\/magarinos.eu\/atandocabos\/wp-content\/uploads\/2017\/05\/32909021_small.jpg\" alt=\"Gobierno de Espa\u00f1a. Ministerio de Cultura\" class=\"wp-image-2798 lazyload\" width=\"415\" height=\"201\"\/><\/noscript><\/figure>\n\n\n\n<p>El documento en cuesti\u00f3n se puede consultar en esta p\u00e1gina:<br><a href=\"http:\/\/pares.mcu.es\/ParesBusquedas20\/catalogo\/description\/7002776\" target=\"_blank\" rel=\"noopener noreferrer\">http:\/\/pares.mcu.es\/ParesBusquedas20\/catalogo\/description\/7002776<\/a><\/p>\n\n\n\n<p>No sabemos si este \u00abMagari\u00f1os\u00bb es antepasado nuestro o no pero es el primer documento que conocemos en el que se hace referencia a un \u00abMagari\u00f1os\u00bb. Seguramente \u00abde Magari\u00f1os\u00bb quiere decir que Juan Eanes era oriundo del pueblo de <a href=\"https:\/\/www.google.de\/maps\/place\/36646+Magari%C3%B1os,+Pontevedra,+Spain\/@42.6768604,-8.6453582,17z\/data=!3m1!4b1!4m5!3m4!1s0xd2f0febda101209:0xfb369f2819bc4bf7!8m2!3d42.6765638!4d-8.6425278\" target=\"_blank\" rel=\"noopener noreferrer\">Magari\u00f1os<\/a>&nbsp;y as\u00ed fue como se acabar\u00eda convirtiendo en apellido lo que habr\u00eda sido originalmente un apodo para distinguir a este Juan Eanes (el del pueblo de Magari\u00f1os) de otros Juanes.<\/p>\n\n\n\n<p>De hecho, la parroquia de <a href=\"https:\/\/www.google.de\/maps\/place\/Parroquia+De+San+Esteban+De+Tremoedo\/@42.5943432,-8.741991,17z\/data=!3m1!4b1!4m5!3m4!1s0xd2f13f19d90f93d:0x549b2fc5c7274fdf!8m2!3d42.5943393!4d-8.7398023\" target=\"_blank\" rel=\"noopener noreferrer\">San Esteban de Termoedo<\/a> se encuentra a camino entre el pueblo de <a href=\"https:\/\/www.google.de\/maps\/place\/36646+Magari%C3%B1os,+Pontevedra,+Spain\/@42.6685422,-8.6804676,13.25z\/data=!4m5!3m4!1s0xd2f0febda101209:0xfb369f2819bc4bf7!8m2!3d42.6765638!4d-8.6425278\" target=\"_blank\" rel=\"noopener noreferrer\">Magari\u00f1os<\/a> y el <a href=\"https:\/\/www.google.de\/maps\/place\/Mosteiro+de+Santa+Mar%C3%ADa+da+Armenteira\/@42.4632921,-8.7440672,17z\/data=!3m1!4b1!4m5!3m4!1s0xd2f6e84d59261c9:0xfe938c95ad27baa0!8m2!3d42.4632882!4d-8.7418785\" target=\"_blank\" rel=\"noopener noreferrer\">Monasterio de Santa Mar\u00eda Adementeira<\/a>.<\/p>\n\n\n\n<h3 class=\"wp-block-heading\">Origen del Top\u00f3nimo \u00abMagari\u00f1os\u00bb<\/h3>\n\n\n\n<p>No se conoce documentalmente el origen del nombre de este pueblo. Nicandro Ares V\u00e1zquez, en un art\u00edculo en la revista&nbsp;<em><a href=\"http:\/\/www.seminariodelugo.org\/web\/images\/Lucensia\/L-48.pdf\" target=\"_blank\" rel=\"noopener noreferrer\">Lucensia<\/a>&nbsp;<\/em>(n\u00ba 48, vol. XXIV, Lugo 2014), especula con la posibilidad de que el apellido&nbsp;<strong>Magari\u00f1os<\/strong>, provenga del lat\u00edn&nbsp;<em>Macarinus<\/em> (relativo concerniente a&nbsp;<em>Macarius<\/em>). &nbsp;Los Magari\u00f1os ser\u00edan, seg\u00fan este autor, los descendientes de <em>Macarius<\/em>.<\/p>\n\n\n\n<p>En el <a href=\"http:\/\/ramirodemaeztu1965.blogspot.de\/2016\/04\/magarinos-provincia-de-pontevedra.html\" target=\"_blank\" rel=\"noopener noreferrer\">blog sobre el Ramiro de Maezu<\/a> que mantiene Francisco Gonz\u00e1lez, se recoge una entrada con algunas fotos del pueblo de Magari\u00f1os.<\/p>\n","protected":false},"excerpt":{"rendered":"<p>Buscando documentaci\u00f3n en el Archivo Hist\u00f3rico Nacional (que se puede consultar por Internet a trav\u00e9s del portal PARES, el Portal de Archivos Espa\u00f1oles) me tropec\u00e9 con una escritura que otorgaron en 1309&nbsp;Juan Eanes, llamado de Magari\u00f1os y su esposa&nbsp;Teresa Alfonso, a favor del Monasterio de Santa Mar\u00eda de Armenteira sobre ciertas heredades sitas en la [&hellip;]<\/p>\n","protected":false},"author":1,"featured_media":2798,"comment_status":"open","ping_status":"open","sticky":false,"template":"","format":"standard","meta":{"footnotes":""},"categories":[7],"tags":[45,64,75,83],"class_list":["post-2762","post","type-post","status-publish","format-standard","has-post-thumbnail","hentry","category-leyendas-y-tradiciones","tag-edad-media","tag-historia","tag-juan-eanes-de-magarinos","tag-lugar-de-magarinos"],"blocksy_meta":{"styles_descriptor":{"styles":{"desktop":"","tablet":"","mobile":""},"google_fonts":[],"version":6}},"yoast_head":"<!-- This site is optimized with the Yoast SEO plugin v27.5 - https:\/\/yoast.com\/product\/yoast-seo-wordpress\/ -->\n<title>1309 - El primer Magari\u00f1os - Atando Cabos<\/title>\n<meta name=\"robots\" content=\"index, follow, max-snippet:-1, max-image-preview:large, max-video-preview:-1\" \/>\n<link rel=\"canonical\" href=\"https:\/\/magarinos.eu\/atandocabos\/blog\/2017\/05\/21\/1309-el-primer-magarinos\/\" \/>\n<meta property=\"og:locale\" content=\"es_ES\" \/>\n<meta property=\"og:type\" content=\"article\" \/>\n<meta property=\"og:title\" content=\"1309 - El primer Magari\u00f1os - Atando Cabos\" \/>\n<meta property=\"og:description\" content=\"Buscando documentaci\u00f3n en el Archivo Hist\u00f3rico Nacional (que se puede consultar por Internet a trav\u00e9s del portal PARES, el Portal de Archivos Espa\u00f1oles) me tropec\u00e9 con una escritura que otorgaron en 1309&nbsp;Juan Eanes, llamado de Magari\u00f1os y su esposa&nbsp;Teresa Alfonso, a favor del Monasterio de Santa Mar\u00eda de Armenteira sobre ciertas heredades sitas en la [&hellip;]\" \/>\n<meta property=\"og:url\" content=\"https:\/\/magarinos.eu\/atandocabos\/blog\/2017\/05\/21\/1309-el-primer-magarinos\/\" \/>\n<meta property=\"og:site_name\" content=\"Atando Cabos\" \/>\n<meta property=\"article:published_time\" content=\"2017-05-21T17:09:38+00:00\" \/>\n<meta property=\"article:modified_time\" content=\"2022-07-16T17:24:41+00:00\" \/>\n<meta property=\"og:image\" content=\"https:\/\/magarinos.eu\/atandocabos\/wp-content\/uploads\/2017\/05\/32909021_small.jpg\" \/>\n\t<meta property=\"og:image:width\" content=\"163\" \/>\n\t<meta property=\"og:image:height\" content=\"79\" \/>\n\t<meta property=\"og:image:type\" content=\"image\/jpeg\" \/>\n<meta name=\"author\" content=\"Daniel Garc\u00eda Magari\u00f1os\" \/>\n<meta name=\"twitter:card\" content=\"summary_large_image\" \/>\n<meta name=\"twitter:label1\" content=\"Escrito por\" \/>\n\t<meta name=\"twitter:data1\" content=\"Daniel Garc\u00eda Magari\u00f1os\" \/>\n\t<meta name=\"twitter:label2\" content=\"Tiempo de lectura\" \/>\n\t<meta name=\"twitter:data2\" content=\"2 minutos\" \/>\n<script type=\"application\/ld+json\" class=\"yoast-schema-graph\">{\"@context\":\"https:\\\/\\\/schema.org\",\"@graph\":[{\"@type\":\"Article\",\"@id\":\"https:\\\/\\\/magarinos.eu\\\/atandocabos\\\/blog\\\/2017\\\/05\\\/21\\\/1309-el-primer-magarinos\\\/#article\",\"isPartOf\":{\"@id\":\"https:\\\/\\\/magarinos.eu\\\/atandocabos\\\/blog\\\/2017\\\/05\\\/21\\\/1309-el-primer-magarinos\\\/\"},\"author\":{\"name\":\"Daniel Garc\u00eda Magari\u00f1os\",\"@id\":\"https:\\\/\\\/magarinos.eu\\\/atandocabos\\\/#\\\/schema\\\/person\\\/ce62485d4bf8f9cc864369bb52591f1e\"},\"headline\":\"1309 &#8211; El primer Magari\u00f1os\",\"datePublished\":\"2017-05-21T17:09:38+00:00\",\"dateModified\":\"2022-07-16T17:24:41+00:00\",\"mainEntityOfPage\":{\"@id\":\"https:\\\/\\\/magarinos.eu\\\/atandocabos\\\/blog\\\/2017\\\/05\\\/21\\\/1309-el-primer-magarinos\\\/\"},\"wordCount\":305,\"commentCount\":0,\"publisher\":{\"@id\":\"https:\\\/\\\/magarinos.eu\\\/atandocabos\\\/#organization\"},\"image\":{\"@id\":\"https:\\\/\\\/magarinos.eu\\\/atandocabos\\\/blog\\\/2017\\\/05\\\/21\\\/1309-el-primer-magarinos\\\/#primaryimage\"},\"thumbnailUrl\":\"https:\\\/\\\/magarinos.eu\\\/atandocabos\\\/wp-content\\\/uploads\\\/2017\\\/05\\\/32909021_small.jpg\",\"keywords\":[\"Edad Media\",\"Historia\",\"Juan Eanes de Magari\u00f1os\",\"Lugar de Magari\u00f1os\"],\"articleSection\":[\"Leyendas y tradiciones\"],\"inLanguage\":\"es\",\"potentialAction\":[{\"@type\":\"CommentAction\",\"name\":\"Comment\",\"target\":[\"https:\\\/\\\/magarinos.eu\\\/atandocabos\\\/blog\\\/2017\\\/05\\\/21\\\/1309-el-primer-magarinos\\\/#respond\"]}]},{\"@type\":\"WebPage\",\"@id\":\"https:\\\/\\\/magarinos.eu\\\/atandocabos\\\/blog\\\/2017\\\/05\\\/21\\\/1309-el-primer-magarinos\\\/\",\"url\":\"https:\\\/\\\/magarinos.eu\\\/atandocabos\\\/blog\\\/2017\\\/05\\\/21\\\/1309-el-primer-magarinos\\\/\",\"name\":\"1309 - El primer Magari\u00f1os - Atando Cabos\",\"isPartOf\":{\"@id\":\"https:\\\/\\\/magarinos.eu\\\/atandocabos\\\/#website\"},\"primaryImageOfPage\":{\"@id\":\"https:\\\/\\\/magarinos.eu\\\/atandocabos\\\/blog\\\/2017\\\/05\\\/21\\\/1309-el-primer-magarinos\\\/#primaryimage\"},\"image\":{\"@id\":\"https:\\\/\\\/magarinos.eu\\\/atandocabos\\\/blog\\\/2017\\\/05\\\/21\\\/1309-el-primer-magarinos\\\/#primaryimage\"},\"thumbnailUrl\":\"https:\\\/\\\/magarinos.eu\\\/atandocabos\\\/wp-content\\\/uploads\\\/2017\\\/05\\\/32909021_small.jpg\",\"datePublished\":\"2017-05-21T17:09:38+00:00\",\"dateModified\":\"2022-07-16T17:24:41+00:00\",\"breadcrumb\":{\"@id\":\"https:\\\/\\\/magarinos.eu\\\/atandocabos\\\/blog\\\/2017\\\/05\\\/21\\\/1309-el-primer-magarinos\\\/#breadcrumb\"},\"inLanguage\":\"es\",\"potentialAction\":[{\"@type\":\"ReadAction\",\"target\":[\"https:\\\/\\\/magarinos.eu\\\/atandocabos\\\/blog\\\/2017\\\/05\\\/21\\\/1309-el-primer-magarinos\\\/\"]}]},{\"@type\":\"ImageObject\",\"inLanguage\":\"es\",\"@id\":\"https:\\\/\\\/magarinos.eu\\\/atandocabos\\\/blog\\\/2017\\\/05\\\/21\\\/1309-el-primer-magarinos\\\/#primaryimage\",\"url\":\"https:\\\/\\\/magarinos.eu\\\/atandocabos\\\/wp-content\\\/uploads\\\/2017\\\/05\\\/32909021_small.jpg\",\"contentUrl\":\"https:\\\/\\\/magarinos.eu\\\/atandocabos\\\/wp-content\\\/uploads\\\/2017\\\/05\\\/32909021_small.jpg\",\"width\":163,\"height\":79,\"caption\":\"(c)AHN_ARCHIVOS_ESTATALES MINISTERIO_DE_CULTURA SECCION_CLERO ESPA\u00d1A\"},{\"@type\":\"BreadcrumbList\",\"@id\":\"https:\\\/\\\/magarinos.eu\\\/atandocabos\\\/blog\\\/2017\\\/05\\\/21\\\/1309-el-primer-magarinos\\\/#breadcrumb\",\"itemListElement\":[{\"@type\":\"ListItem\",\"position\":1,\"name\":\"Portada\",\"item\":\"https:\\\/\\\/magarinos.eu\\\/atandocabos\\\/\"},{\"@type\":\"ListItem\",\"position\":2,\"name\":\"1309 &#8211; El primer Magari\u00f1os\"}]},{\"@type\":\"WebSite\",\"@id\":\"https:\\\/\\\/magarinos.eu\\\/atandocabos\\\/#website\",\"url\":\"https:\\\/\\\/magarinos.eu\\\/atandocabos\\\/\",\"name\":\"Atando Cabos\",\"description\":\"Una p\u00e1gina web de la familia Magari\u00f1os Ram\u00f3n\",\"publisher\":{\"@id\":\"https:\\\/\\\/magarinos.eu\\\/atandocabos\\\/#organization\"},\"potentialAction\":[{\"@type\":\"SearchAction\",\"target\":{\"@type\":\"EntryPoint\",\"urlTemplate\":\"https:\\\/\\\/magarinos.eu\\\/atandocabos\\\/?s={search_term_string}\"},\"query-input\":{\"@type\":\"PropertyValueSpecification\",\"valueRequired\":true,\"valueName\":\"search_term_string\"}}],\"inLanguage\":\"es\"},{\"@type\":\"Organization\",\"@id\":\"https:\\\/\\\/magarinos.eu\\\/atandocabos\\\/#organization\",\"name\":\"Atando Cabos\",\"url\":\"https:\\\/\\\/magarinos.eu\\\/atandocabos\\\/\",\"logo\":{\"@type\":\"ImageObject\",\"inLanguage\":\"es\",\"@id\":\"https:\\\/\\\/magarinos.eu\\\/atandocabos\\\/#\\\/schema\\\/logo\\\/image\\\/\",\"url\":\"https:\\\/\\\/magarinos.eu\\\/atandocabos\\\/wp-content\\\/uploads\\\/2022\\\/06\\\/cropped-cropped-Caballero_Anciano.jpg\",\"contentUrl\":\"https:\\\/\\\/magarinos.eu\\\/atandocabos\\\/wp-content\\\/uploads\\\/2022\\\/06\\\/cropped-cropped-Caballero_Anciano.jpg\",\"width\":512,\"height\":512,\"caption\":\"Atando Cabos\"},\"image\":{\"@id\":\"https:\\\/\\\/magarinos.eu\\\/atandocabos\\\/#\\\/schema\\\/logo\\\/image\\\/\"}},{\"@type\":\"Person\",\"@id\":\"https:\\\/\\\/magarinos.eu\\\/atandocabos\\\/#\\\/schema\\\/person\\\/ce62485d4bf8f9cc864369bb52591f1e\",\"name\":\"Daniel Garc\u00eda Magari\u00f1os\",\"image\":{\"@type\":\"ImageObject\",\"inLanguage\":\"es\",\"@id\":\"https:\\\/\\\/secure.gravatar.com\\\/avatar\\\/a7c7a82edf145a1bb8c32117ac59cb3be1c2c760796caff2df495a17896be288?s=96&d=mm&r=g\",\"url\":\"https:\\\/\\\/secure.gravatar.com\\\/avatar\\\/a7c7a82edf145a1bb8c32117ac59cb3be1c2c760796caff2df495a17896be288?s=96&d=mm&r=g\",\"contentUrl\":\"https:\\\/\\\/secure.gravatar.com\\\/avatar\\\/a7c7a82edf145a1bb8c32117ac59cb3be1c2c760796caff2df495a17896be288?s=96&d=mm&r=g\",\"caption\":\"Daniel Garc\u00eda Magari\u00f1os\"},\"url\":\"https:\\\/\\\/magarinos.eu\\\/atandocabos\\\/blog\\\/author\\\/dgarcia\\\/\"}]}<\/script>\n<!-- \/ Yoast SEO plugin. -->","yoast_head_json":{"title":"1309 - El primer Magari\u00f1os - Atando Cabos","robots":{"index":"index","follow":"follow","max-snippet":"max-snippet:-1","max-image-preview":"max-image-preview:large","max-video-preview":"max-video-preview:-1"},"canonical":"https:\/\/magarinos.eu\/atandocabos\/blog\/2017\/05\/21\/1309-el-primer-magarinos\/","og_locale":"es_ES","og_type":"article","og_title":"1309 - El primer Magari\u00f1os - Atando Cabos","og_description":"Buscando documentaci\u00f3n en el Archivo Hist\u00f3rico Nacional (que se puede consultar por Internet a trav\u00e9s del portal PARES, el Portal de Archivos Espa\u00f1oles) me tropec\u00e9 con una escritura que otorgaron en 1309&nbsp;Juan Eanes, llamado de Magari\u00f1os y su esposa&nbsp;Teresa Alfonso, a favor del Monasterio de Santa Mar\u00eda de Armenteira sobre ciertas heredades sitas en la [&hellip;]","og_url":"https:\/\/magarinos.eu\/atandocabos\/blog\/2017\/05\/21\/1309-el-primer-magarinos\/","og_site_name":"Atando Cabos","article_published_time":"2017-05-21T17:09:38+00:00","article_modified_time":"2022-07-16T17:24:41+00:00","og_image":[{"width":163,"height":79,"url":"https:\/\/magarinos.eu\/atandocabos\/wp-content\/uploads\/2017\/05\/32909021_small.jpg","type":"image\/jpeg"}],"author":"Daniel Garc\u00eda Magari\u00f1os","twitter_card":"summary_large_image","twitter_misc":{"Escrito por":"Daniel Garc\u00eda Magari\u00f1os","Tiempo de lectura":"2 minutos"},"schema":{"@context":"https:\/\/schema.org","@graph":[{"@type":"Article","@id":"https:\/\/magarinos.eu\/atandocabos\/blog\/2017\/05\/21\/1309-el-primer-magarinos\/#article","isPartOf":{"@id":"https:\/\/magarinos.eu\/atandocabos\/blog\/2017\/05\/21\/1309-el-primer-magarinos\/"},"author":{"name":"Daniel Garc\u00eda Magari\u00f1os","@id":"https:\/\/magarinos.eu\/atandocabos\/#\/schema\/person\/ce62485d4bf8f9cc864369bb52591f1e"},"headline":"1309 &#8211; El primer Magari\u00f1os","datePublished":"2017-05-21T17:09:38+00:00","dateModified":"2022-07-16T17:24:41+00:00","mainEntityOfPage":{"@id":"https:\/\/magarinos.eu\/atandocabos\/blog\/2017\/05\/21\/1309-el-primer-magarinos\/"},"wordCount":305,"commentCount":0,"publisher":{"@id":"https:\/\/magarinos.eu\/atandocabos\/#organization"},"image":{"@id":"https:\/\/magarinos.eu\/atandocabos\/blog\/2017\/05\/21\/1309-el-primer-magarinos\/#primaryimage"},"thumbnailUrl":"https:\/\/magarinos.eu\/atandocabos\/wp-content\/uploads\/2017\/05\/32909021_small.jpg","keywords":["Edad Media","Historia","Juan Eanes de Magari\u00f1os","Lugar de Magari\u00f1os"],"articleSection":["Leyendas y tradiciones"],"inLanguage":"es","potentialAction":[{"@type":"CommentAction","name":"Comment","target":["https:\/\/magarinos.eu\/atandocabos\/blog\/2017\/05\/21\/1309-el-primer-magarinos\/#respond"]}]},{"@type":"WebPage","@id":"https:\/\/magarinos.eu\/atandocabos\/blog\/2017\/05\/21\/1309-el-primer-magarinos\/","url":"https:\/\/magarinos.eu\/atandocabos\/blog\/2017\/05\/21\/1309-el-primer-magarinos\/","name":"1309 - El primer Magari\u00f1os - Atando Cabos","isPartOf":{"@id":"https:\/\/magarinos.eu\/atandocabos\/#website"},"primaryImageOfPage":{"@id":"https:\/\/magarinos.eu\/atandocabos\/blog\/2017\/05\/21\/1309-el-primer-magarinos\/#primaryimage"},"image":{"@id":"https:\/\/magarinos.eu\/atandocabos\/blog\/2017\/05\/21\/1309-el-primer-magarinos\/#primaryimage"},"thumbnailUrl":"https:\/\/magarinos.eu\/atandocabos\/wp-content\/uploads\/2017\/05\/32909021_small.jpg","datePublished":"2017-05-21T17:09:38+00:00","dateModified":"2022-07-16T17:24:41+00:00","breadcrumb":{"@id":"https:\/\/magarinos.eu\/atandocabos\/blog\/2017\/05\/21\/1309-el-primer-magarinos\/#breadcrumb"},"inLanguage":"es","potentialAction":[{"@type":"ReadAction","target":["https:\/\/magarinos.eu\/atandocabos\/blog\/2017\/05\/21\/1309-el-primer-magarinos\/"]}]},{"@type":"ImageObject","inLanguage":"es","@id":"https:\/\/magarinos.eu\/atandocabos\/blog\/2017\/05\/21\/1309-el-primer-magarinos\/#primaryimage","url":"https:\/\/magarinos.eu\/atandocabos\/wp-content\/uploads\/2017\/05\/32909021_small.jpg","contentUrl":"https:\/\/magarinos.eu\/atandocabos\/wp-content\/uploads\/2017\/05\/32909021_small.jpg","width":163,"height":79,"caption":"(c)AHN_ARCHIVOS_ESTATALES MINISTERIO_DE_CULTURA SECCION_CLERO ESPA\u00d1A"},{"@type":"BreadcrumbList","@id":"https:\/\/magarinos.eu\/atandocabos\/blog\/2017\/05\/21\/1309-el-primer-magarinos\/#breadcrumb","itemListElement":[{"@type":"ListItem","position":1,"name":"Portada","item":"https:\/\/magarinos.eu\/atandocabos\/"},{"@type":"ListItem","position":2,"name":"1309 &#8211; El primer Magari\u00f1os"}]},{"@type":"WebSite","@id":"https:\/\/magarinos.eu\/atandocabos\/#website","url":"https:\/\/magarinos.eu\/atandocabos\/","name":"Atando Cabos","description":"Una p\u00e1gina web de la familia Magari\u00f1os Ram\u00f3n","publisher":{"@id":"https:\/\/magarinos.eu\/atandocabos\/#organization"},"potentialAction":[{"@type":"SearchAction","target":{"@type":"EntryPoint","urlTemplate":"https:\/\/magarinos.eu\/atandocabos\/?s={search_term_string}"},"query-input":{"@type":"PropertyValueSpecification","valueRequired":true,"valueName":"search_term_string"}}],"inLanguage":"es"},{"@type":"Organization","@id":"https:\/\/magarinos.eu\/atandocabos\/#organization","name":"Atando Cabos","url":"https:\/\/magarinos.eu\/atandocabos\/","logo":{"@type":"ImageObject","inLanguage":"es","@id":"https:\/\/magarinos.eu\/atandocabos\/#\/schema\/logo\/image\/","url":"https:\/\/magarinos.eu\/atandocabos\/wp-content\/uploads\/2022\/06\/cropped-cropped-Caballero_Anciano.jpg","contentUrl":"https:\/\/magarinos.eu\/atandocabos\/wp-content\/uploads\/2022\/06\/cropped-cropped-Caballero_Anciano.jpg","width":512,"height":512,"caption":"Atando Cabos"},"image":{"@id":"https:\/\/magarinos.eu\/atandocabos\/#\/schema\/logo\/image\/"}},{"@type":"Person","@id":"https:\/\/magarinos.eu\/atandocabos\/#\/schema\/person\/ce62485d4bf8f9cc864369bb52591f1e","name":"Daniel Garc\u00eda Magari\u00f1os","image":{"@type":"ImageObject","inLanguage":"es","@id":"https:\/\/secure.gravatar.com\/avatar\/a7c7a82edf145a1bb8c32117ac59cb3be1c2c760796caff2df495a17896be288?s=96&d=mm&r=g","url":"https:\/\/secure.gravatar.com\/avatar\/a7c7a82edf145a1bb8c32117ac59cb3be1c2c760796caff2df495a17896be288?s=96&d=mm&r=g","contentUrl":"https:\/\/secure.gravatar.com\/avatar\/a7c7a82edf145a1bb8c32117ac59cb3be1c2c760796caff2df495a17896be288?s=96&d=mm&r=g","caption":"Daniel Garc\u00eda Magari\u00f1os"},"url":"https:\/\/magarinos.eu\/atandocabos\/blog\/author\/dgarcia\/"}]}},"_links":{"self":[{"href":"https:\/\/magarinos.eu\/atandocabos\/wp-json\/wp\/v2\/posts\/2762","targetHints":{"allow":["GET"]}}],"collection":[{"href":"https:\/\/magarinos.eu\/atandocabos\/wp-json\/wp\/v2\/posts"}],"about":[{"href":"https:\/\/magarinos.eu\/atandocabos\/wp-json\/wp\/v2\/types\/post"}],"author":[{"embeddable":true,"href":"https:\/\/magarinos.eu\/atandocabos\/wp-json\/wp\/v2\/users\/1"}],"replies":[{"embeddable":true,"href":"https:\/\/magarinos.eu\/atandocabos\/wp-json\/wp\/v2\/comments?post=2762"}],"version-history":[{"count":0,"href":"https:\/\/magarinos.eu\/atandocabos\/wp-json\/wp\/v2\/posts\/2762\/revisions"}],"wp:featuredmedia":[{"embeddable":true,"href":"https:\/\/magarinos.eu\/atandocabos\/wp-json\/wp\/v2\/media\/2798"}],"wp:attachment":[{"href":"https:\/\/magarinos.eu\/atandocabos\/wp-json\/wp\/v2\/media?parent=2762"}],"wp:term":[{"taxonomy":"category","embeddable":true,"href":"https:\/\/magarinos.eu\/atandocabos\/wp-json\/wp\/v2\/categories?post=2762"},{"taxonomy":"post_tag","embeddable":true,"href":"https:\/\/magarinos.eu\/atandocabos\/wp-json\/wp\/v2\/tags?post=2762"}],"curies":[{"name":"wp","href":"https:\/\/api.w.org\/{rel}","templated":true}]}}