{"id":2681,"date":"2017-06-05T10:58:56","date_gmt":"2017-06-05T10:58:56","guid":{"rendered":"https:\/\/atandocabosweb.wordpress.com\/?p=2681"},"modified":"2022-07-19T00:08:02","modified_gmt":"2022-07-18T22:08:02","slug":"manuel-magarinos-mera-el-delineante","status":"publish","type":"post","link":"https:\/\/magarinos.eu\/atandocabos\/blog\/2017\/06\/05\/manuel-magarinos-mera-el-delineante\/","title":{"rendered":"Manuel Magari\u00f1os Mera (1872 &#8211; 1912) &#8211; el delineante"},"content":{"rendered":"\n<figure class=\"wp-block-image aligncenter is-resized wp-image-2704\"><img loading=\"lazy\" decoding=\"async\" src=\"data:image\/gif;base64,R0lGODlhAQABAIAAAAAAAP\/\/\/yH5BAEAAAAALAAAAAABAAEAAAIBRAA7\" data-src=\"https:\/\/magarinos.eu\/atandocabos\/wp-content\/uploads\/2017\/04\/retrato-de-manuel-magaric3b1oscol.jpg\" alt=\"retrato de manuel magari\u00f1oscol\" class=\"wp-image-2704 lazyload\" width=\"612\" height=\"693\"\/><noscript><img loading=\"lazy\" decoding=\"async\" src=\"https:\/\/magarinos.eu\/atandocabos\/wp-content\/uploads\/2017\/04\/retrato-de-manuel-magaric3b1oscol.jpg\" alt=\"retrato de manuel magari\u00f1oscol\" class=\"wp-image-2704 lazyload\" width=\"612\" height=\"693\" srcset=\"https:\/\/magarinos.eu\/atandocabos\/wp-content\/uploads\/2017\/04\/retrato-de-manuel-magaric3b1oscol.jpg 1841w, https:\/\/magarinos.eu\/atandocabos\/wp-content\/uploads\/2017\/04\/retrato-de-manuel-magaric3b1oscol-264x300.jpg 264w, https:\/\/magarinos.eu\/atandocabos\/wp-content\/uploads\/2017\/04\/retrato-de-manuel-magaric3b1oscol-768x871.jpg 768w, https:\/\/magarinos.eu\/atandocabos\/wp-content\/uploads\/2017\/04\/retrato-de-manuel-magaric3b1oscol-1354x1536.jpg 1354w, https:\/\/magarinos.eu\/atandocabos\/wp-content\/uploads\/2017\/04\/retrato-de-manuel-magaric3b1oscol-1805x2048.jpg 1805w\" sizes=\"auto, (max-width: 612px) 100vw, 612px\" \/><\/noscript><figcaption>Retrato de Manuel Magari\u00f1os Mera<\/figcaption><\/figure>\n\n\n\n<p>Mi bisabuelo Manuel Magari\u00f1os Magari\u00f1os Mera (1872-1912), el abuelo Manolo, como le llamaban mi madre y mis t\u00edos, jug\u00f3 un breve pero esencial papel en la la tradici\u00f3n oral familiar.<\/p>\n\n\n\n<p>Manuel hab\u00eda nacido el cinco de julio de 1872, en Madrid, en la \u00e9poca de la primera rep\u00fablica, en la <a href=\"https:\/\/www.google.de\/maps?q=calle+de+la+Huerta+del+Bayo&amp;espv=2&amp;biw=1680&amp;bih=982&amp;dpr=1&amp;um=1&amp;ie=UTF-8&amp;sa=X&amp;ved=0ahUKEwjQtoL9-JLSAhViCZoKHXQOBa0Q_AUICCgB\" target=\"_blank\" rel=\"noopener noreferrer\">calle de la Huerta del Bayo, 5<\/a>., en la misma casa en la que hab\u00eda vivido su abuela, <strong>Mar\u00eda Hermida<\/strong>, hasta su muerte en 1865. Era hijo de <strong>Antonio Magari\u00f1os Soutullo<\/strong>, natural de Puenteareas,&nbsp;y de <strong>Cipriana Mera Hermida<\/strong>, natural de Xerdiz, provincia de Lugo, ambos emigrantes gallegos que se hab\u00edan trasladado a Madrid en busca de un futuro mejor.<\/p>\n\n\n\n<p>Le bautizaron el d\u00eda seis de julio de 1872, en la <a href=\"https:\/\/es.wikipedia.org\/wiki\/Iglesia_de_San_Cayetano_(Madrid)\" target=\"_blank\" rel=\"noopener noreferrer\">parroquia de San Mill\u00e1n y San Cayetano<\/a>, tal como consta en su certificado de bautismo. Era hermano de <a href=\"https:\/\/magarinos.eu\/atandocabos\/la-vaqueria-del-tio-emeterio\/\">Emeterio Magari\u00f1os<\/a>.<\/p>\n\n\n\n<p>A pesar del origen humilde de sus padres (cocinero \u00e9l y sirvienta ella), Manuel consigui\u00f3 de alguna manera desarrollar una profesi\u00f3n en la que pudo aprovechar sus dotes para el dibujo.<\/p>\n\n\n\n<p>No sabemos c\u00f3mo logr\u00f3 aprender o estudiar el oficio de delineante pero sabemos que en 1895 trabajaba como \u00abobrero\u00bb (en la \u00e9poca se llamaba as\u00ed a los delineantes) en la Brigada Obrera y Topogr\u00e1fica del Ej\u00e9rcito, una unidad cuya misi\u00f3n era dibujar planos y mapas.<\/p>\n\n\n\n<figure class=\"wp-block-image aligncenter is-resized alignnone wp-image-2901\"><img loading=\"lazy\" decoding=\"async\" class=\"lazyload\" src=\"data:image\/gif;base64,R0lGODlhAQABAIAAAAAAAP\/\/\/yH5BAEAAAAALAAAAAABAAEAAAIBRAA7\" data-src=\"https:\/\/magarinos.eu\/atandocabos\/wp-content\/uploads\/2017\/06\/expediente00152.png\" alt=\"Expediente0015.png\" width=\"451\" height=\"702\"\/><noscript><img loading=\"lazy\" decoding=\"async\" class=\"lazyload\" src=\"https:\/\/magarinos.eu\/atandocabos\/wp-content\/uploads\/2017\/06\/expediente00152.png\" alt=\"Expediente0015.png\" width=\"451\" height=\"702\"\/><\/noscript><figcaption>Certificado de solter\u00eda emitido por el Teniente Coronel Alberto Urech Miralles para Manual Magari\u00f1os en 1895.<br>Fuente: Expediente Matrimonial de Manuel Magari\u00f1os e Ignacia del Pozo. Archivo Hist\u00f3rico Diocesano de Madrid.<\/figcaption><\/figure>\n\n\n\n<figure class=\"wp-block-image alignnone size-full wp-image-2920\"><img decoding=\"async\" src=\"data:image\/gif;base64,R0lGODlhAQABAIAAAAAAAP\/\/\/yH5BAEAAAAALAAAAAABAAEAAAIBRAA7\" data-src=\"https:\/\/magarinos.eu\/atandocabos\/wp-content\/uploads\/2017\/06\/topografos-web.jpg\" alt=\"topografos web.jpg\" class=\"wp-image-2920 lazyload\"\/><noscript><img loading=\"lazy\" decoding=\"async\" width=\"937\" height=\"751\" src=\"https:\/\/magarinos.eu\/atandocabos\/wp-content\/uploads\/2017\/06\/topografos-web.jpg\" alt=\"topografos web.jpg\" class=\"wp-image-2920 lazyload\" srcset=\"https:\/\/magarinos.eu\/atandocabos\/wp-content\/uploads\/2017\/06\/topografos-web.jpg 937w, https:\/\/magarinos.eu\/atandocabos\/wp-content\/uploads\/2017\/06\/topografos-web-300x240.jpg 300w, https:\/\/magarinos.eu\/atandocabos\/wp-content\/uploads\/2017\/06\/topografos-web-768x616.jpg 768w\" sizes=\"auto, (max-width: 937px) 100vw, 937px\" \/><\/noscript><figcaption>L\u00e1mina de finales del s. XIX o principios del s. XX en la que aparecen top\u00f3grafos del ej\u00e9rcito. Seguramente el bisabuelo Manuel dibujar\u00eda sus planos bas\u00e1ndose en las mediciones realizadas por estos profesionales.<\/figcaption><\/figure>\n\n\n\n<p><a href=\"https:\/\/magarinos.eu\/atandocabos\/la-boda-de-manuel-e-ignacia\/\" target=\"_blank\" rel=\"noreferrer noopener\">Se cas\u00f3 con Ignacia Garc\u00eda del Pozo<\/a> (1877-1936) en 28 de mayo 1903, a las ocho de la ma\u00f1ana, en la <a href=\"https:\/\/es.wikipedia.org\/wiki\/Iglesia_de_San_Andr%C3%A9s_(Madrid)\" target=\"_blank\" rel=\"noopener\">parroquia de San Andr\u00e9s<\/a>. Tuvieron tres hijos: el primog\u00e9nito Manol\u00edn, que muri\u00f3 de ni\u00f1o, mi t\u00edo abuelo Antonio Magari\u00f1os y mi abuelo Carlos Magari\u00f1os.<\/p>\n\n\n\n<figure class=\"wp-block-image aligncenter is-resized\"><img loading=\"lazy\" decoding=\"async\" src=\"data:image\/gif;base64,R0lGODlhAQABAIAAAAAAAP\/\/\/yH5BAEAAAAALAAAAAABAAEAAAIBRAA7\" data-src=\"https:\/\/magarinos.eu\/atandocabos\/wp-content\/uploads\/2016\/11\/800px-iglesia_de_san_andrc3a9s_madrid_04.jpg\" alt=\"800px-iglesia_de_san_andres_madrid_04\" class=\"wp-image-1994 lazyload\" width=\"508\" height=\"687\"\/><noscript><img loading=\"lazy\" decoding=\"async\" src=\"https:\/\/magarinos.eu\/atandocabos\/wp-content\/uploads\/2016\/11\/800px-iglesia_de_san_andrc3a9s_madrid_04.jpg\" alt=\"800px-iglesia_de_san_andres_madrid_04\" class=\"wp-image-1994 lazyload\" width=\"508\" height=\"687\" srcset=\"https:\/\/magarinos.eu\/atandocabos\/wp-content\/uploads\/2016\/11\/800px-iglesia_de_san_andrc3a9s_madrid_04.jpg 800w, https:\/\/magarinos.eu\/atandocabos\/wp-content\/uploads\/2016\/11\/800px-iglesia_de_san_andrc3a9s_madrid_04-221x300.jpg 221w, https:\/\/magarinos.eu\/atandocabos\/wp-content\/uploads\/2016\/11\/800px-iglesia_de_san_andrc3a9s_madrid_04-756x1024.jpg 756w\" sizes=\"auto, (max-width: 508px) 100vw, 508px\" \/><\/noscript><\/figure>\n\n\n\n<p>La familia deb\u00eda de llevar una vida relativamente acomodada en la <a href=\"https:\/\/www.google.de\/maps\/place\/Calle+de+Jorge+Juan,+24,+28001+Madrid,+Spain\/@40.4237043,-3.6868184,17z\/data=!3m1!4b1!4m5!3m4!1s0xd422897879a089d:0x535bfd525c214d5d!8m2!3d40.4237043!4d-3.6846297\" target=\"_blank\" rel=\"noopener noreferrer\">calle Jorge Juan 24<\/a>, cuando la desgracia se ceb\u00f3 en ellos. En 1909 muri\u00f3 Manol\u00edn y el 24 de enero de 1912, con 39 a\u00f1os, el propio Manuel, de fiebres tifoideas, dejando a su viuda y a sus hijos en una precaria situaci\u00f3n econ\u00f3mica. Su funeral tuvo lugar en la antigua iglesia de la Concepci\u00f3n, en la calle Hermosilla (no en la <a href=\"https:\/\/es.wikipedia.org\/wiki\/Bas%C3%ADlica_de_la_Concepci%C3%B3n_de_Nuestra_Se%C3%B1ora\" target=\"_blank\" rel=\"noopener noreferrer\">actual<\/a>, que fue inaugurada en 1914).<\/p>\n\n\n\n<figure class=\"wp-block-image aligncenter is-resized\"><img loading=\"lazy\" decoding=\"async\" src=\"data:image\/gif;base64,R0lGODlhAQABAIAAAAAAAP\/\/\/yH5BAEAAAAALAAAAAABAAEAAAIBRAA7\" data-src=\"https:\/\/magarinos.eu\/atandocabos\/wp-content\/uploads\/2016\/11\/1912_manuel_magaric3b1os_recordatorio_defuncic3b3n_0001.jpg\" alt=\"1912_manuel_magarinos_recordatorio_defuncion_0001\" class=\"wp-image-1720 lazyload\" width=\"486\" height=\"524\"\/><noscript><img loading=\"lazy\" decoding=\"async\" src=\"https:\/\/magarinos.eu\/atandocabos\/wp-content\/uploads\/2016\/11\/1912_manuel_magaric3b1os_recordatorio_defuncic3b3n_0001.jpg\" alt=\"1912_manuel_magarinos_recordatorio_defuncion_0001\" class=\"wp-image-1720 lazyload\" width=\"486\" height=\"524\" srcset=\"https:\/\/magarinos.eu\/atandocabos\/wp-content\/uploads\/2016\/11\/1912_manuel_magaric3b1os_recordatorio_defuncic3b3n_0001.jpg 796w, https:\/\/magarinos.eu\/atandocabos\/wp-content\/uploads\/2016\/11\/1912_manuel_magaric3b1os_recordatorio_defuncic3b3n_0001-278x300.jpg 278w, https:\/\/magarinos.eu\/atandocabos\/wp-content\/uploads\/2016\/11\/1912_manuel_magaric3b1os_recordatorio_defuncic3b3n_0001-768x830.jpg 768w\" sizes=\"auto, (max-width: 486px) 100vw, 486px\" \/><\/noscript><\/figure>\n\n\n\n<p>Ignacia tuvo que trabajar de modista y, como no pod\u00eda mantener a los dos hijos, decidi\u00f3 ingresar a mi abuelo (con s\u00f3lo cinco a\u00f1os)\u00a0<a href=\"https:\/\/magarinos.eu\/atandocabos\/los-nietos-de-san-ildefonso\/\" target=\"_blank\" rel=\"noreferrer noopener\">como interno en el Colegio de San Ildefonso<\/a>.<\/p>\n","protected":false},"excerpt":{"rendered":"<p>Mi bisabuelo Manuel Magari\u00f1os Magari\u00f1os Mera (1872-1912), el abuelo Manolo, como le llamaban mi madre y mis t\u00edos, jug\u00f3 un breve pero esencial papel en la la tradici\u00f3n oral familiar. Manuel hab\u00eda nacido el cinco de julio de 1872, en Madrid, en la \u00e9poca de la primera rep\u00fablica, en la calle de la Huerta del [&hellip;]<\/p>\n","protected":false},"author":1,"featured_media":2704,"comment_status":"open","ping_status":"open","sticky":false,"template":"","format":"standard","meta":{"footnotes":""},"categories":[5],"tags":[13,22,33,70,92,94],"class_list":["post-2681","post","type-post","status-publish","format-standard","has-post-thumbnail","hentry","category-historias-familiares","tag-antonio-magarinos-soutullo","tag-brigada-obrera-y-topografica","tag-cipriana-mera","tag-ignacia-garcia-del-pozo","tag-manuel-magarinos-mera","tag-maria-hermida"],"blocksy_meta":{"styles_descriptor":{"styles":{"desktop":"","tablet":"","mobile":""},"google_fonts":[],"version":6}},"yoast_head":"<!-- This site is optimized with the Yoast SEO plugin v27.5 - https:\/\/yoast.com\/product\/yoast-seo-wordpress\/ -->\n<title>Manuel Magari\u00f1os Mera (1872 - 1912) - el delineante - Atando Cabos<\/title>\n<meta name=\"robots\" content=\"index, follow, max-snippet:-1, max-image-preview:large, max-video-preview:-1\" \/>\n<link rel=\"canonical\" href=\"https:\/\/magarinos.eu\/atandocabos\/blog\/2017\/06\/05\/manuel-magarinos-mera-el-delineante\/\" \/>\n<meta property=\"og:locale\" content=\"es_ES\" \/>\n<meta property=\"og:type\" content=\"article\" \/>\n<meta property=\"og:title\" content=\"Manuel Magari\u00f1os Mera (1872 - 1912) - el delineante - Atando Cabos\" \/>\n<meta property=\"og:description\" content=\"Mi bisabuelo Manuel Magari\u00f1os Magari\u00f1os Mera (1872-1912), el abuelo Manolo, como le llamaban mi madre y mis t\u00edos, jug\u00f3 un breve pero esencial papel en la la tradici\u00f3n oral familiar. Manuel hab\u00eda nacido el cinco de julio de 1872, en Madrid, en la \u00e9poca de la primera rep\u00fablica, en la calle de la Huerta del [&hellip;]\" \/>\n<meta property=\"og:url\" content=\"https:\/\/magarinos.eu\/atandocabos\/blog\/2017\/06\/05\/manuel-magarinos-mera-el-delineante\/\" \/>\n<meta property=\"og:site_name\" content=\"Atando Cabos\" \/>\n<meta property=\"article:published_time\" content=\"2017-06-05T10:58:56+00:00\" \/>\n<meta property=\"article:modified_time\" content=\"2022-07-18T22:08:02+00:00\" \/>\n<meta property=\"og:image\" content=\"https:\/\/magarinos.eu\/atandocabos\/wp-content\/uploads\/2017\/04\/retrato-de-manuel-magaric3b1oscol.jpg\" \/>\n\t<meta property=\"og:image:width\" content=\"1841\" \/>\n\t<meta property=\"og:image:height\" content=\"2089\" \/>\n\t<meta property=\"og:image:type\" content=\"image\/jpeg\" \/>\n<meta name=\"author\" content=\"Daniel Garc\u00eda Magari\u00f1os\" \/>\n<meta name=\"twitter:card\" content=\"summary_large_image\" \/>\n<meta name=\"twitter:label1\" content=\"Escrito por\" \/>\n\t<meta name=\"twitter:data1\" content=\"Daniel Garc\u00eda Magari\u00f1os\" \/>\n\t<meta name=\"twitter:label2\" content=\"Tiempo de lectura\" \/>\n\t<meta name=\"twitter:data2\" content=\"4 minutos\" \/>\n<script type=\"application\/ld+json\" class=\"yoast-schema-graph\">{\"@context\":\"https:\\\/\\\/schema.org\",\"@graph\":[{\"@type\":\"Article\",\"@id\":\"https:\\\/\\\/magarinos.eu\\\/atandocabos\\\/blog\\\/2017\\\/06\\\/05\\\/manuel-magarinos-mera-el-delineante\\\/#article\",\"isPartOf\":{\"@id\":\"https:\\\/\\\/magarinos.eu\\\/atandocabos\\\/blog\\\/2017\\\/06\\\/05\\\/manuel-magarinos-mera-el-delineante\\\/\"},\"author\":{\"name\":\"Daniel Garc\u00eda Magari\u00f1os\",\"@id\":\"https:\\\/\\\/magarinos.eu\\\/atandocabos\\\/#\\\/schema\\\/person\\\/ce62485d4bf8f9cc864369bb52591f1e\"},\"headline\":\"Manuel Magari\u00f1os Mera (1872 &#8211; 1912) &#8211; el delineante\",\"datePublished\":\"2017-06-05T10:58:56+00:00\",\"dateModified\":\"2022-07-18T22:08:02+00:00\",\"mainEntityOfPage\":{\"@id\":\"https:\\\/\\\/magarinos.eu\\\/atandocabos\\\/blog\\\/2017\\\/06\\\/05\\\/manuel-magarinos-mera-el-delineante\\\/\"},\"wordCount\":483,\"commentCount\":0,\"publisher\":{\"@id\":\"https:\\\/\\\/magarinos.eu\\\/atandocabos\\\/#organization\"},\"image\":{\"@id\":\"https:\\\/\\\/magarinos.eu\\\/atandocabos\\\/blog\\\/2017\\\/06\\\/05\\\/manuel-magarinos-mera-el-delineante\\\/#primaryimage\"},\"thumbnailUrl\":\"https:\\\/\\\/magarinos.eu\\\/atandocabos\\\/wp-content\\\/uploads\\\/2017\\\/04\\\/retrato-de-manuel-magaric3b1oscol.jpg\",\"keywords\":[\"Antonio Magari\u00f1os Soutullo\",\"Brigada Obrera y Topogr\u00e1fica\",\"Cipriana Mera\",\"Ignacia Garc\u00eda del Pozo\",\"Manuel Magari\u00f1os Mera\",\"Mar\u00eda Hermida\"],\"articleSection\":[\"Historias familiares\"],\"inLanguage\":\"es\",\"potentialAction\":[{\"@type\":\"CommentAction\",\"name\":\"Comment\",\"target\":[\"https:\\\/\\\/magarinos.eu\\\/atandocabos\\\/blog\\\/2017\\\/06\\\/05\\\/manuel-magarinos-mera-el-delineante\\\/#respond\"]}]},{\"@type\":\"WebPage\",\"@id\":\"https:\\\/\\\/magarinos.eu\\\/atandocabos\\\/blog\\\/2017\\\/06\\\/05\\\/manuel-magarinos-mera-el-delineante\\\/\",\"url\":\"https:\\\/\\\/magarinos.eu\\\/atandocabos\\\/blog\\\/2017\\\/06\\\/05\\\/manuel-magarinos-mera-el-delineante\\\/\",\"name\":\"Manuel Magari\u00f1os Mera (1872 - 1912) - el delineante - Atando Cabos\",\"isPartOf\":{\"@id\":\"https:\\\/\\\/magarinos.eu\\\/atandocabos\\\/#website\"},\"primaryImageOfPage\":{\"@id\":\"https:\\\/\\\/magarinos.eu\\\/atandocabos\\\/blog\\\/2017\\\/06\\\/05\\\/manuel-magarinos-mera-el-delineante\\\/#primaryimage\"},\"image\":{\"@id\":\"https:\\\/\\\/magarinos.eu\\\/atandocabos\\\/blog\\\/2017\\\/06\\\/05\\\/manuel-magarinos-mera-el-delineante\\\/#primaryimage\"},\"thumbnailUrl\":\"https:\\\/\\\/magarinos.eu\\\/atandocabos\\\/wp-content\\\/uploads\\\/2017\\\/04\\\/retrato-de-manuel-magaric3b1oscol.jpg\",\"datePublished\":\"2017-06-05T10:58:56+00:00\",\"dateModified\":\"2022-07-18T22:08:02+00:00\",\"breadcrumb\":{\"@id\":\"https:\\\/\\\/magarinos.eu\\\/atandocabos\\\/blog\\\/2017\\\/06\\\/05\\\/manuel-magarinos-mera-el-delineante\\\/#breadcrumb\"},\"inLanguage\":\"es\",\"potentialAction\":[{\"@type\":\"ReadAction\",\"target\":[\"https:\\\/\\\/magarinos.eu\\\/atandocabos\\\/blog\\\/2017\\\/06\\\/05\\\/manuel-magarinos-mera-el-delineante\\\/\"]}]},{\"@type\":\"ImageObject\",\"inLanguage\":\"es\",\"@id\":\"https:\\\/\\\/magarinos.eu\\\/atandocabos\\\/blog\\\/2017\\\/06\\\/05\\\/manuel-magarinos-mera-el-delineante\\\/#primaryimage\",\"url\":\"https:\\\/\\\/magarinos.eu\\\/atandocabos\\\/wp-content\\\/uploads\\\/2017\\\/04\\\/retrato-de-manuel-magaric3b1oscol.jpg\",\"contentUrl\":\"https:\\\/\\\/magarinos.eu\\\/atandocabos\\\/wp-content\\\/uploads\\\/2017\\\/04\\\/retrato-de-manuel-magaric3b1oscol.jpg\",\"width\":1841,\"height\":2089},{\"@type\":\"BreadcrumbList\",\"@id\":\"https:\\\/\\\/magarinos.eu\\\/atandocabos\\\/blog\\\/2017\\\/06\\\/05\\\/manuel-magarinos-mera-el-delineante\\\/#breadcrumb\",\"itemListElement\":[{\"@type\":\"ListItem\",\"position\":1,\"name\":\"Portada\",\"item\":\"https:\\\/\\\/magarinos.eu\\\/atandocabos\\\/\"},{\"@type\":\"ListItem\",\"position\":2,\"name\":\"Manuel Magari\u00f1os Mera (1872 &#8211; 1912) &#8211; el delineante\"}]},{\"@type\":\"WebSite\",\"@id\":\"https:\\\/\\\/magarinos.eu\\\/atandocabos\\\/#website\",\"url\":\"https:\\\/\\\/magarinos.eu\\\/atandocabos\\\/\",\"name\":\"Atando Cabos\",\"description\":\"Una p\u00e1gina web de la familia Magari\u00f1os Ram\u00f3n\",\"publisher\":{\"@id\":\"https:\\\/\\\/magarinos.eu\\\/atandocabos\\\/#organization\"},\"potentialAction\":[{\"@type\":\"SearchAction\",\"target\":{\"@type\":\"EntryPoint\",\"urlTemplate\":\"https:\\\/\\\/magarinos.eu\\\/atandocabos\\\/?s={search_term_string}\"},\"query-input\":{\"@type\":\"PropertyValueSpecification\",\"valueRequired\":true,\"valueName\":\"search_term_string\"}}],\"inLanguage\":\"es\"},{\"@type\":\"Organization\",\"@id\":\"https:\\\/\\\/magarinos.eu\\\/atandocabos\\\/#organization\",\"name\":\"Atando Cabos\",\"url\":\"https:\\\/\\\/magarinos.eu\\\/atandocabos\\\/\",\"logo\":{\"@type\":\"ImageObject\",\"inLanguage\":\"es\",\"@id\":\"https:\\\/\\\/magarinos.eu\\\/atandocabos\\\/#\\\/schema\\\/logo\\\/image\\\/\",\"url\":\"https:\\\/\\\/magarinos.eu\\\/atandocabos\\\/wp-content\\\/uploads\\\/2022\\\/06\\\/cropped-cropped-Caballero_Anciano.jpg\",\"contentUrl\":\"https:\\\/\\\/magarinos.eu\\\/atandocabos\\\/wp-content\\\/uploads\\\/2022\\\/06\\\/cropped-cropped-Caballero_Anciano.jpg\",\"width\":512,\"height\":512,\"caption\":\"Atando Cabos\"},\"image\":{\"@id\":\"https:\\\/\\\/magarinos.eu\\\/atandocabos\\\/#\\\/schema\\\/logo\\\/image\\\/\"}},{\"@type\":\"Person\",\"@id\":\"https:\\\/\\\/magarinos.eu\\\/atandocabos\\\/#\\\/schema\\\/person\\\/ce62485d4bf8f9cc864369bb52591f1e\",\"name\":\"Daniel Garc\u00eda Magari\u00f1os\",\"image\":{\"@type\":\"ImageObject\",\"inLanguage\":\"es\",\"@id\":\"https:\\\/\\\/secure.gravatar.com\\\/avatar\\\/a7c7a82edf145a1bb8c32117ac59cb3be1c2c760796caff2df495a17896be288?s=96&d=mm&r=g\",\"url\":\"https:\\\/\\\/secure.gravatar.com\\\/avatar\\\/a7c7a82edf145a1bb8c32117ac59cb3be1c2c760796caff2df495a17896be288?s=96&d=mm&r=g\",\"contentUrl\":\"https:\\\/\\\/secure.gravatar.com\\\/avatar\\\/a7c7a82edf145a1bb8c32117ac59cb3be1c2c760796caff2df495a17896be288?s=96&d=mm&r=g\",\"caption\":\"Daniel Garc\u00eda Magari\u00f1os\"},\"url\":\"https:\\\/\\\/magarinos.eu\\\/atandocabos\\\/blog\\\/author\\\/dgarcia\\\/\"}]}<\/script>\n<!-- \/ Yoast SEO plugin. -->","yoast_head_json":{"title":"Manuel Magari\u00f1os Mera (1872 - 1912) - el delineante - Atando Cabos","robots":{"index":"index","follow":"follow","max-snippet":"max-snippet:-1","max-image-preview":"max-image-preview:large","max-video-preview":"max-video-preview:-1"},"canonical":"https:\/\/magarinos.eu\/atandocabos\/blog\/2017\/06\/05\/manuel-magarinos-mera-el-delineante\/","og_locale":"es_ES","og_type":"article","og_title":"Manuel Magari\u00f1os Mera (1872 - 1912) - el delineante - Atando Cabos","og_description":"Mi bisabuelo Manuel Magari\u00f1os Magari\u00f1os Mera (1872-1912), el abuelo Manolo, como le llamaban mi madre y mis t\u00edos, jug\u00f3 un breve pero esencial papel en la la tradici\u00f3n oral familiar. Manuel hab\u00eda nacido el cinco de julio de 1872, en Madrid, en la \u00e9poca de la primera rep\u00fablica, en la calle de la Huerta del [&hellip;]","og_url":"https:\/\/magarinos.eu\/atandocabos\/blog\/2017\/06\/05\/manuel-magarinos-mera-el-delineante\/","og_site_name":"Atando Cabos","article_published_time":"2017-06-05T10:58:56+00:00","article_modified_time":"2022-07-18T22:08:02+00:00","og_image":[{"width":1841,"height":2089,"url":"https:\/\/magarinos.eu\/atandocabos\/wp-content\/uploads\/2017\/04\/retrato-de-manuel-magaric3b1oscol.jpg","type":"image\/jpeg"}],"author":"Daniel Garc\u00eda Magari\u00f1os","twitter_card":"summary_large_image","twitter_misc":{"Escrito por":"Daniel Garc\u00eda Magari\u00f1os","Tiempo de lectura":"4 minutos"},"schema":{"@context":"https:\/\/schema.org","@graph":[{"@type":"Article","@id":"https:\/\/magarinos.eu\/atandocabos\/blog\/2017\/06\/05\/manuel-magarinos-mera-el-delineante\/#article","isPartOf":{"@id":"https:\/\/magarinos.eu\/atandocabos\/blog\/2017\/06\/05\/manuel-magarinos-mera-el-delineante\/"},"author":{"name":"Daniel Garc\u00eda Magari\u00f1os","@id":"https:\/\/magarinos.eu\/atandocabos\/#\/schema\/person\/ce62485d4bf8f9cc864369bb52591f1e"},"headline":"Manuel Magari\u00f1os Mera (1872 &#8211; 1912) &#8211; el delineante","datePublished":"2017-06-05T10:58:56+00:00","dateModified":"2022-07-18T22:08:02+00:00","mainEntityOfPage":{"@id":"https:\/\/magarinos.eu\/atandocabos\/blog\/2017\/06\/05\/manuel-magarinos-mera-el-delineante\/"},"wordCount":483,"commentCount":0,"publisher":{"@id":"https:\/\/magarinos.eu\/atandocabos\/#organization"},"image":{"@id":"https:\/\/magarinos.eu\/atandocabos\/blog\/2017\/06\/05\/manuel-magarinos-mera-el-delineante\/#primaryimage"},"thumbnailUrl":"https:\/\/magarinos.eu\/atandocabos\/wp-content\/uploads\/2017\/04\/retrato-de-manuel-magaric3b1oscol.jpg","keywords":["Antonio Magari\u00f1os Soutullo","Brigada Obrera y Topogr\u00e1fica","Cipriana Mera","Ignacia Garc\u00eda del Pozo","Manuel Magari\u00f1os Mera","Mar\u00eda Hermida"],"articleSection":["Historias familiares"],"inLanguage":"es","potentialAction":[{"@type":"CommentAction","name":"Comment","target":["https:\/\/magarinos.eu\/atandocabos\/blog\/2017\/06\/05\/manuel-magarinos-mera-el-delineante\/#respond"]}]},{"@type":"WebPage","@id":"https:\/\/magarinos.eu\/atandocabos\/blog\/2017\/06\/05\/manuel-magarinos-mera-el-delineante\/","url":"https:\/\/magarinos.eu\/atandocabos\/blog\/2017\/06\/05\/manuel-magarinos-mera-el-delineante\/","name":"Manuel Magari\u00f1os Mera (1872 - 1912) - el delineante - Atando Cabos","isPartOf":{"@id":"https:\/\/magarinos.eu\/atandocabos\/#website"},"primaryImageOfPage":{"@id":"https:\/\/magarinos.eu\/atandocabos\/blog\/2017\/06\/05\/manuel-magarinos-mera-el-delineante\/#primaryimage"},"image":{"@id":"https:\/\/magarinos.eu\/atandocabos\/blog\/2017\/06\/05\/manuel-magarinos-mera-el-delineante\/#primaryimage"},"thumbnailUrl":"https:\/\/magarinos.eu\/atandocabos\/wp-content\/uploads\/2017\/04\/retrato-de-manuel-magaric3b1oscol.jpg","datePublished":"2017-06-05T10:58:56+00:00","dateModified":"2022-07-18T22:08:02+00:00","breadcrumb":{"@id":"https:\/\/magarinos.eu\/atandocabos\/blog\/2017\/06\/05\/manuel-magarinos-mera-el-delineante\/#breadcrumb"},"inLanguage":"es","potentialAction":[{"@type":"ReadAction","target":["https:\/\/magarinos.eu\/atandocabos\/blog\/2017\/06\/05\/manuel-magarinos-mera-el-delineante\/"]}]},{"@type":"ImageObject","inLanguage":"es","@id":"https:\/\/magarinos.eu\/atandocabos\/blog\/2017\/06\/05\/manuel-magarinos-mera-el-delineante\/#primaryimage","url":"https:\/\/magarinos.eu\/atandocabos\/wp-content\/uploads\/2017\/04\/retrato-de-manuel-magaric3b1oscol.jpg","contentUrl":"https:\/\/magarinos.eu\/atandocabos\/wp-content\/uploads\/2017\/04\/retrato-de-manuel-magaric3b1oscol.jpg","width":1841,"height":2089},{"@type":"BreadcrumbList","@id":"https:\/\/magarinos.eu\/atandocabos\/blog\/2017\/06\/05\/manuel-magarinos-mera-el-delineante\/#breadcrumb","itemListElement":[{"@type":"ListItem","position":1,"name":"Portada","item":"https:\/\/magarinos.eu\/atandocabos\/"},{"@type":"ListItem","position":2,"name":"Manuel Magari\u00f1os Mera (1872 &#8211; 1912) &#8211; el delineante"}]},{"@type":"WebSite","@id":"https:\/\/magarinos.eu\/atandocabos\/#website","url":"https:\/\/magarinos.eu\/atandocabos\/","name":"Atando Cabos","description":"Una p\u00e1gina web de la familia Magari\u00f1os Ram\u00f3n","publisher":{"@id":"https:\/\/magarinos.eu\/atandocabos\/#organization"},"potentialAction":[{"@type":"SearchAction","target":{"@type":"EntryPoint","urlTemplate":"https:\/\/magarinos.eu\/atandocabos\/?s={search_term_string}"},"query-input":{"@type":"PropertyValueSpecification","valueRequired":true,"valueName":"search_term_string"}}],"inLanguage":"es"},{"@type":"Organization","@id":"https:\/\/magarinos.eu\/atandocabos\/#organization","name":"Atando Cabos","url":"https:\/\/magarinos.eu\/atandocabos\/","logo":{"@type":"ImageObject","inLanguage":"es","@id":"https:\/\/magarinos.eu\/atandocabos\/#\/schema\/logo\/image\/","url":"https:\/\/magarinos.eu\/atandocabos\/wp-content\/uploads\/2022\/06\/cropped-cropped-Caballero_Anciano.jpg","contentUrl":"https:\/\/magarinos.eu\/atandocabos\/wp-content\/uploads\/2022\/06\/cropped-cropped-Caballero_Anciano.jpg","width":512,"height":512,"caption":"Atando Cabos"},"image":{"@id":"https:\/\/magarinos.eu\/atandocabos\/#\/schema\/logo\/image\/"}},{"@type":"Person","@id":"https:\/\/magarinos.eu\/atandocabos\/#\/schema\/person\/ce62485d4bf8f9cc864369bb52591f1e","name":"Daniel Garc\u00eda Magari\u00f1os","image":{"@type":"ImageObject","inLanguage":"es","@id":"https:\/\/secure.gravatar.com\/avatar\/a7c7a82edf145a1bb8c32117ac59cb3be1c2c760796caff2df495a17896be288?s=96&d=mm&r=g","url":"https:\/\/secure.gravatar.com\/avatar\/a7c7a82edf145a1bb8c32117ac59cb3be1c2c760796caff2df495a17896be288?s=96&d=mm&r=g","contentUrl":"https:\/\/secure.gravatar.com\/avatar\/a7c7a82edf145a1bb8c32117ac59cb3be1c2c760796caff2df495a17896be288?s=96&d=mm&r=g","caption":"Daniel Garc\u00eda Magari\u00f1os"},"url":"https:\/\/magarinos.eu\/atandocabos\/blog\/author\/dgarcia\/"}]}},"_links":{"self":[{"href":"https:\/\/magarinos.eu\/atandocabos\/wp-json\/wp\/v2\/posts\/2681","targetHints":{"allow":["GET"]}}],"collection":[{"href":"https:\/\/magarinos.eu\/atandocabos\/wp-json\/wp\/v2\/posts"}],"about":[{"href":"https:\/\/magarinos.eu\/atandocabos\/wp-json\/wp\/v2\/types\/post"}],"author":[{"embeddable":true,"href":"https:\/\/magarinos.eu\/atandocabos\/wp-json\/wp\/v2\/users\/1"}],"replies":[{"embeddable":true,"href":"https:\/\/magarinos.eu\/atandocabos\/wp-json\/wp\/v2\/comments?post=2681"}],"version-history":[{"count":0,"href":"https:\/\/magarinos.eu\/atandocabos\/wp-json\/wp\/v2\/posts\/2681\/revisions"}],"wp:featuredmedia":[{"embeddable":true,"href":"https:\/\/magarinos.eu\/atandocabos\/wp-json\/wp\/v2\/media\/2704"}],"wp:attachment":[{"href":"https:\/\/magarinos.eu\/atandocabos\/wp-json\/wp\/v2\/media?parent=2681"}],"wp:term":[{"taxonomy":"category","embeddable":true,"href":"https:\/\/magarinos.eu\/atandocabos\/wp-json\/wp\/v2\/categories?post=2681"},{"taxonomy":"post_tag","embeddable":true,"href":"https:\/\/magarinos.eu\/atandocabos\/wp-json\/wp\/v2\/tags?post=2681"}],"curies":[{"name":"wp","href":"https:\/\/api.w.org\/{rel}","templated":true}]}}