{"id":2187,"date":"2016-12-22T20:28:16","date_gmt":"2016-12-22T20:28:16","guid":{"rendered":"https:\/\/atandocabosweb.wordpress.com\/?p=2187"},"modified":"2022-07-16T19:46:04","modified_gmt":"2022-07-16T17:46:04","slug":"los-nietos-de-san-ildefonso","status":"publish","type":"post","link":"https:\/\/magarinos.eu\/atandocabos\/blog\/2016\/12\/22\/los-nietos-de-san-ildefonso\/","title":{"rendered":"Los nietos de San Ildefonso"},"content":{"rendered":"\n<p>El 22 de diciembre es el d\u00eda del sorteo de \u00abEl Gordo\u00bb, la loter\u00eda de navidad. Cuando veo las noticias por la noche y salen los ni\u00f1os de San Ildefonso, no puedo evitar pensar: \u00abMira, los ni\u00f1os de San Ildefonso. Ah\u00ed estaba mi abuelo de peque\u00f1o.\u00bb<\/p>\n\n\n\n<p>El <a href=\"https:\/\/es.wikipedia.org\/wiki\/Colegio_de_San_Ildefonso_(Madrid)\" target=\"_blank\" rel=\"noopener\">Colegio de San Ildefonso<\/a>&nbsp;era un colegio para ni\u00f1os hu\u00e9rfanos. Seg\u00fan cuentan en su propia <a href=\"http:\/\/www.educa.madrid.org\/web\/cp.sanildefonso.madrid\/historia.html\" target=\"_blank\" rel=\"noopener\">p\u00e1gina web<\/a>, fue fundado por el Ayuntamiento de Madrid en el s. XV \u00abcomo un centro de beneficencia que acog\u00eda a ni\u00f1os abandonados, facilit\u00e1ndoles su educaci\u00f3n.\u00bb<\/p>\n\n\n\n<p>Que mi abuelo estuviera all\u00ed acogido no era una leyenda familiar porque era algo que conoc\u00edamos de primera mano: cuando muri\u00f3 su padre, la madre de mi abuelo (<strong>Ignacia Garc\u00eda del Pozo<\/strong>) pas\u00f3 por muchas dificultades econ\u00f3micas y no pod\u00eda hacerse cargo de sus dos hijos as\u00ed que solicit\u00f3 plaza para su hijo peque\u00f1o, mi abuelo (<strong>Carlos Magari\u00f1os<\/strong>). El mayor (<strong>Antonio Magari\u00f1os<\/strong>) permaneci\u00f3 con ella.<\/p>\n\n\n\n<p>Mi abuelo conserv\u00f3 en casa toda su vida la instancia que entreg\u00f3 su madre solicitando la plaza en el colegio. En ella se inclu\u00edan diversos certificados de bautismo, matrimonio y defunci\u00f3n. Gracias a que el abuelo conservara esos papeles, hemos podido ir tirando del hilo y encontrar informaci\u00f3n sobre esta rama de la familia.<\/p>\n\n\n\n<p>Esta fue m\u00e1s o menos la sucesi\u00f3n de los hechos:<\/p>\n\n\n\n<figure class=\"wp-block-table\"><table><tbody><tr><td>1903<\/td><td>Matrimonio de <strong>Ignacia Garc\u00eda del Pozo<\/strong> y <strong>Manuel Magari\u00f1os Mera<\/strong>.<\/td><\/tr><tr><td>1907<\/td><td>Nacimiento de <strong>Antonio Magari\u00f1os<\/strong><\/td><\/tr><tr><td>1908<\/td><td>Nacimiento de <strong>Carlos Magari\u00f1os<\/strong><\/td><\/tr><tr><td>1912<\/td><td>Defunci\u00f3n de Manuel <strong>Magari\u00f1os Mera<\/strong><\/td><\/tr><tr><td>1913<\/td><td><strong>Ignacia Garc\u00eda del Pozo<\/strong> solicita el ingreso de Carlos (con 5 a\u00f1os) en el Colegio de San Ildefonso.<\/td><\/tr><tr><td>1914<\/td><td>Carlos es admitido en el Colegio de San Ildefonso<\/td><\/tr><\/tbody><\/table><\/figure>\n\n\n\n<p>En 1923, Carlos culmin\u00f3 sus estudios en el Colegio de San Ildefonso con un pensionado que le permiti\u00f3 estudiar en la&nbsp;<strong>Escuela Industrial de Madrid<\/strong> y en 1927 empez\u00f3 a trabajar en la Cooperativa Electra.<\/p>\n\n\n\n<p>Esta es la instancia en la que Ignacia Garc\u00eda del Pozo solicit\u00f3 la admisi\u00f3n de su hijo Carlos en el Colegio de San Ildefonso. Incluyo tambi\u00e9n una transcripci\u00f3n del texto:<\/p>\n\n\n\n<figure class=\"wp-block-image aligncenter is-resized\"><img loading=\"lazy\" decoding=\"async\" src=\"data:image\/gif;base64,R0lGODlhAQABAIAAAAAAAP\/\/\/yH5BAEAAAAALAAAAAABAAEAAAIBRAA7\" data-src=\"https:\/\/magarinos.eu\/atandocabos\/wp-content\/uploads\/2016\/12\/ildefonso.png\" alt=\"Ildefonso.png\" class=\"wp-image-2233 lazyload\" width=\"552\" height=\"618\"\/><noscript><img loading=\"lazy\" decoding=\"async\" src=\"https:\/\/magarinos.eu\/atandocabos\/wp-content\/uploads\/2016\/12\/ildefonso.png\" alt=\"Ildefonso.png\" class=\"wp-image-2233 lazyload\" width=\"552\" height=\"618\" srcset=\"https:\/\/magarinos.eu\/atandocabos\/wp-content\/uploads\/2016\/12\/ildefonso.png 648w, https:\/\/magarinos.eu\/atandocabos\/wp-content\/uploads\/2016\/12\/ildefonso-268x300.png 268w\" sizes=\"auto, (max-width: 552px) 100vw, 552px\" \/><\/noscript><\/figure>\n\n\n\n<p><em>Excelent\u00edsimo se\u00f1or Alcalde Presidente del Ayuntamiento de Madrid<\/em><\/p>\n\n\n\n<p><em>Ignacia Garc\u00eda del Pozo, natural de Madrid, viuda, domiciliada en la calle de Mendizabal n\u00ba&nbsp;61, piso bajo a Vuestra Excelencia respetuosamente expone:<\/em><\/p>\n\n\n\n<p><em>Que teniendo un hijo llamado <del>Antonio<\/del>&nbsp;Carlos Magari\u00f1os Garc\u00eda, que el d\u00eda 23 del actual cumple 5 a\u00f1os solicita de V.E. le sea admitido en el Colegio municipal de San Ildefonso toda vez que se halla en las condiciones exigidas para el ingreso en dicho establecimiento, por ser natural de Madrid y carecer de padre por fallecimiento de este.<\/em><\/p>\n\n\n\n<p><em>Gracia que espera merecer de la bondad de V.E. cuya vida guarde Dios muchos a\u00f1os.<\/em><\/p>\n\n\n\n<p><em>Madrid 23 de Septiembre de 1913<\/em><\/p>\n\n\n\n<p><em>Ignacia Garc\u00eda del Pozo<\/em><\/p>\n\n\n\n<p>De esta solicitud siempre me ha impresionado que escribiera primero el nombre de Antonio, lo tachara y lo sustituyera por el nombre de mi abuelo. \u00bfSer\u00eda un lapsus o un cambio de planes de \u00faltima hora?<\/p>\n\n\n\n<p>Tambi\u00e9n me impresiona que escribiera la instancia el mismo d\u00eda del cumplea\u00f1os de mi abuelo.<\/p>\n\n\n\n<p>Por supuesto, los ni\u00f1os de San Ildefonso son conocidos en todo el mundo por la loter\u00eda. Mi abuelo tambi\u00e9n cant\u00f3 los n\u00fameros de los sorteos. Seg\u00fan contaba, una vez cant\u00f3 un premio y el ganador les dio&nbsp;a \u00e9l y a su compa\u00f1ero una propinilla.<\/p>\n\n\n\n<figure class=\"wp-block-image aligncenter size-full wp-image-2229\"><img decoding=\"async\" class=\"lazyload\" src=\"data:image\/gif;base64,R0lGODlhAQABAIAAAAAAAP\/\/\/yH5BAEAAAAALAAAAAABAAEAAAIBRAA7\" data-src=\"https:\/\/magarinos.eu\/atandocabos\/wp-content\/uploads\/2016\/12\/san-ildefonso-1906.jpg?w=585\" alt=\"San Ildefonso-1906.jpg\"\/><noscript><img decoding=\"async\" class=\"lazyload\" src=\"https:\/\/magarinos.eu\/atandocabos\/wp-content\/uploads\/2016\/12\/san-ildefonso-1906.jpg?w=585\" alt=\"San Ildefonso-1906.jpg\"\/><\/noscript><figcaption>Ni\u00f1os de San Ildefonso en 1906 (antes de que ingresara mi abuelo Carlos). Fuente:&nbsp;<a href=\"http:\/\/abcblogs.abc.es\/protocolo-etiqueta\/2016\/12\/22\/los-ninos-de-san-ildefonso-y-la-loteria\/\" target=\"_blank\" rel=\"noopener\">ABC.es<\/a><\/figcaption><\/figure>\n\n\n\n<figure class=\"wp-block-image aligncenter is-resized size-full wp-image-2230\"><img loading=\"lazy\" decoding=\"async\" src=\"data:image\/gif;base64,R0lGODlhAQABAIAAAAAAAP\/\/\/yH5BAEAAAAALAAAAAABAAEAAAIBRAA7\" data-src=\"https:\/\/magarinos.eu\/atandocabos\/wp-content\/uploads\/2016\/12\/sanildefonso_1916_abc1.jpg\" alt=\"sanildefonso_1916_abc\" class=\"wp-image-2230 lazyload\" width=\"539\" height=\"303\"\/><noscript><img loading=\"lazy\" decoding=\"async\" src=\"https:\/\/magarinos.eu\/atandocabos\/wp-content\/uploads\/2016\/12\/sanildefonso_1916_abc1.jpg\" alt=\"sanildefonso_1916_abc\" class=\"wp-image-2230 lazyload\" width=\"539\" height=\"303\" srcset=\"https:\/\/magarinos.eu\/atandocabos\/wp-content\/uploads\/2016\/12\/sanildefonso_1916_abc1.jpg 644w, https:\/\/magarinos.eu\/atandocabos\/wp-content\/uploads\/2016\/12\/sanildefonso_1916_abc1-300x169.jpg 300w\" sizes=\"auto, (max-width: 539px) 100vw, 539px\" \/><\/noscript><figcaption>El gordo de navidad de 1916, que tambi\u00e9n se qued\u00f3 en Madrid. Ese d\u00eda sabemos seguro que no estuvo mi abuelo. Fuente: <a href=\"http:\/\/images.google.de\/imgres?imgurl=http:\/\/www.abc.es\/Media\/201512\/22\/ninos-san-ildefonso-loteria-navidad--644x362.jpg&amp;imgrefurl=http:\/\/www.abc.es\/fotonoticias\/fotos-loteria-navidad\/20151222\/ninos-ildefonso-muestran-numero-1623546053104.html&amp;h=362&amp;w=644&amp;tbnid=95mJsGxnoIKzzM:&amp;vet=1&amp;tbnh=90&amp;tbnw=160&amp;docid=VuAtYw4mtfjBXM&amp;usg=__jSKGy4-LYwoRmeCrrBPsrYX-HTs=&amp;sa=X&amp;ved=0ahUKEwiD1PKqzojRAhUWO1AKHeYfDIUQ9QEIKDAE\" target=\"_blank\" rel=\"noopener\">ABC.es<\/a><\/figcaption><\/figure>\n\n\n\n<figure class=\"wp-block-image aligncenter size-full wp-image-2231\"><img decoding=\"async\" class=\"lazyload\" src=\"data:image\/gif;base64,R0lGODlhAQABAIAAAAAAAP\/\/\/yH5BAEAAAAALAAAAAABAAEAAAIBRAA7\" data-src=\"https:\/\/magarinos.eu\/atandocabos\/wp-content\/uploads\/2016\/12\/abc-san-ildefonso-2.png\" alt=\"ABC San Ildefonso 2.png\"\/><noscript><img decoding=\"async\" class=\"lazyload\" src=\"https:\/\/magarinos.eu\/atandocabos\/wp-content\/uploads\/2016\/12\/abc-san-ildefonso-2.png\" alt=\"ABC San Ildefonso 2.png\"\/><\/noscript><figcaption>El 23 de diciembre de 1921, el abuelo Carlos cant\u00f3 los resultados de la loter\u00eda de navidad. No sabemos si cant\u00f3 el gordo. Fuente: <a href=\"http:\/\/hemeroteca.abc.es\/nav\/Navigate.exe\/hemeroteca\/madrid\/abc\/1921\/12\/23\/007.html\" target=\"_blank\" rel=\"noopener\">ABC.es<\/a><\/figcaption><\/figure>\n","protected":false},"excerpt":{"rendered":"<p>El 22 de diciembre es el d\u00eda del sorteo de \u00abEl Gordo\u00bb, la loter\u00eda de navidad. Cuando veo las noticias por la noche y salen los ni\u00f1os de San Ildefonso, no puedo evitar pensar: \u00abMira, los ni\u00f1os de San Ildefonso. Ah\u00ed estaba mi abuelo de peque\u00f1o.\u00bb El Colegio de San Ildefonso&nbsp;era un colegio para ni\u00f1os [&hellip;]<\/p>\n","protected":false},"author":1,"featured_media":2230,"comment_status":"open","ping_status":"open","sticky":false,"template":"","format":"standard","meta":{"footnotes":""},"categories":[5],"tags":[12,25,47,70,82,92,127],"class_list":["post-2187","post","type-post","status-publish","format-standard","has-post-thumbnail","hentry","category-historias-familiares","tag-antonio-magarinos-garcia","tag-carlos-magarinos-garcia","tag-el-gordo","tag-ignacia-garcia-del-pozo","tag-loteria","tag-manuel-magarinos-mera","tag-san-ildefonso"],"blocksy_meta":{"styles_descriptor":{"styles":{"desktop":"","tablet":"","mobile":""},"google_fonts":[],"version":6}},"yoast_head":"<!-- This site is optimized with the Yoast SEO plugin v27.5 - https:\/\/yoast.com\/product\/yoast-seo-wordpress\/ -->\n<title>Los nietos de San Ildefonso - Atando Cabos<\/title>\n<meta name=\"robots\" content=\"index, follow, max-snippet:-1, max-image-preview:large, max-video-preview:-1\" \/>\n<link rel=\"canonical\" href=\"https:\/\/magarinos.eu\/atandocabos\/blog\/2016\/12\/22\/los-nietos-de-san-ildefonso\/\" \/>\n<meta property=\"og:locale\" content=\"es_ES\" \/>\n<meta property=\"og:type\" content=\"article\" \/>\n<meta property=\"og:title\" content=\"Los nietos de San Ildefonso - Atando Cabos\" \/>\n<meta property=\"og:description\" content=\"El 22 de diciembre es el d\u00eda del sorteo de \u00abEl Gordo\u00bb, la loter\u00eda de navidad. Cuando veo las noticias por la noche y salen los ni\u00f1os de San Ildefonso, no puedo evitar pensar: \u00abMira, los ni\u00f1os de San Ildefonso. Ah\u00ed estaba mi abuelo de peque\u00f1o.\u00bb El Colegio de San Ildefonso&nbsp;era un colegio para ni\u00f1os [&hellip;]\" \/>\n<meta property=\"og:url\" content=\"https:\/\/magarinos.eu\/atandocabos\/blog\/2016\/12\/22\/los-nietos-de-san-ildefonso\/\" \/>\n<meta property=\"og:site_name\" content=\"Atando Cabos\" \/>\n<meta property=\"article:published_time\" content=\"2016-12-22T20:28:16+00:00\" \/>\n<meta property=\"article:modified_time\" content=\"2022-07-16T17:46:04+00:00\" \/>\n<meta property=\"og:image\" content=\"https:\/\/magarinos.eu\/atandocabos\/wp-content\/uploads\/2016\/12\/sanildefonso_1916_abc1.jpg\" \/>\n\t<meta property=\"og:image:width\" content=\"644\" \/>\n\t<meta property=\"og:image:height\" content=\"362\" \/>\n\t<meta property=\"og:image:type\" content=\"image\/jpeg\" \/>\n<meta name=\"author\" content=\"Daniel Garc\u00eda Magari\u00f1os\" \/>\n<meta name=\"twitter:card\" content=\"summary_large_image\" \/>\n<meta name=\"twitter:label1\" content=\"Escrito por\" \/>\n\t<meta name=\"twitter:data1\" content=\"Daniel Garc\u00eda Magari\u00f1os\" \/>\n\t<meta name=\"twitter:label2\" content=\"Tiempo de lectura\" \/>\n\t<meta name=\"twitter:data2\" content=\"4 minutos\" \/>\n<script type=\"application\/ld+json\" class=\"yoast-schema-graph\">{\"@context\":\"https:\\\/\\\/schema.org\",\"@graph\":[{\"@type\":\"Article\",\"@id\":\"https:\\\/\\\/magarinos.eu\\\/atandocabos\\\/blog\\\/2016\\\/12\\\/22\\\/los-nietos-de-san-ildefonso\\\/#article\",\"isPartOf\":{\"@id\":\"https:\\\/\\\/magarinos.eu\\\/atandocabos\\\/blog\\\/2016\\\/12\\\/22\\\/los-nietos-de-san-ildefonso\\\/\"},\"author\":{\"name\":\"Daniel Garc\u00eda Magari\u00f1os\",\"@id\":\"https:\\\/\\\/magarinos.eu\\\/atandocabos\\\/#\\\/schema\\\/person\\\/ce62485d4bf8f9cc864369bb52591f1e\"},\"headline\":\"Los nietos de San Ildefonso\",\"datePublished\":\"2016-12-22T20:28:16+00:00\",\"dateModified\":\"2022-07-16T17:46:04+00:00\",\"mainEntityOfPage\":{\"@id\":\"https:\\\/\\\/magarinos.eu\\\/atandocabos\\\/blog\\\/2016\\\/12\\\/22\\\/los-nietos-de-san-ildefonso\\\/\"},\"wordCount\":669,\"commentCount\":0,\"publisher\":{\"@id\":\"https:\\\/\\\/magarinos.eu\\\/atandocabos\\\/#organization\"},\"image\":{\"@id\":\"https:\\\/\\\/magarinos.eu\\\/atandocabos\\\/blog\\\/2016\\\/12\\\/22\\\/los-nietos-de-san-ildefonso\\\/#primaryimage\"},\"thumbnailUrl\":\"https:\\\/\\\/magarinos.eu\\\/atandocabos\\\/wp-content\\\/uploads\\\/2016\\\/12\\\/sanildefonso_1916_abc1.jpg\",\"keywords\":[\"Antonio Magari\u00f1os Garc\u00eda\",\"Carlos Magari\u00f1os Garc\u00eda\",\"El Gordo\",\"Ignacia Garc\u00eda del Pozo\",\"Loter\u00eda\",\"Manuel Magari\u00f1os Mera\",\"San Ildefonso\"],\"articleSection\":[\"Historias familiares\"],\"inLanguage\":\"es\",\"potentialAction\":[{\"@type\":\"CommentAction\",\"name\":\"Comment\",\"target\":[\"https:\\\/\\\/magarinos.eu\\\/atandocabos\\\/blog\\\/2016\\\/12\\\/22\\\/los-nietos-de-san-ildefonso\\\/#respond\"]}]},{\"@type\":\"WebPage\",\"@id\":\"https:\\\/\\\/magarinos.eu\\\/atandocabos\\\/blog\\\/2016\\\/12\\\/22\\\/los-nietos-de-san-ildefonso\\\/\",\"url\":\"https:\\\/\\\/magarinos.eu\\\/atandocabos\\\/blog\\\/2016\\\/12\\\/22\\\/los-nietos-de-san-ildefonso\\\/\",\"name\":\"Los nietos de San Ildefonso - Atando Cabos\",\"isPartOf\":{\"@id\":\"https:\\\/\\\/magarinos.eu\\\/atandocabos\\\/#website\"},\"primaryImageOfPage\":{\"@id\":\"https:\\\/\\\/magarinos.eu\\\/atandocabos\\\/blog\\\/2016\\\/12\\\/22\\\/los-nietos-de-san-ildefonso\\\/#primaryimage\"},\"image\":{\"@id\":\"https:\\\/\\\/magarinos.eu\\\/atandocabos\\\/blog\\\/2016\\\/12\\\/22\\\/los-nietos-de-san-ildefonso\\\/#primaryimage\"},\"thumbnailUrl\":\"https:\\\/\\\/magarinos.eu\\\/atandocabos\\\/wp-content\\\/uploads\\\/2016\\\/12\\\/sanildefonso_1916_abc1.jpg\",\"datePublished\":\"2016-12-22T20:28:16+00:00\",\"dateModified\":\"2022-07-16T17:46:04+00:00\",\"breadcrumb\":{\"@id\":\"https:\\\/\\\/magarinos.eu\\\/atandocabos\\\/blog\\\/2016\\\/12\\\/22\\\/los-nietos-de-san-ildefonso\\\/#breadcrumb\"},\"inLanguage\":\"es\",\"potentialAction\":[{\"@type\":\"ReadAction\",\"target\":[\"https:\\\/\\\/magarinos.eu\\\/atandocabos\\\/blog\\\/2016\\\/12\\\/22\\\/los-nietos-de-san-ildefonso\\\/\"]}]},{\"@type\":\"ImageObject\",\"inLanguage\":\"es\",\"@id\":\"https:\\\/\\\/magarinos.eu\\\/atandocabos\\\/blog\\\/2016\\\/12\\\/22\\\/los-nietos-de-san-ildefonso\\\/#primaryimage\",\"url\":\"https:\\\/\\\/magarinos.eu\\\/atandocabos\\\/wp-content\\\/uploads\\\/2016\\\/12\\\/sanildefonso_1916_abc1.jpg\",\"contentUrl\":\"https:\\\/\\\/magarinos.eu\\\/atandocabos\\\/wp-content\\\/uploads\\\/2016\\\/12\\\/sanildefonso_1916_abc1.jpg\",\"width\":644,\"height\":362},{\"@type\":\"BreadcrumbList\",\"@id\":\"https:\\\/\\\/magarinos.eu\\\/atandocabos\\\/blog\\\/2016\\\/12\\\/22\\\/los-nietos-de-san-ildefonso\\\/#breadcrumb\",\"itemListElement\":[{\"@type\":\"ListItem\",\"position\":1,\"name\":\"Portada\",\"item\":\"https:\\\/\\\/magarinos.eu\\\/atandocabos\\\/\"},{\"@type\":\"ListItem\",\"position\":2,\"name\":\"Los nietos de San Ildefonso\"}]},{\"@type\":\"WebSite\",\"@id\":\"https:\\\/\\\/magarinos.eu\\\/atandocabos\\\/#website\",\"url\":\"https:\\\/\\\/magarinos.eu\\\/atandocabos\\\/\",\"name\":\"Atando Cabos\",\"description\":\"Una p\u00e1gina web de la familia Magari\u00f1os Ram\u00f3n\",\"publisher\":{\"@id\":\"https:\\\/\\\/magarinos.eu\\\/atandocabos\\\/#organization\"},\"potentialAction\":[{\"@type\":\"SearchAction\",\"target\":{\"@type\":\"EntryPoint\",\"urlTemplate\":\"https:\\\/\\\/magarinos.eu\\\/atandocabos\\\/?s={search_term_string}\"},\"query-input\":{\"@type\":\"PropertyValueSpecification\",\"valueRequired\":true,\"valueName\":\"search_term_string\"}}],\"inLanguage\":\"es\"},{\"@type\":\"Organization\",\"@id\":\"https:\\\/\\\/magarinos.eu\\\/atandocabos\\\/#organization\",\"name\":\"Atando Cabos\",\"url\":\"https:\\\/\\\/magarinos.eu\\\/atandocabos\\\/\",\"logo\":{\"@type\":\"ImageObject\",\"inLanguage\":\"es\",\"@id\":\"https:\\\/\\\/magarinos.eu\\\/atandocabos\\\/#\\\/schema\\\/logo\\\/image\\\/\",\"url\":\"https:\\\/\\\/magarinos.eu\\\/atandocabos\\\/wp-content\\\/uploads\\\/2022\\\/06\\\/cropped-cropped-Caballero_Anciano.jpg\",\"contentUrl\":\"https:\\\/\\\/magarinos.eu\\\/atandocabos\\\/wp-content\\\/uploads\\\/2022\\\/06\\\/cropped-cropped-Caballero_Anciano.jpg\",\"width\":512,\"height\":512,\"caption\":\"Atando Cabos\"},\"image\":{\"@id\":\"https:\\\/\\\/magarinos.eu\\\/atandocabos\\\/#\\\/schema\\\/logo\\\/image\\\/\"}},{\"@type\":\"Person\",\"@id\":\"https:\\\/\\\/magarinos.eu\\\/atandocabos\\\/#\\\/schema\\\/person\\\/ce62485d4bf8f9cc864369bb52591f1e\",\"name\":\"Daniel Garc\u00eda Magari\u00f1os\",\"image\":{\"@type\":\"ImageObject\",\"inLanguage\":\"es\",\"@id\":\"https:\\\/\\\/secure.gravatar.com\\\/avatar\\\/a7c7a82edf145a1bb8c32117ac59cb3be1c2c760796caff2df495a17896be288?s=96&d=mm&r=g\",\"url\":\"https:\\\/\\\/secure.gravatar.com\\\/avatar\\\/a7c7a82edf145a1bb8c32117ac59cb3be1c2c760796caff2df495a17896be288?s=96&d=mm&r=g\",\"contentUrl\":\"https:\\\/\\\/secure.gravatar.com\\\/avatar\\\/a7c7a82edf145a1bb8c32117ac59cb3be1c2c760796caff2df495a17896be288?s=96&d=mm&r=g\",\"caption\":\"Daniel Garc\u00eda Magari\u00f1os\"},\"url\":\"https:\\\/\\\/magarinos.eu\\\/atandocabos\\\/blog\\\/author\\\/dgarcia\\\/\"}]}<\/script>\n<!-- \/ Yoast SEO plugin. -->","yoast_head_json":{"title":"Los nietos de San Ildefonso - Atando Cabos","robots":{"index":"index","follow":"follow","max-snippet":"max-snippet:-1","max-image-preview":"max-image-preview:large","max-video-preview":"max-video-preview:-1"},"canonical":"https:\/\/magarinos.eu\/atandocabos\/blog\/2016\/12\/22\/los-nietos-de-san-ildefonso\/","og_locale":"es_ES","og_type":"article","og_title":"Los nietos de San Ildefonso - Atando Cabos","og_description":"El 22 de diciembre es el d\u00eda del sorteo de \u00abEl Gordo\u00bb, la loter\u00eda de navidad. Cuando veo las noticias por la noche y salen los ni\u00f1os de San Ildefonso, no puedo evitar pensar: \u00abMira, los ni\u00f1os de San Ildefonso. Ah\u00ed estaba mi abuelo de peque\u00f1o.\u00bb El Colegio de San Ildefonso&nbsp;era un colegio para ni\u00f1os [&hellip;]","og_url":"https:\/\/magarinos.eu\/atandocabos\/blog\/2016\/12\/22\/los-nietos-de-san-ildefonso\/","og_site_name":"Atando Cabos","article_published_time":"2016-12-22T20:28:16+00:00","article_modified_time":"2022-07-16T17:46:04+00:00","og_image":[{"width":644,"height":362,"url":"https:\/\/magarinos.eu\/atandocabos\/wp-content\/uploads\/2016\/12\/sanildefonso_1916_abc1.jpg","type":"image\/jpeg"}],"author":"Daniel Garc\u00eda Magari\u00f1os","twitter_card":"summary_large_image","twitter_misc":{"Escrito por":"Daniel Garc\u00eda Magari\u00f1os","Tiempo de lectura":"4 minutos"},"schema":{"@context":"https:\/\/schema.org","@graph":[{"@type":"Article","@id":"https:\/\/magarinos.eu\/atandocabos\/blog\/2016\/12\/22\/los-nietos-de-san-ildefonso\/#article","isPartOf":{"@id":"https:\/\/magarinos.eu\/atandocabos\/blog\/2016\/12\/22\/los-nietos-de-san-ildefonso\/"},"author":{"name":"Daniel Garc\u00eda Magari\u00f1os","@id":"https:\/\/magarinos.eu\/atandocabos\/#\/schema\/person\/ce62485d4bf8f9cc864369bb52591f1e"},"headline":"Los nietos de San Ildefonso","datePublished":"2016-12-22T20:28:16+00:00","dateModified":"2022-07-16T17:46:04+00:00","mainEntityOfPage":{"@id":"https:\/\/magarinos.eu\/atandocabos\/blog\/2016\/12\/22\/los-nietos-de-san-ildefonso\/"},"wordCount":669,"commentCount":0,"publisher":{"@id":"https:\/\/magarinos.eu\/atandocabos\/#organization"},"image":{"@id":"https:\/\/magarinos.eu\/atandocabos\/blog\/2016\/12\/22\/los-nietos-de-san-ildefonso\/#primaryimage"},"thumbnailUrl":"https:\/\/magarinos.eu\/atandocabos\/wp-content\/uploads\/2016\/12\/sanildefonso_1916_abc1.jpg","keywords":["Antonio Magari\u00f1os Garc\u00eda","Carlos Magari\u00f1os Garc\u00eda","El Gordo","Ignacia Garc\u00eda del Pozo","Loter\u00eda","Manuel Magari\u00f1os Mera","San Ildefonso"],"articleSection":["Historias familiares"],"inLanguage":"es","potentialAction":[{"@type":"CommentAction","name":"Comment","target":["https:\/\/magarinos.eu\/atandocabos\/blog\/2016\/12\/22\/los-nietos-de-san-ildefonso\/#respond"]}]},{"@type":"WebPage","@id":"https:\/\/magarinos.eu\/atandocabos\/blog\/2016\/12\/22\/los-nietos-de-san-ildefonso\/","url":"https:\/\/magarinos.eu\/atandocabos\/blog\/2016\/12\/22\/los-nietos-de-san-ildefonso\/","name":"Los nietos de San Ildefonso - Atando Cabos","isPartOf":{"@id":"https:\/\/magarinos.eu\/atandocabos\/#website"},"primaryImageOfPage":{"@id":"https:\/\/magarinos.eu\/atandocabos\/blog\/2016\/12\/22\/los-nietos-de-san-ildefonso\/#primaryimage"},"image":{"@id":"https:\/\/magarinos.eu\/atandocabos\/blog\/2016\/12\/22\/los-nietos-de-san-ildefonso\/#primaryimage"},"thumbnailUrl":"https:\/\/magarinos.eu\/atandocabos\/wp-content\/uploads\/2016\/12\/sanildefonso_1916_abc1.jpg","datePublished":"2016-12-22T20:28:16+00:00","dateModified":"2022-07-16T17:46:04+00:00","breadcrumb":{"@id":"https:\/\/magarinos.eu\/atandocabos\/blog\/2016\/12\/22\/los-nietos-de-san-ildefonso\/#breadcrumb"},"inLanguage":"es","potentialAction":[{"@type":"ReadAction","target":["https:\/\/magarinos.eu\/atandocabos\/blog\/2016\/12\/22\/los-nietos-de-san-ildefonso\/"]}]},{"@type":"ImageObject","inLanguage":"es","@id":"https:\/\/magarinos.eu\/atandocabos\/blog\/2016\/12\/22\/los-nietos-de-san-ildefonso\/#primaryimage","url":"https:\/\/magarinos.eu\/atandocabos\/wp-content\/uploads\/2016\/12\/sanildefonso_1916_abc1.jpg","contentUrl":"https:\/\/magarinos.eu\/atandocabos\/wp-content\/uploads\/2016\/12\/sanildefonso_1916_abc1.jpg","width":644,"height":362},{"@type":"BreadcrumbList","@id":"https:\/\/magarinos.eu\/atandocabos\/blog\/2016\/12\/22\/los-nietos-de-san-ildefonso\/#breadcrumb","itemListElement":[{"@type":"ListItem","position":1,"name":"Portada","item":"https:\/\/magarinos.eu\/atandocabos\/"},{"@type":"ListItem","position":2,"name":"Los nietos de San Ildefonso"}]},{"@type":"WebSite","@id":"https:\/\/magarinos.eu\/atandocabos\/#website","url":"https:\/\/magarinos.eu\/atandocabos\/","name":"Atando Cabos","description":"Una p\u00e1gina web de la familia Magari\u00f1os Ram\u00f3n","publisher":{"@id":"https:\/\/magarinos.eu\/atandocabos\/#organization"},"potentialAction":[{"@type":"SearchAction","target":{"@type":"EntryPoint","urlTemplate":"https:\/\/magarinos.eu\/atandocabos\/?s={search_term_string}"},"query-input":{"@type":"PropertyValueSpecification","valueRequired":true,"valueName":"search_term_string"}}],"inLanguage":"es"},{"@type":"Organization","@id":"https:\/\/magarinos.eu\/atandocabos\/#organization","name":"Atando Cabos","url":"https:\/\/magarinos.eu\/atandocabos\/","logo":{"@type":"ImageObject","inLanguage":"es","@id":"https:\/\/magarinos.eu\/atandocabos\/#\/schema\/logo\/image\/","url":"https:\/\/magarinos.eu\/atandocabos\/wp-content\/uploads\/2022\/06\/cropped-cropped-Caballero_Anciano.jpg","contentUrl":"https:\/\/magarinos.eu\/atandocabos\/wp-content\/uploads\/2022\/06\/cropped-cropped-Caballero_Anciano.jpg","width":512,"height":512,"caption":"Atando Cabos"},"image":{"@id":"https:\/\/magarinos.eu\/atandocabos\/#\/schema\/logo\/image\/"}},{"@type":"Person","@id":"https:\/\/magarinos.eu\/atandocabos\/#\/schema\/person\/ce62485d4bf8f9cc864369bb52591f1e","name":"Daniel Garc\u00eda Magari\u00f1os","image":{"@type":"ImageObject","inLanguage":"es","@id":"https:\/\/secure.gravatar.com\/avatar\/a7c7a82edf145a1bb8c32117ac59cb3be1c2c760796caff2df495a17896be288?s=96&d=mm&r=g","url":"https:\/\/secure.gravatar.com\/avatar\/a7c7a82edf145a1bb8c32117ac59cb3be1c2c760796caff2df495a17896be288?s=96&d=mm&r=g","contentUrl":"https:\/\/secure.gravatar.com\/avatar\/a7c7a82edf145a1bb8c32117ac59cb3be1c2c760796caff2df495a17896be288?s=96&d=mm&r=g","caption":"Daniel Garc\u00eda Magari\u00f1os"},"url":"https:\/\/magarinos.eu\/atandocabos\/blog\/author\/dgarcia\/"}]}},"_links":{"self":[{"href":"https:\/\/magarinos.eu\/atandocabos\/wp-json\/wp\/v2\/posts\/2187","targetHints":{"allow":["GET"]}}],"collection":[{"href":"https:\/\/magarinos.eu\/atandocabos\/wp-json\/wp\/v2\/posts"}],"about":[{"href":"https:\/\/magarinos.eu\/atandocabos\/wp-json\/wp\/v2\/types\/post"}],"author":[{"embeddable":true,"href":"https:\/\/magarinos.eu\/atandocabos\/wp-json\/wp\/v2\/users\/1"}],"replies":[{"embeddable":true,"href":"https:\/\/magarinos.eu\/atandocabos\/wp-json\/wp\/v2\/comments?post=2187"}],"version-history":[{"count":0,"href":"https:\/\/magarinos.eu\/atandocabos\/wp-json\/wp\/v2\/posts\/2187\/revisions"}],"wp:featuredmedia":[{"embeddable":true,"href":"https:\/\/magarinos.eu\/atandocabos\/wp-json\/wp\/v2\/media\/2230"}],"wp:attachment":[{"href":"https:\/\/magarinos.eu\/atandocabos\/wp-json\/wp\/v2\/media?parent=2187"}],"wp:term":[{"taxonomy":"category","embeddable":true,"href":"https:\/\/magarinos.eu\/atandocabos\/wp-json\/wp\/v2\/categories?post=2187"},{"taxonomy":"post_tag","embeddable":true,"href":"https:\/\/magarinos.eu\/atandocabos\/wp-json\/wp\/v2\/tags?post=2187"}],"curies":[{"name":"wp","href":"https:\/\/api.w.org\/{rel}","templated":true}]}}