{"id":2062,"date":"2016-12-20T08:00:51","date_gmt":"2016-12-20T08:00:51","guid":{"rendered":"https:\/\/atandocabosweb.wordpress.com\/?p=2062"},"modified":"2022-07-16T19:54:38","modified_gmt":"2022-07-16T17:54:38","slug":"leyendas-familiares-somos-parientes-de-cipriano-mera","status":"publish","type":"post","link":"https:\/\/magarinos.eu\/atandocabos\/blog\/2016\/12\/20\/leyendas-familiares-somos-parientes-de-cipriano-mera\/","title":{"rendered":"Leyendas familiares: \u00bfsomos parientes de Cipriano Mera?"},"content":{"rendered":"\n<figure class=\"wp-block-gallery has-nested-images columns-3 is-cropped wp-block-gallery-1 is-layout-flex wp-block-gallery-is-layout-flex\">\n<figure class=\"wp-block-image size-large\"><img decoding=\"async\" data-id=\"2063\" src=\"data:image\/gif;base64,R0lGODlhAQABAIAAAAAAAP\/\/\/yH5BAEAAAAALAAAAAABAAEAAAIBRAA7\" data-src=\"https:\/\/magarinos.eu\/atandocabos\/wp-content\/uploads\/2016\/12\/cipriano_mera02.jpg\" alt=\"\" class=\"wp-image-2063 lazyload\"\/><noscript><img loading=\"lazy\" decoding=\"async\" width=\"220\" height=\"314\" data-id=\"2063\" src=\"https:\/\/magarinos.eu\/atandocabos\/wp-content\/uploads\/2016\/12\/cipriano_mera02.jpg\" alt=\"\" class=\"wp-image-2063 lazyload\" srcset=\"https:\/\/magarinos.eu\/atandocabos\/wp-content\/uploads\/2016\/12\/cipriano_mera02.jpg 220w, https:\/\/magarinos.eu\/atandocabos\/wp-content\/uploads\/2016\/12\/cipriano_mera02-210x300.jpg 210w\" sizes=\"auto, (max-width: 220px) 100vw, 220px\" \/><\/noscript><\/figure>\n\n\n\n<figure class=\"wp-block-image size-large\"><img decoding=\"async\" data-id=\"1694\" src=\"data:image\/gif;base64,R0lGODlhAQABAIAAAAAAAP\/\/\/yH5BAEAAAAALAAAAAABAAEAAAIBRAA7\" data-src=\"https:\/\/magarinos.eu\/atandocabos\/wp-content\/uploads\/2016\/11\/1898_02_26_cipriana_mera_recordatorio_s_b.jpg\" alt=\"\" class=\"wp-image-1694 lazyload\"\/><noscript><img loading=\"lazy\" decoding=\"async\" width=\"434\" height=\"796\" data-id=\"1694\" src=\"https:\/\/magarinos.eu\/atandocabos\/wp-content\/uploads\/2016\/11\/1898_02_26_cipriana_mera_recordatorio_s_b.jpg\" alt=\"\" class=\"wp-image-1694 lazyload\" srcset=\"https:\/\/magarinos.eu\/atandocabos\/wp-content\/uploads\/2016\/11\/1898_02_26_cipriana_mera_recordatorio_s_b.jpg 434w, https:\/\/magarinos.eu\/atandocabos\/wp-content\/uploads\/2016\/11\/1898_02_26_cipriana_mera_recordatorio_s_b-164x300.jpg 164w\" sizes=\"auto, (max-width: 434px) 100vw, 434px\" \/><\/noscript><\/figure>\n<\/figure>\n\n\n\n<p>Creo que escuch\u00e9 esta leyenda familiar en el cementerio de la Almudena, de boca de mi t\u00eda. En 1997, despu\u00e9s del entierro de mi abuelo, hab\u00edamos ido a ver la tumba de mi t\u00edo, que estaba enterrado en el mismo lugar que su bisabuela Cipriana Mera y Hermida (1842-1898). Fue entonces cuando mi t\u00eda (si no recuerdo mal) coment\u00f3 lo que parec\u00eda ser algo sabido por todos en la familia: que la se\u00f1ora Cipriana Mera ten\u00eda que ser pariente del&nbsp;conocido l\u00edder anarcosindicalista de la Guerra Civil <a href=\"https:\/\/es.wikipedia.org\/wiki\/Cipriano_Mera\" target=\"_blank\" rel=\"noopener\">Cipriano Mera Sanz (1897-1973)<\/a>.<\/p>\n\n\n\n<p>El razonamiento era claro: el apellido Mera, aunque no es extra\u00f1o, tampoco es demasiado frecuente; en cambio, el nombre de pila \u00abCipriano\u00bb parec\u00eda demasiado poco com\u00fan. \u00bfCasualidad? Dos personas que viv\u00edan en Madrid en la misma \u00e9poca y compart\u00edan el apellido y un nombre de pila tan poco com\u00fan <strong><em>ten\u00edan por fuerza que ser parientes.<\/em><\/strong><\/p>\n\n\n\n<p>Por su&nbsp;edad y sus apellidos, Cipriana Mera, que ten\u00eda 55 a\u00f1os cuando naci\u00f3 Cipriano Mera, podr\u00eda haber sido t\u00eda o incluso abuela del h\u00e9roe anarquista. En tal caso, podr\u00edamos esperar que el padre de Cipriano fuera de la misma zona que Cipriana. Al menos deber\u00eda compartir con ella alg\u00fan otro apellido.<\/p>\n\n\n\n<p>Hemos tenido acceso al certificado de nacimiento de Cipriano Mera y estos son los datos que hemos encontrado:<\/p>\n\n\n\n<p><strong>Nombre<\/strong>: Cipriano Mera Sanz<br><strong>Lugar de nacimiento<\/strong>: calle de Juan del Risco, 6 (Madrid)<br><strong>Fecha de nacimiento<\/strong>: 07 de noviembre de 1897<\/p>\n\n\n\n<p><strong>Nombre del padre<\/strong>: Vicente Mera y Jaraba, nacido en 1877 en Madrid (cuando Cipriana Mera ten\u00eda 20 a\u00f1os).<br><strong>Abuelos paternos<\/strong>:<br>Pedro Mera, nacido en <strong><a href=\"https:\/\/es.wikipedia.org\/wiki\/Fabero\" target=\"_blank\" rel=\"noopener\">El Fabero<\/a><\/strong>, provincia de Le\u00f3n, hacia 1850 o antes.<br>Mar\u00eda Jaraba, nacida en <strong><a href=\"https:\/\/es.wikipedia.org\/wiki\/Torrelaguna\" target=\"_blank\" rel=\"noopener\">Torrelaguna<\/a><\/strong>, provincia de Madrid.<\/p>\n\n\n\n<p><strong>Nombre de la madre<\/strong>: Guillerma Sanz de la Boza, nacida en 1876, en <a href=\"https:\/\/es.wikipedia.org\/wiki\/Robregordo\" target=\"_blank\" rel=\"noopener\">Robregordo<\/a>, provincia de&nbsp;Madrid.<br><strong>Abuelos maternos:<br><\/strong>Felipe Sanz y Juana de la Boza, ambos naturales de Robregordo.<\/p>\n\n\n\n<p>Con estos datos&nbsp;<strong>no podemos confirmar que Cipriano Mera sea pariente nuestro<\/strong>. El abuelo de Cipriano era de El Bierzo y la familia de Cipriana eran todos de Lugo.<\/p>\n\n\n\n<p>Tampoco tenemos ni idea de porqu\u00e9 ambos se llamaban \u00abCipriano\u00bb.<\/p>\n\n\n\n<p>\u00bfDamos entonces por desmentido el mito? <strong>Tampoco.<\/strong> El Bierzo est\u00e1 cerca de la provincia de Lugo y bien pudiera ser que Cipriano y Cipriana tuvieran alg\u00fan tatarabuelo en com\u00fan del que heredaron el nombre. Una parte de la familia pudo emigrar desde Galicia hacia Le\u00f3n (aunque esa zona recibi\u00f3 inmigraci\u00f3n alg\u00fan tiempo&nbsp;despu\u00e9s) .<\/p>\n\n\n\n<p>\u00a1Habr\u00e1 que seguir buscando!<\/p>\n\n\n\n<p>Aqu\u00ed va el \u00e1rbol de los Magari\u00f1os Mera para que nos ubiquemos:<\/p>\n\n\n\n<figure class=\"wp-block-image\"><img decoding=\"async\" src=\"data:image\/gif;base64,R0lGODlhAQABAIAAAAAAAP\/\/\/yH5BAEAAAAALAAAAAABAAEAAAIBRAA7\" data-src=\"https:\/\/magarinos.eu\/atandocabos\/wp-content\/uploads\/2016\/11\/magaric3b1os-garcc3ada1.png\" alt=\"magarinos-garcia\" class=\"wp-image-1950 lazyload\"\/><noscript><img loading=\"lazy\" decoding=\"async\" width=\"1443\" height=\"769\" src=\"https:\/\/magarinos.eu\/atandocabos\/wp-content\/uploads\/2016\/11\/magaric3b1os-garcc3ada1.png\" alt=\"magarinos-garcia\" class=\"wp-image-1950 lazyload\" srcset=\"https:\/\/magarinos.eu\/atandocabos\/wp-content\/uploads\/2016\/11\/magaric3b1os-garcc3ada1.png 1443w, https:\/\/magarinos.eu\/atandocabos\/wp-content\/uploads\/2016\/11\/magaric3b1os-garcc3ada1-300x160.png 300w, https:\/\/magarinos.eu\/atandocabos\/wp-content\/uploads\/2016\/11\/magaric3b1os-garcc3ada1-1024x546.png 1024w, https:\/\/magarinos.eu\/atandocabos\/wp-content\/uploads\/2016\/11\/magaric3b1os-garcc3ada1-768x409.png 768w\" sizes=\"auto, (max-width: 1443px) 100vw, 1443px\" \/><\/noscript><\/figure>\n","protected":false},"excerpt":{"rendered":"<p>Creo que escuch\u00e9 esta leyenda familiar en el cementerio de la Almudena, de boca de mi t\u00eda. En 1997, despu\u00e9s del entierro de mi abuelo, hab\u00edamos ido a ver la tumba de mi t\u00edo, que estaba enterrado en el mismo lugar que su bisabuela Cipriana Mera y Hermida (1842-1898). Fue entonces cuando mi t\u00eda (si [&hellip;]<\/p>\n","protected":false},"author":1,"featured_media":2063,"comment_status":"open","ping_status":"open","sticky":false,"template":"","format":"standard","meta":{"footnotes":""},"categories":[4,5],"tags":[33,35,61,87,88],"class_list":["post-2062","post","type-post","status-publish","format-standard","has-post-thumbnail","hentry","category-guerra-civil-espanola","category-historias-familiares","tag-cipriana-mera","tag-cipriano-mera","tag-guerra-civil","tag-magarinos","tag-magarinos-mera"],"blocksy_meta":{"styles_descriptor":{"styles":{"desktop":"","tablet":"","mobile":""},"google_fonts":[],"version":6}},"yoast_head":"<!-- This site is optimized with the Yoast SEO plugin v27.5 - https:\/\/yoast.com\/product\/yoast-seo-wordpress\/ -->\n<title>Leyendas familiares: \u00bfsomos parientes de Cipriano Mera? - Atando Cabos<\/title>\n<meta name=\"robots\" content=\"index, follow, max-snippet:-1, max-image-preview:large, max-video-preview:-1\" \/>\n<link rel=\"canonical\" href=\"https:\/\/magarinos.eu\/atandocabos\/blog\/2016\/12\/20\/leyendas-familiares-somos-parientes-de-cipriano-mera\/\" \/>\n<meta property=\"og:locale\" content=\"es_ES\" \/>\n<meta property=\"og:type\" content=\"article\" \/>\n<meta property=\"og:title\" content=\"Leyendas familiares: \u00bfsomos parientes de Cipriano Mera? - Atando Cabos\" \/>\n<meta property=\"og:description\" content=\"Creo que escuch\u00e9 esta leyenda familiar en el cementerio de la Almudena, de boca de mi t\u00eda. En 1997, despu\u00e9s del entierro de mi abuelo, hab\u00edamos ido a ver la tumba de mi t\u00edo, que estaba enterrado en el mismo lugar que su bisabuela Cipriana Mera y Hermida (1842-1898). Fue entonces cuando mi t\u00eda (si [&hellip;]\" \/>\n<meta property=\"og:url\" content=\"https:\/\/magarinos.eu\/atandocabos\/blog\/2016\/12\/20\/leyendas-familiares-somos-parientes-de-cipriano-mera\/\" \/>\n<meta property=\"og:site_name\" content=\"Atando Cabos\" \/>\n<meta property=\"article:published_time\" content=\"2016-12-20T08:00:51+00:00\" \/>\n<meta property=\"article:modified_time\" content=\"2022-07-16T17:54:38+00:00\" \/>\n<meta property=\"og:image\" content=\"https:\/\/magarinos.eu\/atandocabos\/wp-content\/uploads\/2016\/12\/cipriano_mera02.jpg\" \/>\n\t<meta property=\"og:image:width\" content=\"220\" \/>\n\t<meta property=\"og:image:height\" content=\"314\" \/>\n\t<meta property=\"og:image:type\" content=\"image\/jpeg\" \/>\n<meta name=\"author\" content=\"Daniel Garc\u00eda Magari\u00f1os\" \/>\n<meta name=\"twitter:card\" content=\"summary_large_image\" \/>\n<meta name=\"twitter:label1\" content=\"Escrito por\" \/>\n\t<meta name=\"twitter:data1\" content=\"Daniel Garc\u00eda Magari\u00f1os\" \/>\n\t<meta name=\"twitter:label2\" content=\"Tiempo de lectura\" \/>\n\t<meta name=\"twitter:data2\" content=\"3 minutos\" \/>\n<script type=\"application\/ld+json\" class=\"yoast-schema-graph\">{\"@context\":\"https:\\\/\\\/schema.org\",\"@graph\":[{\"@type\":\"Article\",\"@id\":\"https:\\\/\\\/magarinos.eu\\\/atandocabos\\\/blog\\\/2016\\\/12\\\/20\\\/leyendas-familiares-somos-parientes-de-cipriano-mera\\\/#article\",\"isPartOf\":{\"@id\":\"https:\\\/\\\/magarinos.eu\\\/atandocabos\\\/blog\\\/2016\\\/12\\\/20\\\/leyendas-familiares-somos-parientes-de-cipriano-mera\\\/\"},\"author\":{\"name\":\"Daniel Garc\u00eda Magari\u00f1os\",\"@id\":\"https:\\\/\\\/magarinos.eu\\\/atandocabos\\\/#\\\/schema\\\/person\\\/ce62485d4bf8f9cc864369bb52591f1e\"},\"headline\":\"Leyendas familiares: \u00bfsomos parientes de Cipriano Mera?\",\"datePublished\":\"2016-12-20T08:00:51+00:00\",\"dateModified\":\"2022-07-16T17:54:38+00:00\",\"mainEntityOfPage\":{\"@id\":\"https:\\\/\\\/magarinos.eu\\\/atandocabos\\\/blog\\\/2016\\\/12\\\/20\\\/leyendas-familiares-somos-parientes-de-cipriano-mera\\\/\"},\"wordCount\":455,\"commentCount\":0,\"publisher\":{\"@id\":\"https:\\\/\\\/magarinos.eu\\\/atandocabos\\\/#organization\"},\"image\":{\"@id\":\"https:\\\/\\\/magarinos.eu\\\/atandocabos\\\/blog\\\/2016\\\/12\\\/20\\\/leyendas-familiares-somos-parientes-de-cipriano-mera\\\/#primaryimage\"},\"thumbnailUrl\":\"https:\\\/\\\/magarinos.eu\\\/atandocabos\\\/wp-content\\\/uploads\\\/2016\\\/12\\\/cipriano_mera02.jpg\",\"keywords\":[\"Cipriana Mera\",\"Cipriano Mera\",\"Guerra Civil\",\"Magari\u00f1os\",\"Magari\u00f1os Mera\"],\"articleSection\":[\"Guerra Civil Espa\u00f1ola\",\"Historias familiares\"],\"inLanguage\":\"es\",\"potentialAction\":[{\"@type\":\"CommentAction\",\"name\":\"Comment\",\"target\":[\"https:\\\/\\\/magarinos.eu\\\/atandocabos\\\/blog\\\/2016\\\/12\\\/20\\\/leyendas-familiares-somos-parientes-de-cipriano-mera\\\/#respond\"]}]},{\"@type\":\"WebPage\",\"@id\":\"https:\\\/\\\/magarinos.eu\\\/atandocabos\\\/blog\\\/2016\\\/12\\\/20\\\/leyendas-familiares-somos-parientes-de-cipriano-mera\\\/\",\"url\":\"https:\\\/\\\/magarinos.eu\\\/atandocabos\\\/blog\\\/2016\\\/12\\\/20\\\/leyendas-familiares-somos-parientes-de-cipriano-mera\\\/\",\"name\":\"Leyendas familiares: \u00bfsomos parientes de Cipriano Mera? - Atando Cabos\",\"isPartOf\":{\"@id\":\"https:\\\/\\\/magarinos.eu\\\/atandocabos\\\/#website\"},\"primaryImageOfPage\":{\"@id\":\"https:\\\/\\\/magarinos.eu\\\/atandocabos\\\/blog\\\/2016\\\/12\\\/20\\\/leyendas-familiares-somos-parientes-de-cipriano-mera\\\/#primaryimage\"},\"image\":{\"@id\":\"https:\\\/\\\/magarinos.eu\\\/atandocabos\\\/blog\\\/2016\\\/12\\\/20\\\/leyendas-familiares-somos-parientes-de-cipriano-mera\\\/#primaryimage\"},\"thumbnailUrl\":\"https:\\\/\\\/magarinos.eu\\\/atandocabos\\\/wp-content\\\/uploads\\\/2016\\\/12\\\/cipriano_mera02.jpg\",\"datePublished\":\"2016-12-20T08:00:51+00:00\",\"dateModified\":\"2022-07-16T17:54:38+00:00\",\"breadcrumb\":{\"@id\":\"https:\\\/\\\/magarinos.eu\\\/atandocabos\\\/blog\\\/2016\\\/12\\\/20\\\/leyendas-familiares-somos-parientes-de-cipriano-mera\\\/#breadcrumb\"},\"inLanguage\":\"es\",\"potentialAction\":[{\"@type\":\"ReadAction\",\"target\":[\"https:\\\/\\\/magarinos.eu\\\/atandocabos\\\/blog\\\/2016\\\/12\\\/20\\\/leyendas-familiares-somos-parientes-de-cipriano-mera\\\/\"]}]},{\"@type\":\"ImageObject\",\"inLanguage\":\"es\",\"@id\":\"https:\\\/\\\/magarinos.eu\\\/atandocabos\\\/blog\\\/2016\\\/12\\\/20\\\/leyendas-familiares-somos-parientes-de-cipriano-mera\\\/#primaryimage\",\"url\":\"https:\\\/\\\/magarinos.eu\\\/atandocabos\\\/wp-content\\\/uploads\\\/2016\\\/12\\\/cipriano_mera02.jpg\",\"contentUrl\":\"https:\\\/\\\/magarinos.eu\\\/atandocabos\\\/wp-content\\\/uploads\\\/2016\\\/12\\\/cipriano_mera02.jpg\",\"width\":220,\"height\":314,\"caption\":\"Cipriano Mera - Lider anarcosindicalista durante la guerra civil.\"},{\"@type\":\"BreadcrumbList\",\"@id\":\"https:\\\/\\\/magarinos.eu\\\/atandocabos\\\/blog\\\/2016\\\/12\\\/20\\\/leyendas-familiares-somos-parientes-de-cipriano-mera\\\/#breadcrumb\",\"itemListElement\":[{\"@type\":\"ListItem\",\"position\":1,\"name\":\"Portada\",\"item\":\"https:\\\/\\\/magarinos.eu\\\/atandocabos\\\/\"},{\"@type\":\"ListItem\",\"position\":2,\"name\":\"Leyendas familiares: \u00bfsomos parientes de Cipriano Mera?\"}]},{\"@type\":\"WebSite\",\"@id\":\"https:\\\/\\\/magarinos.eu\\\/atandocabos\\\/#website\",\"url\":\"https:\\\/\\\/magarinos.eu\\\/atandocabos\\\/\",\"name\":\"Atando Cabos\",\"description\":\"Una p\u00e1gina web de la familia Magari\u00f1os Ram\u00f3n\",\"publisher\":{\"@id\":\"https:\\\/\\\/magarinos.eu\\\/atandocabos\\\/#organization\"},\"potentialAction\":[{\"@type\":\"SearchAction\",\"target\":{\"@type\":\"EntryPoint\",\"urlTemplate\":\"https:\\\/\\\/magarinos.eu\\\/atandocabos\\\/?s={search_term_string}\"},\"query-input\":{\"@type\":\"PropertyValueSpecification\",\"valueRequired\":true,\"valueName\":\"search_term_string\"}}],\"inLanguage\":\"es\"},{\"@type\":\"Organization\",\"@id\":\"https:\\\/\\\/magarinos.eu\\\/atandocabos\\\/#organization\",\"name\":\"Atando Cabos\",\"url\":\"https:\\\/\\\/magarinos.eu\\\/atandocabos\\\/\",\"logo\":{\"@type\":\"ImageObject\",\"inLanguage\":\"es\",\"@id\":\"https:\\\/\\\/magarinos.eu\\\/atandocabos\\\/#\\\/schema\\\/logo\\\/image\\\/\",\"url\":\"https:\\\/\\\/magarinos.eu\\\/atandocabos\\\/wp-content\\\/uploads\\\/2022\\\/06\\\/cropped-cropped-Caballero_Anciano.jpg\",\"contentUrl\":\"https:\\\/\\\/magarinos.eu\\\/atandocabos\\\/wp-content\\\/uploads\\\/2022\\\/06\\\/cropped-cropped-Caballero_Anciano.jpg\",\"width\":512,\"height\":512,\"caption\":\"Atando Cabos\"},\"image\":{\"@id\":\"https:\\\/\\\/magarinos.eu\\\/atandocabos\\\/#\\\/schema\\\/logo\\\/image\\\/\"}},{\"@type\":\"Person\",\"@id\":\"https:\\\/\\\/magarinos.eu\\\/atandocabos\\\/#\\\/schema\\\/person\\\/ce62485d4bf8f9cc864369bb52591f1e\",\"name\":\"Daniel Garc\u00eda Magari\u00f1os\",\"image\":{\"@type\":\"ImageObject\",\"inLanguage\":\"es\",\"@id\":\"https:\\\/\\\/secure.gravatar.com\\\/avatar\\\/a7c7a82edf145a1bb8c32117ac59cb3be1c2c760796caff2df495a17896be288?s=96&d=mm&r=g\",\"url\":\"https:\\\/\\\/secure.gravatar.com\\\/avatar\\\/a7c7a82edf145a1bb8c32117ac59cb3be1c2c760796caff2df495a17896be288?s=96&d=mm&r=g\",\"contentUrl\":\"https:\\\/\\\/secure.gravatar.com\\\/avatar\\\/a7c7a82edf145a1bb8c32117ac59cb3be1c2c760796caff2df495a17896be288?s=96&d=mm&r=g\",\"caption\":\"Daniel Garc\u00eda Magari\u00f1os\"},\"url\":\"https:\\\/\\\/magarinos.eu\\\/atandocabos\\\/blog\\\/author\\\/dgarcia\\\/\"}]}<\/script>\n<!-- \/ Yoast SEO plugin. -->","yoast_head_json":{"title":"Leyendas familiares: \u00bfsomos parientes de Cipriano Mera? - Atando Cabos","robots":{"index":"index","follow":"follow","max-snippet":"max-snippet:-1","max-image-preview":"max-image-preview:large","max-video-preview":"max-video-preview:-1"},"canonical":"https:\/\/magarinos.eu\/atandocabos\/blog\/2016\/12\/20\/leyendas-familiares-somos-parientes-de-cipriano-mera\/","og_locale":"es_ES","og_type":"article","og_title":"Leyendas familiares: \u00bfsomos parientes de Cipriano Mera? - Atando Cabos","og_description":"Creo que escuch\u00e9 esta leyenda familiar en el cementerio de la Almudena, de boca de mi t\u00eda. En 1997, despu\u00e9s del entierro de mi abuelo, hab\u00edamos ido a ver la tumba de mi t\u00edo, que estaba enterrado en el mismo lugar que su bisabuela Cipriana Mera y Hermida (1842-1898). Fue entonces cuando mi t\u00eda (si [&hellip;]","og_url":"https:\/\/magarinos.eu\/atandocabos\/blog\/2016\/12\/20\/leyendas-familiares-somos-parientes-de-cipriano-mera\/","og_site_name":"Atando Cabos","article_published_time":"2016-12-20T08:00:51+00:00","article_modified_time":"2022-07-16T17:54:38+00:00","og_image":[{"width":220,"height":314,"url":"https:\/\/magarinos.eu\/atandocabos\/wp-content\/uploads\/2016\/12\/cipriano_mera02.jpg","type":"image\/jpeg"}],"author":"Daniel Garc\u00eda Magari\u00f1os","twitter_card":"summary_large_image","twitter_misc":{"Escrito por":"Daniel Garc\u00eda Magari\u00f1os","Tiempo de lectura":"3 minutos"},"schema":{"@context":"https:\/\/schema.org","@graph":[{"@type":"Article","@id":"https:\/\/magarinos.eu\/atandocabos\/blog\/2016\/12\/20\/leyendas-familiares-somos-parientes-de-cipriano-mera\/#article","isPartOf":{"@id":"https:\/\/magarinos.eu\/atandocabos\/blog\/2016\/12\/20\/leyendas-familiares-somos-parientes-de-cipriano-mera\/"},"author":{"name":"Daniel Garc\u00eda Magari\u00f1os","@id":"https:\/\/magarinos.eu\/atandocabos\/#\/schema\/person\/ce62485d4bf8f9cc864369bb52591f1e"},"headline":"Leyendas familiares: \u00bfsomos parientes de Cipriano Mera?","datePublished":"2016-12-20T08:00:51+00:00","dateModified":"2022-07-16T17:54:38+00:00","mainEntityOfPage":{"@id":"https:\/\/magarinos.eu\/atandocabos\/blog\/2016\/12\/20\/leyendas-familiares-somos-parientes-de-cipriano-mera\/"},"wordCount":455,"commentCount":0,"publisher":{"@id":"https:\/\/magarinos.eu\/atandocabos\/#organization"},"image":{"@id":"https:\/\/magarinos.eu\/atandocabos\/blog\/2016\/12\/20\/leyendas-familiares-somos-parientes-de-cipriano-mera\/#primaryimage"},"thumbnailUrl":"https:\/\/magarinos.eu\/atandocabos\/wp-content\/uploads\/2016\/12\/cipriano_mera02.jpg","keywords":["Cipriana Mera","Cipriano Mera","Guerra Civil","Magari\u00f1os","Magari\u00f1os Mera"],"articleSection":["Guerra Civil Espa\u00f1ola","Historias familiares"],"inLanguage":"es","potentialAction":[{"@type":"CommentAction","name":"Comment","target":["https:\/\/magarinos.eu\/atandocabos\/blog\/2016\/12\/20\/leyendas-familiares-somos-parientes-de-cipriano-mera\/#respond"]}]},{"@type":"WebPage","@id":"https:\/\/magarinos.eu\/atandocabos\/blog\/2016\/12\/20\/leyendas-familiares-somos-parientes-de-cipriano-mera\/","url":"https:\/\/magarinos.eu\/atandocabos\/blog\/2016\/12\/20\/leyendas-familiares-somos-parientes-de-cipriano-mera\/","name":"Leyendas familiares: \u00bfsomos parientes de Cipriano Mera? - Atando Cabos","isPartOf":{"@id":"https:\/\/magarinos.eu\/atandocabos\/#website"},"primaryImageOfPage":{"@id":"https:\/\/magarinos.eu\/atandocabos\/blog\/2016\/12\/20\/leyendas-familiares-somos-parientes-de-cipriano-mera\/#primaryimage"},"image":{"@id":"https:\/\/magarinos.eu\/atandocabos\/blog\/2016\/12\/20\/leyendas-familiares-somos-parientes-de-cipriano-mera\/#primaryimage"},"thumbnailUrl":"https:\/\/magarinos.eu\/atandocabos\/wp-content\/uploads\/2016\/12\/cipriano_mera02.jpg","datePublished":"2016-12-20T08:00:51+00:00","dateModified":"2022-07-16T17:54:38+00:00","breadcrumb":{"@id":"https:\/\/magarinos.eu\/atandocabos\/blog\/2016\/12\/20\/leyendas-familiares-somos-parientes-de-cipriano-mera\/#breadcrumb"},"inLanguage":"es","potentialAction":[{"@type":"ReadAction","target":["https:\/\/magarinos.eu\/atandocabos\/blog\/2016\/12\/20\/leyendas-familiares-somos-parientes-de-cipriano-mera\/"]}]},{"@type":"ImageObject","inLanguage":"es","@id":"https:\/\/magarinos.eu\/atandocabos\/blog\/2016\/12\/20\/leyendas-familiares-somos-parientes-de-cipriano-mera\/#primaryimage","url":"https:\/\/magarinos.eu\/atandocabos\/wp-content\/uploads\/2016\/12\/cipriano_mera02.jpg","contentUrl":"https:\/\/magarinos.eu\/atandocabos\/wp-content\/uploads\/2016\/12\/cipriano_mera02.jpg","width":220,"height":314,"caption":"Cipriano Mera - Lider anarcosindicalista durante la guerra civil."},{"@type":"BreadcrumbList","@id":"https:\/\/magarinos.eu\/atandocabos\/blog\/2016\/12\/20\/leyendas-familiares-somos-parientes-de-cipriano-mera\/#breadcrumb","itemListElement":[{"@type":"ListItem","position":1,"name":"Portada","item":"https:\/\/magarinos.eu\/atandocabos\/"},{"@type":"ListItem","position":2,"name":"Leyendas familiares: \u00bfsomos parientes de Cipriano Mera?"}]},{"@type":"WebSite","@id":"https:\/\/magarinos.eu\/atandocabos\/#website","url":"https:\/\/magarinos.eu\/atandocabos\/","name":"Atando Cabos","description":"Una p\u00e1gina web de la familia Magari\u00f1os Ram\u00f3n","publisher":{"@id":"https:\/\/magarinos.eu\/atandocabos\/#organization"},"potentialAction":[{"@type":"SearchAction","target":{"@type":"EntryPoint","urlTemplate":"https:\/\/magarinos.eu\/atandocabos\/?s={search_term_string}"},"query-input":{"@type":"PropertyValueSpecification","valueRequired":true,"valueName":"search_term_string"}}],"inLanguage":"es"},{"@type":"Organization","@id":"https:\/\/magarinos.eu\/atandocabos\/#organization","name":"Atando Cabos","url":"https:\/\/magarinos.eu\/atandocabos\/","logo":{"@type":"ImageObject","inLanguage":"es","@id":"https:\/\/magarinos.eu\/atandocabos\/#\/schema\/logo\/image\/","url":"https:\/\/magarinos.eu\/atandocabos\/wp-content\/uploads\/2022\/06\/cropped-cropped-Caballero_Anciano.jpg","contentUrl":"https:\/\/magarinos.eu\/atandocabos\/wp-content\/uploads\/2022\/06\/cropped-cropped-Caballero_Anciano.jpg","width":512,"height":512,"caption":"Atando Cabos"},"image":{"@id":"https:\/\/magarinos.eu\/atandocabos\/#\/schema\/logo\/image\/"}},{"@type":"Person","@id":"https:\/\/magarinos.eu\/atandocabos\/#\/schema\/person\/ce62485d4bf8f9cc864369bb52591f1e","name":"Daniel Garc\u00eda Magari\u00f1os","image":{"@type":"ImageObject","inLanguage":"es","@id":"https:\/\/secure.gravatar.com\/avatar\/a7c7a82edf145a1bb8c32117ac59cb3be1c2c760796caff2df495a17896be288?s=96&d=mm&r=g","url":"https:\/\/secure.gravatar.com\/avatar\/a7c7a82edf145a1bb8c32117ac59cb3be1c2c760796caff2df495a17896be288?s=96&d=mm&r=g","contentUrl":"https:\/\/secure.gravatar.com\/avatar\/a7c7a82edf145a1bb8c32117ac59cb3be1c2c760796caff2df495a17896be288?s=96&d=mm&r=g","caption":"Daniel Garc\u00eda Magari\u00f1os"},"url":"https:\/\/magarinos.eu\/atandocabos\/blog\/author\/dgarcia\/"}]}},"_links":{"self":[{"href":"https:\/\/magarinos.eu\/atandocabos\/wp-json\/wp\/v2\/posts\/2062","targetHints":{"allow":["GET"]}}],"collection":[{"href":"https:\/\/magarinos.eu\/atandocabos\/wp-json\/wp\/v2\/posts"}],"about":[{"href":"https:\/\/magarinos.eu\/atandocabos\/wp-json\/wp\/v2\/types\/post"}],"author":[{"embeddable":true,"href":"https:\/\/magarinos.eu\/atandocabos\/wp-json\/wp\/v2\/users\/1"}],"replies":[{"embeddable":true,"href":"https:\/\/magarinos.eu\/atandocabos\/wp-json\/wp\/v2\/comments?post=2062"}],"version-history":[{"count":0,"href":"https:\/\/magarinos.eu\/atandocabos\/wp-json\/wp\/v2\/posts\/2062\/revisions"}],"wp:featuredmedia":[{"embeddable":true,"href":"https:\/\/magarinos.eu\/atandocabos\/wp-json\/wp\/v2\/media\/2063"}],"wp:attachment":[{"href":"https:\/\/magarinos.eu\/atandocabos\/wp-json\/wp\/v2\/media?parent=2062"}],"wp:term":[{"taxonomy":"category","embeddable":true,"href":"https:\/\/magarinos.eu\/atandocabos\/wp-json\/wp\/v2\/categories?post=2062"},{"taxonomy":"post_tag","embeddable":true,"href":"https:\/\/magarinos.eu\/atandocabos\/wp-json\/wp\/v2\/tags?post=2062"}],"curies":[{"name":"wp","href":"https:\/\/api.w.org\/{rel}","templated":true}]}}