{"id":1860,"date":"2016-11-08T19:23:53","date_gmt":"2016-11-08T19:23:53","guid":{"rendered":"https:\/\/atandocabosweb.wordpress.com\/?p=1860"},"modified":"2022-07-19T07:31:06","modified_gmt":"2022-07-19T05:31:06","slug":"ocho-apellidos-madrilenos","status":"publish","type":"post","link":"https:\/\/magarinos.eu\/atandocabos\/blog\/2016\/11\/08\/ocho-apellidos-madrilenos\/","title":{"rendered":"Ocho apellidos madrile\u00f1os"},"content":{"rendered":"\n<p>Bueno, ocho no, pero uno s\u00ed, y bien antiguo. \u00bfA qu\u00e9 viene esto? Viene de una de las leyendas familiares, transmitida de generaci\u00f3n en generaci\u00f3n, seg\u00fan la cual somos madrile\u00f1os de pura cepa que pueden presumir de descender de varias generaciones de madrile\u00f1os.<\/p>\n\n\n\n<p>Mi madre dec\u00eda que se lo hab\u00eda contado su padre (<strong>Carlos Magari\u00f1os Garc\u00eda<\/strong>) y a \u00e9l se lo hab\u00eda dicho su madre (<strong>Ignacia Garc\u00eda del Pozo<\/strong>).<\/p>\n\n\n\n<div class=\"wp-block-columns is-layout-flex wp-container-core-columns-is-layout-28f84493 wp-block-columns-is-layout-flex\">\n<div class=\"wp-block-column is-vertically-aligned-center is-layout-flow wp-block-column-is-layout-flow\" style=\"flex-basis:100%\">\n<figure class=\"wp-block-image alignleft is-resized\"><img loading=\"lazy\" decoding=\"async\" src=\"data:image\/gif;base64,R0lGODlhAQABAIAAAAAAAP\/\/\/yH5BAEAAAAALAAAAAABAAEAAAIBRAA7\" data-src=\"https:\/\/magarinos.eu\/atandocabos\/wp-content\/uploads\/2016\/11\/ignacia-garcia-small.jpg\" alt=\"ignacia-garcia-small\" class=\"wp-image-1932 lazyload\" width=\"213\" height=\"240\"\/><noscript><img loading=\"lazy\" decoding=\"async\" src=\"https:\/\/magarinos.eu\/atandocabos\/wp-content\/uploads\/2016\/11\/ignacia-garcia-small.jpg\" alt=\"ignacia-garcia-small\" class=\"wp-image-1932 lazyload\" width=\"213\" height=\"240\" srcset=\"https:\/\/magarinos.eu\/atandocabos\/wp-content\/uploads\/2016\/11\/ignacia-garcia-small.jpg 434w, https:\/\/magarinos.eu\/atandocabos\/wp-content\/uploads\/2016\/11\/ignacia-garcia-small-267x300.jpg 267w\" sizes=\"auto, (max-width: 213px) 100vw, 213px\" \/><\/noscript><figcaption>La bisabuela Ignacia y el abuelo Carlos.<\/figcaption><\/figure>\n\n\n\n<figure class=\"wp-block-image alignleft size-full is-resized\"><img loading=\"lazy\" decoding=\"async\" src=\"data:image\/gif;base64,R0lGODlhAQABAIAAAAAAAP\/\/\/yH5BAEAAAAALAAAAAABAAEAAAIBRAA7\" data-src=\"https:\/\/magarinos.eu\/atandocabos\/wp-content\/uploads\/2016\/11\/1910_carlos-magaric3b1os-_-futbol_small.png\" alt=\"\" class=\"wp-image-1933 lazyload\" width=\"139\" height=\"249\"\/><noscript><img loading=\"lazy\" decoding=\"async\" src=\"https:\/\/magarinos.eu\/atandocabos\/wp-content\/uploads\/2016\/11\/1910_carlos-magaric3b1os-_-futbol_small.png\" alt=\"\" class=\"wp-image-1933 lazyload\" width=\"139\" height=\"249\"\/><\/noscript><\/figure>\n<\/div>\n<\/div>\n\n\n\n<h3 class=\"wp-block-heading\">\u00bfLeyenda o realidad?<\/h3>\n\n\n\n<p>Por la parte del padre de mi abuelo Carlos (<strong>Manuel Magari\u00f1os<\/strong>), no hay duda. Todos vienen de Galicia. Gallegos por los cuatro costados. Aqu\u00ed no se cumple la leyenda.<\/p>\n\n\n\n<p>En cambio, por la parte de la madre de mi abuelo (Ignacia) nos encontramos con algo distinto.<\/p>\n\n\n\n<p>Tanto Ignacia como sus padres <strong>Francisco Garc\u00eda<\/strong> y <strong>Carlota del Pozo<\/strong>) &nbsp;eran madrile\u00f1os. \u00a1Bien! Se cumple la leyenda en las primeras generaciones.<\/p>\n\n\n\n<p>Los cuatro abuelos de Ignacia, en cambio, eran cada uno de un lugar diferente. <strong>Nicol\u00e1s Garc\u00eda<\/strong> era de <strong><a href=\"https:\/\/es.wikipedia.org\/wiki\/Belmonte_(Cuenca)\" target=\"_blank\" rel=\"noopener\">Belmonte<\/a><\/strong> (provincia de Cuenca), su mujer <strong>Antonia de la Pe\u00f1a<\/strong>, de&nbsp;<strong><a href=\"https:\/\/es.wikipedia.org\/wiki\/Ateca\" target=\"_blank\" rel=\"noopener\">Ateca<\/a><\/strong> (Zaragoza) e <strong>Ignacia Collado<\/strong>, de&nbsp;<strong><a href=\"https:\/\/es.wikipedia.org\/wiki\/Sisante\" target=\"_blank\" rel=\"noopener\">Sisante<\/a><\/strong>, (tambi\u00e9n en Cuenca). A principios del s. XIX debieron de producirse bastantes flujos migratorios desde la Mancha hacia Madrid.<\/p>\n\n\n\n<p><strong>Ignacia Collado<\/strong>, la abuela de <strong>Ignacia del Pozo<\/strong>, de quien posiblemente hered\u00f3 el nombre, debi\u00f3 de llegar a Madrid desde Sisante en alg\u00fan momento antes 1877. No sabemos exactamente cu\u00e1ndo ni por qu\u00e9 pero s\u00ed sabemos que en Madrid debi\u00f3 de conocer a&nbsp;<strong>Antonio&nbsp;del Pozo<\/strong>, madrile\u00f1o de nacimiento, con el que se cas\u00f3.<\/p>\n\n\n\n<p><strong>Leyenda confirmada:<\/strong> tenemos unas cuantas generaciones de madrile\u00f1os. Los madrile\u00f1os m\u00e1s peque\u00f1os de la familia, como Nicol\u00e1s o Pablo (y me dejar\u00e9 a alguno), son <strong>madrile\u00f1os de s\u00e9ptima generaci\u00f3n<\/strong> (y al mismo tiempo con antepasados por toda Espa\u00f1a). Yo me he cargado la tradici\u00f3n con mis hijos pero, a cambio, he a\u00f1adido un pa\u00eds nuevo a la lista de lugares de nacimiento de la familia.<\/p>\n\n\n\n<p>Aqu\u00ed os dejo la \u00faltima versi\u00f3n del \u00e1rbol de los <strong>Magari\u00f1os Garc\u00eda<\/strong> (tambi\u00e9n en <a href=\"https:\/\/magarinos.eu\/atandocabos\/Archives\/Tree\/Magarinos.pdf\" target=\"_blank\" rel=\"noreferrer noopener\">PDF<\/a>):<\/p>\n\n\n\n<figure class=\"wp-block-image\"><a href=\"https:\/\/magarinos.eu\/atandocabos\/wp-content\/uploads\/2016\/11\/magaric3b1os-garcc3ada1.png\" target=\"_blank\" rel=\"noopener\"><img decoding=\"async\" src=\"data:image\/gif;base64,R0lGODlhAQABAIAAAAAAAP\/\/\/yH5BAEAAAAALAAAAAABAAEAAAIBRAA7\" data-src=\"https:\/\/magarinos.eu\/atandocabos\/wp-content\/uploads\/2016\/11\/magaric3b1os-garcc3ada1.png\" alt=\"Magari\u00f1os Garc\u00eda.png\" class=\"wp-image-1950 lazyload\"\/><noscript><img loading=\"lazy\" decoding=\"async\" width=\"1443\" height=\"769\" src=\"https:\/\/magarinos.eu\/atandocabos\/wp-content\/uploads\/2016\/11\/magaric3b1os-garcc3ada1.png\" alt=\"Magari\u00f1os Garc\u00eda.png\" class=\"wp-image-1950 lazyload\" srcset=\"https:\/\/magarinos.eu\/atandocabos\/wp-content\/uploads\/2016\/11\/magaric3b1os-garcc3ada1.png 1443w, https:\/\/magarinos.eu\/atandocabos\/wp-content\/uploads\/2016\/11\/magaric3b1os-garcc3ada1-300x160.png 300w, https:\/\/magarinos.eu\/atandocabos\/wp-content\/uploads\/2016\/11\/magaric3b1os-garcc3ada1-1024x546.png 1024w, https:\/\/magarinos.eu\/atandocabos\/wp-content\/uploads\/2016\/11\/magaric3b1os-garcc3ada1-768x409.png 768w\" sizes=\"auto, (max-width: 1443px) 100vw, 1443px\" \/><\/noscript><\/a><\/figure>\n","protected":false},"excerpt":{"rendered":"<p>Bueno, ocho no, pero uno s\u00ed, y bien antiguo. \u00bfA qu\u00e9 viene esto? Viene de una de las leyendas familiares, transmitida de generaci\u00f3n en generaci\u00f3n, seg\u00fan la cual somos madrile\u00f1os de pura cepa que pueden presumir de descender de varias generaciones de madrile\u00f1os. Mi madre dec\u00eda que se lo hab\u00eda contado su padre (Carlos Magari\u00f1os [&hellip;]<\/p>\n","protected":false},"author":1,"featured_media":5532,"comment_status":"open","ping_status":"open","sticky":false,"template":"","format":"standard","meta":{"footnotes":""},"categories":[164,165,166,162,161,160,159,163],"tags":[],"class_list":["post-1860","post","type-post","status-publish","format-standard","has-post-thumbnail","hentry","category-belmonte-de-tajo","category-collado","category-de-la-pena","category-del-pozo","category-garcia","category-madrid","category-magarinos","category-sisante"],"blocksy_meta":{"styles_descriptor":{"styles":{"desktop":"","tablet":"","mobile":""},"google_fonts":[],"version":6}},"yoast_head":"<!-- This site is optimized with the Yoast SEO plugin v27.5 - https:\/\/yoast.com\/product\/yoast-seo-wordpress\/ -->\n<title>Ocho apellidos madrile\u00f1os - Atando Cabos<\/title>\n<meta name=\"robots\" content=\"index, follow, max-snippet:-1, max-image-preview:large, max-video-preview:-1\" \/>\n<link rel=\"canonical\" href=\"https:\/\/magarinos.eu\/atandocabos\/blog\/2016\/11\/08\/ocho-apellidos-madrilenos\/\" \/>\n<meta property=\"og:locale\" content=\"es_ES\" \/>\n<meta property=\"og:type\" content=\"article\" \/>\n<meta property=\"og:title\" content=\"Ocho apellidos madrile\u00f1os - Atando Cabos\" \/>\n<meta property=\"og:description\" content=\"Bueno, ocho no, pero uno s\u00ed, y bien antiguo. \u00bfA qu\u00e9 viene esto? Viene de una de las leyendas familiares, transmitida de generaci\u00f3n en generaci\u00f3n, seg\u00fan la cual somos madrile\u00f1os de pura cepa que pueden presumir de descender de varias generaciones de madrile\u00f1os. Mi madre dec\u00eda que se lo hab\u00eda contado su padre (Carlos Magari\u00f1os [&hellip;]\" \/>\n<meta property=\"og:url\" content=\"https:\/\/magarinos.eu\/atandocabos\/blog\/2016\/11\/08\/ocho-apellidos-madrilenos\/\" \/>\n<meta property=\"og:site_name\" content=\"Atando Cabos\" \/>\n<meta property=\"article:published_time\" content=\"2016-11-08T19:23:53+00:00\" \/>\n<meta property=\"article:modified_time\" content=\"2022-07-19T05:31:06+00:00\" \/>\n<meta property=\"og:image\" content=\"https:\/\/magarinos.eu\/atandocabos\/wp-content\/uploads\/2016\/11\/oso-y-madrono.jpg\" \/>\n\t<meta property=\"og:image:width\" content=\"1280\" \/>\n\t<meta property=\"og:image:height\" content=\"960\" \/>\n\t<meta property=\"og:image:type\" content=\"image\/jpeg\" \/>\n<meta name=\"author\" content=\"Daniel Garc\u00eda Magari\u00f1os\" \/>\n<meta name=\"twitter:card\" content=\"summary_large_image\" \/>\n<meta name=\"twitter:label1\" content=\"Escrito por\" \/>\n\t<meta name=\"twitter:data1\" content=\"Daniel Garc\u00eda Magari\u00f1os\" \/>\n\t<meta name=\"twitter:label2\" content=\"Tiempo de lectura\" \/>\n\t<meta name=\"twitter:data2\" content=\"3 minutos\" \/>\n<script type=\"application\/ld+json\" class=\"yoast-schema-graph\">{\"@context\":\"https:\\\/\\\/schema.org\",\"@graph\":[{\"@type\":\"Article\",\"@id\":\"https:\\\/\\\/magarinos.eu\\\/atandocabos\\\/blog\\\/2016\\\/11\\\/08\\\/ocho-apellidos-madrilenos\\\/#article\",\"isPartOf\":{\"@id\":\"https:\\\/\\\/magarinos.eu\\\/atandocabos\\\/blog\\\/2016\\\/11\\\/08\\\/ocho-apellidos-madrilenos\\\/\"},\"author\":{\"name\":\"Daniel Garc\u00eda Magari\u00f1os\",\"@id\":\"https:\\\/\\\/magarinos.eu\\\/atandocabos\\\/#\\\/schema\\\/person\\\/ce62485d4bf8f9cc864369bb52591f1e\"},\"headline\":\"Ocho apellidos madrile\u00f1os\",\"datePublished\":\"2016-11-08T19:23:53+00:00\",\"dateModified\":\"2022-07-19T05:31:06+00:00\",\"mainEntityOfPage\":{\"@id\":\"https:\\\/\\\/magarinos.eu\\\/atandocabos\\\/blog\\\/2016\\\/11\\\/08\\\/ocho-apellidos-madrilenos\\\/\"},\"wordCount\":381,\"commentCount\":1,\"publisher\":{\"@id\":\"https:\\\/\\\/magarinos.eu\\\/atandocabos\\\/#organization\"},\"image\":{\"@id\":\"https:\\\/\\\/magarinos.eu\\\/atandocabos\\\/blog\\\/2016\\\/11\\\/08\\\/ocho-apellidos-madrilenos\\\/#primaryimage\"},\"thumbnailUrl\":\"https:\\\/\\\/magarinos.eu\\\/atandocabos\\\/wp-content\\\/uploads\\\/2016\\\/11\\\/oso-y-madrono.jpg\",\"articleSection\":[\"Belmonte de Tajo\",\"Collado\",\"de la Pe\u00f1a\",\"del Pozo\",\"Garc\u00eda\",\"Madrid\",\"Magari\u00f1os\",\"Sisante\"],\"inLanguage\":\"es\",\"potentialAction\":[{\"@type\":\"CommentAction\",\"name\":\"Comment\",\"target\":[\"https:\\\/\\\/magarinos.eu\\\/atandocabos\\\/blog\\\/2016\\\/11\\\/08\\\/ocho-apellidos-madrilenos\\\/#respond\"]}]},{\"@type\":\"WebPage\",\"@id\":\"https:\\\/\\\/magarinos.eu\\\/atandocabos\\\/blog\\\/2016\\\/11\\\/08\\\/ocho-apellidos-madrilenos\\\/\",\"url\":\"https:\\\/\\\/magarinos.eu\\\/atandocabos\\\/blog\\\/2016\\\/11\\\/08\\\/ocho-apellidos-madrilenos\\\/\",\"name\":\"Ocho apellidos madrile\u00f1os - Atando Cabos\",\"isPartOf\":{\"@id\":\"https:\\\/\\\/magarinos.eu\\\/atandocabos\\\/#website\"},\"primaryImageOfPage\":{\"@id\":\"https:\\\/\\\/magarinos.eu\\\/atandocabos\\\/blog\\\/2016\\\/11\\\/08\\\/ocho-apellidos-madrilenos\\\/#primaryimage\"},\"image\":{\"@id\":\"https:\\\/\\\/magarinos.eu\\\/atandocabos\\\/blog\\\/2016\\\/11\\\/08\\\/ocho-apellidos-madrilenos\\\/#primaryimage\"},\"thumbnailUrl\":\"https:\\\/\\\/magarinos.eu\\\/atandocabos\\\/wp-content\\\/uploads\\\/2016\\\/11\\\/oso-y-madrono.jpg\",\"datePublished\":\"2016-11-08T19:23:53+00:00\",\"dateModified\":\"2022-07-19T05:31:06+00:00\",\"breadcrumb\":{\"@id\":\"https:\\\/\\\/magarinos.eu\\\/atandocabos\\\/blog\\\/2016\\\/11\\\/08\\\/ocho-apellidos-madrilenos\\\/#breadcrumb\"},\"inLanguage\":\"es\",\"potentialAction\":[{\"@type\":\"ReadAction\",\"target\":[\"https:\\\/\\\/magarinos.eu\\\/atandocabos\\\/blog\\\/2016\\\/11\\\/08\\\/ocho-apellidos-madrilenos\\\/\"]}]},{\"@type\":\"ImageObject\",\"inLanguage\":\"es\",\"@id\":\"https:\\\/\\\/magarinos.eu\\\/atandocabos\\\/blog\\\/2016\\\/11\\\/08\\\/ocho-apellidos-madrilenos\\\/#primaryimage\",\"url\":\"https:\\\/\\\/magarinos.eu\\\/atandocabos\\\/wp-content\\\/uploads\\\/2016\\\/11\\\/oso-y-madrono.jpg\",\"contentUrl\":\"https:\\\/\\\/magarinos.eu\\\/atandocabos\\\/wp-content\\\/uploads\\\/2016\\\/11\\\/oso-y-madrono.jpg\",\"width\":1280,\"height\":960,\"caption\":\"Oso y madro\u00f1o\"},{\"@type\":\"BreadcrumbList\",\"@id\":\"https:\\\/\\\/magarinos.eu\\\/atandocabos\\\/blog\\\/2016\\\/11\\\/08\\\/ocho-apellidos-madrilenos\\\/#breadcrumb\",\"itemListElement\":[{\"@type\":\"ListItem\",\"position\":1,\"name\":\"Portada\",\"item\":\"https:\\\/\\\/magarinos.eu\\\/atandocabos\\\/\"},{\"@type\":\"ListItem\",\"position\":2,\"name\":\"Ocho apellidos madrile\u00f1os\"}]},{\"@type\":\"WebSite\",\"@id\":\"https:\\\/\\\/magarinos.eu\\\/atandocabos\\\/#website\",\"url\":\"https:\\\/\\\/magarinos.eu\\\/atandocabos\\\/\",\"name\":\"Atando Cabos\",\"description\":\"Una p\u00e1gina web de la familia Magari\u00f1os Ram\u00f3n\",\"publisher\":{\"@id\":\"https:\\\/\\\/magarinos.eu\\\/atandocabos\\\/#organization\"},\"potentialAction\":[{\"@type\":\"SearchAction\",\"target\":{\"@type\":\"EntryPoint\",\"urlTemplate\":\"https:\\\/\\\/magarinos.eu\\\/atandocabos\\\/?s={search_term_string}\"},\"query-input\":{\"@type\":\"PropertyValueSpecification\",\"valueRequired\":true,\"valueName\":\"search_term_string\"}}],\"inLanguage\":\"es\"},{\"@type\":\"Organization\",\"@id\":\"https:\\\/\\\/magarinos.eu\\\/atandocabos\\\/#organization\",\"name\":\"Atando Cabos\",\"url\":\"https:\\\/\\\/magarinos.eu\\\/atandocabos\\\/\",\"logo\":{\"@type\":\"ImageObject\",\"inLanguage\":\"es\",\"@id\":\"https:\\\/\\\/magarinos.eu\\\/atandocabos\\\/#\\\/schema\\\/logo\\\/image\\\/\",\"url\":\"https:\\\/\\\/magarinos.eu\\\/atandocabos\\\/wp-content\\\/uploads\\\/2022\\\/06\\\/cropped-cropped-Caballero_Anciano.jpg\",\"contentUrl\":\"https:\\\/\\\/magarinos.eu\\\/atandocabos\\\/wp-content\\\/uploads\\\/2022\\\/06\\\/cropped-cropped-Caballero_Anciano.jpg\",\"width\":512,\"height\":512,\"caption\":\"Atando Cabos\"},\"image\":{\"@id\":\"https:\\\/\\\/magarinos.eu\\\/atandocabos\\\/#\\\/schema\\\/logo\\\/image\\\/\"}},{\"@type\":\"Person\",\"@id\":\"https:\\\/\\\/magarinos.eu\\\/atandocabos\\\/#\\\/schema\\\/person\\\/ce62485d4bf8f9cc864369bb52591f1e\",\"name\":\"Daniel Garc\u00eda Magari\u00f1os\",\"image\":{\"@type\":\"ImageObject\",\"inLanguage\":\"es\",\"@id\":\"https:\\\/\\\/secure.gravatar.com\\\/avatar\\\/a7c7a82edf145a1bb8c32117ac59cb3be1c2c760796caff2df495a17896be288?s=96&d=mm&r=g\",\"url\":\"https:\\\/\\\/secure.gravatar.com\\\/avatar\\\/a7c7a82edf145a1bb8c32117ac59cb3be1c2c760796caff2df495a17896be288?s=96&d=mm&r=g\",\"contentUrl\":\"https:\\\/\\\/secure.gravatar.com\\\/avatar\\\/a7c7a82edf145a1bb8c32117ac59cb3be1c2c760796caff2df495a17896be288?s=96&d=mm&r=g\",\"caption\":\"Daniel Garc\u00eda Magari\u00f1os\"},\"url\":\"https:\\\/\\\/magarinos.eu\\\/atandocabos\\\/blog\\\/author\\\/dgarcia\\\/\"}]}<\/script>\n<!-- \/ Yoast SEO plugin. -->","yoast_head_json":{"title":"Ocho apellidos madrile\u00f1os - Atando Cabos","robots":{"index":"index","follow":"follow","max-snippet":"max-snippet:-1","max-image-preview":"max-image-preview:large","max-video-preview":"max-video-preview:-1"},"canonical":"https:\/\/magarinos.eu\/atandocabos\/blog\/2016\/11\/08\/ocho-apellidos-madrilenos\/","og_locale":"es_ES","og_type":"article","og_title":"Ocho apellidos madrile\u00f1os - Atando Cabos","og_description":"Bueno, ocho no, pero uno s\u00ed, y bien antiguo. \u00bfA qu\u00e9 viene esto? Viene de una de las leyendas familiares, transmitida de generaci\u00f3n en generaci\u00f3n, seg\u00fan la cual somos madrile\u00f1os de pura cepa que pueden presumir de descender de varias generaciones de madrile\u00f1os. Mi madre dec\u00eda que se lo hab\u00eda contado su padre (Carlos Magari\u00f1os [&hellip;]","og_url":"https:\/\/magarinos.eu\/atandocabos\/blog\/2016\/11\/08\/ocho-apellidos-madrilenos\/","og_site_name":"Atando Cabos","article_published_time":"2016-11-08T19:23:53+00:00","article_modified_time":"2022-07-19T05:31:06+00:00","og_image":[{"width":1280,"height":960,"url":"https:\/\/magarinos.eu\/atandocabos\/wp-content\/uploads\/2016\/11\/oso-y-madrono.jpg","type":"image\/jpeg"}],"author":"Daniel Garc\u00eda Magari\u00f1os","twitter_card":"summary_large_image","twitter_misc":{"Escrito por":"Daniel Garc\u00eda Magari\u00f1os","Tiempo de lectura":"3 minutos"},"schema":{"@context":"https:\/\/schema.org","@graph":[{"@type":"Article","@id":"https:\/\/magarinos.eu\/atandocabos\/blog\/2016\/11\/08\/ocho-apellidos-madrilenos\/#article","isPartOf":{"@id":"https:\/\/magarinos.eu\/atandocabos\/blog\/2016\/11\/08\/ocho-apellidos-madrilenos\/"},"author":{"name":"Daniel Garc\u00eda Magari\u00f1os","@id":"https:\/\/magarinos.eu\/atandocabos\/#\/schema\/person\/ce62485d4bf8f9cc864369bb52591f1e"},"headline":"Ocho apellidos madrile\u00f1os","datePublished":"2016-11-08T19:23:53+00:00","dateModified":"2022-07-19T05:31:06+00:00","mainEntityOfPage":{"@id":"https:\/\/magarinos.eu\/atandocabos\/blog\/2016\/11\/08\/ocho-apellidos-madrilenos\/"},"wordCount":381,"commentCount":1,"publisher":{"@id":"https:\/\/magarinos.eu\/atandocabos\/#organization"},"image":{"@id":"https:\/\/magarinos.eu\/atandocabos\/blog\/2016\/11\/08\/ocho-apellidos-madrilenos\/#primaryimage"},"thumbnailUrl":"https:\/\/magarinos.eu\/atandocabos\/wp-content\/uploads\/2016\/11\/oso-y-madrono.jpg","articleSection":["Belmonte de Tajo","Collado","de la Pe\u00f1a","del Pozo","Garc\u00eda","Madrid","Magari\u00f1os","Sisante"],"inLanguage":"es","potentialAction":[{"@type":"CommentAction","name":"Comment","target":["https:\/\/magarinos.eu\/atandocabos\/blog\/2016\/11\/08\/ocho-apellidos-madrilenos\/#respond"]}]},{"@type":"WebPage","@id":"https:\/\/magarinos.eu\/atandocabos\/blog\/2016\/11\/08\/ocho-apellidos-madrilenos\/","url":"https:\/\/magarinos.eu\/atandocabos\/blog\/2016\/11\/08\/ocho-apellidos-madrilenos\/","name":"Ocho apellidos madrile\u00f1os - Atando Cabos","isPartOf":{"@id":"https:\/\/magarinos.eu\/atandocabos\/#website"},"primaryImageOfPage":{"@id":"https:\/\/magarinos.eu\/atandocabos\/blog\/2016\/11\/08\/ocho-apellidos-madrilenos\/#primaryimage"},"image":{"@id":"https:\/\/magarinos.eu\/atandocabos\/blog\/2016\/11\/08\/ocho-apellidos-madrilenos\/#primaryimage"},"thumbnailUrl":"https:\/\/magarinos.eu\/atandocabos\/wp-content\/uploads\/2016\/11\/oso-y-madrono.jpg","datePublished":"2016-11-08T19:23:53+00:00","dateModified":"2022-07-19T05:31:06+00:00","breadcrumb":{"@id":"https:\/\/magarinos.eu\/atandocabos\/blog\/2016\/11\/08\/ocho-apellidos-madrilenos\/#breadcrumb"},"inLanguage":"es","potentialAction":[{"@type":"ReadAction","target":["https:\/\/magarinos.eu\/atandocabos\/blog\/2016\/11\/08\/ocho-apellidos-madrilenos\/"]}]},{"@type":"ImageObject","inLanguage":"es","@id":"https:\/\/magarinos.eu\/atandocabos\/blog\/2016\/11\/08\/ocho-apellidos-madrilenos\/#primaryimage","url":"https:\/\/magarinos.eu\/atandocabos\/wp-content\/uploads\/2016\/11\/oso-y-madrono.jpg","contentUrl":"https:\/\/magarinos.eu\/atandocabos\/wp-content\/uploads\/2016\/11\/oso-y-madrono.jpg","width":1280,"height":960,"caption":"Oso y madro\u00f1o"},{"@type":"BreadcrumbList","@id":"https:\/\/magarinos.eu\/atandocabos\/blog\/2016\/11\/08\/ocho-apellidos-madrilenos\/#breadcrumb","itemListElement":[{"@type":"ListItem","position":1,"name":"Portada","item":"https:\/\/magarinos.eu\/atandocabos\/"},{"@type":"ListItem","position":2,"name":"Ocho apellidos madrile\u00f1os"}]},{"@type":"WebSite","@id":"https:\/\/magarinos.eu\/atandocabos\/#website","url":"https:\/\/magarinos.eu\/atandocabos\/","name":"Atando Cabos","description":"Una p\u00e1gina web de la familia Magari\u00f1os Ram\u00f3n","publisher":{"@id":"https:\/\/magarinos.eu\/atandocabos\/#organization"},"potentialAction":[{"@type":"SearchAction","target":{"@type":"EntryPoint","urlTemplate":"https:\/\/magarinos.eu\/atandocabos\/?s={search_term_string}"},"query-input":{"@type":"PropertyValueSpecification","valueRequired":true,"valueName":"search_term_string"}}],"inLanguage":"es"},{"@type":"Organization","@id":"https:\/\/magarinos.eu\/atandocabos\/#organization","name":"Atando Cabos","url":"https:\/\/magarinos.eu\/atandocabos\/","logo":{"@type":"ImageObject","inLanguage":"es","@id":"https:\/\/magarinos.eu\/atandocabos\/#\/schema\/logo\/image\/","url":"https:\/\/magarinos.eu\/atandocabos\/wp-content\/uploads\/2022\/06\/cropped-cropped-Caballero_Anciano.jpg","contentUrl":"https:\/\/magarinos.eu\/atandocabos\/wp-content\/uploads\/2022\/06\/cropped-cropped-Caballero_Anciano.jpg","width":512,"height":512,"caption":"Atando Cabos"},"image":{"@id":"https:\/\/magarinos.eu\/atandocabos\/#\/schema\/logo\/image\/"}},{"@type":"Person","@id":"https:\/\/magarinos.eu\/atandocabos\/#\/schema\/person\/ce62485d4bf8f9cc864369bb52591f1e","name":"Daniel Garc\u00eda Magari\u00f1os","image":{"@type":"ImageObject","inLanguage":"es","@id":"https:\/\/secure.gravatar.com\/avatar\/a7c7a82edf145a1bb8c32117ac59cb3be1c2c760796caff2df495a17896be288?s=96&d=mm&r=g","url":"https:\/\/secure.gravatar.com\/avatar\/a7c7a82edf145a1bb8c32117ac59cb3be1c2c760796caff2df495a17896be288?s=96&d=mm&r=g","contentUrl":"https:\/\/secure.gravatar.com\/avatar\/a7c7a82edf145a1bb8c32117ac59cb3be1c2c760796caff2df495a17896be288?s=96&d=mm&r=g","caption":"Daniel Garc\u00eda Magari\u00f1os"},"url":"https:\/\/magarinos.eu\/atandocabos\/blog\/author\/dgarcia\/"}]}},"_links":{"self":[{"href":"https:\/\/magarinos.eu\/atandocabos\/wp-json\/wp\/v2\/posts\/1860","targetHints":{"allow":["GET"]}}],"collection":[{"href":"https:\/\/magarinos.eu\/atandocabos\/wp-json\/wp\/v2\/posts"}],"about":[{"href":"https:\/\/magarinos.eu\/atandocabos\/wp-json\/wp\/v2\/types\/post"}],"author":[{"embeddable":true,"href":"https:\/\/magarinos.eu\/atandocabos\/wp-json\/wp\/v2\/users\/1"}],"replies":[{"embeddable":true,"href":"https:\/\/magarinos.eu\/atandocabos\/wp-json\/wp\/v2\/comments?post=1860"}],"version-history":[{"count":0,"href":"https:\/\/magarinos.eu\/atandocabos\/wp-json\/wp\/v2\/posts\/1860\/revisions"}],"wp:featuredmedia":[{"embeddable":true,"href":"https:\/\/magarinos.eu\/atandocabos\/wp-json\/wp\/v2\/media\/5532"}],"wp:attachment":[{"href":"https:\/\/magarinos.eu\/atandocabos\/wp-json\/wp\/v2\/media?parent=1860"}],"wp:term":[{"taxonomy":"category","embeddable":true,"href":"https:\/\/magarinos.eu\/atandocabos\/wp-json\/wp\/v2\/categories?post=1860"},{"taxonomy":"post_tag","embeddable":true,"href":"https:\/\/magarinos.eu\/atandocabos\/wp-json\/wp\/v2\/tags?post=1860"}],"curies":[{"name":"wp","href":"https:\/\/api.w.org\/{rel}","templated":true}]}}