{"id":1665,"date":"2016-11-02T22:57:50","date_gmt":"2016-11-02T22:57:50","guid":{"rendered":"https:\/\/atandocabosweb.wordpress.com\/?p=1665"},"modified":"2022-07-19T07:32:46","modified_gmt":"2022-07-19T05:32:46","slug":"el-dia-de-los-difuntos","status":"publish","type":"post","link":"https:\/\/magarinos.eu\/atandocabos\/blog\/2016\/11\/02\/el-dia-de-los-difuntos\/","title":{"rendered":"El d\u00eda de difuntos"},"content":{"rendered":"\n<p>Aunque la tradici\u00f3n en Espa\u00f1a es visitar los cementerios y recordar a los difuntos durante el d\u00eda de todos los santos (el <strong>1 de noviembre<\/strong>), en realidad, el d\u00eda de los difuntos es el <strong>2&nbsp;de noviembre<\/strong>.<\/p>\n\n\n\n<p>En las investigaciones familiares los recordatorios son una gran ayuda. Mis abuelos conservaron unos 40 o 50 recordatorios de comuniones y de fallecimientos.<\/p>\n\n\n\n<p>Los recordatorios de primera comuni\u00f3n pueden ser una fuente interesante de informaci\u00f3n geneal\u00f3gica. El recordatorio de su primera comuni\u00f3n es pr\u00e1cticamente el \u00fanico dato que tenemos de <strong>Mar\u00eda Ram\u00f3n Llera<\/strong>, la hermana peque\u00f1a de mi abuela (<strong>Dolores Ram\u00f3n Llera<\/strong>), que hizo la primera comuni\u00f3n el 24 de abril de 1921 y que debi\u00f3 de morir poco tiempo despu\u00e9s.<\/p>\n\n\n\n<p>Las esquelas mortuorias se utilizaban para comunicar a los allegados el fallecimiento de alguien as\u00ed como la fecha del entierro o la del funeral.<\/p>\n\n\n\n<p>Esta es la esquela de <strong>Cipriana Mera<\/strong>, la abuela de <strong>Carlos y Antonio Magari\u00f1os<\/strong>. Era la madre de <strong><a href=\"https:\/\/magarinos.eu\/atandocabos\/la-boda-de-manuel-e-ignacia\/\">Manuel Magari\u00f1os<\/a><\/strong> y, gracias a esta esquela descubrimos que Manuel ten\u00eda dos hermanos, <strong><a href=\"https:\/\/magarinos.eu\/atandocabos\/la-vaqueria-del-tio-emeterio\/\" target=\"_blank\" rel=\"noreferrer noopener\">Emeterio<\/a><\/strong> y Mar\u00eda.<\/p>\n\n\n\n<figure class=\"wp-block-image alignleft is-resized\"><a href=\"https:\/\/magarinos.eu\/atandocabos\/wp-content\/uploads\/2016\/11\/1898_02_26_cipriana_mera_recordatorio_s_a.jpg\" target=\"_blank\" rel=\"noopener\"><img loading=\"lazy\" decoding=\"async\" src=\"data:image\/gif;base64,R0lGODlhAQABAIAAAAAAAP\/\/\/yH5BAEAAAAALAAAAAABAAEAAAIBRAA7\" data-src=\"https:\/\/magarinos.eu\/atandocabos\/wp-content\/uploads\/2016\/11\/1898_02_26_cipriana_mera_recordatorio_s_a.jpg\" alt=\"1898_02_26_cipriana_mera_recordatorio_s_a\" class=\"wp-image-1691 lazyload\" width=\"266\" height=\"483\"\/><noscript><img loading=\"lazy\" decoding=\"async\" src=\"https:\/\/magarinos.eu\/atandocabos\/wp-content\/uploads\/2016\/11\/1898_02_26_cipriana_mera_recordatorio_s_a.jpg\" alt=\"1898_02_26_cipriana_mera_recordatorio_s_a\" class=\"wp-image-1691 lazyload\" width=\"266\" height=\"483\" srcset=\"https:\/\/magarinos.eu\/atandocabos\/wp-content\/uploads\/2016\/11\/1898_02_26_cipriana_mera_recordatorio_s_a.jpg 434w, https:\/\/magarinos.eu\/atandocabos\/wp-content\/uploads\/2016\/11\/1898_02_26_cipriana_mera_recordatorio_s_a-165x300.jpg 165w\" sizes=\"auto, (max-width: 266px) 100vw, 266px\" \/><\/noscript><\/a><\/figure>\n\n\n\n<figure class=\"wp-block-image aligncenter is-resized\"><a href=\"https:\/\/magarinos.eu\/atandocabos\/wp-content\/uploads\/2016\/11\/1898_02_26_cipriana_mera_recordatorio_s_b.jpg\" target=\"_blank\" rel=\"noopener\"><img loading=\"lazy\" decoding=\"async\" src=\"data:image\/gif;base64,R0lGODlhAQABAIAAAAAAAP\/\/\/yH5BAEAAAAALAAAAAABAAEAAAIBRAA7\" data-src=\"https:\/\/magarinos.eu\/atandocabos\/wp-content\/uploads\/2016\/11\/1898_02_26_cipriana_mera_recordatorio_s_b.jpg\" alt=\"1898_02_26_Cipriana_Mera_Recordatorio_s_b.jpg\" class=\"wp-image-1694 lazyload\" width=\"266\" height=\"488\"\/><noscript><img loading=\"lazy\" decoding=\"async\" src=\"https:\/\/magarinos.eu\/atandocabos\/wp-content\/uploads\/2016\/11\/1898_02_26_cipriana_mera_recordatorio_s_b.jpg\" alt=\"1898_02_26_Cipriana_Mera_Recordatorio_s_b.jpg\" class=\"wp-image-1694 lazyload\" width=\"266\" height=\"488\" srcset=\"https:\/\/magarinos.eu\/atandocabos\/wp-content\/uploads\/2016\/11\/1898_02_26_cipriana_mera_recordatorio_s_b.jpg 434w, https:\/\/magarinos.eu\/atandocabos\/wp-content\/uploads\/2016\/11\/1898_02_26_cipriana_mera_recordatorio_s_b-164x300.jpg 164w\" sizes=\"auto, (max-width: 266px) 100vw, 266px\" \/><\/noscript><\/a><\/figure>\n\n\n\n<hr class=\"wp-block-separator has-alpha-channel-opacity\"\/>\n\n\n\n<p>La siguiente esquela es de <strong>Carolina del Pozo Collado<\/strong>, la madre de&nbsp;<strong>Ignacia Garc\u00eda del Pozo<\/strong>, que a su vez era madre de&nbsp;<strong>Carlos y Antonio Magari\u00f1os Garc\u00eda<\/strong>.<\/p>\n\n\n\n<figure class=\"wp-block-image is-resized\"><a href=\"https:\/\/magarinos.eu\/atandocabos\/wp-content\/uploads\/2016\/11\/19010_02_02_carolina-del-pozo_00011.jpg\" target=\"_blank\" rel=\"noopener\"><img loading=\"lazy\" decoding=\"async\" src=\"data:image\/gif;base64,R0lGODlhAQABAIAAAAAAAP\/\/\/yH5BAEAAAAALAAAAAABAAEAAAIBRAA7\" data-src=\"https:\/\/magarinos.eu\/atandocabos\/wp-content\/uploads\/2016\/11\/19010_02_02_carolina-del-pozo_00011.jpg\" alt=\"19010_02_02_carolina-del-pozo_0001\" class=\"wp-image-1711 lazyload\" width=\"267\" height=\"588\"\/><noscript><img loading=\"lazy\" decoding=\"async\" src=\"https:\/\/magarinos.eu\/atandocabos\/wp-content\/uploads\/2016\/11\/19010_02_02_carolina-del-pozo_00011.jpg\" alt=\"19010_02_02_carolina-del-pozo_0001\" class=\"wp-image-1711 lazyload\" width=\"267\" height=\"588\" srcset=\"https:\/\/magarinos.eu\/atandocabos\/wp-content\/uploads\/2016\/11\/19010_02_02_carolina-del-pozo_00011.jpg 394w, https:\/\/magarinos.eu\/atandocabos\/wp-content\/uploads\/2016\/11\/19010_02_02_carolina-del-pozo_00011-136x300.jpg 136w\" sizes=\"auto, (max-width: 267px) 100vw, 267px\" \/><\/noscript><\/a><\/figure>\n\n\n\n<figure class=\"wp-block-image aligncenter is-resized\"><a href=\"https:\/\/magarinos.eu\/atandocabos\/wp-content\/uploads\/2016\/11\/19010_02_02_carolina-del-pozo_0002.jpg\" target=\"_blank\" rel=\"noopener\"><img loading=\"lazy\" decoding=\"async\" src=\"data:image\/gif;base64,R0lGODlhAQABAIAAAAAAAP\/\/\/yH5BAEAAAAALAAAAAABAAEAAAIBRAA7\" data-src=\"https:\/\/magarinos.eu\/atandocabos\/wp-content\/uploads\/2016\/11\/19010_02_02_carolina-del-pozo_0002.jpg&quot;\" alt=\"19010_02_02_Carolina del Pozo_0002.jpg\" class=\"wp-image-1708 lazyload\" width=\"545\" height=\"583\"\/><noscript><img loading=\"lazy\" decoding=\"async\" src=\"https:\/\/magarinos.eu\/atandocabos\/wp-content\/uploads\/2016\/11\/19010_02_02_carolina-del-pozo_0002.jpg&quot;\" alt=\"19010_02_02_Carolina del Pozo_0002.jpg\" class=\"wp-image-1708 lazyload\" width=\"545\" height=\"583\" srcset=\"https:\/\/magarinos.eu\/atandocabos\/wp-content\/uploads\/2016\/11\/19010_02_02_carolina-del-pozo_0002.jpg 788w, https:\/\/magarinos.eu\/atandocabos\/wp-content\/uploads\/2016\/11\/19010_02_02_carolina-del-pozo_0002-280x300.jpg 280w, https:\/\/magarinos.eu\/atandocabos\/wp-content\/uploads\/2016\/11\/19010_02_02_carolina-del-pozo_0002-768x823.jpg 768w\" sizes=\"auto, (max-width: 545px) 100vw, 545px\" \/><\/noscript><\/a><\/figure>\n\n\n\n<hr class=\"wp-block-separator has-alpha-channel-opacity\"\/>\n\n\n\n<p>En la esquela de&nbsp;<strong>Manuel Magari\u00f1os Mera<\/strong>, el esposo de <strong>Ignacia Garc\u00eda del Pozo<\/strong>, encontramos de nuevo a sus hermanos Emeterio Magari\u00f1os Mera y Mar\u00eda Magari\u00f1os Mera junto con los nombres de sus respectivos c\u00f3nyuges (Matilde Torres y Baltasar Prieto)<\/p>\n\n\n\n<figure class=\"wp-block-image aligncenter is-resized\"><a href=\"https:\/\/magarinos.eu\/atandocabos\/wp-content\/uploads\/2016\/11\/1912_manuel_magaric3b1os_recordatorio_defuncic3b3n_0001.jpg\" target=\"_blank\" rel=\"noopener\"><img loading=\"lazy\" decoding=\"async\" src=\"data:image\/gif;base64,R0lGODlhAQABAIAAAAAAAP\/\/\/yH5BAEAAAAALAAAAAABAAEAAAIBRAA7\" data-src=\"https:\/\/magarinos.eu\/atandocabos\/wp-content\/uploads\/2016\/11\/1912_manuel_magaric3b1os_recordatorio_defuncic3b3n_0001.jpg?w=680\" alt=\"1912_manuel_magarinos_recordatorio_defuncion_0001\" class=\"wp-image-1720 lazyload\" width=\"549\" height=\"592\"\/><noscript><img loading=\"lazy\" decoding=\"async\" src=\"https:\/\/magarinos.eu\/atandocabos\/wp-content\/uploads\/2016\/11\/1912_manuel_magaric3b1os_recordatorio_defuncic3b3n_0001.jpg?w=680\" alt=\"1912_manuel_magarinos_recordatorio_defuncion_0001\" class=\"wp-image-1720 lazyload\" width=\"549\" height=\"592\" srcset=\"https:\/\/magarinos.eu\/atandocabos\/wp-content\/uploads\/2016\/11\/1912_manuel_magaric3b1os_recordatorio_defuncic3b3n_0001.jpg 796w, https:\/\/magarinos.eu\/atandocabos\/wp-content\/uploads\/2016\/11\/1912_manuel_magaric3b1os_recordatorio_defuncic3b3n_0001-278x300.jpg 278w, https:\/\/magarinos.eu\/atandocabos\/wp-content\/uploads\/2016\/11\/1912_manuel_magaric3b1os_recordatorio_defuncic3b3n_0001-768x830.jpg 768w\" sizes=\"auto, (max-width: 549px) 100vw, 549px\" \/><\/noscript><\/a><\/figure>\n\n\n\n<figure class=\"wp-block-image aligncenter is-resized\"><a href=\"https:\/\/magarinos.eu\/atandocabos\/wp-content\/uploads\/2016\/11\/1912_manuel_magaric3b1os_recordatorio_defuncic3b3n_0002.jpg\" target=\"_blank\" rel=\"noopener\"><img loading=\"lazy\" decoding=\"async\" src=\"data:image\/gif;base64,R0lGODlhAQABAIAAAAAAAP\/\/\/yH5BAEAAAAALAAAAAABAAEAAAIBRAA7\" data-src=\"https:\/\/magarinos.eu\/atandocabos\/wp-content\/uploads\/2016\/11\/1912_manuel_magaric3b1os_recordatorio_defuncic3b3n_0002.jpg?w=680\" alt=\"1912_manuel_magarinos_recordatorio_defuncion_0002\" class=\"wp-image-1724 lazyload\" width=\"550\" height=\"597\"\/><noscript><img loading=\"lazy\" decoding=\"async\" src=\"https:\/\/magarinos.eu\/atandocabos\/wp-content\/uploads\/2016\/11\/1912_manuel_magaric3b1os_recordatorio_defuncic3b3n_0002.jpg?w=680\" alt=\"1912_manuel_magarinos_recordatorio_defuncion_0002\" class=\"wp-image-1724 lazyload\" width=\"550\" height=\"597\" srcset=\"https:\/\/magarinos.eu\/atandocabos\/wp-content\/uploads\/2016\/11\/1912_manuel_magaric3b1os_recordatorio_defuncic3b3n_0002.jpg 798w, https:\/\/magarinos.eu\/atandocabos\/wp-content\/uploads\/2016\/11\/1912_manuel_magaric3b1os_recordatorio_defuncic3b3n_0002-276x300.jpg 276w, https:\/\/magarinos.eu\/atandocabos\/wp-content\/uploads\/2016\/11\/1912_manuel_magaric3b1os_recordatorio_defuncic3b3n_0002-768x833.jpg 768w\" sizes=\"auto, (max-width: 550px) 100vw, 550px\" \/><\/noscript><\/a><\/figure>\n\n\n\n<hr class=\"wp-block-separator has-alpha-channel-opacity\"\/>\n\n\n\n<p><strong>Ignacia Garc\u00eda del Pozo<\/strong>&nbsp;falleci\u00f3 24 a\u00f1os despu\u00e9s de su marido. En la esquela no se mencionan familiares pero, en cambio, se anuncia que el Cardenal Tedeschini, nuncio apost\u00f3lico, y &nbsp;el Obispo de Madrid-Alcal\u00e1, hab\u00edan concedido 200 y 50 d\u00edas de indulgencias.<\/p>\n\n\n\n<figure class=\"wp-block-image alignleft is-resized\"><a href=\"https:\/\/magarinos.eu\/atandocabos\/wp-content\/uploads\/2016\/11\/1936_03_25_ignacia_garcia_recordatorio_0001.jpg\" target=\"_blank\" rel=\"noopener\"><img loading=\"lazy\" decoding=\"async\" src=\"data:image\/gif;base64,R0lGODlhAQABAIAAAAAAAP\/\/\/yH5BAEAAAAALAAAAAABAAEAAAIBRAA7\" data-src=\"https:\/\/magarinos.eu\/atandocabos\/wp-content\/uploads\/2016\/11\/1936_03_25_ignacia_garcia_recordatorio_0001.jpg\" alt=\"1936_03_25_Ignacia_Garcia_Recordatorio_0001.jpg\" class=\"wp-image-1730 lazyload\" width=\"298\" height=\"508\"\/><noscript><img loading=\"lazy\" decoding=\"async\" src=\"https:\/\/magarinos.eu\/atandocabos\/wp-content\/uploads\/2016\/11\/1936_03_25_ignacia_garcia_recordatorio_0001.jpg\" alt=\"1936_03_25_Ignacia_Garcia_Recordatorio_0001.jpg\" class=\"wp-image-1730 lazyload\" width=\"298\" height=\"508\" srcset=\"https:\/\/magarinos.eu\/atandocabos\/wp-content\/uploads\/2016\/11\/1936_03_25_ignacia_garcia_recordatorio_0001.jpg 394w, https:\/\/magarinos.eu\/atandocabos\/wp-content\/uploads\/2016\/11\/1936_03_25_ignacia_garcia_recordatorio_0001-176x300.jpg 176w\" sizes=\"auto, (max-width: 298px) 100vw, 298px\" \/><\/noscript><\/a><\/figure>\n\n\n\n<figure class=\"wp-block-image aligncenter is-resized\"><a href=\"https:\/\/magarinos.eu\/atandocabos\/wp-content\/uploads\/2016\/11\/1936_03_25_ignacia_garcia_recordatorio_0002.jpg\" target=\"_blank\" rel=\"noopener\"><img loading=\"lazy\" decoding=\"async\" src=\"data:image\/gif;base64,R0lGODlhAQABAIAAAAAAAP\/\/\/yH5BAEAAAAALAAAAAABAAEAAAIBRAA7\" data-src=\"https:\/\/magarinos.eu\/atandocabos\/wp-content\/uploads\/2016\/11\/1936_03_25_ignacia_garcia_recordatorio_0002.jpg\" alt=\"1936_03_25_Ignacia_Garcia_Recordatorio_0002.jpg\" class=\"wp-image-1732 lazyload\" width=\"320\" height=\"547\"\/><noscript><img loading=\"lazy\" decoding=\"async\" src=\"https:\/\/magarinos.eu\/atandocabos\/wp-content\/uploads\/2016\/11\/1936_03_25_ignacia_garcia_recordatorio_0002.jpg\" alt=\"1936_03_25_Ignacia_Garcia_Recordatorio_0002.jpg\" class=\"wp-image-1732 lazyload\" width=\"320\" height=\"547\" srcset=\"https:\/\/magarinos.eu\/atandocabos\/wp-content\/uploads\/2016\/11\/1936_03_25_ignacia_garcia_recordatorio_0002.jpg 394w, https:\/\/magarinos.eu\/atandocabos\/wp-content\/uploads\/2016\/11\/1936_03_25_ignacia_garcia_recordatorio_0002-176x300.jpg 176w\" sizes=\"auto, (max-width: 320px) 100vw, 320px\" \/><\/noscript><\/a><\/figure>\n\n\n\n<hr class=\"wp-block-separator has-alpha-channel-opacity\"\/>\n\n\n\n<p>Por \u00faltimo tenemos la esquela de&nbsp;<strong>Juan Ram\u00f3n Vidal<\/strong> y&nbsp;<strong>Carmen Llera Guti\u00e9rrez<\/strong>. Murieron durante la guerra y la esquela se debi\u00f3 encargar al finalizar la misma, en 1939. La foto es de la imagen del Cristo del Amparo de Cobe\u00f1a.<\/p>\n\n\n\n<figure class=\"wp-block-image alignleft is-resized\"><img loading=\"lazy\" decoding=\"async\" src=\"data:image\/gif;base64,R0lGODlhAQABAIAAAAAAAP\/\/\/yH5BAEAAAAALAAAAAABAAEAAAIBRAA7\" data-src=\"https:\/\/magarinos.eu\/atandocabos\/wp-content\/uploads\/2016\/11\/carmen-llera-1938-recordatorio0001.jpg\" alt=\"carmen-llera-1938-recordatorio0001\" class=\"wp-image-1736 lazyload\" width=\"285\" height=\"446\"\/><noscript><img loading=\"lazy\" decoding=\"async\" src=\"https:\/\/magarinos.eu\/atandocabos\/wp-content\/uploads\/2016\/11\/carmen-llera-1938-recordatorio0001.jpg\" alt=\"carmen-llera-1938-recordatorio0001\" class=\"wp-image-1736 lazyload\" width=\"285\" height=\"446\" srcset=\"https:\/\/magarinos.eu\/atandocabos\/wp-content\/uploads\/2016\/11\/carmen-llera-1938-recordatorio0001.jpg 394w, https:\/\/magarinos.eu\/atandocabos\/wp-content\/uploads\/2016\/11\/carmen-llera-1938-recordatorio0001-192x300.jpg 192w\" sizes=\"auto, (max-width: 285px) 100vw, 285px\" \/><\/noscript><\/figure>\n\n\n\n<figure class=\"wp-block-image is-resized\"><img loading=\"lazy\" decoding=\"async\" src=\"data:image\/gif;base64,R0lGODlhAQABAIAAAAAAAP\/\/\/yH5BAEAAAAALAAAAAABAAEAAAIBRAA7\" data-src=\"https:\/\/magarinos.eu\/atandocabos\/wp-content\/uploads\/2016\/11\/carmen-llera-1938-recordatorio0002.jpg\" alt=\"Carmen Llera - 1938 - Recordatorio0002.jpg\" class=\"wp-image-1737 lazyload\" width=\"296\" height=\"458\"\/><noscript><img loading=\"lazy\" decoding=\"async\" src=\"https:\/\/magarinos.eu\/atandocabos\/wp-content\/uploads\/2016\/11\/carmen-llera-1938-recordatorio0002.jpg\" alt=\"Carmen Llera - 1938 - Recordatorio0002.jpg\" class=\"wp-image-1737 lazyload\" width=\"296\" height=\"458\" srcset=\"https:\/\/magarinos.eu\/atandocabos\/wp-content\/uploads\/2016\/11\/carmen-llera-1938-recordatorio0002.jpg 394w, https:\/\/magarinos.eu\/atandocabos\/wp-content\/uploads\/2016\/11\/carmen-llera-1938-recordatorio0002-194x300.jpg 194w\" sizes=\"auto, (max-width: 296px) 100vw, 296px\" \/><\/noscript><\/figure>\n","protected":false},"excerpt":{"rendered":"<p>Aunque la tradici\u00f3n en Espa\u00f1a es visitar los cementerios y recordar a los difuntos durante el d\u00eda de todos los santos (el 1 de noviembre), en realidad, el d\u00eda de los difuntos es el 2&nbsp;de noviembre. En las investigaciones familiares los recordatorios son una gran ayuda. Mis abuelos conservaron unos 40 o 50 recordatorios de [&hellip;]<\/p>\n","protected":false},"author":1,"featured_media":1737,"comment_status":"open","ping_status":"open","sticky":false,"template":"","format":"standard","meta":{"footnotes":""},"categories":[5],"tags":[12,16,25,27,33,40,41,42,49,53,77,92,96,101],"class_list":["post-1665","post","type-post","status-publish","format-standard","has-post-thumbnail","hentry","category-historias-familiares","tag-antonio-magarinos-garcia","tag-baltasr-prieto","tag-carlos-magarinos-garcia","tag-carmen-llera-gutierrez","tag-cipriana-mera","tag-dia-de-difuntos","tag-difuntos","tag-dolores-ramon-llera","tag-emeterio-magarinos-mera","tag-esquelas","tag-juan-ramon-vidal","tag-manuel-magarinos-mera","tag-maria-ramon-llera","tag-matilde-torres"],"blocksy_meta":{"styles_descriptor":{"styles":{"desktop":"","tablet":"","mobile":""},"google_fonts":[],"version":6}},"yoast_head":"<!-- This site is optimized with the Yoast SEO plugin v27.5 - https:\/\/yoast.com\/product\/yoast-seo-wordpress\/ -->\n<title>El d\u00eda de difuntos - Atando Cabos<\/title>\n<meta name=\"robots\" content=\"index, follow, max-snippet:-1, max-image-preview:large, max-video-preview:-1\" \/>\n<link rel=\"canonical\" href=\"https:\/\/magarinos.eu\/atandocabos\/blog\/2016\/11\/02\/el-dia-de-los-difuntos\/\" \/>\n<meta property=\"og:locale\" content=\"es_ES\" \/>\n<meta property=\"og:type\" content=\"article\" \/>\n<meta property=\"og:title\" content=\"El d\u00eda de difuntos - Atando Cabos\" \/>\n<meta property=\"og:description\" content=\"Aunque la tradici\u00f3n en Espa\u00f1a es visitar los cementerios y recordar a los difuntos durante el d\u00eda de todos los santos (el 1 de noviembre), en realidad, el d\u00eda de los difuntos es el 2&nbsp;de noviembre. En las investigaciones familiares los recordatorios son una gran ayuda. Mis abuelos conservaron unos 40 o 50 recordatorios de [&hellip;]\" \/>\n<meta property=\"og:url\" content=\"https:\/\/magarinos.eu\/atandocabos\/blog\/2016\/11\/02\/el-dia-de-los-difuntos\/\" \/>\n<meta property=\"og:site_name\" content=\"Atando Cabos\" \/>\n<meta property=\"article:published_time\" content=\"2016-11-02T22:57:50+00:00\" \/>\n<meta property=\"article:modified_time\" content=\"2022-07-19T05:32:46+00:00\" \/>\n<meta property=\"og:image\" content=\"https:\/\/magarinos.eu\/atandocabos\/wp-content\/uploads\/2016\/11\/carmen-llera-1938-recordatorio0002.jpg\" \/>\n\t<meta property=\"og:image:width\" content=\"394\" \/>\n\t<meta property=\"og:image:height\" content=\"609\" \/>\n\t<meta property=\"og:image:type\" content=\"image\/jpeg\" \/>\n<meta name=\"author\" content=\"Daniel Garc\u00eda Magari\u00f1os\" \/>\n<meta name=\"twitter:card\" content=\"summary_large_image\" \/>\n<meta name=\"twitter:label1\" content=\"Escrito por\" \/>\n\t<meta name=\"twitter:data1\" content=\"Daniel Garc\u00eda Magari\u00f1os\" \/>\n\t<meta name=\"twitter:label2\" content=\"Tiempo de lectura\" \/>\n\t<meta name=\"twitter:data2\" content=\"4 minutos\" \/>\n<script type=\"application\/ld+json\" class=\"yoast-schema-graph\">{\"@context\":\"https:\\\/\\\/schema.org\",\"@graph\":[{\"@type\":\"Article\",\"@id\":\"https:\\\/\\\/magarinos.eu\\\/atandocabos\\\/blog\\\/2016\\\/11\\\/02\\\/el-dia-de-los-difuntos\\\/#article\",\"isPartOf\":{\"@id\":\"https:\\\/\\\/magarinos.eu\\\/atandocabos\\\/blog\\\/2016\\\/11\\\/02\\\/el-dia-de-los-difuntos\\\/\"},\"author\":{\"name\":\"Daniel Garc\u00eda Magari\u00f1os\",\"@id\":\"https:\\\/\\\/magarinos.eu\\\/atandocabos\\\/#\\\/schema\\\/person\\\/ce62485d4bf8f9cc864369bb52591f1e\"},\"headline\":\"El d\u00eda de difuntos\",\"datePublished\":\"2016-11-02T22:57:50+00:00\",\"dateModified\":\"2022-07-19T05:32:46+00:00\",\"mainEntityOfPage\":{\"@id\":\"https:\\\/\\\/magarinos.eu\\\/atandocabos\\\/blog\\\/2016\\\/11\\\/02\\\/el-dia-de-los-difuntos\\\/\"},\"wordCount\":367,\"commentCount\":0,\"publisher\":{\"@id\":\"https:\\\/\\\/magarinos.eu\\\/atandocabos\\\/#organization\"},\"image\":{\"@id\":\"https:\\\/\\\/magarinos.eu\\\/atandocabos\\\/blog\\\/2016\\\/11\\\/02\\\/el-dia-de-los-difuntos\\\/#primaryimage\"},\"thumbnailUrl\":\"https:\\\/\\\/magarinos.eu\\\/atandocabos\\\/wp-content\\\/uploads\\\/2016\\\/11\\\/carmen-llera-1938-recordatorio0002.jpg\",\"keywords\":[\"Antonio Magari\u00f1os Garc\u00eda\",\"Baltasr prieto\",\"Carlos Magari\u00f1os Garc\u00eda\",\"Carmen Llera Guti\u00e9rrez\",\"Cipriana Mera\",\"Dia de difuntos\",\"Difuntos\",\"Dolores Ram\u00f3n Llera\",\"Emeterio Magari\u00f1os Mera\",\"Esquelas\",\"Juan Ram\u00f3n Vidal\",\"Manuel Magari\u00f1os Mera\",\"Mar\u00eda Ram\u00f3n Llera\",\"Matilde Torres\"],\"articleSection\":[\"Historias familiares\"],\"inLanguage\":\"es\",\"potentialAction\":[{\"@type\":\"CommentAction\",\"name\":\"Comment\",\"target\":[\"https:\\\/\\\/magarinos.eu\\\/atandocabos\\\/blog\\\/2016\\\/11\\\/02\\\/el-dia-de-los-difuntos\\\/#respond\"]}]},{\"@type\":\"WebPage\",\"@id\":\"https:\\\/\\\/magarinos.eu\\\/atandocabos\\\/blog\\\/2016\\\/11\\\/02\\\/el-dia-de-los-difuntos\\\/\",\"url\":\"https:\\\/\\\/magarinos.eu\\\/atandocabos\\\/blog\\\/2016\\\/11\\\/02\\\/el-dia-de-los-difuntos\\\/\",\"name\":\"El d\u00eda de difuntos - Atando Cabos\",\"isPartOf\":{\"@id\":\"https:\\\/\\\/magarinos.eu\\\/atandocabos\\\/#website\"},\"primaryImageOfPage\":{\"@id\":\"https:\\\/\\\/magarinos.eu\\\/atandocabos\\\/blog\\\/2016\\\/11\\\/02\\\/el-dia-de-los-difuntos\\\/#primaryimage\"},\"image\":{\"@id\":\"https:\\\/\\\/magarinos.eu\\\/atandocabos\\\/blog\\\/2016\\\/11\\\/02\\\/el-dia-de-los-difuntos\\\/#primaryimage\"},\"thumbnailUrl\":\"https:\\\/\\\/magarinos.eu\\\/atandocabos\\\/wp-content\\\/uploads\\\/2016\\\/11\\\/carmen-llera-1938-recordatorio0002.jpg\",\"datePublished\":\"2016-11-02T22:57:50+00:00\",\"dateModified\":\"2022-07-19T05:32:46+00:00\",\"breadcrumb\":{\"@id\":\"https:\\\/\\\/magarinos.eu\\\/atandocabos\\\/blog\\\/2016\\\/11\\\/02\\\/el-dia-de-los-difuntos\\\/#breadcrumb\"},\"inLanguage\":\"es\",\"potentialAction\":[{\"@type\":\"ReadAction\",\"target\":[\"https:\\\/\\\/magarinos.eu\\\/atandocabos\\\/blog\\\/2016\\\/11\\\/02\\\/el-dia-de-los-difuntos\\\/\"]}]},{\"@type\":\"ImageObject\",\"inLanguage\":\"es\",\"@id\":\"https:\\\/\\\/magarinos.eu\\\/atandocabos\\\/blog\\\/2016\\\/11\\\/02\\\/el-dia-de-los-difuntos\\\/#primaryimage\",\"url\":\"https:\\\/\\\/magarinos.eu\\\/atandocabos\\\/wp-content\\\/uploads\\\/2016\\\/11\\\/carmen-llera-1938-recordatorio0002.jpg\",\"contentUrl\":\"https:\\\/\\\/magarinos.eu\\\/atandocabos\\\/wp-content\\\/uploads\\\/2016\\\/11\\\/carmen-llera-1938-recordatorio0002.jpg\",\"width\":394,\"height\":609},{\"@type\":\"BreadcrumbList\",\"@id\":\"https:\\\/\\\/magarinos.eu\\\/atandocabos\\\/blog\\\/2016\\\/11\\\/02\\\/el-dia-de-los-difuntos\\\/#breadcrumb\",\"itemListElement\":[{\"@type\":\"ListItem\",\"position\":1,\"name\":\"Portada\",\"item\":\"https:\\\/\\\/magarinos.eu\\\/atandocabos\\\/\"},{\"@type\":\"ListItem\",\"position\":2,\"name\":\"El d\u00eda de difuntos\"}]},{\"@type\":\"WebSite\",\"@id\":\"https:\\\/\\\/magarinos.eu\\\/atandocabos\\\/#website\",\"url\":\"https:\\\/\\\/magarinos.eu\\\/atandocabos\\\/\",\"name\":\"Atando Cabos\",\"description\":\"Una p\u00e1gina web de la familia Magari\u00f1os Ram\u00f3n\",\"publisher\":{\"@id\":\"https:\\\/\\\/magarinos.eu\\\/atandocabos\\\/#organization\"},\"potentialAction\":[{\"@type\":\"SearchAction\",\"target\":{\"@type\":\"EntryPoint\",\"urlTemplate\":\"https:\\\/\\\/magarinos.eu\\\/atandocabos\\\/?s={search_term_string}\"},\"query-input\":{\"@type\":\"PropertyValueSpecification\",\"valueRequired\":true,\"valueName\":\"search_term_string\"}}],\"inLanguage\":\"es\"},{\"@type\":\"Organization\",\"@id\":\"https:\\\/\\\/magarinos.eu\\\/atandocabos\\\/#organization\",\"name\":\"Atando Cabos\",\"url\":\"https:\\\/\\\/magarinos.eu\\\/atandocabos\\\/\",\"logo\":{\"@type\":\"ImageObject\",\"inLanguage\":\"es\",\"@id\":\"https:\\\/\\\/magarinos.eu\\\/atandocabos\\\/#\\\/schema\\\/logo\\\/image\\\/\",\"url\":\"https:\\\/\\\/magarinos.eu\\\/atandocabos\\\/wp-content\\\/uploads\\\/2022\\\/06\\\/cropped-cropped-Caballero_Anciano.jpg\",\"contentUrl\":\"https:\\\/\\\/magarinos.eu\\\/atandocabos\\\/wp-content\\\/uploads\\\/2022\\\/06\\\/cropped-cropped-Caballero_Anciano.jpg\",\"width\":512,\"height\":512,\"caption\":\"Atando Cabos\"},\"image\":{\"@id\":\"https:\\\/\\\/magarinos.eu\\\/atandocabos\\\/#\\\/schema\\\/logo\\\/image\\\/\"}},{\"@type\":\"Person\",\"@id\":\"https:\\\/\\\/magarinos.eu\\\/atandocabos\\\/#\\\/schema\\\/person\\\/ce62485d4bf8f9cc864369bb52591f1e\",\"name\":\"Daniel Garc\u00eda Magari\u00f1os\",\"image\":{\"@type\":\"ImageObject\",\"inLanguage\":\"es\",\"@id\":\"https:\\\/\\\/secure.gravatar.com\\\/avatar\\\/a7c7a82edf145a1bb8c32117ac59cb3be1c2c760796caff2df495a17896be288?s=96&d=mm&r=g\",\"url\":\"https:\\\/\\\/secure.gravatar.com\\\/avatar\\\/a7c7a82edf145a1bb8c32117ac59cb3be1c2c760796caff2df495a17896be288?s=96&d=mm&r=g\",\"contentUrl\":\"https:\\\/\\\/secure.gravatar.com\\\/avatar\\\/a7c7a82edf145a1bb8c32117ac59cb3be1c2c760796caff2df495a17896be288?s=96&d=mm&r=g\",\"caption\":\"Daniel Garc\u00eda Magari\u00f1os\"},\"url\":\"https:\\\/\\\/magarinos.eu\\\/atandocabos\\\/blog\\\/author\\\/dgarcia\\\/\"}]}<\/script>\n<!-- \/ Yoast SEO plugin. -->","yoast_head_json":{"title":"El d\u00eda de difuntos - Atando Cabos","robots":{"index":"index","follow":"follow","max-snippet":"max-snippet:-1","max-image-preview":"max-image-preview:large","max-video-preview":"max-video-preview:-1"},"canonical":"https:\/\/magarinos.eu\/atandocabos\/blog\/2016\/11\/02\/el-dia-de-los-difuntos\/","og_locale":"es_ES","og_type":"article","og_title":"El d\u00eda de difuntos - Atando Cabos","og_description":"Aunque la tradici\u00f3n en Espa\u00f1a es visitar los cementerios y recordar a los difuntos durante el d\u00eda de todos los santos (el 1 de noviembre), en realidad, el d\u00eda de los difuntos es el 2&nbsp;de noviembre. En las investigaciones familiares los recordatorios son una gran ayuda. Mis abuelos conservaron unos 40 o 50 recordatorios de [&hellip;]","og_url":"https:\/\/magarinos.eu\/atandocabos\/blog\/2016\/11\/02\/el-dia-de-los-difuntos\/","og_site_name":"Atando Cabos","article_published_time":"2016-11-02T22:57:50+00:00","article_modified_time":"2022-07-19T05:32:46+00:00","og_image":[{"width":394,"height":609,"url":"https:\/\/magarinos.eu\/atandocabos\/wp-content\/uploads\/2016\/11\/carmen-llera-1938-recordatorio0002.jpg","type":"image\/jpeg"}],"author":"Daniel Garc\u00eda Magari\u00f1os","twitter_card":"summary_large_image","twitter_misc":{"Escrito por":"Daniel Garc\u00eda Magari\u00f1os","Tiempo de lectura":"4 minutos"},"schema":{"@context":"https:\/\/schema.org","@graph":[{"@type":"Article","@id":"https:\/\/magarinos.eu\/atandocabos\/blog\/2016\/11\/02\/el-dia-de-los-difuntos\/#article","isPartOf":{"@id":"https:\/\/magarinos.eu\/atandocabos\/blog\/2016\/11\/02\/el-dia-de-los-difuntos\/"},"author":{"name":"Daniel Garc\u00eda Magari\u00f1os","@id":"https:\/\/magarinos.eu\/atandocabos\/#\/schema\/person\/ce62485d4bf8f9cc864369bb52591f1e"},"headline":"El d\u00eda de difuntos","datePublished":"2016-11-02T22:57:50+00:00","dateModified":"2022-07-19T05:32:46+00:00","mainEntityOfPage":{"@id":"https:\/\/magarinos.eu\/atandocabos\/blog\/2016\/11\/02\/el-dia-de-los-difuntos\/"},"wordCount":367,"commentCount":0,"publisher":{"@id":"https:\/\/magarinos.eu\/atandocabos\/#organization"},"image":{"@id":"https:\/\/magarinos.eu\/atandocabos\/blog\/2016\/11\/02\/el-dia-de-los-difuntos\/#primaryimage"},"thumbnailUrl":"https:\/\/magarinos.eu\/atandocabos\/wp-content\/uploads\/2016\/11\/carmen-llera-1938-recordatorio0002.jpg","keywords":["Antonio Magari\u00f1os Garc\u00eda","Baltasr prieto","Carlos Magari\u00f1os Garc\u00eda","Carmen Llera Guti\u00e9rrez","Cipriana Mera","Dia de difuntos","Difuntos","Dolores Ram\u00f3n Llera","Emeterio Magari\u00f1os Mera","Esquelas","Juan Ram\u00f3n Vidal","Manuel Magari\u00f1os Mera","Mar\u00eda Ram\u00f3n Llera","Matilde Torres"],"articleSection":["Historias familiares"],"inLanguage":"es","potentialAction":[{"@type":"CommentAction","name":"Comment","target":["https:\/\/magarinos.eu\/atandocabos\/blog\/2016\/11\/02\/el-dia-de-los-difuntos\/#respond"]}]},{"@type":"WebPage","@id":"https:\/\/magarinos.eu\/atandocabos\/blog\/2016\/11\/02\/el-dia-de-los-difuntos\/","url":"https:\/\/magarinos.eu\/atandocabos\/blog\/2016\/11\/02\/el-dia-de-los-difuntos\/","name":"El d\u00eda de difuntos - Atando Cabos","isPartOf":{"@id":"https:\/\/magarinos.eu\/atandocabos\/#website"},"primaryImageOfPage":{"@id":"https:\/\/magarinos.eu\/atandocabos\/blog\/2016\/11\/02\/el-dia-de-los-difuntos\/#primaryimage"},"image":{"@id":"https:\/\/magarinos.eu\/atandocabos\/blog\/2016\/11\/02\/el-dia-de-los-difuntos\/#primaryimage"},"thumbnailUrl":"https:\/\/magarinos.eu\/atandocabos\/wp-content\/uploads\/2016\/11\/carmen-llera-1938-recordatorio0002.jpg","datePublished":"2016-11-02T22:57:50+00:00","dateModified":"2022-07-19T05:32:46+00:00","breadcrumb":{"@id":"https:\/\/magarinos.eu\/atandocabos\/blog\/2016\/11\/02\/el-dia-de-los-difuntos\/#breadcrumb"},"inLanguage":"es","potentialAction":[{"@type":"ReadAction","target":["https:\/\/magarinos.eu\/atandocabos\/blog\/2016\/11\/02\/el-dia-de-los-difuntos\/"]}]},{"@type":"ImageObject","inLanguage":"es","@id":"https:\/\/magarinos.eu\/atandocabos\/blog\/2016\/11\/02\/el-dia-de-los-difuntos\/#primaryimage","url":"https:\/\/magarinos.eu\/atandocabos\/wp-content\/uploads\/2016\/11\/carmen-llera-1938-recordatorio0002.jpg","contentUrl":"https:\/\/magarinos.eu\/atandocabos\/wp-content\/uploads\/2016\/11\/carmen-llera-1938-recordatorio0002.jpg","width":394,"height":609},{"@type":"BreadcrumbList","@id":"https:\/\/magarinos.eu\/atandocabos\/blog\/2016\/11\/02\/el-dia-de-los-difuntos\/#breadcrumb","itemListElement":[{"@type":"ListItem","position":1,"name":"Portada","item":"https:\/\/magarinos.eu\/atandocabos\/"},{"@type":"ListItem","position":2,"name":"El d\u00eda de difuntos"}]},{"@type":"WebSite","@id":"https:\/\/magarinos.eu\/atandocabos\/#website","url":"https:\/\/magarinos.eu\/atandocabos\/","name":"Atando Cabos","description":"Una p\u00e1gina web de la familia Magari\u00f1os Ram\u00f3n","publisher":{"@id":"https:\/\/magarinos.eu\/atandocabos\/#organization"},"potentialAction":[{"@type":"SearchAction","target":{"@type":"EntryPoint","urlTemplate":"https:\/\/magarinos.eu\/atandocabos\/?s={search_term_string}"},"query-input":{"@type":"PropertyValueSpecification","valueRequired":true,"valueName":"search_term_string"}}],"inLanguage":"es"},{"@type":"Organization","@id":"https:\/\/magarinos.eu\/atandocabos\/#organization","name":"Atando Cabos","url":"https:\/\/magarinos.eu\/atandocabos\/","logo":{"@type":"ImageObject","inLanguage":"es","@id":"https:\/\/magarinos.eu\/atandocabos\/#\/schema\/logo\/image\/","url":"https:\/\/magarinos.eu\/atandocabos\/wp-content\/uploads\/2022\/06\/cropped-cropped-Caballero_Anciano.jpg","contentUrl":"https:\/\/magarinos.eu\/atandocabos\/wp-content\/uploads\/2022\/06\/cropped-cropped-Caballero_Anciano.jpg","width":512,"height":512,"caption":"Atando Cabos"},"image":{"@id":"https:\/\/magarinos.eu\/atandocabos\/#\/schema\/logo\/image\/"}},{"@type":"Person","@id":"https:\/\/magarinos.eu\/atandocabos\/#\/schema\/person\/ce62485d4bf8f9cc864369bb52591f1e","name":"Daniel Garc\u00eda Magari\u00f1os","image":{"@type":"ImageObject","inLanguage":"es","@id":"https:\/\/secure.gravatar.com\/avatar\/a7c7a82edf145a1bb8c32117ac59cb3be1c2c760796caff2df495a17896be288?s=96&d=mm&r=g","url":"https:\/\/secure.gravatar.com\/avatar\/a7c7a82edf145a1bb8c32117ac59cb3be1c2c760796caff2df495a17896be288?s=96&d=mm&r=g","contentUrl":"https:\/\/secure.gravatar.com\/avatar\/a7c7a82edf145a1bb8c32117ac59cb3be1c2c760796caff2df495a17896be288?s=96&d=mm&r=g","caption":"Daniel Garc\u00eda Magari\u00f1os"},"url":"https:\/\/magarinos.eu\/atandocabos\/blog\/author\/dgarcia\/"}]}},"_links":{"self":[{"href":"https:\/\/magarinos.eu\/atandocabos\/wp-json\/wp\/v2\/posts\/1665","targetHints":{"allow":["GET"]}}],"collection":[{"href":"https:\/\/magarinos.eu\/atandocabos\/wp-json\/wp\/v2\/posts"}],"about":[{"href":"https:\/\/magarinos.eu\/atandocabos\/wp-json\/wp\/v2\/types\/post"}],"author":[{"embeddable":true,"href":"https:\/\/magarinos.eu\/atandocabos\/wp-json\/wp\/v2\/users\/1"}],"replies":[{"embeddable":true,"href":"https:\/\/magarinos.eu\/atandocabos\/wp-json\/wp\/v2\/comments?post=1665"}],"version-history":[{"count":0,"href":"https:\/\/magarinos.eu\/atandocabos\/wp-json\/wp\/v2\/posts\/1665\/revisions"}],"wp:featuredmedia":[{"embeddable":true,"href":"https:\/\/magarinos.eu\/atandocabos\/wp-json\/wp\/v2\/media\/1737"}],"wp:attachment":[{"href":"https:\/\/magarinos.eu\/atandocabos\/wp-json\/wp\/v2\/media?parent=1665"}],"wp:term":[{"taxonomy":"category","embeddable":true,"href":"https:\/\/magarinos.eu\/atandocabos\/wp-json\/wp\/v2\/categories?post=1665"},{"taxonomy":"post_tag","embeddable":true,"href":"https:\/\/magarinos.eu\/atandocabos\/wp-json\/wp\/v2\/tags?post=1665"}],"curies":[{"name":"wp","href":"https:\/\/api.w.org\/{rel}","templated":true}]}}