{"id":1565,"date":"2016-10-12T21:58:57","date_gmt":"2016-10-12T21:58:57","guid":{"rendered":"https:\/\/atandocabosweb.wordpress.com\/?p=1565"},"modified":"2022-07-19T00:19:12","modified_gmt":"2022-07-18T22:19:12","slug":"12-de-octubre-dia-de-la-hispanidad","status":"publish","type":"post","link":"https:\/\/magarinos.eu\/atandocabos\/blog\/2016\/10\/12\/12-de-octubre-dia-de-la-hispanidad\/","title":{"rendered":"12 de Octubre: D\u00eda de la Hispanidad"},"content":{"rendered":"\n<p>El d\u00eda de la fiesta nacional es inevitable pensar en <a href=\"https:\/\/www.youtube.com\/watch?v=-oUo80SSnoc\" target=\"_blank\" rel=\"noopener\">Brassens<\/a>.<\/p>\n\n\n\n<p>En la familia siempre hemos sido muy de cantautores como Sabina, S\u00e1nchez Ferlosio, Sisa, Krahe, Mar\u00eda del Mar Bonet y, por su puesto, Brassens, que en su famosa&nbsp;canci\u00f3n&nbsp;<em>La mala reputaci\u00f3n&nbsp;<\/em>cantaba aquello de:<\/p>\n\n\n\n<p class=\"has-text-align-left\">\u00bfQue es el 12 de Octubre hoy?:<br>en mi camita yo me estoy;<br>y si suena la music\u00e1,<br>yo, ni me viene ni me va.<br>Y no s\u00e9 que a nadie le perjudique<br>porque a los desfiles no me dedique.<\/p>\n\n\n\n<p class=\"has-text-align-left\"><a href=\"https:\/\/www.youtube.com\/watch?v=9ruRW5E72FA\" target=\"_blank\" rel=\"noopener\">Aqu\u00ed una versi\u00f3n en espa\u00f1ol en YouTube<\/a> y aqu\u00ed <a href=\"https:\/\/www.youtube.com\/watch?v=26Nuj6dhte8\" target=\"_blank\" rel=\"noopener\">la versi\u00f3n original cantada por Brassens<\/a>.<\/p>\n\n\n\n<p class=\"has-text-align-left\">As\u00ed que para hoy ten\u00edamos dos opciones:<\/p>\n\n\n\n<p class=\"has-text-align-left\"><strong>Opci\u00f3n A:<\/strong> contar batallitas de c\u00f3mo en mi casa nos pon\u00edan a Brassens una y otra vez hasta que nos tuvo que gustar o c\u00f3mo uno de mis t\u00edos nos cantaba <a href=\"https:\/\/www.youtube.com\/watch?v=pHILGng0mOI\" target=\"_blank\" rel=\"noopener\">Fernande<\/a> cuando ya \u00e9ramos m\u00e1s mayores.<\/p>\n\n\n\n<p class=\"has-text-align-left\"><strong>Opci\u00f3n B:<\/strong> hablar del Magari\u00f1os que m\u00e1s se ocupado de la cuesti\u00f3n de la Hispanidad.&nbsp;<strong>Santiago Magari\u00f1os Torres de Mera <\/strong>(como a veces firmaba). Esto es mucho m\u00e1s interesante as\u00ed que vamos con ello.<\/p>\n\n\n\n<h1 class=\"wp-block-heading\">Santiago Magari\u00f1os Torres: encarcelado por la Rep\u00fablica y exiliado por Franco<\/h1>\n\n\n\n<p class=\"has-text-align-left\">Santiago Magari\u00f1os (1902-1977) era hijo de <a href=\"https:\/\/magarinos.eu\/atandocabos\/la-vaqueria-del-tio-emeterio\/\">Emeterio Magari\u00f1os, el de la vaquer\u00eda<\/a>,\u00a0y de <strong>Maltide de Torres Cap\u00f3n<\/strong>; era\u00a0por, lo tanto primo de Carlos y de Antonio Magari\u00f1os:<\/p>\n\n\n\n<figure class=\"wp-block-image aligncenter\"><a href=\"https:\/\/magarinos.eu\/atandocabos\/Archives\/Tree\/Magarinos.pdf\" target=\"_blank\" rel=\"noopener\"><img decoding=\"async\" src=\"data:image\/gif;base64,R0lGODlhAQABAIAAAAAAAP\/\/\/yH5BAEAAAAALAAAAAABAAEAAAIBRAA7\" data-src=\"https:\/\/magarinos.eu\/atandocabos\/wp-content\/uploads\/2016\/10\/magaric3b1os-mera1.png\" alt=\"Magari\u00f1os Mera.png\" class=\"wp-image-1661 lazyload\"\/><noscript><img loading=\"lazy\" decoding=\"async\" width=\"762\" height=\"475\" src=\"https:\/\/magarinos.eu\/atandocabos\/wp-content\/uploads\/2016\/10\/magaric3b1os-mera1.png\" alt=\"Magari\u00f1os Mera.png\" class=\"wp-image-1661 lazyload\" srcset=\"https:\/\/magarinos.eu\/atandocabos\/wp-content\/uploads\/2016\/10\/magaric3b1os-mera1.png 762w, https:\/\/magarinos.eu\/atandocabos\/wp-content\/uploads\/2016\/10\/magaric3b1os-mera1-300x187.png 300w\" sizes=\"auto, (max-width: 762px) 100vw, 762px\" \/><\/noscript><\/a><\/figure>\n\n\n\n<p class=\"has-text-align-left\"><\/p>\n\n\n\n<figure class=\"wp-block-image aligncenter\"><img decoding=\"async\" src=\"data:image\/gif;base64,R0lGODlhAQABAIAAAAAAAP\/\/\/yH5BAEAAAAALAAAAAABAAEAAAIBRAA7\" data-src=\"https:\/\/magarinos.eu\/atandocabos\/wp-content\/uploads\/2016\/10\/santiago-magaric3b1os1.png\" alt=\"santiago-magarinos1\" class=\"wp-image-1639 lazyload\"\/><noscript><img loading=\"lazy\" decoding=\"async\" width=\"207\" height=\"350\" src=\"https:\/\/magarinos.eu\/atandocabos\/wp-content\/uploads\/2016\/10\/santiago-magaric3b1os1.png\" alt=\"santiago-magarinos1\" class=\"wp-image-1639 lazyload\" srcset=\"https:\/\/magarinos.eu\/atandocabos\/wp-content\/uploads\/2016\/10\/santiago-magaric3b1os1.png 207w, https:\/\/magarinos.eu\/atandocabos\/wp-content\/uploads\/2016\/10\/santiago-magaric3b1os1-177x300.png 177w\" sizes=\"auto, (max-width: 207px) 100vw, 207px\" \/><\/noscript><\/figure>\n\n\n\n<p class=\"has-text-align-left\">Aqu\u00ed van unos apuntes bibliogr\u00e1ficos r\u00e1pidos:<\/p>\n\n\n\n<ul class=\"wp-block-list\"><li>Naci\u00f3 en Madrid en 1902.<\/li><li>En 1930 se publica su tesis doctoral \u00abEl problema de la tierra en M\u00e9jico y la constituci\u00f3n socialista de 1917\u00bb.<\/li><li>En Julio de 1936, al principio de la guerra, es detenido y encarcelado en la c\u00e1rcel de Ventas, en Madrid, donde comparte celda con Ramiro de Maeztu, cuyos \u00faltimos momentos antes de su fusilamiento relat\u00f3 en el libro <em>Quijotes de Espa\u00f1a<\/em>. Esos mismos d\u00edas, sus primos Carlos y Antonio Magari\u00f1os estaban en la c\u00e1rcel de <a href=\"https:\/\/magarinos.eu\/atandocabos\/1936_guerra_familia_magarinos_ramon\/\" target=\"_blank\" rel=\"noreferrer noopener\">Duque de Sesto<\/a>.<\/li><li>En diciembre de 1936 es absuelto del delito de <strong>Desafecci\u00f3n al R\u00e9gimen\u00a0<\/strong>(de la rep\u00fablica) y puesto en libertad.<\/li><li>En diciembre de 1939 form\u00f3 parte como secretario del tribunal que examin\u00f3 la tesis doctoral de Jos\u00e9 Mar\u00eda Escriv\u00e1 y Balaguer, fundador del Opus Dei.<\/li><li>Fue profesor de Derecho en la Universidad Central.<\/li><li>En 1940, se crea el <a href=\"https:\/\/es.wikipedia.org\/wiki\/Consejo_de_la_Hispanidad\" target=\"_blank\" rel=\"noopener\">Consejo de la Hispanidad<\/a>, del que Santiago Magari\u00f1os fue secretario. Compagina este cargo con su c\u00e1tedra en la universidad.El Consejo de la Hispanidad fue cerrado en 1945 porque su ideolog\u00eda falangista era demasiado radical para el franquismo del final de segunda guerra mundial.<\/li><li>En los a\u00f1os 40 fue director de <a href=\"https:\/\/es.wikipedia.org\/wiki\/Instituto_de_Cultura_Hisp%C3%A1nica\" target=\"_blank\" rel=\"noopener\">Instituto de Cultura Hisp\u00e1nica<\/a>, organizaci\u00f3n sucesora del Consejo de la Hispanidad y que ahora es la Agencia Espa\u00f1ola de Cooperaci\u00f3n Internacional para el Desarrollo.<\/li><li>En 1952, participa en una edici\u00f3n de las obras de Miguel Hern\u00e1ndez por el Instituto de Cultura Hisp\u00e1nica. Esto fuerza su destituci\u00f3n de todos sus cargos y su exilio en Venezuela donde realiza una intensa labor intelectual en la Universidad de Caracas.<\/li><li>Muere en 1979 en Caracas a los 77 a\u00f1os sin haber podido volver a Espa\u00f1a.<\/li><\/ul>\n\n\n\n<p class=\"has-text-align-left\">&nbsp;<\/p>\n","protected":false},"excerpt":{"rendered":"<p>El d\u00eda de la fiesta nacional es inevitable pensar en Brassens. En la familia siempre hemos sido muy de cantautores como Sabina, S\u00e1nchez Ferlosio, Sisa, Krahe, Mar\u00eda del Mar Bonet y, por su puesto, Brassens, que en su famosa&nbsp;canci\u00f3n&nbsp;La mala reputaci\u00f3n&nbsp;cantaba aquello de: \u00bfQue es el 12 de Octubre hoy?:en mi camita yo me estoy;y [&hellip;]<\/p>\n","protected":false},"author":1,"featured_media":1639,"comment_status":"open","ping_status":"open","sticky":false,"template":"","format":"standard","meta":{"footnotes":""},"categories":[4,5],"tags":[12,25,132],"class_list":["post-1565","post","type-post","status-publish","format-standard","has-post-thumbnail","hentry","category-guerra-civil-espanola","category-historias-familiares","tag-antonio-magarinos-garcia","tag-carlos-magarinos-garcia","tag-santiago-magarinos-torres"],"blocksy_meta":{"styles_descriptor":{"styles":{"desktop":"","tablet":"","mobile":""},"google_fonts":[],"version":6}},"yoast_head":"<!-- This site is optimized with the Yoast SEO plugin v27.5 - https:\/\/yoast.com\/product\/yoast-seo-wordpress\/ -->\n<title>12 de Octubre: D\u00eda de la Hispanidad - Atando Cabos<\/title>\n<meta name=\"robots\" content=\"index, follow, max-snippet:-1, max-image-preview:large, max-video-preview:-1\" \/>\n<link rel=\"canonical\" href=\"https:\/\/magarinos.eu\/atandocabos\/blog\/2016\/10\/12\/12-de-octubre-dia-de-la-hispanidad\/\" \/>\n<meta property=\"og:locale\" content=\"es_ES\" \/>\n<meta property=\"og:type\" content=\"article\" \/>\n<meta property=\"og:title\" content=\"12 de Octubre: D\u00eda de la Hispanidad - Atando Cabos\" \/>\n<meta property=\"og:description\" content=\"El d\u00eda de la fiesta nacional es inevitable pensar en Brassens. En la familia siempre hemos sido muy de cantautores como Sabina, S\u00e1nchez Ferlosio, Sisa, Krahe, Mar\u00eda del Mar Bonet y, por su puesto, Brassens, que en su famosa&nbsp;canci\u00f3n&nbsp;La mala reputaci\u00f3n&nbsp;cantaba aquello de: \u00bfQue es el 12 de Octubre hoy?:en mi camita yo me estoy;y [&hellip;]\" \/>\n<meta property=\"og:url\" content=\"https:\/\/magarinos.eu\/atandocabos\/blog\/2016\/10\/12\/12-de-octubre-dia-de-la-hispanidad\/\" \/>\n<meta property=\"og:site_name\" content=\"Atando Cabos\" \/>\n<meta property=\"article:published_time\" content=\"2016-10-12T21:58:57+00:00\" \/>\n<meta property=\"article:modified_time\" content=\"2022-07-18T22:19:12+00:00\" \/>\n<meta property=\"og:image\" content=\"https:\/\/magarinos.eu\/atandocabos\/wp-content\/uploads\/2016\/10\/santiago-magaric3b1os1.png\" \/>\n\t<meta property=\"og:image:width\" content=\"207\" \/>\n\t<meta property=\"og:image:height\" content=\"350\" \/>\n\t<meta property=\"og:image:type\" content=\"image\/png\" \/>\n<meta name=\"author\" content=\"Daniel Garc\u00eda Magari\u00f1os\" \/>\n<meta name=\"twitter:card\" content=\"summary_large_image\" \/>\n<meta name=\"twitter:label1\" content=\"Escrito por\" \/>\n\t<meta name=\"twitter:data1\" content=\"Daniel Garc\u00eda Magari\u00f1os\" \/>\n\t<meta name=\"twitter:label2\" content=\"Tiempo de lectura\" \/>\n\t<meta name=\"twitter:data2\" content=\"3 minutos\" \/>\n<script type=\"application\/ld+json\" class=\"yoast-schema-graph\">{\"@context\":\"https:\\\/\\\/schema.org\",\"@graph\":[{\"@type\":\"Article\",\"@id\":\"https:\\\/\\\/magarinos.eu\\\/atandocabos\\\/blog\\\/2016\\\/10\\\/12\\\/12-de-octubre-dia-de-la-hispanidad\\\/#article\",\"isPartOf\":{\"@id\":\"https:\\\/\\\/magarinos.eu\\\/atandocabos\\\/blog\\\/2016\\\/10\\\/12\\\/12-de-octubre-dia-de-la-hispanidad\\\/\"},\"author\":{\"name\":\"Daniel Garc\u00eda Magari\u00f1os\",\"@id\":\"https:\\\/\\\/magarinos.eu\\\/atandocabos\\\/#\\\/schema\\\/person\\\/ce62485d4bf8f9cc864369bb52591f1e\"},\"headline\":\"12 de Octubre: D\u00eda de la Hispanidad\",\"datePublished\":\"2016-10-12T21:58:57+00:00\",\"dateModified\":\"2022-07-18T22:19:12+00:00\",\"mainEntityOfPage\":{\"@id\":\"https:\\\/\\\/magarinos.eu\\\/atandocabos\\\/blog\\\/2016\\\/10\\\/12\\\/12-de-octubre-dia-de-la-hispanidad\\\/\"},\"wordCount\":550,\"commentCount\":0,\"publisher\":{\"@id\":\"https:\\\/\\\/magarinos.eu\\\/atandocabos\\\/#organization\"},\"image\":{\"@id\":\"https:\\\/\\\/magarinos.eu\\\/atandocabos\\\/blog\\\/2016\\\/10\\\/12\\\/12-de-octubre-dia-de-la-hispanidad\\\/#primaryimage\"},\"thumbnailUrl\":\"https:\\\/\\\/magarinos.eu\\\/atandocabos\\\/wp-content\\\/uploads\\\/2016\\\/10\\\/santiago-magaric3b1os1.png\",\"keywords\":[\"Antonio Magari\u00f1os Garc\u00eda\",\"Carlos Magari\u00f1os Garc\u00eda\",\"Santiago Magari\u00f1os Torres\"],\"articleSection\":[\"Guerra Civil Espa\u00f1ola\",\"Historias familiares\"],\"inLanguage\":\"es\",\"potentialAction\":[{\"@type\":\"CommentAction\",\"name\":\"Comment\",\"target\":[\"https:\\\/\\\/magarinos.eu\\\/atandocabos\\\/blog\\\/2016\\\/10\\\/12\\\/12-de-octubre-dia-de-la-hispanidad\\\/#respond\"]}]},{\"@type\":\"WebPage\",\"@id\":\"https:\\\/\\\/magarinos.eu\\\/atandocabos\\\/blog\\\/2016\\\/10\\\/12\\\/12-de-octubre-dia-de-la-hispanidad\\\/\",\"url\":\"https:\\\/\\\/magarinos.eu\\\/atandocabos\\\/blog\\\/2016\\\/10\\\/12\\\/12-de-octubre-dia-de-la-hispanidad\\\/\",\"name\":\"12 de Octubre: D\u00eda de la Hispanidad - Atando Cabos\",\"isPartOf\":{\"@id\":\"https:\\\/\\\/magarinos.eu\\\/atandocabos\\\/#website\"},\"primaryImageOfPage\":{\"@id\":\"https:\\\/\\\/magarinos.eu\\\/atandocabos\\\/blog\\\/2016\\\/10\\\/12\\\/12-de-octubre-dia-de-la-hispanidad\\\/#primaryimage\"},\"image\":{\"@id\":\"https:\\\/\\\/magarinos.eu\\\/atandocabos\\\/blog\\\/2016\\\/10\\\/12\\\/12-de-octubre-dia-de-la-hispanidad\\\/#primaryimage\"},\"thumbnailUrl\":\"https:\\\/\\\/magarinos.eu\\\/atandocabos\\\/wp-content\\\/uploads\\\/2016\\\/10\\\/santiago-magaric3b1os1.png\",\"datePublished\":\"2016-10-12T21:58:57+00:00\",\"dateModified\":\"2022-07-18T22:19:12+00:00\",\"breadcrumb\":{\"@id\":\"https:\\\/\\\/magarinos.eu\\\/atandocabos\\\/blog\\\/2016\\\/10\\\/12\\\/12-de-octubre-dia-de-la-hispanidad\\\/#breadcrumb\"},\"inLanguage\":\"es\",\"potentialAction\":[{\"@type\":\"ReadAction\",\"target\":[\"https:\\\/\\\/magarinos.eu\\\/atandocabos\\\/blog\\\/2016\\\/10\\\/12\\\/12-de-octubre-dia-de-la-hispanidad\\\/\"]}]},{\"@type\":\"ImageObject\",\"inLanguage\":\"es\",\"@id\":\"https:\\\/\\\/magarinos.eu\\\/atandocabos\\\/blog\\\/2016\\\/10\\\/12\\\/12-de-octubre-dia-de-la-hispanidad\\\/#primaryimage\",\"url\":\"https:\\\/\\\/magarinos.eu\\\/atandocabos\\\/wp-content\\\/uploads\\\/2016\\\/10\\\/santiago-magaric3b1os1.png\",\"contentUrl\":\"https:\\\/\\\/magarinos.eu\\\/atandocabos\\\/wp-content\\\/uploads\\\/2016\\\/10\\\/santiago-magaric3b1os1.png\",\"width\":207,\"height\":350},{\"@type\":\"BreadcrumbList\",\"@id\":\"https:\\\/\\\/magarinos.eu\\\/atandocabos\\\/blog\\\/2016\\\/10\\\/12\\\/12-de-octubre-dia-de-la-hispanidad\\\/#breadcrumb\",\"itemListElement\":[{\"@type\":\"ListItem\",\"position\":1,\"name\":\"Portada\",\"item\":\"https:\\\/\\\/magarinos.eu\\\/atandocabos\\\/\"},{\"@type\":\"ListItem\",\"position\":2,\"name\":\"12 de Octubre: D\u00eda de la Hispanidad\"}]},{\"@type\":\"WebSite\",\"@id\":\"https:\\\/\\\/magarinos.eu\\\/atandocabos\\\/#website\",\"url\":\"https:\\\/\\\/magarinos.eu\\\/atandocabos\\\/\",\"name\":\"Atando Cabos\",\"description\":\"Una p\u00e1gina web de la familia Magari\u00f1os Ram\u00f3n\",\"publisher\":{\"@id\":\"https:\\\/\\\/magarinos.eu\\\/atandocabos\\\/#organization\"},\"potentialAction\":[{\"@type\":\"SearchAction\",\"target\":{\"@type\":\"EntryPoint\",\"urlTemplate\":\"https:\\\/\\\/magarinos.eu\\\/atandocabos\\\/?s={search_term_string}\"},\"query-input\":{\"@type\":\"PropertyValueSpecification\",\"valueRequired\":true,\"valueName\":\"search_term_string\"}}],\"inLanguage\":\"es\"},{\"@type\":\"Organization\",\"@id\":\"https:\\\/\\\/magarinos.eu\\\/atandocabos\\\/#organization\",\"name\":\"Atando Cabos\",\"url\":\"https:\\\/\\\/magarinos.eu\\\/atandocabos\\\/\",\"logo\":{\"@type\":\"ImageObject\",\"inLanguage\":\"es\",\"@id\":\"https:\\\/\\\/magarinos.eu\\\/atandocabos\\\/#\\\/schema\\\/logo\\\/image\\\/\",\"url\":\"https:\\\/\\\/magarinos.eu\\\/atandocabos\\\/wp-content\\\/uploads\\\/2022\\\/06\\\/cropped-cropped-Caballero_Anciano.jpg\",\"contentUrl\":\"https:\\\/\\\/magarinos.eu\\\/atandocabos\\\/wp-content\\\/uploads\\\/2022\\\/06\\\/cropped-cropped-Caballero_Anciano.jpg\",\"width\":512,\"height\":512,\"caption\":\"Atando Cabos\"},\"image\":{\"@id\":\"https:\\\/\\\/magarinos.eu\\\/atandocabos\\\/#\\\/schema\\\/logo\\\/image\\\/\"}},{\"@type\":\"Person\",\"@id\":\"https:\\\/\\\/magarinos.eu\\\/atandocabos\\\/#\\\/schema\\\/person\\\/ce62485d4bf8f9cc864369bb52591f1e\",\"name\":\"Daniel Garc\u00eda Magari\u00f1os\",\"image\":{\"@type\":\"ImageObject\",\"inLanguage\":\"es\",\"@id\":\"https:\\\/\\\/secure.gravatar.com\\\/avatar\\\/a7c7a82edf145a1bb8c32117ac59cb3be1c2c760796caff2df495a17896be288?s=96&d=mm&r=g\",\"url\":\"https:\\\/\\\/secure.gravatar.com\\\/avatar\\\/a7c7a82edf145a1bb8c32117ac59cb3be1c2c760796caff2df495a17896be288?s=96&d=mm&r=g\",\"contentUrl\":\"https:\\\/\\\/secure.gravatar.com\\\/avatar\\\/a7c7a82edf145a1bb8c32117ac59cb3be1c2c760796caff2df495a17896be288?s=96&d=mm&r=g\",\"caption\":\"Daniel Garc\u00eda Magari\u00f1os\"},\"url\":\"https:\\\/\\\/magarinos.eu\\\/atandocabos\\\/blog\\\/author\\\/dgarcia\\\/\"}]}<\/script>\n<!-- \/ Yoast SEO plugin. -->","yoast_head_json":{"title":"12 de Octubre: D\u00eda de la Hispanidad - Atando Cabos","robots":{"index":"index","follow":"follow","max-snippet":"max-snippet:-1","max-image-preview":"max-image-preview:large","max-video-preview":"max-video-preview:-1"},"canonical":"https:\/\/magarinos.eu\/atandocabos\/blog\/2016\/10\/12\/12-de-octubre-dia-de-la-hispanidad\/","og_locale":"es_ES","og_type":"article","og_title":"12 de Octubre: D\u00eda de la Hispanidad - Atando Cabos","og_description":"El d\u00eda de la fiesta nacional es inevitable pensar en Brassens. En la familia siempre hemos sido muy de cantautores como Sabina, S\u00e1nchez Ferlosio, Sisa, Krahe, Mar\u00eda del Mar Bonet y, por su puesto, Brassens, que en su famosa&nbsp;canci\u00f3n&nbsp;La mala reputaci\u00f3n&nbsp;cantaba aquello de: \u00bfQue es el 12 de Octubre hoy?:en mi camita yo me estoy;y [&hellip;]","og_url":"https:\/\/magarinos.eu\/atandocabos\/blog\/2016\/10\/12\/12-de-octubre-dia-de-la-hispanidad\/","og_site_name":"Atando Cabos","article_published_time":"2016-10-12T21:58:57+00:00","article_modified_time":"2022-07-18T22:19:12+00:00","og_image":[{"width":207,"height":350,"url":"https:\/\/magarinos.eu\/atandocabos\/wp-content\/uploads\/2016\/10\/santiago-magaric3b1os1.png","type":"image\/png"}],"author":"Daniel Garc\u00eda Magari\u00f1os","twitter_card":"summary_large_image","twitter_misc":{"Escrito por":"Daniel Garc\u00eda Magari\u00f1os","Tiempo de lectura":"3 minutos"},"schema":{"@context":"https:\/\/schema.org","@graph":[{"@type":"Article","@id":"https:\/\/magarinos.eu\/atandocabos\/blog\/2016\/10\/12\/12-de-octubre-dia-de-la-hispanidad\/#article","isPartOf":{"@id":"https:\/\/magarinos.eu\/atandocabos\/blog\/2016\/10\/12\/12-de-octubre-dia-de-la-hispanidad\/"},"author":{"name":"Daniel Garc\u00eda Magari\u00f1os","@id":"https:\/\/magarinos.eu\/atandocabos\/#\/schema\/person\/ce62485d4bf8f9cc864369bb52591f1e"},"headline":"12 de Octubre: D\u00eda de la Hispanidad","datePublished":"2016-10-12T21:58:57+00:00","dateModified":"2022-07-18T22:19:12+00:00","mainEntityOfPage":{"@id":"https:\/\/magarinos.eu\/atandocabos\/blog\/2016\/10\/12\/12-de-octubre-dia-de-la-hispanidad\/"},"wordCount":550,"commentCount":0,"publisher":{"@id":"https:\/\/magarinos.eu\/atandocabos\/#organization"},"image":{"@id":"https:\/\/magarinos.eu\/atandocabos\/blog\/2016\/10\/12\/12-de-octubre-dia-de-la-hispanidad\/#primaryimage"},"thumbnailUrl":"https:\/\/magarinos.eu\/atandocabos\/wp-content\/uploads\/2016\/10\/santiago-magaric3b1os1.png","keywords":["Antonio Magari\u00f1os Garc\u00eda","Carlos Magari\u00f1os Garc\u00eda","Santiago Magari\u00f1os Torres"],"articleSection":["Guerra Civil Espa\u00f1ola","Historias familiares"],"inLanguage":"es","potentialAction":[{"@type":"CommentAction","name":"Comment","target":["https:\/\/magarinos.eu\/atandocabos\/blog\/2016\/10\/12\/12-de-octubre-dia-de-la-hispanidad\/#respond"]}]},{"@type":"WebPage","@id":"https:\/\/magarinos.eu\/atandocabos\/blog\/2016\/10\/12\/12-de-octubre-dia-de-la-hispanidad\/","url":"https:\/\/magarinos.eu\/atandocabos\/blog\/2016\/10\/12\/12-de-octubre-dia-de-la-hispanidad\/","name":"12 de Octubre: D\u00eda de la Hispanidad - Atando Cabos","isPartOf":{"@id":"https:\/\/magarinos.eu\/atandocabos\/#website"},"primaryImageOfPage":{"@id":"https:\/\/magarinos.eu\/atandocabos\/blog\/2016\/10\/12\/12-de-octubre-dia-de-la-hispanidad\/#primaryimage"},"image":{"@id":"https:\/\/magarinos.eu\/atandocabos\/blog\/2016\/10\/12\/12-de-octubre-dia-de-la-hispanidad\/#primaryimage"},"thumbnailUrl":"https:\/\/magarinos.eu\/atandocabos\/wp-content\/uploads\/2016\/10\/santiago-magaric3b1os1.png","datePublished":"2016-10-12T21:58:57+00:00","dateModified":"2022-07-18T22:19:12+00:00","breadcrumb":{"@id":"https:\/\/magarinos.eu\/atandocabos\/blog\/2016\/10\/12\/12-de-octubre-dia-de-la-hispanidad\/#breadcrumb"},"inLanguage":"es","potentialAction":[{"@type":"ReadAction","target":["https:\/\/magarinos.eu\/atandocabos\/blog\/2016\/10\/12\/12-de-octubre-dia-de-la-hispanidad\/"]}]},{"@type":"ImageObject","inLanguage":"es","@id":"https:\/\/magarinos.eu\/atandocabos\/blog\/2016\/10\/12\/12-de-octubre-dia-de-la-hispanidad\/#primaryimage","url":"https:\/\/magarinos.eu\/atandocabos\/wp-content\/uploads\/2016\/10\/santiago-magaric3b1os1.png","contentUrl":"https:\/\/magarinos.eu\/atandocabos\/wp-content\/uploads\/2016\/10\/santiago-magaric3b1os1.png","width":207,"height":350},{"@type":"BreadcrumbList","@id":"https:\/\/magarinos.eu\/atandocabos\/blog\/2016\/10\/12\/12-de-octubre-dia-de-la-hispanidad\/#breadcrumb","itemListElement":[{"@type":"ListItem","position":1,"name":"Portada","item":"https:\/\/magarinos.eu\/atandocabos\/"},{"@type":"ListItem","position":2,"name":"12 de Octubre: D\u00eda de la Hispanidad"}]},{"@type":"WebSite","@id":"https:\/\/magarinos.eu\/atandocabos\/#website","url":"https:\/\/magarinos.eu\/atandocabos\/","name":"Atando Cabos","description":"Una p\u00e1gina web de la familia Magari\u00f1os Ram\u00f3n","publisher":{"@id":"https:\/\/magarinos.eu\/atandocabos\/#organization"},"potentialAction":[{"@type":"SearchAction","target":{"@type":"EntryPoint","urlTemplate":"https:\/\/magarinos.eu\/atandocabos\/?s={search_term_string}"},"query-input":{"@type":"PropertyValueSpecification","valueRequired":true,"valueName":"search_term_string"}}],"inLanguage":"es"},{"@type":"Organization","@id":"https:\/\/magarinos.eu\/atandocabos\/#organization","name":"Atando Cabos","url":"https:\/\/magarinos.eu\/atandocabos\/","logo":{"@type":"ImageObject","inLanguage":"es","@id":"https:\/\/magarinos.eu\/atandocabos\/#\/schema\/logo\/image\/","url":"https:\/\/magarinos.eu\/atandocabos\/wp-content\/uploads\/2022\/06\/cropped-cropped-Caballero_Anciano.jpg","contentUrl":"https:\/\/magarinos.eu\/atandocabos\/wp-content\/uploads\/2022\/06\/cropped-cropped-Caballero_Anciano.jpg","width":512,"height":512,"caption":"Atando Cabos"},"image":{"@id":"https:\/\/magarinos.eu\/atandocabos\/#\/schema\/logo\/image\/"}},{"@type":"Person","@id":"https:\/\/magarinos.eu\/atandocabos\/#\/schema\/person\/ce62485d4bf8f9cc864369bb52591f1e","name":"Daniel Garc\u00eda Magari\u00f1os","image":{"@type":"ImageObject","inLanguage":"es","@id":"https:\/\/secure.gravatar.com\/avatar\/a7c7a82edf145a1bb8c32117ac59cb3be1c2c760796caff2df495a17896be288?s=96&d=mm&r=g","url":"https:\/\/secure.gravatar.com\/avatar\/a7c7a82edf145a1bb8c32117ac59cb3be1c2c760796caff2df495a17896be288?s=96&d=mm&r=g","contentUrl":"https:\/\/secure.gravatar.com\/avatar\/a7c7a82edf145a1bb8c32117ac59cb3be1c2c760796caff2df495a17896be288?s=96&d=mm&r=g","caption":"Daniel Garc\u00eda Magari\u00f1os"},"url":"https:\/\/magarinos.eu\/atandocabos\/blog\/author\/dgarcia\/"}]}},"_links":{"self":[{"href":"https:\/\/magarinos.eu\/atandocabos\/wp-json\/wp\/v2\/posts\/1565","targetHints":{"allow":["GET"]}}],"collection":[{"href":"https:\/\/magarinos.eu\/atandocabos\/wp-json\/wp\/v2\/posts"}],"about":[{"href":"https:\/\/magarinos.eu\/atandocabos\/wp-json\/wp\/v2\/types\/post"}],"author":[{"embeddable":true,"href":"https:\/\/magarinos.eu\/atandocabos\/wp-json\/wp\/v2\/users\/1"}],"replies":[{"embeddable":true,"href":"https:\/\/magarinos.eu\/atandocabos\/wp-json\/wp\/v2\/comments?post=1565"}],"version-history":[{"count":0,"href":"https:\/\/magarinos.eu\/atandocabos\/wp-json\/wp\/v2\/posts\/1565\/revisions"}],"wp:featuredmedia":[{"embeddable":true,"href":"https:\/\/magarinos.eu\/atandocabos\/wp-json\/wp\/v2\/media\/1639"}],"wp:attachment":[{"href":"https:\/\/magarinos.eu\/atandocabos\/wp-json\/wp\/v2\/media?parent=1565"}],"wp:term":[{"taxonomy":"category","embeddable":true,"href":"https:\/\/magarinos.eu\/atandocabos\/wp-json\/wp\/v2\/categories?post=1565"},{"taxonomy":"post_tag","embeddable":true,"href":"https:\/\/magarinos.eu\/atandocabos\/wp-json\/wp\/v2\/tags?post=1565"}],"curies":[{"name":"wp","href":"https:\/\/api.w.org\/{rel}","templated":true}]}}