{"id":1484,"date":"2016-10-01T12:19:57","date_gmt":"2016-10-01T12:19:57","guid":{"rendered":"https:\/\/atandocabosweb.wordpress.com\/?p=1484"},"modified":"2022-07-19T00:20:37","modified_gmt":"2022-07-18T22:20:37","slug":"leyendas-familiares-el-hueso-de-aceituna","status":"publish","type":"post","link":"https:\/\/magarinos.eu\/atandocabos\/blog\/2016\/10\/01\/leyendas-familiares-el-hueso-de-aceituna\/","title":{"rendered":"Leyendas familiares: el hueso de aceituna"},"content":{"rendered":"\n<p>Supongo&nbsp;que casi todos los nietos de Carlos Magari\u00f1os conocer\u00e1n esta historia que se contaba en la familia. Yo recuerdo que a mi hermano y &nbsp;a m\u00ed nos la cont\u00f3 mi madre pero es posible que el abuelo tambi\u00e9n nos la contara en alguna ocasi\u00f3n.<\/p>\n\n\n\n<p>La historia es m\u00e1s o menos as\u00ed: mis abuelos <a href=\"https:\/\/magarinos.eu\/atandocabos\/la-guerra-civil-2\/\">pasaron la guerra civil en Madrid,<\/a> en la zona leal al gobierno de la rep\u00fablica, por cuyas ideas no sent\u00edan gran simpat\u00eda. En 1938,\u00a0el gobierno llam\u00f3 a filas a los mozos de la quinta de 1929 para incorporarlos al ej\u00e9rcito republicano. Como mi abuelo no quer\u00eda ir a la guerra (y menos para luchar contra quienes ten\u00edan ideas afines las suyas), se trag\u00f3, seg\u00fan contaban, un hueso de aceituna y le declararon \u00abNo apto\u00bb para el ir frente.<\/p>\n\n\n\n<p>Despu\u00e9s de tantos a\u00f1os, podemos confirmar con documentos que la leyenda es posiblemente cierta.<\/p>\n\n\n\n<p><strong>Documento 1<\/strong>: Certificado de clasificaci\u00f3n de Carlos Magari\u00f1os Garc\u00eda como&nbsp;<strong>Apto para servicios auxiliares<\/strong> (no para el servicio normal) debido que padece&nbsp;<strong><a href=\"https:\/\/es.wikipedia.org\/wiki\/Estenosis_pil%C3%B3rica\">Estenosis de p\u00edloro<\/a><\/strong>, una enfermedad que, al parecer, se da sobre todo en beb\u00e9s.<\/p>\n\n\n\n<figure class=\"wp-block-image aligncenter size-large is-resized\"><img loading=\"lazy\" decoding=\"async\" src=\"data:image\/gif;base64,R0lGODlhAQABAIAAAAAAAP\/\/\/yH5BAEAAAAALAAAAAABAAEAAAIBRAA7\" data-src=\"https:\/\/magarinos.eu\/atandocabos\/wp-content\/uploads\/2016\/09\/1938_06_27_carlos_magaric3b1os_clasificacic3b3nmilitar-729x1024.jpg\" alt=\"\" class=\"wp-image-1514 lazyload\" width=\"391\" height=\"549\"\/><noscript><img loading=\"lazy\" decoding=\"async\" src=\"https:\/\/magarinos.eu\/atandocabos\/wp-content\/uploads\/2016\/09\/1938_06_27_carlos_magaric3b1os_clasificacic3b3nmilitar-729x1024.jpg\" alt=\"\" class=\"wp-image-1514 lazyload\" width=\"391\" height=\"549\" srcset=\"https:\/\/magarinos.eu\/atandocabos\/wp-content\/uploads\/2016\/09\/1938_06_27_carlos_magaric3b1os_clasificacic3b3nmilitar-729x1024.jpg 729w, https:\/\/magarinos.eu\/atandocabos\/wp-content\/uploads\/2016\/09\/1938_06_27_carlos_magaric3b1os_clasificacic3b3nmilitar-214x300.jpg 214w, https:\/\/magarinos.eu\/atandocabos\/wp-content\/uploads\/2016\/09\/1938_06_27_carlos_magaric3b1os_clasificacic3b3nmilitar-768x1078.jpg 768w, https:\/\/magarinos.eu\/atandocabos\/wp-content\/uploads\/2016\/09\/1938_06_27_carlos_magaric3b1os_clasificacic3b3nmilitar.jpg 911w\" sizes=\"auto, (max-width: 391px) 100vw, 391px\" \/><\/noscript><\/figure>\n\n\n\n<p>Sobre el Coronel <a href=\"http:\/\/www.carlosleretubeda.es\/index.php?option=com_content&amp;view=article&amp;id=71&amp;Itemid=468&amp;lang=es\" target=\"_blank\" rel=\"noopener\">Carlos Leret \u00dabeda<\/a> (1876-1956), que presidi\u00f3 la junta de clasificaci\u00f3n, se puede encontrar bastante informaci\u00f3n en Internet. Fue un militar que permaneci\u00f3 leal a la Rep\u00fablica.<\/p>\n\n\n\n<p><strong>Documento 2<\/strong>: Auditor\u00eda de Guerra. Cuando el ej\u00e9rcito nacional entr\u00f3 en Madrid y termin\u00f3 la guerra, se produjeron procesos de depuraci\u00f3n durante los cuales muchas personas&nbsp;tuvieron que demostrar que no eran republicanos y que no hab\u00edan combatido contra el alzamiento.<\/p>\n\n\n\n<p>En ese documento, Carlos Magari\u00f1os tuvo que explicar que hab\u00eda sido soldado del Ej\u00e9rcito Republicano pero que lo fue de manera forzosa y que fue a servicios auxiliares&nbsp;<em>por trampa<\/em>.<\/p>\n\n\n\n<figure class=\"wp-block-image aligncenter is-resized\"><img loading=\"lazy\" decoding=\"async\" src=\"data:image\/gif;base64,R0lGODlhAQABAIAAAAAAAP\/\/\/yH5BAEAAAAALAAAAAABAAEAAAIBRAA7\" data-src=\"https:\/\/magarinos.eu\/atandocabos\/wp-content\/uploads\/2016\/09\/depuracic3b3n_ejc3a9rcito.jpg\" alt=\"Depuraci\u00f3n_ej\u00e9rcito.jpg\" class=\"wp-image-1537 lazyload\" width=\"540\" height=\"128\"\/><noscript><img loading=\"lazy\" decoding=\"async\" src=\"https:\/\/magarinos.eu\/atandocabos\/wp-content\/uploads\/2016\/09\/depuracic3b3n_ejc3a9rcito.jpg\" alt=\"Depuraci\u00f3n_ej\u00e9rcito.jpg\" class=\"wp-image-1537 lazyload\" width=\"540\" height=\"128\" srcset=\"https:\/\/magarinos.eu\/atandocabos\/wp-content\/uploads\/2016\/09\/depuracic3b3n_ejc3a9rcito.jpg 2144w, https:\/\/magarinos.eu\/atandocabos\/wp-content\/uploads\/2016\/09\/depuracic3b3n_ejc3a9rcito-300x71.jpg 300w, https:\/\/magarinos.eu\/atandocabos\/wp-content\/uploads\/2016\/09\/depuracic3b3n_ejc3a9rcito-1024x243.jpg 1024w, https:\/\/magarinos.eu\/atandocabos\/wp-content\/uploads\/2016\/09\/depuracic3b3n_ejc3a9rcito-768x182.jpg 768w, https:\/\/magarinos.eu\/atandocabos\/wp-content\/uploads\/2016\/09\/depuracic3b3n_ejc3a9rcito-1536x365.jpg 1536w, https:\/\/magarinos.eu\/atandocabos\/wp-content\/uploads\/2016\/09\/depuracic3b3n_ejc3a9rcito-2048x486.jpg 2048w\" sizes=\"auto, (max-width: 540px) 100vw, 540px\" \/><\/noscript><\/figure>\n\n\n\n<p>Nos falta la prueba de que se us\u00f3 un hueso de aceituna pero al describir la estenosis pil\u00f3rica, la <a href=\"https:\/\/medlineplus.gov\/spanish\/ency\/article\/000970.htm\" target=\"_blank\" rel=\"noopener\">Enciclopedia M\u00e9dica Medline Plus<\/a> dice que se aprecia \u00abUna masa <em>en forma de aceituna<\/em> al tocar (palpar) la zona estomacal, que es un p\u00edloro anormal.\u00bb Igual la forma de simular esta enfermedad era tambi\u00e9n usar un hueso de aceituna.<\/p>\n\n\n\n<p>.<\/p>\n","protected":false},"excerpt":{"rendered":"<p>Supongo&nbsp;que casi todos los nietos de Carlos Magari\u00f1os conocer\u00e1n esta historia que se contaba en la familia. Yo recuerdo que a mi hermano y &nbsp;a m\u00ed nos la cont\u00f3 mi madre pero es posible que el abuelo tambi\u00e9n nos la contara en alguna ocasi\u00f3n. La historia es m\u00e1s o menos as\u00ed: mis abuelos pasaron la [&hellip;]<\/p>\n","protected":false},"author":1,"featured_media":1514,"comment_status":"open","ping_status":"open","sticky":false,"template":"","format":"standard","meta":{"footnotes":""},"categories":[161,7,160,159],"tags":[],"class_list":["post-1484","post","type-post","status-publish","format-standard","has-post-thumbnail","hentry","category-garcia","category-leyendas-y-tradiciones","category-madrid","category-magarinos"],"blocksy_meta":{"styles_descriptor":{"styles":{"desktop":"","tablet":"","mobile":""},"google_fonts":[],"version":6}},"yoast_head":"<!-- This site is optimized with the Yoast SEO plugin v27.5 - https:\/\/yoast.com\/product\/yoast-seo-wordpress\/ -->\n<title>Leyendas familiares: el hueso de aceituna - Atando Cabos<\/title>\n<meta name=\"robots\" content=\"index, follow, max-snippet:-1, max-image-preview:large, max-video-preview:-1\" \/>\n<link rel=\"canonical\" href=\"https:\/\/magarinos.eu\/atandocabos\/blog\/2016\/10\/01\/leyendas-familiares-el-hueso-de-aceituna\/\" \/>\n<meta property=\"og:locale\" content=\"es_ES\" \/>\n<meta property=\"og:type\" content=\"article\" \/>\n<meta property=\"og:title\" content=\"Leyendas familiares: el hueso de aceituna - Atando Cabos\" \/>\n<meta property=\"og:description\" content=\"Supongo&nbsp;que casi todos los nietos de Carlos Magari\u00f1os conocer\u00e1n esta historia que se contaba en la familia. Yo recuerdo que a mi hermano y &nbsp;a m\u00ed nos la cont\u00f3 mi madre pero es posible que el abuelo tambi\u00e9n nos la contara en alguna ocasi\u00f3n. La historia es m\u00e1s o menos as\u00ed: mis abuelos pasaron la [&hellip;]\" \/>\n<meta property=\"og:url\" content=\"https:\/\/magarinos.eu\/atandocabos\/blog\/2016\/10\/01\/leyendas-familiares-el-hueso-de-aceituna\/\" \/>\n<meta property=\"og:site_name\" content=\"Atando Cabos\" \/>\n<meta property=\"article:published_time\" content=\"2016-10-01T12:19:57+00:00\" \/>\n<meta property=\"article:modified_time\" content=\"2022-07-18T22:20:37+00:00\" \/>\n<meta property=\"og:image\" content=\"https:\/\/magarinos.eu\/atandocabos\/wp-content\/uploads\/2016\/09\/1938_06_27_carlos_magaric3b1os_clasificacic3b3nmilitar.jpg\" \/>\n\t<meta property=\"og:image:width\" content=\"911\" \/>\n\t<meta property=\"og:image:height\" content=\"1279\" \/>\n\t<meta property=\"og:image:type\" content=\"image\/jpeg\" \/>\n<meta name=\"author\" content=\"Daniel Garc\u00eda Magari\u00f1os\" \/>\n<meta name=\"twitter:card\" content=\"summary_large_image\" \/>\n<meta name=\"twitter:label1\" content=\"Escrito por\" \/>\n\t<meta name=\"twitter:data1\" content=\"Daniel Garc\u00eda Magari\u00f1os\" \/>\n\t<meta name=\"twitter:label2\" content=\"Tiempo de lectura\" \/>\n\t<meta name=\"twitter:data2\" content=\"2 minutos\" \/>\n<script type=\"application\/ld+json\" class=\"yoast-schema-graph\">{\"@context\":\"https:\\\/\\\/schema.org\",\"@graph\":[{\"@type\":\"Article\",\"@id\":\"https:\\\/\\\/magarinos.eu\\\/atandocabos\\\/blog\\\/2016\\\/10\\\/01\\\/leyendas-familiares-el-hueso-de-aceituna\\\/#article\",\"isPartOf\":{\"@id\":\"https:\\\/\\\/magarinos.eu\\\/atandocabos\\\/blog\\\/2016\\\/10\\\/01\\\/leyendas-familiares-el-hueso-de-aceituna\\\/\"},\"author\":{\"name\":\"Daniel Garc\u00eda Magari\u00f1os\",\"@id\":\"https:\\\/\\\/magarinos.eu\\\/atandocabos\\\/#\\\/schema\\\/person\\\/ce62485d4bf8f9cc864369bb52591f1e\"},\"headline\":\"Leyendas familiares: el hueso de aceituna\",\"datePublished\":\"2016-10-01T12:19:57+00:00\",\"dateModified\":\"2022-07-18T22:20:37+00:00\",\"mainEntityOfPage\":{\"@id\":\"https:\\\/\\\/magarinos.eu\\\/atandocabos\\\/blog\\\/2016\\\/10\\\/01\\\/leyendas-familiares-el-hueso-de-aceituna\\\/\"},\"wordCount\":382,\"commentCount\":0,\"publisher\":{\"@id\":\"https:\\\/\\\/magarinos.eu\\\/atandocabos\\\/#organization\"},\"image\":{\"@id\":\"https:\\\/\\\/magarinos.eu\\\/atandocabos\\\/blog\\\/2016\\\/10\\\/01\\\/leyendas-familiares-el-hueso-de-aceituna\\\/#primaryimage\"},\"thumbnailUrl\":\"https:\\\/\\\/magarinos.eu\\\/atandocabos\\\/wp-content\\\/uploads\\\/2016\\\/09\\\/1938_06_27_carlos_magaric3b1os_clasificacic3b3nmilitar.jpg\",\"articleSection\":[\"Garc\u00eda\",\"Leyendas y tradiciones\",\"Madrid\",\"Magari\u00f1os\"],\"inLanguage\":\"es\",\"potentialAction\":[{\"@type\":\"CommentAction\",\"name\":\"Comment\",\"target\":[\"https:\\\/\\\/magarinos.eu\\\/atandocabos\\\/blog\\\/2016\\\/10\\\/01\\\/leyendas-familiares-el-hueso-de-aceituna\\\/#respond\"]}]},{\"@type\":\"WebPage\",\"@id\":\"https:\\\/\\\/magarinos.eu\\\/atandocabos\\\/blog\\\/2016\\\/10\\\/01\\\/leyendas-familiares-el-hueso-de-aceituna\\\/\",\"url\":\"https:\\\/\\\/magarinos.eu\\\/atandocabos\\\/blog\\\/2016\\\/10\\\/01\\\/leyendas-familiares-el-hueso-de-aceituna\\\/\",\"name\":\"Leyendas familiares: el hueso de aceituna - Atando Cabos\",\"isPartOf\":{\"@id\":\"https:\\\/\\\/magarinos.eu\\\/atandocabos\\\/#website\"},\"primaryImageOfPage\":{\"@id\":\"https:\\\/\\\/magarinos.eu\\\/atandocabos\\\/blog\\\/2016\\\/10\\\/01\\\/leyendas-familiares-el-hueso-de-aceituna\\\/#primaryimage\"},\"image\":{\"@id\":\"https:\\\/\\\/magarinos.eu\\\/atandocabos\\\/blog\\\/2016\\\/10\\\/01\\\/leyendas-familiares-el-hueso-de-aceituna\\\/#primaryimage\"},\"thumbnailUrl\":\"https:\\\/\\\/magarinos.eu\\\/atandocabos\\\/wp-content\\\/uploads\\\/2016\\\/09\\\/1938_06_27_carlos_magaric3b1os_clasificacic3b3nmilitar.jpg\",\"datePublished\":\"2016-10-01T12:19:57+00:00\",\"dateModified\":\"2022-07-18T22:20:37+00:00\",\"breadcrumb\":{\"@id\":\"https:\\\/\\\/magarinos.eu\\\/atandocabos\\\/blog\\\/2016\\\/10\\\/01\\\/leyendas-familiares-el-hueso-de-aceituna\\\/#breadcrumb\"},\"inLanguage\":\"es\",\"potentialAction\":[{\"@type\":\"ReadAction\",\"target\":[\"https:\\\/\\\/magarinos.eu\\\/atandocabos\\\/blog\\\/2016\\\/10\\\/01\\\/leyendas-familiares-el-hueso-de-aceituna\\\/\"]}]},{\"@type\":\"ImageObject\",\"inLanguage\":\"es\",\"@id\":\"https:\\\/\\\/magarinos.eu\\\/atandocabos\\\/blog\\\/2016\\\/10\\\/01\\\/leyendas-familiares-el-hueso-de-aceituna\\\/#primaryimage\",\"url\":\"https:\\\/\\\/magarinos.eu\\\/atandocabos\\\/wp-content\\\/uploads\\\/2016\\\/09\\\/1938_06_27_carlos_magaric3b1os_clasificacic3b3nmilitar.jpg\",\"contentUrl\":\"https:\\\/\\\/magarinos.eu\\\/atandocabos\\\/wp-content\\\/uploads\\\/2016\\\/09\\\/1938_06_27_carlos_magaric3b1os_clasificacic3b3nmilitar.jpg\",\"width\":911,\"height\":1279},{\"@type\":\"BreadcrumbList\",\"@id\":\"https:\\\/\\\/magarinos.eu\\\/atandocabos\\\/blog\\\/2016\\\/10\\\/01\\\/leyendas-familiares-el-hueso-de-aceituna\\\/#breadcrumb\",\"itemListElement\":[{\"@type\":\"ListItem\",\"position\":1,\"name\":\"Portada\",\"item\":\"https:\\\/\\\/magarinos.eu\\\/atandocabos\\\/\"},{\"@type\":\"ListItem\",\"position\":2,\"name\":\"Leyendas familiares: el hueso de aceituna\"}]},{\"@type\":\"WebSite\",\"@id\":\"https:\\\/\\\/magarinos.eu\\\/atandocabos\\\/#website\",\"url\":\"https:\\\/\\\/magarinos.eu\\\/atandocabos\\\/\",\"name\":\"Atando Cabos\",\"description\":\"Una p\u00e1gina web de la familia Magari\u00f1os Ram\u00f3n\",\"publisher\":{\"@id\":\"https:\\\/\\\/magarinos.eu\\\/atandocabos\\\/#organization\"},\"potentialAction\":[{\"@type\":\"SearchAction\",\"target\":{\"@type\":\"EntryPoint\",\"urlTemplate\":\"https:\\\/\\\/magarinos.eu\\\/atandocabos\\\/?s={search_term_string}\"},\"query-input\":{\"@type\":\"PropertyValueSpecification\",\"valueRequired\":true,\"valueName\":\"search_term_string\"}}],\"inLanguage\":\"es\"},{\"@type\":\"Organization\",\"@id\":\"https:\\\/\\\/magarinos.eu\\\/atandocabos\\\/#organization\",\"name\":\"Atando Cabos\",\"url\":\"https:\\\/\\\/magarinos.eu\\\/atandocabos\\\/\",\"logo\":{\"@type\":\"ImageObject\",\"inLanguage\":\"es\",\"@id\":\"https:\\\/\\\/magarinos.eu\\\/atandocabos\\\/#\\\/schema\\\/logo\\\/image\\\/\",\"url\":\"https:\\\/\\\/magarinos.eu\\\/atandocabos\\\/wp-content\\\/uploads\\\/2022\\\/06\\\/cropped-cropped-Caballero_Anciano.jpg\",\"contentUrl\":\"https:\\\/\\\/magarinos.eu\\\/atandocabos\\\/wp-content\\\/uploads\\\/2022\\\/06\\\/cropped-cropped-Caballero_Anciano.jpg\",\"width\":512,\"height\":512,\"caption\":\"Atando Cabos\"},\"image\":{\"@id\":\"https:\\\/\\\/magarinos.eu\\\/atandocabos\\\/#\\\/schema\\\/logo\\\/image\\\/\"}},{\"@type\":\"Person\",\"@id\":\"https:\\\/\\\/magarinos.eu\\\/atandocabos\\\/#\\\/schema\\\/person\\\/ce62485d4bf8f9cc864369bb52591f1e\",\"name\":\"Daniel Garc\u00eda Magari\u00f1os\",\"image\":{\"@type\":\"ImageObject\",\"inLanguage\":\"es\",\"@id\":\"https:\\\/\\\/secure.gravatar.com\\\/avatar\\\/a7c7a82edf145a1bb8c32117ac59cb3be1c2c760796caff2df495a17896be288?s=96&d=mm&r=g\",\"url\":\"https:\\\/\\\/secure.gravatar.com\\\/avatar\\\/a7c7a82edf145a1bb8c32117ac59cb3be1c2c760796caff2df495a17896be288?s=96&d=mm&r=g\",\"contentUrl\":\"https:\\\/\\\/secure.gravatar.com\\\/avatar\\\/a7c7a82edf145a1bb8c32117ac59cb3be1c2c760796caff2df495a17896be288?s=96&d=mm&r=g\",\"caption\":\"Daniel Garc\u00eda Magari\u00f1os\"},\"url\":\"https:\\\/\\\/magarinos.eu\\\/atandocabos\\\/blog\\\/author\\\/dgarcia\\\/\"}]}<\/script>\n<!-- \/ Yoast SEO plugin. -->","yoast_head_json":{"title":"Leyendas familiares: el hueso de aceituna - Atando Cabos","robots":{"index":"index","follow":"follow","max-snippet":"max-snippet:-1","max-image-preview":"max-image-preview:large","max-video-preview":"max-video-preview:-1"},"canonical":"https:\/\/magarinos.eu\/atandocabos\/blog\/2016\/10\/01\/leyendas-familiares-el-hueso-de-aceituna\/","og_locale":"es_ES","og_type":"article","og_title":"Leyendas familiares: el hueso de aceituna - Atando Cabos","og_description":"Supongo&nbsp;que casi todos los nietos de Carlos Magari\u00f1os conocer\u00e1n esta historia que se contaba en la familia. Yo recuerdo que a mi hermano y &nbsp;a m\u00ed nos la cont\u00f3 mi madre pero es posible que el abuelo tambi\u00e9n nos la contara en alguna ocasi\u00f3n. La historia es m\u00e1s o menos as\u00ed: mis abuelos pasaron la [&hellip;]","og_url":"https:\/\/magarinos.eu\/atandocabos\/blog\/2016\/10\/01\/leyendas-familiares-el-hueso-de-aceituna\/","og_site_name":"Atando Cabos","article_published_time":"2016-10-01T12:19:57+00:00","article_modified_time":"2022-07-18T22:20:37+00:00","og_image":[{"width":911,"height":1279,"url":"https:\/\/magarinos.eu\/atandocabos\/wp-content\/uploads\/2016\/09\/1938_06_27_carlos_magaric3b1os_clasificacic3b3nmilitar.jpg","type":"image\/jpeg"}],"author":"Daniel Garc\u00eda Magari\u00f1os","twitter_card":"summary_large_image","twitter_misc":{"Escrito por":"Daniel Garc\u00eda Magari\u00f1os","Tiempo de lectura":"2 minutos"},"schema":{"@context":"https:\/\/schema.org","@graph":[{"@type":"Article","@id":"https:\/\/magarinos.eu\/atandocabos\/blog\/2016\/10\/01\/leyendas-familiares-el-hueso-de-aceituna\/#article","isPartOf":{"@id":"https:\/\/magarinos.eu\/atandocabos\/blog\/2016\/10\/01\/leyendas-familiares-el-hueso-de-aceituna\/"},"author":{"name":"Daniel Garc\u00eda Magari\u00f1os","@id":"https:\/\/magarinos.eu\/atandocabos\/#\/schema\/person\/ce62485d4bf8f9cc864369bb52591f1e"},"headline":"Leyendas familiares: el hueso de aceituna","datePublished":"2016-10-01T12:19:57+00:00","dateModified":"2022-07-18T22:20:37+00:00","mainEntityOfPage":{"@id":"https:\/\/magarinos.eu\/atandocabos\/blog\/2016\/10\/01\/leyendas-familiares-el-hueso-de-aceituna\/"},"wordCount":382,"commentCount":0,"publisher":{"@id":"https:\/\/magarinos.eu\/atandocabos\/#organization"},"image":{"@id":"https:\/\/magarinos.eu\/atandocabos\/blog\/2016\/10\/01\/leyendas-familiares-el-hueso-de-aceituna\/#primaryimage"},"thumbnailUrl":"https:\/\/magarinos.eu\/atandocabos\/wp-content\/uploads\/2016\/09\/1938_06_27_carlos_magaric3b1os_clasificacic3b3nmilitar.jpg","articleSection":["Garc\u00eda","Leyendas y tradiciones","Madrid","Magari\u00f1os"],"inLanguage":"es","potentialAction":[{"@type":"CommentAction","name":"Comment","target":["https:\/\/magarinos.eu\/atandocabos\/blog\/2016\/10\/01\/leyendas-familiares-el-hueso-de-aceituna\/#respond"]}]},{"@type":"WebPage","@id":"https:\/\/magarinos.eu\/atandocabos\/blog\/2016\/10\/01\/leyendas-familiares-el-hueso-de-aceituna\/","url":"https:\/\/magarinos.eu\/atandocabos\/blog\/2016\/10\/01\/leyendas-familiares-el-hueso-de-aceituna\/","name":"Leyendas familiares: el hueso de aceituna - Atando Cabos","isPartOf":{"@id":"https:\/\/magarinos.eu\/atandocabos\/#website"},"primaryImageOfPage":{"@id":"https:\/\/magarinos.eu\/atandocabos\/blog\/2016\/10\/01\/leyendas-familiares-el-hueso-de-aceituna\/#primaryimage"},"image":{"@id":"https:\/\/magarinos.eu\/atandocabos\/blog\/2016\/10\/01\/leyendas-familiares-el-hueso-de-aceituna\/#primaryimage"},"thumbnailUrl":"https:\/\/magarinos.eu\/atandocabos\/wp-content\/uploads\/2016\/09\/1938_06_27_carlos_magaric3b1os_clasificacic3b3nmilitar.jpg","datePublished":"2016-10-01T12:19:57+00:00","dateModified":"2022-07-18T22:20:37+00:00","breadcrumb":{"@id":"https:\/\/magarinos.eu\/atandocabos\/blog\/2016\/10\/01\/leyendas-familiares-el-hueso-de-aceituna\/#breadcrumb"},"inLanguage":"es","potentialAction":[{"@type":"ReadAction","target":["https:\/\/magarinos.eu\/atandocabos\/blog\/2016\/10\/01\/leyendas-familiares-el-hueso-de-aceituna\/"]}]},{"@type":"ImageObject","inLanguage":"es","@id":"https:\/\/magarinos.eu\/atandocabos\/blog\/2016\/10\/01\/leyendas-familiares-el-hueso-de-aceituna\/#primaryimage","url":"https:\/\/magarinos.eu\/atandocabos\/wp-content\/uploads\/2016\/09\/1938_06_27_carlos_magaric3b1os_clasificacic3b3nmilitar.jpg","contentUrl":"https:\/\/magarinos.eu\/atandocabos\/wp-content\/uploads\/2016\/09\/1938_06_27_carlos_magaric3b1os_clasificacic3b3nmilitar.jpg","width":911,"height":1279},{"@type":"BreadcrumbList","@id":"https:\/\/magarinos.eu\/atandocabos\/blog\/2016\/10\/01\/leyendas-familiares-el-hueso-de-aceituna\/#breadcrumb","itemListElement":[{"@type":"ListItem","position":1,"name":"Portada","item":"https:\/\/magarinos.eu\/atandocabos\/"},{"@type":"ListItem","position":2,"name":"Leyendas familiares: el hueso de aceituna"}]},{"@type":"WebSite","@id":"https:\/\/magarinos.eu\/atandocabos\/#website","url":"https:\/\/magarinos.eu\/atandocabos\/","name":"Atando Cabos","description":"Una p\u00e1gina web de la familia Magari\u00f1os Ram\u00f3n","publisher":{"@id":"https:\/\/magarinos.eu\/atandocabos\/#organization"},"potentialAction":[{"@type":"SearchAction","target":{"@type":"EntryPoint","urlTemplate":"https:\/\/magarinos.eu\/atandocabos\/?s={search_term_string}"},"query-input":{"@type":"PropertyValueSpecification","valueRequired":true,"valueName":"search_term_string"}}],"inLanguage":"es"},{"@type":"Organization","@id":"https:\/\/magarinos.eu\/atandocabos\/#organization","name":"Atando Cabos","url":"https:\/\/magarinos.eu\/atandocabos\/","logo":{"@type":"ImageObject","inLanguage":"es","@id":"https:\/\/magarinos.eu\/atandocabos\/#\/schema\/logo\/image\/","url":"https:\/\/magarinos.eu\/atandocabos\/wp-content\/uploads\/2022\/06\/cropped-cropped-Caballero_Anciano.jpg","contentUrl":"https:\/\/magarinos.eu\/atandocabos\/wp-content\/uploads\/2022\/06\/cropped-cropped-Caballero_Anciano.jpg","width":512,"height":512,"caption":"Atando Cabos"},"image":{"@id":"https:\/\/magarinos.eu\/atandocabos\/#\/schema\/logo\/image\/"}},{"@type":"Person","@id":"https:\/\/magarinos.eu\/atandocabos\/#\/schema\/person\/ce62485d4bf8f9cc864369bb52591f1e","name":"Daniel Garc\u00eda Magari\u00f1os","image":{"@type":"ImageObject","inLanguage":"es","@id":"https:\/\/secure.gravatar.com\/avatar\/a7c7a82edf145a1bb8c32117ac59cb3be1c2c760796caff2df495a17896be288?s=96&d=mm&r=g","url":"https:\/\/secure.gravatar.com\/avatar\/a7c7a82edf145a1bb8c32117ac59cb3be1c2c760796caff2df495a17896be288?s=96&d=mm&r=g","contentUrl":"https:\/\/secure.gravatar.com\/avatar\/a7c7a82edf145a1bb8c32117ac59cb3be1c2c760796caff2df495a17896be288?s=96&d=mm&r=g","caption":"Daniel Garc\u00eda Magari\u00f1os"},"url":"https:\/\/magarinos.eu\/atandocabos\/blog\/author\/dgarcia\/"}]}},"_links":{"self":[{"href":"https:\/\/magarinos.eu\/atandocabos\/wp-json\/wp\/v2\/posts\/1484","targetHints":{"allow":["GET"]}}],"collection":[{"href":"https:\/\/magarinos.eu\/atandocabos\/wp-json\/wp\/v2\/posts"}],"about":[{"href":"https:\/\/magarinos.eu\/atandocabos\/wp-json\/wp\/v2\/types\/post"}],"author":[{"embeddable":true,"href":"https:\/\/magarinos.eu\/atandocabos\/wp-json\/wp\/v2\/users\/1"}],"replies":[{"embeddable":true,"href":"https:\/\/magarinos.eu\/atandocabos\/wp-json\/wp\/v2\/comments?post=1484"}],"version-history":[{"count":0,"href":"https:\/\/magarinos.eu\/atandocabos\/wp-json\/wp\/v2\/posts\/1484\/revisions"}],"wp:featuredmedia":[{"embeddable":true,"href":"https:\/\/magarinos.eu\/atandocabos\/wp-json\/wp\/v2\/media\/1514"}],"wp:attachment":[{"href":"https:\/\/magarinos.eu\/atandocabos\/wp-json\/wp\/v2\/media?parent=1484"}],"wp:term":[{"taxonomy":"category","embeddable":true,"href":"https:\/\/magarinos.eu\/atandocabos\/wp-json\/wp\/v2\/categories?post=1484"},{"taxonomy":"post_tag","embeddable":true,"href":"https:\/\/magarinos.eu\/atandocabos\/wp-json\/wp\/v2\/tags?post=1484"}],"curies":[{"name":"wp","href":"https:\/\/api.w.org\/{rel}","templated":true}]}}