{"id":1482,"date":"2018-08-30T18:16:38","date_gmt":"2018-08-30T18:16:38","guid":{"rendered":"https:\/\/atandocabosweb.wordpress.com\/?p=1482"},"modified":"2022-07-18T23:31:09","modified_gmt":"2022-07-18T21:31:09","slug":"la-mili-del-abuelo-carlos","status":"publish","type":"post","link":"https:\/\/magarinos.eu\/atandocabos\/blog\/2018\/08\/30\/la-mili-del-abuelo-carlos\/","title":{"rendered":"1930 &#8211; La mili del abuelo Carlos"},"content":{"rendered":"\n<p>La abolici\u00f3n del servicio militar obligatorio a principios del siglo XXI supuso para los j\u00f3venes espa\u00f1oles la liberaci\u00f3n de lo que algunos ve\u00edan como un servicio a la patria pero que para otros supon\u00eda una obligaci\u00f3n que, en el mejor de los casos, s\u00f3lo supuso una p\u00e9rdida de tiempo.<\/p>\n\n\n\n<p>Para alivio de amigos y familiares de los mozos llamados a filas, al desaparecer el servicio militar obligatorio tambi\u00e9n va desapareciendo poco a poco otra tradici\u00f3n familiar: la narraci\u00f3n de interminables an\u00e9cdotas e historias de la mili que seguramente fueron divertidas en su momento pero que, con el paso del tiempo, dejan de tener inter\u00e9s. Por fortuna, los aficionados a la historia familiar venimos a suplir la perdida de esta tradici\u00f3n con creces, ya que podemos contar historias, no de una, sino de muchas milis.<\/p>\n\n\n\n<p>El abuelo Carlos no era de contar muchas batallitas, y menos de su mili. Supongo que, despu\u00e9s de lo que pasaron en la guerra, las an\u00e9cdotas de la mili no parec\u00edan tan interesantes.<\/p>\n\n\n\n<p>Hace alg\u00fan tiempo encontr\u00e9 por casa una foto de la compa\u00f1\u00eda en la que cumpli\u00f3 el servicio miliar el abuelo. Aqu\u00ed va. \u00a1A ver qui\u00e9n lo encuentra!<\/p>\n\n\n\n<figure class=\"wp-block-image aligncenter size-large\"><img decoding=\"async\" src=\"data:image\/gif;base64,R0lGODlhAQABAIAAAAAAAP\/\/\/yH5BAEAAAAALAAAAAABAAEAAAIBRAA7\" data-src=\"https:\/\/magarinos.eu\/atandocabos\/wp-content\/uploads\/2018\/08\/1930-carlos-mili-editada-1024x699.jpg\" alt=\"Regimiento de Telegraf\u00eda y Automovilismo - 2\u00ba Batall\u00f3n, 6\u00aa Compa\u00f1\u00eda\" class=\"wp-image-3325 lazyload\"\/><noscript><img loading=\"lazy\" decoding=\"async\" width=\"1024\" height=\"699\" src=\"https:\/\/magarinos.eu\/atandocabos\/wp-content\/uploads\/2018\/08\/1930-carlos-mili-editada-1024x699.jpg\" alt=\"Regimiento de Telegraf\u00eda y Automovilismo - 2\u00ba Batall\u00f3n, 6\u00aa Compa\u00f1\u00eda\" class=\"wp-image-3325 lazyload\" srcset=\"https:\/\/magarinos.eu\/atandocabos\/wp-content\/uploads\/2018\/08\/1930-carlos-mili-editada-1024x699.jpg 1024w, https:\/\/magarinos.eu\/atandocabos\/wp-content\/uploads\/2018\/08\/1930-carlos-mili-editada-300x205.jpg 300w, https:\/\/magarinos.eu\/atandocabos\/wp-content\/uploads\/2018\/08\/1930-carlos-mili-editada-768x524.jpg 768w, https:\/\/magarinos.eu\/atandocabos\/wp-content\/uploads\/2018\/08\/1930-carlos-mili-editada-1536x1049.jpg 1536w, https:\/\/magarinos.eu\/atandocabos\/wp-content\/uploads\/2018\/08\/1930-carlos-mili-editada.jpg 2018w\" sizes=\"auto, (max-width: 1024px) 100vw, 1024px\" \/><\/noscript><figcaption><a href=\"https:\/\/magarinos.eu\/atandocabos\/wp-content\/uploads\/2018\/08\/1930-carlos-mili-editada.jpg\" target=\"_blank\" rel=\"noreferrer noopener\">Regimiento de Telegraf\u00eda y Automovilismo &#8211; 2\u00ba Batall\u00f3n, 6\u00aa Compa\u00f1\u00eda<\/a><\/figcaption><\/figure>\n\n\n\n<p>Pues s\u00ed, \u00a1inconfudible!<\/p>\n\n\n\n<figure class=\"wp-block-image aligncenter\"><a href=\"https:\/\/magarinos.eu\/atandocabos\/wp-content\/uploads\/2018\/08\/1930-carlos-mili-carlos-magaric3b1os.jpg\" target=\"_blank\" rel=\"noopener\"><img decoding=\"async\" src=\"data:image\/gif;base64,R0lGODlhAQABAIAAAAAAAP\/\/\/yH5BAEAAAAALAAAAAABAAEAAAIBRAA7\" data-src=\"https:\/\/magarinos.eu\/atandocabos\/wp-content\/uploads\/2018\/08\/1930-carlos-mili-carlos-magaric3b1os.jpg\" alt=\"1930 - Carlos Mili - Carlos Magari\u00f1os\" class=\"wp-image-3326 lazyload\"\/><noscript><img loading=\"lazy\" decoding=\"async\" width=\"175\" height=\"294\" src=\"https:\/\/magarinos.eu\/atandocabos\/wp-content\/uploads\/2018\/08\/1930-carlos-mili-carlos-magaric3b1os.jpg\" alt=\"1930 - Carlos Mili - Carlos Magari\u00f1os\" class=\"wp-image-3326 lazyload\"\/><\/noscript><\/a><\/figure>\n\n\n\n<p>Sabemos en que unidad estaba porque conserv\u00f3 durante a\u00f1os el pase que le permit\u00eda dormir fuera del cartel. Seguramente, en su momento, tener la posibilidad de escaparse del cuartel para ir a dormir a casa deb\u00eda ser una gran suerte.<\/p>\n\n\n\n<figure class=\"wp-block-image aligncenter size-large is-resized\"><img loading=\"lazy\" decoding=\"async\" src=\"data:image\/gif;base64,R0lGODlhAQABAIAAAAAAAP\/\/\/yH5BAEAAAAALAAAAAABAAEAAAIBRAA7\" data-src=\"https:\/\/magarinos.eu\/atandocabos\/wp-content\/uploads\/2018\/08\/1930_pase_ejc3a9rcito_carlos-magaric3b1os-b-editada-814x1024.jpg\" alt=\"Pase per nocta de Carlos Magari\u00f1os Garc\u00eda\" class=\"wp-image-3327 lazyload\" width=\"388\" height=\"487\"\/><noscript><img loading=\"lazy\" decoding=\"async\" src=\"https:\/\/magarinos.eu\/atandocabos\/wp-content\/uploads\/2018\/08\/1930_pase_ejc3a9rcito_carlos-magaric3b1os-b-editada-814x1024.jpg\" alt=\"Pase per nocta de Carlos Magari\u00f1os Garc\u00eda\" class=\"wp-image-3327 lazyload\" width=\"388\" height=\"487\" srcset=\"https:\/\/magarinos.eu\/atandocabos\/wp-content\/uploads\/2018\/08\/1930_pase_ejc3a9rcito_carlos-magaric3b1os-b-editada-814x1024.jpg 814w, https:\/\/magarinos.eu\/atandocabos\/wp-content\/uploads\/2018\/08\/1930_pase_ejc3a9rcito_carlos-magaric3b1os-b-editada-238x300.jpg 238w, https:\/\/magarinos.eu\/atandocabos\/wp-content\/uploads\/2018\/08\/1930_pase_ejc3a9rcito_carlos-magaric3b1os-b-editada-1220x1536.jpg 1220w, https:\/\/magarinos.eu\/atandocabos\/wp-content\/uploads\/2018\/08\/1930_pase_ejc3a9rcito_carlos-magaric3b1os-b-editada.jpg 1407w\" sizes=\"auto, (max-width: 388px) 100vw, 388px\" \/><\/noscript><figcaption>Pase per nocta de Carlos Magari\u00f1os Garc\u00eda<\/figcaption><\/figure>\n\n\n\n<p>Gracias a este pase sabemos exactamente d\u00f3nde hizo la mili: Regimiento de Radiotelegraf\u00eda y Automovilismo, 2\u00ba batall\u00f3n, 6\u00aa compa\u00f1ia.<\/p>\n\n\n\n<p>Este regimiento, ten\u00eda dos batallones, uno de radiotelegraf\u00eda y otro de automovilismo. En&nbsp; el emblema de las gorras que aparecen en la foto se aprecia claramente que el abuelo estuvo en Automovilismo:<\/p>\n\n\n\n<p><\/p>\n\n\n\n<figure class=\"wp-block-image aligncenter is-resized size-full wp-image-3328\"><img loading=\"lazy\" decoding=\"async\" src=\"data:image\/gif;base64,R0lGODlhAQABAIAAAAAAAP\/\/\/yH5BAEAAAAALAAAAAABAAEAAAIBRAA7\" data-src=\"https:\/\/magarinos.eu\/atandocabos\/wp-content\/uploads\/2018\/08\/1930-carlos-mili-gorra.jpg\" alt=\"1930 - Carlos Mili - gorra\" class=\"wp-image-3328 lazyload\" width=\"237\" height=\"105\"\/><noscript><img loading=\"lazy\" decoding=\"async\" src=\"https:\/\/magarinos.eu\/atandocabos\/wp-content\/uploads\/2018\/08\/1930-carlos-mili-gorra.jpg\" alt=\"1930 - Carlos Mili - gorra\" class=\"wp-image-3328 lazyload\" width=\"237\" height=\"105\"\/><\/noscript><figcaption>Emblema de gorra. Fuente: <a href=\"http:\/\/www.coleccionesmilitares.com\/emblemas\/ing\/INGENIEROS.pdf\" target=\"_blank\" rel=\"noopener\">Los ingenieros militares: una historia ilustrada<\/a>&nbsp;(Antonio Prieto Barrio).<\/figcaption><\/figure>\n\n\n\n<p>Las hebillas de los cinturones muestran el emblema del cuerpo de ingenieros: una torre con dos zapapicos:<\/p>\n\n\n\n<figure class=\"wp-block-image aligncenter is-resized alignnone wp-image-3330\"><img loading=\"lazy\" decoding=\"async\" src=\"data:image\/gif;base64,R0lGODlhAQABAIAAAAAAAP\/\/\/yH5BAEAAAAALAAAAAABAAEAAAIBRAA7\" data-src=\"https:\/\/magarinos.eu\/atandocabos\/wp-content\/uploads\/2018\/08\/1930-carlos-mili-hebilla.jpg\" alt=\"1930 - Carlos Mili - hebilla\" class=\"wp-image-3330 lazyload\" width=\"298\" height=\"232\"\/><noscript><img loading=\"lazy\" decoding=\"async\" src=\"https:\/\/magarinos.eu\/atandocabos\/wp-content\/uploads\/2018\/08\/1930-carlos-mili-hebilla.jpg\" alt=\"1930 - Carlos Mili - hebilla\" class=\"wp-image-3330 lazyload\" width=\"298\" height=\"232\" srcset=\"https:\/\/magarinos.eu\/atandocabos\/wp-content\/uploads\/2018\/08\/1930-carlos-mili-hebilla.jpg 720w, https:\/\/magarinos.eu\/atandocabos\/wp-content\/uploads\/2018\/08\/1930-carlos-mili-hebilla-300x233.jpg 300w\" sizes=\"auto, (max-width: 298px) 100vw, 298px\" \/><\/noscript><figcaption>Hebilla usada por los militares del cuerpo de ingenieros en los a\u00f1os 30. Fuente: <a href=\"https:\/\/www.todocoleccion.net\/militaria-uniformes\/hebilla-ingenieros-zapadores-guerra-civil-republica~x72379463\" target=\"_blank\" rel=\"noopener\">Todocolecci\u00f3n.net<\/a><\/figcaption><\/figure>\n\n\n\n<h2 class=\"wp-block-heading\">El misterio<\/h2>\n\n\n\n<p>Entre los papeles de la mili del abuelo apareci\u00f3 un misterioso documento firmado por el mism\u00edsimo <a href=\"http:\/\/www.altorres.synology.me\/personajes\/ingenieros\/laureados\/gil_clemente.htm\" target=\"_blank\" rel=\"noopener\">Coronel Gil Clemente<\/a>, jefe del regimiento. En ese documento, fechado a 31 de Octubre de 1930, se concede al soldado de reemplazo Carlos Magari\u00f1os permiso para contraer matrimonio.<\/p>\n\n\n\n<p>El misterio es que ignoramos para qu\u00e9 pidi\u00f3 permiso el abuelo para casarse en 1930 porque <a href=\"https:\/\/magarinos.eu\/atandocabos\/first-blog-post\/\">el matrimonio se celebr\u00f3 seis a\u00f1os despu\u00e9s<\/a>. Realmente s\u00f3lo podemos especular. Es posible que los abuelos hubieran planeado casarse antes pero que algo, quiz\u00e1s la muerte de un familiar, les obligara a retrasarlo. No s\u00e9 si alguna vez llegaremos a saberlo.<\/p>\n\n\n\n<figure class=\"wp-block-image aligncenter is-resized\"><img loading=\"lazy\" decoding=\"async\" src=\"data:image\/gif;base64,R0lGODlhAQABAIAAAAAAAP\/\/\/yH5BAEAAAAALAAAAAABAAEAAAIBRAA7\" data-src=\"https:\/\/magarinos.eu\/atandocabos\/wp-content\/uploads\/2018\/08\/1930_mili_carlos-magaric3b1os-final.jpg?w=559\" alt=\"Certificado de solter\u00eda de Carlos Magari\u00f1os Garc\u00eda\" class=\"wp-image-3332 lazyload\" width=\"538\" height=\"782\"\/><noscript><img loading=\"lazy\" decoding=\"async\" src=\"https:\/\/magarinos.eu\/atandocabos\/wp-content\/uploads\/2018\/08\/1930_mili_carlos-magaric3b1os-final.jpg?w=559\" alt=\"Certificado de solter\u00eda de Carlos Magari\u00f1os Garc\u00eda\" class=\"wp-image-3332 lazyload\" width=\"538\" height=\"782\"\/><\/noscript><figcaption>Certificado de solter\u00eda de Carlos Magari\u00f1os Garc\u00eda<\/figcaption><\/figure>\n","protected":false},"excerpt":{"rendered":"<p>La abolici\u00f3n del servicio militar obligatorio a principios del siglo XXI supuso para los j\u00f3venes espa\u00f1oles la liberaci\u00f3n de lo que algunos ve\u00edan como un servicio a la patria pero que para otros supon\u00eda una obligaci\u00f3n que, en el mejor de los casos, s\u00f3lo supuso una p\u00e9rdida de tiempo. Para alivio de amigos y familiares [&hellip;]<\/p>\n","protected":false},"author":1,"featured_media":3326,"comment_status":"open","ping_status":"open","sticky":false,"template":"","format":"standard","meta":{"footnotes":""},"categories":[5],"tags":[38,102,105,133],"class_list":["post-1482","post","type-post","status-publish","format-standard","has-post-thumbnail","hentry","category-historias-familiares","tag-cuerpo-de-ingenieros","tag-matrimonio","tag-mili","tag-servicio-militar"],"blocksy_meta":{"styles_descriptor":{"styles":{"desktop":"","tablet":"","mobile":""},"google_fonts":[],"version":6}},"yoast_head":"<!-- This site is optimized with the Yoast SEO plugin v27.5 - https:\/\/yoast.com\/product\/yoast-seo-wordpress\/ -->\n<title>1930 - La mili del abuelo Carlos - Atando Cabos<\/title>\n<meta name=\"robots\" content=\"index, follow, max-snippet:-1, max-image-preview:large, max-video-preview:-1\" \/>\n<link rel=\"canonical\" href=\"https:\/\/magarinos.eu\/atandocabos\/blog\/2018\/08\/30\/la-mili-del-abuelo-carlos\/\" \/>\n<meta property=\"og:locale\" content=\"es_ES\" \/>\n<meta property=\"og:type\" content=\"article\" \/>\n<meta property=\"og:title\" content=\"1930 - La mili del abuelo Carlos - Atando Cabos\" \/>\n<meta property=\"og:description\" content=\"La abolici\u00f3n del servicio militar obligatorio a principios del siglo XXI supuso para los j\u00f3venes espa\u00f1oles la liberaci\u00f3n de lo que algunos ve\u00edan como un servicio a la patria pero que para otros supon\u00eda una obligaci\u00f3n que, en el mejor de los casos, s\u00f3lo supuso una p\u00e9rdida de tiempo. Para alivio de amigos y familiares [&hellip;]\" \/>\n<meta property=\"og:url\" content=\"https:\/\/magarinos.eu\/atandocabos\/blog\/2018\/08\/30\/la-mili-del-abuelo-carlos\/\" \/>\n<meta property=\"og:site_name\" content=\"Atando Cabos\" \/>\n<meta property=\"article:published_time\" content=\"2018-08-30T18:16:38+00:00\" \/>\n<meta property=\"article:modified_time\" content=\"2022-07-18T21:31:09+00:00\" \/>\n<meta property=\"og:image\" content=\"https:\/\/magarinos.eu\/atandocabos\/wp-content\/uploads\/2018\/08\/1930-carlos-mili-carlos-magaric3b1os.jpg\" \/>\n\t<meta property=\"og:image:width\" content=\"175\" \/>\n\t<meta property=\"og:image:height\" content=\"294\" \/>\n\t<meta property=\"og:image:type\" content=\"image\/jpeg\" \/>\n<meta name=\"author\" content=\"Daniel Garc\u00eda Magari\u00f1os\" \/>\n<meta name=\"twitter:card\" content=\"summary_large_image\" \/>\n<meta name=\"twitter:label1\" content=\"Escrito por\" \/>\n\t<meta name=\"twitter:data1\" content=\"Daniel Garc\u00eda Magari\u00f1os\" \/>\n\t<meta name=\"twitter:label2\" content=\"Tiempo de lectura\" \/>\n\t<meta name=\"twitter:data2\" content=\"4 minutos\" \/>\n<script type=\"application\/ld+json\" class=\"yoast-schema-graph\">{\"@context\":\"https:\\\/\\\/schema.org\",\"@graph\":[{\"@type\":\"Article\",\"@id\":\"https:\\\/\\\/magarinos.eu\\\/atandocabos\\\/blog\\\/2018\\\/08\\\/30\\\/la-mili-del-abuelo-carlos\\\/#article\",\"isPartOf\":{\"@id\":\"https:\\\/\\\/magarinos.eu\\\/atandocabos\\\/blog\\\/2018\\\/08\\\/30\\\/la-mili-del-abuelo-carlos\\\/\"},\"author\":{\"name\":\"Daniel Garc\u00eda Magari\u00f1os\",\"@id\":\"https:\\\/\\\/magarinos.eu\\\/atandocabos\\\/#\\\/schema\\\/person\\\/ce62485d4bf8f9cc864369bb52591f1e\"},\"headline\":\"1930 &#8211; La mili del abuelo Carlos\",\"datePublished\":\"2018-08-30T18:16:38+00:00\",\"dateModified\":\"2022-07-18T21:31:09+00:00\",\"mainEntityOfPage\":{\"@id\":\"https:\\\/\\\/magarinos.eu\\\/atandocabos\\\/blog\\\/2018\\\/08\\\/30\\\/la-mili-del-abuelo-carlos\\\/\"},\"wordCount\":507,\"commentCount\":0,\"publisher\":{\"@id\":\"https:\\\/\\\/magarinos.eu\\\/atandocabos\\\/#organization\"},\"image\":{\"@id\":\"https:\\\/\\\/magarinos.eu\\\/atandocabos\\\/blog\\\/2018\\\/08\\\/30\\\/la-mili-del-abuelo-carlos\\\/#primaryimage\"},\"thumbnailUrl\":\"https:\\\/\\\/magarinos.eu\\\/atandocabos\\\/wp-content\\\/uploads\\\/2018\\\/08\\\/1930-carlos-mili-carlos-magaric3b1os.jpg\",\"keywords\":[\"Cuerpo de ingenieros\",\"Matrimonio\",\"Mili\",\"Servicio Militar\"],\"articleSection\":[\"Historias familiares\"],\"inLanguage\":\"es\",\"potentialAction\":[{\"@type\":\"CommentAction\",\"name\":\"Comment\",\"target\":[\"https:\\\/\\\/magarinos.eu\\\/atandocabos\\\/blog\\\/2018\\\/08\\\/30\\\/la-mili-del-abuelo-carlos\\\/#respond\"]}]},{\"@type\":\"WebPage\",\"@id\":\"https:\\\/\\\/magarinos.eu\\\/atandocabos\\\/blog\\\/2018\\\/08\\\/30\\\/la-mili-del-abuelo-carlos\\\/\",\"url\":\"https:\\\/\\\/magarinos.eu\\\/atandocabos\\\/blog\\\/2018\\\/08\\\/30\\\/la-mili-del-abuelo-carlos\\\/\",\"name\":\"1930 - La mili del abuelo Carlos - Atando Cabos\",\"isPartOf\":{\"@id\":\"https:\\\/\\\/magarinos.eu\\\/atandocabos\\\/#website\"},\"primaryImageOfPage\":{\"@id\":\"https:\\\/\\\/magarinos.eu\\\/atandocabos\\\/blog\\\/2018\\\/08\\\/30\\\/la-mili-del-abuelo-carlos\\\/#primaryimage\"},\"image\":{\"@id\":\"https:\\\/\\\/magarinos.eu\\\/atandocabos\\\/blog\\\/2018\\\/08\\\/30\\\/la-mili-del-abuelo-carlos\\\/#primaryimage\"},\"thumbnailUrl\":\"https:\\\/\\\/magarinos.eu\\\/atandocabos\\\/wp-content\\\/uploads\\\/2018\\\/08\\\/1930-carlos-mili-carlos-magaric3b1os.jpg\",\"datePublished\":\"2018-08-30T18:16:38+00:00\",\"dateModified\":\"2022-07-18T21:31:09+00:00\",\"breadcrumb\":{\"@id\":\"https:\\\/\\\/magarinos.eu\\\/atandocabos\\\/blog\\\/2018\\\/08\\\/30\\\/la-mili-del-abuelo-carlos\\\/#breadcrumb\"},\"inLanguage\":\"es\",\"potentialAction\":[{\"@type\":\"ReadAction\",\"target\":[\"https:\\\/\\\/magarinos.eu\\\/atandocabos\\\/blog\\\/2018\\\/08\\\/30\\\/la-mili-del-abuelo-carlos\\\/\"]}]},{\"@type\":\"ImageObject\",\"inLanguage\":\"es\",\"@id\":\"https:\\\/\\\/magarinos.eu\\\/atandocabos\\\/blog\\\/2018\\\/08\\\/30\\\/la-mili-del-abuelo-carlos\\\/#primaryimage\",\"url\":\"https:\\\/\\\/magarinos.eu\\\/atandocabos\\\/wp-content\\\/uploads\\\/2018\\\/08\\\/1930-carlos-mili-carlos-magaric3b1os.jpg\",\"contentUrl\":\"https:\\\/\\\/magarinos.eu\\\/atandocabos\\\/wp-content\\\/uploads\\\/2018\\\/08\\\/1930-carlos-mili-carlos-magaric3b1os.jpg\",\"width\":175,\"height\":294},{\"@type\":\"BreadcrumbList\",\"@id\":\"https:\\\/\\\/magarinos.eu\\\/atandocabos\\\/blog\\\/2018\\\/08\\\/30\\\/la-mili-del-abuelo-carlos\\\/#breadcrumb\",\"itemListElement\":[{\"@type\":\"ListItem\",\"position\":1,\"name\":\"Portada\",\"item\":\"https:\\\/\\\/magarinos.eu\\\/atandocabos\\\/\"},{\"@type\":\"ListItem\",\"position\":2,\"name\":\"1930 &#8211; La mili del abuelo Carlos\"}]},{\"@type\":\"WebSite\",\"@id\":\"https:\\\/\\\/magarinos.eu\\\/atandocabos\\\/#website\",\"url\":\"https:\\\/\\\/magarinos.eu\\\/atandocabos\\\/\",\"name\":\"Atando Cabos\",\"description\":\"Una p\u00e1gina web de la familia Magari\u00f1os Ram\u00f3n\",\"publisher\":{\"@id\":\"https:\\\/\\\/magarinos.eu\\\/atandocabos\\\/#organization\"},\"potentialAction\":[{\"@type\":\"SearchAction\",\"target\":{\"@type\":\"EntryPoint\",\"urlTemplate\":\"https:\\\/\\\/magarinos.eu\\\/atandocabos\\\/?s={search_term_string}\"},\"query-input\":{\"@type\":\"PropertyValueSpecification\",\"valueRequired\":true,\"valueName\":\"search_term_string\"}}],\"inLanguage\":\"es\"},{\"@type\":\"Organization\",\"@id\":\"https:\\\/\\\/magarinos.eu\\\/atandocabos\\\/#organization\",\"name\":\"Atando Cabos\",\"url\":\"https:\\\/\\\/magarinos.eu\\\/atandocabos\\\/\",\"logo\":{\"@type\":\"ImageObject\",\"inLanguage\":\"es\",\"@id\":\"https:\\\/\\\/magarinos.eu\\\/atandocabos\\\/#\\\/schema\\\/logo\\\/image\\\/\",\"url\":\"https:\\\/\\\/magarinos.eu\\\/atandocabos\\\/wp-content\\\/uploads\\\/2022\\\/06\\\/cropped-cropped-Caballero_Anciano.jpg\",\"contentUrl\":\"https:\\\/\\\/magarinos.eu\\\/atandocabos\\\/wp-content\\\/uploads\\\/2022\\\/06\\\/cropped-cropped-Caballero_Anciano.jpg\",\"width\":512,\"height\":512,\"caption\":\"Atando Cabos\"},\"image\":{\"@id\":\"https:\\\/\\\/magarinos.eu\\\/atandocabos\\\/#\\\/schema\\\/logo\\\/image\\\/\"}},{\"@type\":\"Person\",\"@id\":\"https:\\\/\\\/magarinos.eu\\\/atandocabos\\\/#\\\/schema\\\/person\\\/ce62485d4bf8f9cc864369bb52591f1e\",\"name\":\"Daniel Garc\u00eda Magari\u00f1os\",\"image\":{\"@type\":\"ImageObject\",\"inLanguage\":\"es\",\"@id\":\"https:\\\/\\\/secure.gravatar.com\\\/avatar\\\/a7c7a82edf145a1bb8c32117ac59cb3be1c2c760796caff2df495a17896be288?s=96&d=mm&r=g\",\"url\":\"https:\\\/\\\/secure.gravatar.com\\\/avatar\\\/a7c7a82edf145a1bb8c32117ac59cb3be1c2c760796caff2df495a17896be288?s=96&d=mm&r=g\",\"contentUrl\":\"https:\\\/\\\/secure.gravatar.com\\\/avatar\\\/a7c7a82edf145a1bb8c32117ac59cb3be1c2c760796caff2df495a17896be288?s=96&d=mm&r=g\",\"caption\":\"Daniel Garc\u00eda Magari\u00f1os\"},\"url\":\"https:\\\/\\\/magarinos.eu\\\/atandocabos\\\/blog\\\/author\\\/dgarcia\\\/\"}]}<\/script>\n<!-- \/ Yoast SEO plugin. -->","yoast_head_json":{"title":"1930 - La mili del abuelo Carlos - Atando Cabos","robots":{"index":"index","follow":"follow","max-snippet":"max-snippet:-1","max-image-preview":"max-image-preview:large","max-video-preview":"max-video-preview:-1"},"canonical":"https:\/\/magarinos.eu\/atandocabos\/blog\/2018\/08\/30\/la-mili-del-abuelo-carlos\/","og_locale":"es_ES","og_type":"article","og_title":"1930 - La mili del abuelo Carlos - Atando Cabos","og_description":"La abolici\u00f3n del servicio militar obligatorio a principios del siglo XXI supuso para los j\u00f3venes espa\u00f1oles la liberaci\u00f3n de lo que algunos ve\u00edan como un servicio a la patria pero que para otros supon\u00eda una obligaci\u00f3n que, en el mejor de los casos, s\u00f3lo supuso una p\u00e9rdida de tiempo. Para alivio de amigos y familiares [&hellip;]","og_url":"https:\/\/magarinos.eu\/atandocabos\/blog\/2018\/08\/30\/la-mili-del-abuelo-carlos\/","og_site_name":"Atando Cabos","article_published_time":"2018-08-30T18:16:38+00:00","article_modified_time":"2022-07-18T21:31:09+00:00","og_image":[{"width":175,"height":294,"url":"https:\/\/magarinos.eu\/atandocabos\/wp-content\/uploads\/2018\/08\/1930-carlos-mili-carlos-magaric3b1os.jpg","type":"image\/jpeg"}],"author":"Daniel Garc\u00eda Magari\u00f1os","twitter_card":"summary_large_image","twitter_misc":{"Escrito por":"Daniel Garc\u00eda Magari\u00f1os","Tiempo de lectura":"4 minutos"},"schema":{"@context":"https:\/\/schema.org","@graph":[{"@type":"Article","@id":"https:\/\/magarinos.eu\/atandocabos\/blog\/2018\/08\/30\/la-mili-del-abuelo-carlos\/#article","isPartOf":{"@id":"https:\/\/magarinos.eu\/atandocabos\/blog\/2018\/08\/30\/la-mili-del-abuelo-carlos\/"},"author":{"name":"Daniel Garc\u00eda Magari\u00f1os","@id":"https:\/\/magarinos.eu\/atandocabos\/#\/schema\/person\/ce62485d4bf8f9cc864369bb52591f1e"},"headline":"1930 &#8211; La mili del abuelo Carlos","datePublished":"2018-08-30T18:16:38+00:00","dateModified":"2022-07-18T21:31:09+00:00","mainEntityOfPage":{"@id":"https:\/\/magarinos.eu\/atandocabos\/blog\/2018\/08\/30\/la-mili-del-abuelo-carlos\/"},"wordCount":507,"commentCount":0,"publisher":{"@id":"https:\/\/magarinos.eu\/atandocabos\/#organization"},"image":{"@id":"https:\/\/magarinos.eu\/atandocabos\/blog\/2018\/08\/30\/la-mili-del-abuelo-carlos\/#primaryimage"},"thumbnailUrl":"https:\/\/magarinos.eu\/atandocabos\/wp-content\/uploads\/2018\/08\/1930-carlos-mili-carlos-magaric3b1os.jpg","keywords":["Cuerpo de ingenieros","Matrimonio","Mili","Servicio Militar"],"articleSection":["Historias familiares"],"inLanguage":"es","potentialAction":[{"@type":"CommentAction","name":"Comment","target":["https:\/\/magarinos.eu\/atandocabos\/blog\/2018\/08\/30\/la-mili-del-abuelo-carlos\/#respond"]}]},{"@type":"WebPage","@id":"https:\/\/magarinos.eu\/atandocabos\/blog\/2018\/08\/30\/la-mili-del-abuelo-carlos\/","url":"https:\/\/magarinos.eu\/atandocabos\/blog\/2018\/08\/30\/la-mili-del-abuelo-carlos\/","name":"1930 - La mili del abuelo Carlos - Atando Cabos","isPartOf":{"@id":"https:\/\/magarinos.eu\/atandocabos\/#website"},"primaryImageOfPage":{"@id":"https:\/\/magarinos.eu\/atandocabos\/blog\/2018\/08\/30\/la-mili-del-abuelo-carlos\/#primaryimage"},"image":{"@id":"https:\/\/magarinos.eu\/atandocabos\/blog\/2018\/08\/30\/la-mili-del-abuelo-carlos\/#primaryimage"},"thumbnailUrl":"https:\/\/magarinos.eu\/atandocabos\/wp-content\/uploads\/2018\/08\/1930-carlos-mili-carlos-magaric3b1os.jpg","datePublished":"2018-08-30T18:16:38+00:00","dateModified":"2022-07-18T21:31:09+00:00","breadcrumb":{"@id":"https:\/\/magarinos.eu\/atandocabos\/blog\/2018\/08\/30\/la-mili-del-abuelo-carlos\/#breadcrumb"},"inLanguage":"es","potentialAction":[{"@type":"ReadAction","target":["https:\/\/magarinos.eu\/atandocabos\/blog\/2018\/08\/30\/la-mili-del-abuelo-carlos\/"]}]},{"@type":"ImageObject","inLanguage":"es","@id":"https:\/\/magarinos.eu\/atandocabos\/blog\/2018\/08\/30\/la-mili-del-abuelo-carlos\/#primaryimage","url":"https:\/\/magarinos.eu\/atandocabos\/wp-content\/uploads\/2018\/08\/1930-carlos-mili-carlos-magaric3b1os.jpg","contentUrl":"https:\/\/magarinos.eu\/atandocabos\/wp-content\/uploads\/2018\/08\/1930-carlos-mili-carlos-magaric3b1os.jpg","width":175,"height":294},{"@type":"BreadcrumbList","@id":"https:\/\/magarinos.eu\/atandocabos\/blog\/2018\/08\/30\/la-mili-del-abuelo-carlos\/#breadcrumb","itemListElement":[{"@type":"ListItem","position":1,"name":"Portada","item":"https:\/\/magarinos.eu\/atandocabos\/"},{"@type":"ListItem","position":2,"name":"1930 &#8211; La mili del abuelo Carlos"}]},{"@type":"WebSite","@id":"https:\/\/magarinos.eu\/atandocabos\/#website","url":"https:\/\/magarinos.eu\/atandocabos\/","name":"Atando Cabos","description":"Una p\u00e1gina web de la familia Magari\u00f1os Ram\u00f3n","publisher":{"@id":"https:\/\/magarinos.eu\/atandocabos\/#organization"},"potentialAction":[{"@type":"SearchAction","target":{"@type":"EntryPoint","urlTemplate":"https:\/\/magarinos.eu\/atandocabos\/?s={search_term_string}"},"query-input":{"@type":"PropertyValueSpecification","valueRequired":true,"valueName":"search_term_string"}}],"inLanguage":"es"},{"@type":"Organization","@id":"https:\/\/magarinos.eu\/atandocabos\/#organization","name":"Atando Cabos","url":"https:\/\/magarinos.eu\/atandocabos\/","logo":{"@type":"ImageObject","inLanguage":"es","@id":"https:\/\/magarinos.eu\/atandocabos\/#\/schema\/logo\/image\/","url":"https:\/\/magarinos.eu\/atandocabos\/wp-content\/uploads\/2022\/06\/cropped-cropped-Caballero_Anciano.jpg","contentUrl":"https:\/\/magarinos.eu\/atandocabos\/wp-content\/uploads\/2022\/06\/cropped-cropped-Caballero_Anciano.jpg","width":512,"height":512,"caption":"Atando Cabos"},"image":{"@id":"https:\/\/magarinos.eu\/atandocabos\/#\/schema\/logo\/image\/"}},{"@type":"Person","@id":"https:\/\/magarinos.eu\/atandocabos\/#\/schema\/person\/ce62485d4bf8f9cc864369bb52591f1e","name":"Daniel Garc\u00eda Magari\u00f1os","image":{"@type":"ImageObject","inLanguage":"es","@id":"https:\/\/secure.gravatar.com\/avatar\/a7c7a82edf145a1bb8c32117ac59cb3be1c2c760796caff2df495a17896be288?s=96&d=mm&r=g","url":"https:\/\/secure.gravatar.com\/avatar\/a7c7a82edf145a1bb8c32117ac59cb3be1c2c760796caff2df495a17896be288?s=96&d=mm&r=g","contentUrl":"https:\/\/secure.gravatar.com\/avatar\/a7c7a82edf145a1bb8c32117ac59cb3be1c2c760796caff2df495a17896be288?s=96&d=mm&r=g","caption":"Daniel Garc\u00eda Magari\u00f1os"},"url":"https:\/\/magarinos.eu\/atandocabos\/blog\/author\/dgarcia\/"}]}},"_links":{"self":[{"href":"https:\/\/magarinos.eu\/atandocabos\/wp-json\/wp\/v2\/posts\/1482","targetHints":{"allow":["GET"]}}],"collection":[{"href":"https:\/\/magarinos.eu\/atandocabos\/wp-json\/wp\/v2\/posts"}],"about":[{"href":"https:\/\/magarinos.eu\/atandocabos\/wp-json\/wp\/v2\/types\/post"}],"author":[{"embeddable":true,"href":"https:\/\/magarinos.eu\/atandocabos\/wp-json\/wp\/v2\/users\/1"}],"replies":[{"embeddable":true,"href":"https:\/\/magarinos.eu\/atandocabos\/wp-json\/wp\/v2\/comments?post=1482"}],"version-history":[{"count":0,"href":"https:\/\/magarinos.eu\/atandocabos\/wp-json\/wp\/v2\/posts\/1482\/revisions"}],"wp:featuredmedia":[{"embeddable":true,"href":"https:\/\/magarinos.eu\/atandocabos\/wp-json\/wp\/v2\/media\/3326"}],"wp:attachment":[{"href":"https:\/\/magarinos.eu\/atandocabos\/wp-json\/wp\/v2\/media?parent=1482"}],"wp:term":[{"taxonomy":"category","embeddable":true,"href":"https:\/\/magarinos.eu\/atandocabos\/wp-json\/wp\/v2\/categories?post=1482"},{"taxonomy":"post_tag","embeddable":true,"href":"https:\/\/magarinos.eu\/atandocabos\/wp-json\/wp\/v2\/tags?post=1482"}],"curies":[{"name":"wp","href":"https:\/\/api.w.org\/{rel}","templated":true}]}}