{"id":1444,"date":"2016-08-21T23:20:20","date_gmt":"2016-08-21T23:20:20","guid":{"rendered":"https:\/\/atandocabosweb.wordpress.com\/?p=1444"},"modified":"2022-07-16T22:07:16","modified_gmt":"2022-07-16T20:07:16","slug":"la-mili-de-los-abuelos","status":"publish","type":"post","link":"https:\/\/magarinos.eu\/atandocabos\/blog\/2016\/08\/21\/la-mili-de-los-abuelos\/","title":{"rendered":"Todo por la patria (I)"},"content":{"rendered":"\n<p>Entre los papeles que conservaba mi abuelo estaban algunos relativos al servicio militar de su suegro, <strong>Juan Ram\u00f3n Vidal<\/strong>. Entre ellos estaba la licencia del servicio. Un documento esencial para demostrar que la persona en cuesti\u00f3n hab\u00eda cumplido con sus deberes para con la patria. Por suerte, mi abuelo lo conserv\u00f3 y ahora podemos ver con curiosidad como eran esos papeles de hace m\u00e1s de un siglo.<\/p>\n\n\n\n<figure class=\"wp-block-image aligncenter wp-image-889\"><img decoding=\"async\" src=\"data:image\/gif;base64,R0lGODlhAQABAIAAAAAAAP\/\/\/yH5BAEAAAAALAAAAAABAAEAAAIBRAA7\" data-src=\"https:\/\/magarinos.eu\/atandocabos\/wp-content\/uploads\/2016\/07\/juan-ramc3b3n-vidal.jpg\" alt=\"Juan Ram\u00f3n Vidal\" class=\"wp-image-889 lazyload\"\/><noscript><img loading=\"lazy\" decoding=\"async\" width=\"197\" height=\"173\" src=\"https:\/\/magarinos.eu\/atandocabos\/wp-content\/uploads\/2016\/07\/juan-ramc3b3n-vidal.jpg\" alt=\"Juan Ram\u00f3n Vidal\" class=\"wp-image-889 lazyload\"\/><\/noscript><figcaption>Juan Ram\u00f3n Vidal (1876 &#8211; 1938)<\/figcaption><\/figure>\n\n\n\n<p>En el documento vemos que le reclutaron en 1896, en J\u00e1tiva, de donde era su familia y donde deb\u00eda de vivir entonces. Se licenci\u00f3 en 1899.<\/p>\n\n\n\n<figure class=\"wp-block-image aligncenter is-resized\"><img loading=\"lazy\" decoding=\"async\" src=\"data:image\/gif;base64,R0lGODlhAQABAIAAAAAAAP\/\/\/yH5BAEAAAAALAAAAAABAAEAAAIBRAA7\" data-src=\"https:\/\/magarinos.eu\/atandocabos\/wp-content\/uploads\/2016\/08\/1899-juan-ramc3b3n-vidal-servicio-militar-merged.jpg\" alt=\"1899 Juan Ram\u00f3n vidal Servicio militar merged.jpg\" class=\"wp-image-1449 lazyload\" width=\"531\" height=\"759\"\/><noscript><img loading=\"lazy\" decoding=\"async\" src=\"https:\/\/magarinos.eu\/atandocabos\/wp-content\/uploads\/2016\/08\/1899-juan-ramc3b3n-vidal-servicio-militar-merged.jpg\" alt=\"1899 Juan Ram\u00f3n vidal Servicio militar merged.jpg\" class=\"wp-image-1449 lazyload\" width=\"531\" height=\"759\" srcset=\"https:\/\/magarinos.eu\/atandocabos\/wp-content\/uploads\/2016\/08\/1899-juan-ramc3b3n-vidal-servicio-militar-merged.jpg 839w, https:\/\/magarinos.eu\/atandocabos\/wp-content\/uploads\/2016\/08\/1899-juan-ramc3b3n-vidal-servicio-militar-merged-210x300.jpg 210w, https:\/\/magarinos.eu\/atandocabos\/wp-content\/uploads\/2016\/08\/1899-juan-ramc3b3n-vidal-servicio-militar-merged-716x1024.jpg 716w, https:\/\/magarinos.eu\/atandocabos\/wp-content\/uploads\/2016\/08\/1899-juan-ramc3b3n-vidal-servicio-militar-merged-768x1098.jpg 768w\" sizes=\"auto, (max-width: 531px) 100vw, 531px\" \/><\/noscript><\/figure>\n\n\n\n<p>El documento muestra que hizo el servicio en el <strong>Regimiento de Infanter\u00eda Covadonga, n\u00ba 40<\/strong>, en Legan\u00e9s.<\/p>\n\n\n\n<p>No tenemos fotograf\u00edas de este regimiento en esa \u00e9poca, pero s\u00ed las hay de otro regimiento de infanter\u00eda que estaba acuartelado en Legan\u00e9s a finales del siglo XIX. El uniforme del bisabuelo Juan debi\u00f3 parecerse mucho al de los soldados de estas fotograf\u00edas:<\/p>\n\n\n\n<figure class=\"wp-block-image aligncenter size-full wp-image-1467\"><img decoding=\"async\" src=\"data:image\/gif;base64,R0lGODlhAQABAIAAAAAAAP\/\/\/yH5BAEAAAAALAAAAAABAAEAAAIBRAA7\" data-src=\"https:\/\/magarinos.eu\/atandocabos\/wp-content\/uploads\/2016\/08\/1891_regimiento_infanteria_asturias-31_a.jpg\" alt=\"1891_Regimiento_Infanteria_Asturias 31_a\" class=\"wp-image-1467 lazyload\"\/><noscript><img loading=\"lazy\" decoding=\"async\" width=\"640\" height=\"409\" src=\"https:\/\/magarinos.eu\/atandocabos\/wp-content\/uploads\/2016\/08\/1891_regimiento_infanteria_asturias-31_a.jpg\" alt=\"1891_Regimiento_Infanteria_Asturias 31_a\" class=\"wp-image-1467 lazyload\" srcset=\"https:\/\/magarinos.eu\/atandocabos\/wp-content\/uploads\/2016\/08\/1891_regimiento_infanteria_asturias-31_a.jpg 640w, https:\/\/magarinos.eu\/atandocabos\/wp-content\/uploads\/2016\/08\/1891_regimiento_infanteria_asturias-31_a-300x192.jpg 300w\" sizes=\"auto, (max-width: 640px) 100vw, 640px\" \/><\/noscript><figcaption>Regimiento de Infanter\u00eda de Asturias n\u00ba 31 en el patio del Cuartel Saboya. 1891.<br>Foto aportada por Manuel Pozo.<br>(Fuente: <a href=\"http:\/\/www.abuelohara.com\/2011\/11\/leganes-bn-i.html\" target=\"_blank\" rel=\"noopener\">Las Cosas del Abuelo O&#8217;Hara<\/a>)<\/figcaption><\/figure>\n\n\n\n<figure class=\"wp-block-image aligncenter is-resized size-full wp-image-1468\"><img loading=\"lazy\" decoding=\"async\" src=\"data:image\/gif;base64,R0lGODlhAQABAIAAAAAAAP\/\/\/yH5BAEAAAAALAAAAAABAAEAAAIBRAA7\" data-src=\"https:\/\/magarinos.eu\/atandocabos\/wp-content\/uploads\/2016\/08\/1891_regimiento_infanteria_asturias-31_b.jpg\" alt=\"1891_Regimiento_Infanteria_Asturias 31_b\" class=\"wp-image-1468 lazyload\" width=\"588\" height=\"369\"\/><noscript><img loading=\"lazy\" decoding=\"async\" src=\"https:\/\/magarinos.eu\/atandocabos\/wp-content\/uploads\/2016\/08\/1891_regimiento_infanteria_asturias-31_b.jpg\" alt=\"1891_Regimiento_Infanteria_Asturias 31_b\" class=\"wp-image-1468 lazyload\" width=\"588\" height=\"369\" srcset=\"https:\/\/magarinos.eu\/atandocabos\/wp-content\/uploads\/2016\/08\/1891_regimiento_infanteria_asturias-31_b.jpg 640w, https:\/\/magarinos.eu\/atandocabos\/wp-content\/uploads\/2016\/08\/1891_regimiento_infanteria_asturias-31_b-300x188.jpg 300w\" sizes=\"auto, (max-width: 588px) 100vw, 588px\" \/><\/noscript><figcaption>Regimiento de Infanter\u00eda de Asturias n\u00ba 31 en el patio del Saboya. A\u00f1o 1981.<br>Foto aportada por Manuel Pozo.<br>(Fuente: <a href=\"http:\/\/www.abuelohara.com\/2011\/11\/leganes-bn-i.html\" target=\"_blank\" rel=\"noopener\">Las Cosas del Abuelo O&#8217;Hara<\/a>)<\/figcaption><\/figure>\n","protected":false},"excerpt":{"rendered":"<p>Entre los papeles que conservaba mi abuelo estaban algunos relativos al servicio militar de su suegro, Juan Ram\u00f3n Vidal. Entre ellos estaba la licencia del servicio. Un documento esencial para demostrar que la persona en cuesti\u00f3n hab\u00eda cumplido con sus deberes para con la patria. Por suerte, mi abuelo lo conserv\u00f3 y ahora podemos ver [&hellip;]<\/p>\n","protected":false},"author":1,"featured_media":1467,"comment_status":"open","ping_status":"open","sticky":false,"template":"","format":"standard","meta":{"footnotes":""},"categories":[5],"tags":[46,77,80,105,133],"class_list":["post-1444","post","type-post","status-publish","format-standard","has-post-thumbnail","hentry","category-historias-familiares","tag-ejercito","tag-juan-ramon-vidal","tag-leganes","tag-mili","tag-servicio-militar"],"blocksy_meta":{"styles_descriptor":{"styles":{"desktop":"","tablet":"","mobile":""},"google_fonts":[],"version":6}},"yoast_head":"<!-- This site is optimized with the Yoast SEO plugin v27.5 - https:\/\/yoast.com\/product\/yoast-seo-wordpress\/ -->\n<title>Todo por la patria (I) - Atando Cabos<\/title>\n<meta name=\"robots\" content=\"index, follow, max-snippet:-1, max-image-preview:large, max-video-preview:-1\" \/>\n<link rel=\"canonical\" href=\"https:\/\/magarinos.eu\/atandocabos\/blog\/2016\/08\/21\/la-mili-de-los-abuelos\/\" \/>\n<meta property=\"og:locale\" content=\"es_ES\" \/>\n<meta property=\"og:type\" content=\"article\" \/>\n<meta property=\"og:title\" content=\"Todo por la patria (I) - Atando Cabos\" \/>\n<meta property=\"og:description\" content=\"Entre los papeles que conservaba mi abuelo estaban algunos relativos al servicio militar de su suegro, Juan Ram\u00f3n Vidal. Entre ellos estaba la licencia del servicio. Un documento esencial para demostrar que la persona en cuesti\u00f3n hab\u00eda cumplido con sus deberes para con la patria. Por suerte, mi abuelo lo conserv\u00f3 y ahora podemos ver [&hellip;]\" \/>\n<meta property=\"og:url\" content=\"https:\/\/magarinos.eu\/atandocabos\/blog\/2016\/08\/21\/la-mili-de-los-abuelos\/\" \/>\n<meta property=\"og:site_name\" content=\"Atando Cabos\" \/>\n<meta property=\"article:published_time\" content=\"2016-08-21T23:20:20+00:00\" \/>\n<meta property=\"article:modified_time\" content=\"2022-07-16T20:07:16+00:00\" \/>\n<meta property=\"og:image\" content=\"https:\/\/magarinos.eu\/atandocabos\/wp-content\/uploads\/2016\/08\/1891_regimiento_infanteria_asturias-31_a.jpg\" \/>\n\t<meta property=\"og:image:width\" content=\"640\" \/>\n\t<meta property=\"og:image:height\" content=\"409\" \/>\n\t<meta property=\"og:image:type\" content=\"image\/jpeg\" \/>\n<meta name=\"author\" content=\"Daniel Garc\u00eda Magari\u00f1os\" \/>\n<meta name=\"twitter:card\" content=\"summary_large_image\" \/>\n<meta name=\"twitter:label1\" content=\"Escrito por\" \/>\n\t<meta name=\"twitter:data1\" content=\"Daniel Garc\u00eda Magari\u00f1os\" \/>\n\t<meta name=\"twitter:label2\" content=\"Tiempo de lectura\" \/>\n\t<meta name=\"twitter:data2\" content=\"2 minutos\" \/>\n<script type=\"application\/ld+json\" class=\"yoast-schema-graph\">{\"@context\":\"https:\\\/\\\/schema.org\",\"@graph\":[{\"@type\":\"Article\",\"@id\":\"https:\\\/\\\/magarinos.eu\\\/atandocabos\\\/blog\\\/2016\\\/08\\\/21\\\/la-mili-de-los-abuelos\\\/#article\",\"isPartOf\":{\"@id\":\"https:\\\/\\\/magarinos.eu\\\/atandocabos\\\/blog\\\/2016\\\/08\\\/21\\\/la-mili-de-los-abuelos\\\/\"},\"author\":{\"name\":\"Daniel Garc\u00eda Magari\u00f1os\",\"@id\":\"https:\\\/\\\/magarinos.eu\\\/atandocabos\\\/#\\\/schema\\\/person\\\/ce62485d4bf8f9cc864369bb52591f1e\"},\"headline\":\"Todo por la patria (I)\",\"datePublished\":\"2016-08-21T23:20:20+00:00\",\"dateModified\":\"2022-07-16T20:07:16+00:00\",\"mainEntityOfPage\":{\"@id\":\"https:\\\/\\\/magarinos.eu\\\/atandocabos\\\/blog\\\/2016\\\/08\\\/21\\\/la-mili-de-los-abuelos\\\/\"},\"wordCount\":223,\"commentCount\":0,\"publisher\":{\"@id\":\"https:\\\/\\\/magarinos.eu\\\/atandocabos\\\/#organization\"},\"image\":{\"@id\":\"https:\\\/\\\/magarinos.eu\\\/atandocabos\\\/blog\\\/2016\\\/08\\\/21\\\/la-mili-de-los-abuelos\\\/#primaryimage\"},\"thumbnailUrl\":\"https:\\\/\\\/magarinos.eu\\\/atandocabos\\\/wp-content\\\/uploads\\\/2016\\\/08\\\/1891_regimiento_infanteria_asturias-31_a.jpg\",\"keywords\":[\"Ej\u00e9rcito\",\"Juan Ram\u00f3n Vidal\",\"Legan\u00e9s\",\"Mili\",\"Servicio Militar\"],\"articleSection\":[\"Historias familiares\"],\"inLanguage\":\"es\",\"potentialAction\":[{\"@type\":\"CommentAction\",\"name\":\"Comment\",\"target\":[\"https:\\\/\\\/magarinos.eu\\\/atandocabos\\\/blog\\\/2016\\\/08\\\/21\\\/la-mili-de-los-abuelos\\\/#respond\"]}]},{\"@type\":\"WebPage\",\"@id\":\"https:\\\/\\\/magarinos.eu\\\/atandocabos\\\/blog\\\/2016\\\/08\\\/21\\\/la-mili-de-los-abuelos\\\/\",\"url\":\"https:\\\/\\\/magarinos.eu\\\/atandocabos\\\/blog\\\/2016\\\/08\\\/21\\\/la-mili-de-los-abuelos\\\/\",\"name\":\"Todo por la patria (I) - Atando Cabos\",\"isPartOf\":{\"@id\":\"https:\\\/\\\/magarinos.eu\\\/atandocabos\\\/#website\"},\"primaryImageOfPage\":{\"@id\":\"https:\\\/\\\/magarinos.eu\\\/atandocabos\\\/blog\\\/2016\\\/08\\\/21\\\/la-mili-de-los-abuelos\\\/#primaryimage\"},\"image\":{\"@id\":\"https:\\\/\\\/magarinos.eu\\\/atandocabos\\\/blog\\\/2016\\\/08\\\/21\\\/la-mili-de-los-abuelos\\\/#primaryimage\"},\"thumbnailUrl\":\"https:\\\/\\\/magarinos.eu\\\/atandocabos\\\/wp-content\\\/uploads\\\/2016\\\/08\\\/1891_regimiento_infanteria_asturias-31_a.jpg\",\"datePublished\":\"2016-08-21T23:20:20+00:00\",\"dateModified\":\"2022-07-16T20:07:16+00:00\",\"breadcrumb\":{\"@id\":\"https:\\\/\\\/magarinos.eu\\\/atandocabos\\\/blog\\\/2016\\\/08\\\/21\\\/la-mili-de-los-abuelos\\\/#breadcrumb\"},\"inLanguage\":\"es\",\"potentialAction\":[{\"@type\":\"ReadAction\",\"target\":[\"https:\\\/\\\/magarinos.eu\\\/atandocabos\\\/blog\\\/2016\\\/08\\\/21\\\/la-mili-de-los-abuelos\\\/\"]}]},{\"@type\":\"ImageObject\",\"inLanguage\":\"es\",\"@id\":\"https:\\\/\\\/magarinos.eu\\\/atandocabos\\\/blog\\\/2016\\\/08\\\/21\\\/la-mili-de-los-abuelos\\\/#primaryimage\",\"url\":\"https:\\\/\\\/magarinos.eu\\\/atandocabos\\\/wp-content\\\/uploads\\\/2016\\\/08\\\/1891_regimiento_infanteria_asturias-31_a.jpg\",\"contentUrl\":\"https:\\\/\\\/magarinos.eu\\\/atandocabos\\\/wp-content\\\/uploads\\\/2016\\\/08\\\/1891_regimiento_infanteria_asturias-31_a.jpg\",\"width\":640,\"height\":409},{\"@type\":\"BreadcrumbList\",\"@id\":\"https:\\\/\\\/magarinos.eu\\\/atandocabos\\\/blog\\\/2016\\\/08\\\/21\\\/la-mili-de-los-abuelos\\\/#breadcrumb\",\"itemListElement\":[{\"@type\":\"ListItem\",\"position\":1,\"name\":\"Portada\",\"item\":\"https:\\\/\\\/magarinos.eu\\\/atandocabos\\\/\"},{\"@type\":\"ListItem\",\"position\":2,\"name\":\"Todo por la patria (I)\"}]},{\"@type\":\"WebSite\",\"@id\":\"https:\\\/\\\/magarinos.eu\\\/atandocabos\\\/#website\",\"url\":\"https:\\\/\\\/magarinos.eu\\\/atandocabos\\\/\",\"name\":\"Atando Cabos\",\"description\":\"Una p\u00e1gina web de la familia Magari\u00f1os Ram\u00f3n\",\"publisher\":{\"@id\":\"https:\\\/\\\/magarinos.eu\\\/atandocabos\\\/#organization\"},\"potentialAction\":[{\"@type\":\"SearchAction\",\"target\":{\"@type\":\"EntryPoint\",\"urlTemplate\":\"https:\\\/\\\/magarinos.eu\\\/atandocabos\\\/?s={search_term_string}\"},\"query-input\":{\"@type\":\"PropertyValueSpecification\",\"valueRequired\":true,\"valueName\":\"search_term_string\"}}],\"inLanguage\":\"es\"},{\"@type\":\"Organization\",\"@id\":\"https:\\\/\\\/magarinos.eu\\\/atandocabos\\\/#organization\",\"name\":\"Atando Cabos\",\"url\":\"https:\\\/\\\/magarinos.eu\\\/atandocabos\\\/\",\"logo\":{\"@type\":\"ImageObject\",\"inLanguage\":\"es\",\"@id\":\"https:\\\/\\\/magarinos.eu\\\/atandocabos\\\/#\\\/schema\\\/logo\\\/image\\\/\",\"url\":\"https:\\\/\\\/magarinos.eu\\\/atandocabos\\\/wp-content\\\/uploads\\\/2022\\\/06\\\/cropped-cropped-Caballero_Anciano.jpg\",\"contentUrl\":\"https:\\\/\\\/magarinos.eu\\\/atandocabos\\\/wp-content\\\/uploads\\\/2022\\\/06\\\/cropped-cropped-Caballero_Anciano.jpg\",\"width\":512,\"height\":512,\"caption\":\"Atando Cabos\"},\"image\":{\"@id\":\"https:\\\/\\\/magarinos.eu\\\/atandocabos\\\/#\\\/schema\\\/logo\\\/image\\\/\"}},{\"@type\":\"Person\",\"@id\":\"https:\\\/\\\/magarinos.eu\\\/atandocabos\\\/#\\\/schema\\\/person\\\/ce62485d4bf8f9cc864369bb52591f1e\",\"name\":\"Daniel Garc\u00eda Magari\u00f1os\",\"image\":{\"@type\":\"ImageObject\",\"inLanguage\":\"es\",\"@id\":\"https:\\\/\\\/secure.gravatar.com\\\/avatar\\\/a7c7a82edf145a1bb8c32117ac59cb3be1c2c760796caff2df495a17896be288?s=96&d=mm&r=g\",\"url\":\"https:\\\/\\\/secure.gravatar.com\\\/avatar\\\/a7c7a82edf145a1bb8c32117ac59cb3be1c2c760796caff2df495a17896be288?s=96&d=mm&r=g\",\"contentUrl\":\"https:\\\/\\\/secure.gravatar.com\\\/avatar\\\/a7c7a82edf145a1bb8c32117ac59cb3be1c2c760796caff2df495a17896be288?s=96&d=mm&r=g\",\"caption\":\"Daniel Garc\u00eda Magari\u00f1os\"},\"url\":\"https:\\\/\\\/magarinos.eu\\\/atandocabos\\\/blog\\\/author\\\/dgarcia\\\/\"}]}<\/script>\n<!-- \/ Yoast SEO plugin. -->","yoast_head_json":{"title":"Todo por la patria (I) - Atando Cabos","robots":{"index":"index","follow":"follow","max-snippet":"max-snippet:-1","max-image-preview":"max-image-preview:large","max-video-preview":"max-video-preview:-1"},"canonical":"https:\/\/magarinos.eu\/atandocabos\/blog\/2016\/08\/21\/la-mili-de-los-abuelos\/","og_locale":"es_ES","og_type":"article","og_title":"Todo por la patria (I) - Atando Cabos","og_description":"Entre los papeles que conservaba mi abuelo estaban algunos relativos al servicio militar de su suegro, Juan Ram\u00f3n Vidal. Entre ellos estaba la licencia del servicio. Un documento esencial para demostrar que la persona en cuesti\u00f3n hab\u00eda cumplido con sus deberes para con la patria. Por suerte, mi abuelo lo conserv\u00f3 y ahora podemos ver [&hellip;]","og_url":"https:\/\/magarinos.eu\/atandocabos\/blog\/2016\/08\/21\/la-mili-de-los-abuelos\/","og_site_name":"Atando Cabos","article_published_time":"2016-08-21T23:20:20+00:00","article_modified_time":"2022-07-16T20:07:16+00:00","og_image":[{"width":640,"height":409,"url":"https:\/\/magarinos.eu\/atandocabos\/wp-content\/uploads\/2016\/08\/1891_regimiento_infanteria_asturias-31_a.jpg","type":"image\/jpeg"}],"author":"Daniel Garc\u00eda Magari\u00f1os","twitter_card":"summary_large_image","twitter_misc":{"Escrito por":"Daniel Garc\u00eda Magari\u00f1os","Tiempo de lectura":"2 minutos"},"schema":{"@context":"https:\/\/schema.org","@graph":[{"@type":"Article","@id":"https:\/\/magarinos.eu\/atandocabos\/blog\/2016\/08\/21\/la-mili-de-los-abuelos\/#article","isPartOf":{"@id":"https:\/\/magarinos.eu\/atandocabos\/blog\/2016\/08\/21\/la-mili-de-los-abuelos\/"},"author":{"name":"Daniel Garc\u00eda Magari\u00f1os","@id":"https:\/\/magarinos.eu\/atandocabos\/#\/schema\/person\/ce62485d4bf8f9cc864369bb52591f1e"},"headline":"Todo por la patria (I)","datePublished":"2016-08-21T23:20:20+00:00","dateModified":"2022-07-16T20:07:16+00:00","mainEntityOfPage":{"@id":"https:\/\/magarinos.eu\/atandocabos\/blog\/2016\/08\/21\/la-mili-de-los-abuelos\/"},"wordCount":223,"commentCount":0,"publisher":{"@id":"https:\/\/magarinos.eu\/atandocabos\/#organization"},"image":{"@id":"https:\/\/magarinos.eu\/atandocabos\/blog\/2016\/08\/21\/la-mili-de-los-abuelos\/#primaryimage"},"thumbnailUrl":"https:\/\/magarinos.eu\/atandocabos\/wp-content\/uploads\/2016\/08\/1891_regimiento_infanteria_asturias-31_a.jpg","keywords":["Ej\u00e9rcito","Juan Ram\u00f3n Vidal","Legan\u00e9s","Mili","Servicio Militar"],"articleSection":["Historias familiares"],"inLanguage":"es","potentialAction":[{"@type":"CommentAction","name":"Comment","target":["https:\/\/magarinos.eu\/atandocabos\/blog\/2016\/08\/21\/la-mili-de-los-abuelos\/#respond"]}]},{"@type":"WebPage","@id":"https:\/\/magarinos.eu\/atandocabos\/blog\/2016\/08\/21\/la-mili-de-los-abuelos\/","url":"https:\/\/magarinos.eu\/atandocabos\/blog\/2016\/08\/21\/la-mili-de-los-abuelos\/","name":"Todo por la patria (I) - Atando Cabos","isPartOf":{"@id":"https:\/\/magarinos.eu\/atandocabos\/#website"},"primaryImageOfPage":{"@id":"https:\/\/magarinos.eu\/atandocabos\/blog\/2016\/08\/21\/la-mili-de-los-abuelos\/#primaryimage"},"image":{"@id":"https:\/\/magarinos.eu\/atandocabos\/blog\/2016\/08\/21\/la-mili-de-los-abuelos\/#primaryimage"},"thumbnailUrl":"https:\/\/magarinos.eu\/atandocabos\/wp-content\/uploads\/2016\/08\/1891_regimiento_infanteria_asturias-31_a.jpg","datePublished":"2016-08-21T23:20:20+00:00","dateModified":"2022-07-16T20:07:16+00:00","breadcrumb":{"@id":"https:\/\/magarinos.eu\/atandocabos\/blog\/2016\/08\/21\/la-mili-de-los-abuelos\/#breadcrumb"},"inLanguage":"es","potentialAction":[{"@type":"ReadAction","target":["https:\/\/magarinos.eu\/atandocabos\/blog\/2016\/08\/21\/la-mili-de-los-abuelos\/"]}]},{"@type":"ImageObject","inLanguage":"es","@id":"https:\/\/magarinos.eu\/atandocabos\/blog\/2016\/08\/21\/la-mili-de-los-abuelos\/#primaryimage","url":"https:\/\/magarinos.eu\/atandocabos\/wp-content\/uploads\/2016\/08\/1891_regimiento_infanteria_asturias-31_a.jpg","contentUrl":"https:\/\/magarinos.eu\/atandocabos\/wp-content\/uploads\/2016\/08\/1891_regimiento_infanteria_asturias-31_a.jpg","width":640,"height":409},{"@type":"BreadcrumbList","@id":"https:\/\/magarinos.eu\/atandocabos\/blog\/2016\/08\/21\/la-mili-de-los-abuelos\/#breadcrumb","itemListElement":[{"@type":"ListItem","position":1,"name":"Portada","item":"https:\/\/magarinos.eu\/atandocabos\/"},{"@type":"ListItem","position":2,"name":"Todo por la patria (I)"}]},{"@type":"WebSite","@id":"https:\/\/magarinos.eu\/atandocabos\/#website","url":"https:\/\/magarinos.eu\/atandocabos\/","name":"Atando Cabos","description":"Una p\u00e1gina web de la familia Magari\u00f1os Ram\u00f3n","publisher":{"@id":"https:\/\/magarinos.eu\/atandocabos\/#organization"},"potentialAction":[{"@type":"SearchAction","target":{"@type":"EntryPoint","urlTemplate":"https:\/\/magarinos.eu\/atandocabos\/?s={search_term_string}"},"query-input":{"@type":"PropertyValueSpecification","valueRequired":true,"valueName":"search_term_string"}}],"inLanguage":"es"},{"@type":"Organization","@id":"https:\/\/magarinos.eu\/atandocabos\/#organization","name":"Atando Cabos","url":"https:\/\/magarinos.eu\/atandocabos\/","logo":{"@type":"ImageObject","inLanguage":"es","@id":"https:\/\/magarinos.eu\/atandocabos\/#\/schema\/logo\/image\/","url":"https:\/\/magarinos.eu\/atandocabos\/wp-content\/uploads\/2022\/06\/cropped-cropped-Caballero_Anciano.jpg","contentUrl":"https:\/\/magarinos.eu\/atandocabos\/wp-content\/uploads\/2022\/06\/cropped-cropped-Caballero_Anciano.jpg","width":512,"height":512,"caption":"Atando Cabos"},"image":{"@id":"https:\/\/magarinos.eu\/atandocabos\/#\/schema\/logo\/image\/"}},{"@type":"Person","@id":"https:\/\/magarinos.eu\/atandocabos\/#\/schema\/person\/ce62485d4bf8f9cc864369bb52591f1e","name":"Daniel Garc\u00eda Magari\u00f1os","image":{"@type":"ImageObject","inLanguage":"es","@id":"https:\/\/secure.gravatar.com\/avatar\/a7c7a82edf145a1bb8c32117ac59cb3be1c2c760796caff2df495a17896be288?s=96&d=mm&r=g","url":"https:\/\/secure.gravatar.com\/avatar\/a7c7a82edf145a1bb8c32117ac59cb3be1c2c760796caff2df495a17896be288?s=96&d=mm&r=g","contentUrl":"https:\/\/secure.gravatar.com\/avatar\/a7c7a82edf145a1bb8c32117ac59cb3be1c2c760796caff2df495a17896be288?s=96&d=mm&r=g","caption":"Daniel Garc\u00eda Magari\u00f1os"},"url":"https:\/\/magarinos.eu\/atandocabos\/blog\/author\/dgarcia\/"}]}},"_links":{"self":[{"href":"https:\/\/magarinos.eu\/atandocabos\/wp-json\/wp\/v2\/posts\/1444","targetHints":{"allow":["GET"]}}],"collection":[{"href":"https:\/\/magarinos.eu\/atandocabos\/wp-json\/wp\/v2\/posts"}],"about":[{"href":"https:\/\/magarinos.eu\/atandocabos\/wp-json\/wp\/v2\/types\/post"}],"author":[{"embeddable":true,"href":"https:\/\/magarinos.eu\/atandocabos\/wp-json\/wp\/v2\/users\/1"}],"replies":[{"embeddable":true,"href":"https:\/\/magarinos.eu\/atandocabos\/wp-json\/wp\/v2\/comments?post=1444"}],"version-history":[{"count":0,"href":"https:\/\/magarinos.eu\/atandocabos\/wp-json\/wp\/v2\/posts\/1444\/revisions"}],"wp:featuredmedia":[{"embeddable":true,"href":"https:\/\/magarinos.eu\/atandocabos\/wp-json\/wp\/v2\/media\/1467"}],"wp:attachment":[{"href":"https:\/\/magarinos.eu\/atandocabos\/wp-json\/wp\/v2\/media?parent=1444"}],"wp:term":[{"taxonomy":"category","embeddable":true,"href":"https:\/\/magarinos.eu\/atandocabos\/wp-json\/wp\/v2\/categories?post=1444"},{"taxonomy":"post_tag","embeddable":true,"href":"https:\/\/magarinos.eu\/atandocabos\/wp-json\/wp\/v2\/tags?post=1444"}],"curies":[{"name":"wp","href":"https:\/\/api.w.org\/{rel}","templated":true}]}}