{"id":1267,"date":"2016-08-05T17:37:32","date_gmt":"2016-08-05T17:37:32","guid":{"rendered":"https:\/\/atandocabosweb.wordpress.com\/?p=1267"},"modified":"2022-07-19T00:23:30","modified_gmt":"2022-07-18T22:23:30","slug":"ocho-apellidos-de-cameros","status":"publish","type":"post","link":"https:\/\/magarinos.eu\/atandocabos\/blog\/2016\/08\/05\/ocho-apellidos-de-cameros\/","title":{"rendered":"Ocho apellidos de Cameros"},"content":{"rendered":"\n<figure class=\"wp-block-image aligncenter is-resized\"><img decoding=\"async\" src=\"data:image\/gif;base64,R0lGODlhAQABAIAAAAAAAP\/\/\/yH5BAEAAAAALAAAAAABAAEAAAIBRAA7\" data-src=\"https:\/\/magarinos.eu\/atandocabos\/wp-content\/uploads\/2016\/08\/solar_de_tejada.png?w=454\" alt=\"Solar_de_Tejada.png\" class=\"wp-image-1274 lazyload\" width=\"-336\" height=\"-386\"\/><noscript><img decoding=\"async\" src=\"https:\/\/magarinos.eu\/atandocabos\/wp-content\/uploads\/2016\/08\/solar_de_tejada.png?w=454\" alt=\"Solar_de_Tejada.png\" class=\"wp-image-1274 lazyload\" width=\"-336\" height=\"-386\" srcset=\"https:\/\/magarinos.eu\/atandocabos\/wp-content\/uploads\/2016\/08\/solar_de_tejada.png 800w, https:\/\/magarinos.eu\/atandocabos\/wp-content\/uploads\/2016\/08\/solar_de_tejada-261x300.png 261w, https:\/\/magarinos.eu\/atandocabos\/wp-content\/uploads\/2016\/08\/solar_de_tejada-768x884.png 768w\" sizes=\"(max-width: 800px) 100vw, 800px\" \/><\/noscript><\/figure>\n\n\n\n<h1 class=\"wp-block-heading\">El Se\u00f1or\u00edo del Solar de Tejada<\/h1>\n\n\n\n<p>Como ya coment\u00e9 en la entrada sobre <a href=\"https:\/\/magarinos.eu\/atandocabos\/el-desventurado-tatarabuelo-juan\/\">el desventurado Juan de Dios<\/a>, mi tatarabuelo <strong>Juan de Dios Llera y Alc\u00e1zar<\/strong>, el abogado que termin\u00f3 en la c\u00e1rcel, hab\u00eda nacido en un pueblo de Logro\u00f1o llamado <a href=\"https:\/\/www.google.es\/maps\/place\/26135+Laguna+de+Cameros,+La+Rioja\/@42.1752116,-2.5463522,16z\/\" target=\"_blank\" rel=\"noopener\"><strong>Laguna de Cameros<\/strong>.<\/a>\u00a0Creo recordar que mi t\u00edo\u00a0<strong>Antonio Magari\u00f1os Ram\u00f3n<\/strong> me cont\u00f3 que hab\u00eda visitado la zona y parece que incluso ten\u00eda la intenci\u00f3n de comprar una casa all\u00ed.<\/p>\n\n\n\n<p>Al buscar en el Archivo Hist\u00f3rico Nacional y en Internet informaci\u00f3n relacionada con Juan de Dios Llera y con Laguna de Cameros, es casi imposible no terminar encontrando alguna referencia al <strong><a href=\"https:\/\/es.wikipedia.org\/wiki\/Se%C3%B1or%C3%ADo_del_Solar_de_Tejada\" target=\"_blank\" rel=\"noopener\">Se\u00f1or\u00edo del Solar de Tejada<\/a><\/strong>, puesto que los dos apellidos del tatarabuelo (Llera y Alc\u00e1zar) aparecen mencionados con frecuencia entre los apellidos de los \u00ab<strong>Se\u00f1ores&nbsp;diviseros<\/strong>\u00bb del solar .<\/p>\n\n\n\n<p><strong>El Se\u00f1or\u00edo del Solar de Tejada<\/strong>, adem\u00e1s de ser el t\u00edtulo nobiliario en vigor m\u00e1s antiguo de Espa\u00f1a, es el \u00fanico t\u00edtulo nobiliario que se transmite a todos los descendientes y que se transmite tanto por descendencia masculina como femenina.&nbsp;Todos los Se\u00f1ores Diviseros y las Se\u00f1oras Diviseras est\u00e1n inscritos en el Libro de Registros del Solar. Cualquier hombre o mujer que pueda demostrar que es descendiente de un divisero o divisera puede solicitar su inscripci\u00f3n y que se le reciba en el Solar, reconoci\u00e9ndosele el derecho a utilizar el t\u00edtulo de \u00abSe\u00f1or del Solar de Tejada\u00bb o \u00abSe\u00f1ora del Solar de Tejada\u00bb.<\/p>\n\n\n\n<p>Todos los miembros del Solar tienen tambi\u00e9n posesi\u00f3n mancomunada de la Casa del Solar de Tejada y del terreno que la rodea &nbsp;en Laguna de Cameros.<\/p>\n\n\n\n<figure class=\"wp-block-image aligncenter size-full\"><img decoding=\"async\" src=\"data:image\/gif;base64,R0lGODlhAQABAIAAAAAAAP\/\/\/yH5BAEAAAAALAAAAAABAAEAAAIBRAA7\" data-src=\"https:\/\/magarinos.eu\/atandocabos\/wp-content\/uploads\/2016\/08\/solar_tejada.jpg\" alt=\"Casa del Solar de Tejada\" class=\"wp-image-1309 lazyload\"\/><noscript><img loading=\"lazy\" decoding=\"async\" width=\"250\" height=\"167\" src=\"https:\/\/magarinos.eu\/atandocabos\/wp-content\/uploads\/2016\/08\/solar_tejada.jpg\" alt=\"Casa del Solar de Tejada\" class=\"wp-image-1309 lazyload\"\/><\/noscript><figcaption>Casa del Solar de Tejada<br>Fuente: P\u00e1gina del Ayuntamiento de <a href=\"http:\/\/www.muroencameros.org\/Historia.3110.0.html\">Muro en Cameros<\/a>.<\/figcaption><\/figure>\n\n\n\n<p>Las primeras referencias documentales al Solar de Tejada son de 1460 pero su origen legendario est\u00e1 en la <strong><a href=\"https:\/\/es.wikipedia.org\/wiki\/Batalla_de_Clavijo\" target=\"_blank\" rel=\"noopener\">batalla de Clavijo<\/a><\/strong> (844) durante la cual Sancho de Tejada, con sus trece hijos habr\u00eda luchado junto a su pariente el rey <strong>Ramiro I<\/strong>. La victoria les permiti\u00f3 ocupar la frontera del reino de Asturias con Arag\u00f3n y controlar un sector importante del <strong>Camino de Santiago<\/strong> por el cual, al parecer, los peregrinos pudieron circular con m\u00e1s libertad.<\/p>\n\n\n\n<p class=\"has-text-align-left\">Como recompensa por esta ayuda, el Rey habr\u00eda otorgado&nbsp;a don Sancho y a todos sus descendientes el Se\u00f1or\u00edo de Tejada.<\/p>\n\n\n\n<p class=\"has-text-align-left\">Resulta que el tatarabuelo <strong>Juan de Dios Llera era<\/strong> (1846-1906) era nieto de un Se\u00f1or de Tejada y, por lo tanto, sus tataranietos tienen derecho a solicitar ser recibidos en el antiguo e ilustre Solar de Tejada. Se puede encontrar m\u00e1s informaci\u00f3n en la p\u00e1gina web del <a href=\"http:\/\/www.solardetejada.es\/nacimiento-de-solar.html\" target=\"_blank\" rel=\"noopener\">Solar de Tejada<\/a>.<\/p>\n\n\n\n<p class=\"has-text-align-left\">&nbsp;<\/p>\n","protected":false},"excerpt":{"rendered":"<p>El Se\u00f1or\u00edo del Solar de Tejada Como ya coment\u00e9 en la entrada sobre el desventurado Juan de Dios, mi tatarabuelo Juan de Dios Llera y Alc\u00e1zar, el abogado que termin\u00f3 en la c\u00e1rcel, hab\u00eda nacido en un pueblo de Logro\u00f1o llamado Laguna de Cameros.\u00a0Creo recordar que mi t\u00edo\u00a0Antonio Magari\u00f1os Ram\u00f3n me cont\u00f3 que hab\u00eda visitado [&hellip;]<\/p>\n","protected":false},"author":1,"featured_media":1309,"comment_status":"open","ping_status":"open","sticky":false,"template":"","format":"standard","meta":{"footnotes":""},"categories":[7],"tags":[18,74,79,136],"class_list":["post-1267","post","type-post","status-publish","format-standard","has-post-thumbnail","hentry","category-leyendas-y-tradiciones","tag-batalla-de-clavijo","tag-juan-de-dios-llera-y-alcazar","tag-laguna-de-cameros","tag-solar-de-tejada"],"blocksy_meta":{"styles_descriptor":{"styles":{"desktop":"","tablet":"","mobile":""},"google_fonts":[],"version":6}},"yoast_head":"<!-- This site is optimized with the Yoast SEO plugin v27.5 - https:\/\/yoast.com\/product\/yoast-seo-wordpress\/ -->\n<title>Ocho apellidos de Cameros - Atando Cabos<\/title>\n<meta name=\"robots\" content=\"index, follow, max-snippet:-1, max-image-preview:large, max-video-preview:-1\" \/>\n<link rel=\"canonical\" href=\"https:\/\/magarinos.eu\/atandocabos\/blog\/2016\/08\/05\/ocho-apellidos-de-cameros\/\" \/>\n<meta property=\"og:locale\" content=\"es_ES\" \/>\n<meta property=\"og:type\" content=\"article\" \/>\n<meta property=\"og:title\" content=\"Ocho apellidos de Cameros - Atando Cabos\" \/>\n<meta property=\"og:description\" content=\"El Se\u00f1or\u00edo del Solar de Tejada Como ya coment\u00e9 en la entrada sobre el desventurado Juan de Dios, mi tatarabuelo Juan de Dios Llera y Alc\u00e1zar, el abogado que termin\u00f3 en la c\u00e1rcel, hab\u00eda nacido en un pueblo de Logro\u00f1o llamado Laguna de Cameros.\u00a0Creo recordar que mi t\u00edo\u00a0Antonio Magari\u00f1os Ram\u00f3n me cont\u00f3 que hab\u00eda visitado [&hellip;]\" \/>\n<meta property=\"og:url\" content=\"https:\/\/magarinos.eu\/atandocabos\/blog\/2016\/08\/05\/ocho-apellidos-de-cameros\/\" \/>\n<meta property=\"og:site_name\" content=\"Atando Cabos\" \/>\n<meta property=\"article:published_time\" content=\"2016-08-05T17:37:32+00:00\" \/>\n<meta property=\"article:modified_time\" content=\"2022-07-18T22:23:30+00:00\" \/>\n<meta property=\"og:image\" content=\"https:\/\/magarinos.eu\/atandocabos\/wp-content\/uploads\/2016\/08\/solar_tejada.jpg\" \/>\n\t<meta property=\"og:image:width\" content=\"250\" \/>\n\t<meta property=\"og:image:height\" content=\"167\" \/>\n\t<meta property=\"og:image:type\" content=\"image\/jpeg\" \/>\n<meta name=\"author\" content=\"Daniel Garc\u00eda Magari\u00f1os\" \/>\n<meta name=\"twitter:card\" content=\"summary_large_image\" \/>\n<meta name=\"twitter:label1\" content=\"Escrito por\" \/>\n\t<meta name=\"twitter:data1\" content=\"Daniel Garc\u00eda Magari\u00f1os\" \/>\n\t<meta name=\"twitter:label2\" content=\"Tiempo de lectura\" \/>\n\t<meta name=\"twitter:data2\" content=\"3 minutos\" \/>\n<script type=\"application\/ld+json\" class=\"yoast-schema-graph\">{\"@context\":\"https:\\\/\\\/schema.org\",\"@graph\":[{\"@type\":\"Article\",\"@id\":\"https:\\\/\\\/magarinos.eu\\\/atandocabos\\\/blog\\\/2016\\\/08\\\/05\\\/ocho-apellidos-de-cameros\\\/#article\",\"isPartOf\":{\"@id\":\"https:\\\/\\\/magarinos.eu\\\/atandocabos\\\/blog\\\/2016\\\/08\\\/05\\\/ocho-apellidos-de-cameros\\\/\"},\"author\":{\"name\":\"Daniel Garc\u00eda Magari\u00f1os\",\"@id\":\"https:\\\/\\\/magarinos.eu\\\/atandocabos\\\/#\\\/schema\\\/person\\\/ce62485d4bf8f9cc864369bb52591f1e\"},\"headline\":\"Ocho apellidos de Cameros\",\"datePublished\":\"2016-08-05T17:37:32+00:00\",\"dateModified\":\"2022-07-18T22:23:30+00:00\",\"mainEntityOfPage\":{\"@id\":\"https:\\\/\\\/magarinos.eu\\\/atandocabos\\\/blog\\\/2016\\\/08\\\/05\\\/ocho-apellidos-de-cameros\\\/\"},\"wordCount\":471,\"commentCount\":0,\"publisher\":{\"@id\":\"https:\\\/\\\/magarinos.eu\\\/atandocabos\\\/#organization\"},\"image\":{\"@id\":\"https:\\\/\\\/magarinos.eu\\\/atandocabos\\\/blog\\\/2016\\\/08\\\/05\\\/ocho-apellidos-de-cameros\\\/#primaryimage\"},\"thumbnailUrl\":\"https:\\\/\\\/magarinos.eu\\\/atandocabos\\\/wp-content\\\/uploads\\\/2016\\\/08\\\/solar_tejada.jpg\",\"keywords\":[\"Batalla de Clavijo\",\"Juan de Dios Llera y Alc\u00e1zar\",\"Laguna de Cameros\",\"Solar de Tejada\"],\"articleSection\":[\"Leyendas y tradiciones\"],\"inLanguage\":\"es\",\"potentialAction\":[{\"@type\":\"CommentAction\",\"name\":\"Comment\",\"target\":[\"https:\\\/\\\/magarinos.eu\\\/atandocabos\\\/blog\\\/2016\\\/08\\\/05\\\/ocho-apellidos-de-cameros\\\/#respond\"]}]},{\"@type\":\"WebPage\",\"@id\":\"https:\\\/\\\/magarinos.eu\\\/atandocabos\\\/blog\\\/2016\\\/08\\\/05\\\/ocho-apellidos-de-cameros\\\/\",\"url\":\"https:\\\/\\\/magarinos.eu\\\/atandocabos\\\/blog\\\/2016\\\/08\\\/05\\\/ocho-apellidos-de-cameros\\\/\",\"name\":\"Ocho apellidos de Cameros - Atando Cabos\",\"isPartOf\":{\"@id\":\"https:\\\/\\\/magarinos.eu\\\/atandocabos\\\/#website\"},\"primaryImageOfPage\":{\"@id\":\"https:\\\/\\\/magarinos.eu\\\/atandocabos\\\/blog\\\/2016\\\/08\\\/05\\\/ocho-apellidos-de-cameros\\\/#primaryimage\"},\"image\":{\"@id\":\"https:\\\/\\\/magarinos.eu\\\/atandocabos\\\/blog\\\/2016\\\/08\\\/05\\\/ocho-apellidos-de-cameros\\\/#primaryimage\"},\"thumbnailUrl\":\"https:\\\/\\\/magarinos.eu\\\/atandocabos\\\/wp-content\\\/uploads\\\/2016\\\/08\\\/solar_tejada.jpg\",\"datePublished\":\"2016-08-05T17:37:32+00:00\",\"dateModified\":\"2022-07-18T22:23:30+00:00\",\"breadcrumb\":{\"@id\":\"https:\\\/\\\/magarinos.eu\\\/atandocabos\\\/blog\\\/2016\\\/08\\\/05\\\/ocho-apellidos-de-cameros\\\/#breadcrumb\"},\"inLanguage\":\"es\",\"potentialAction\":[{\"@type\":\"ReadAction\",\"target\":[\"https:\\\/\\\/magarinos.eu\\\/atandocabos\\\/blog\\\/2016\\\/08\\\/05\\\/ocho-apellidos-de-cameros\\\/\"]}]},{\"@type\":\"ImageObject\",\"inLanguage\":\"es\",\"@id\":\"https:\\\/\\\/magarinos.eu\\\/atandocabos\\\/blog\\\/2016\\\/08\\\/05\\\/ocho-apellidos-de-cameros\\\/#primaryimage\",\"url\":\"https:\\\/\\\/magarinos.eu\\\/atandocabos\\\/wp-content\\\/uploads\\\/2016\\\/08\\\/solar_tejada.jpg\",\"contentUrl\":\"https:\\\/\\\/magarinos.eu\\\/atandocabos\\\/wp-content\\\/uploads\\\/2016\\\/08\\\/solar_tejada.jpg\",\"width\":250,\"height\":167,\"caption\":\"Casa del Solar de Tejada\"},{\"@type\":\"BreadcrumbList\",\"@id\":\"https:\\\/\\\/magarinos.eu\\\/atandocabos\\\/blog\\\/2016\\\/08\\\/05\\\/ocho-apellidos-de-cameros\\\/#breadcrumb\",\"itemListElement\":[{\"@type\":\"ListItem\",\"position\":1,\"name\":\"Portada\",\"item\":\"https:\\\/\\\/magarinos.eu\\\/atandocabos\\\/\"},{\"@type\":\"ListItem\",\"position\":2,\"name\":\"Ocho apellidos de Cameros\"}]},{\"@type\":\"WebSite\",\"@id\":\"https:\\\/\\\/magarinos.eu\\\/atandocabos\\\/#website\",\"url\":\"https:\\\/\\\/magarinos.eu\\\/atandocabos\\\/\",\"name\":\"Atando Cabos\",\"description\":\"Una p\u00e1gina web de la familia Magari\u00f1os Ram\u00f3n\",\"publisher\":{\"@id\":\"https:\\\/\\\/magarinos.eu\\\/atandocabos\\\/#organization\"},\"potentialAction\":[{\"@type\":\"SearchAction\",\"target\":{\"@type\":\"EntryPoint\",\"urlTemplate\":\"https:\\\/\\\/magarinos.eu\\\/atandocabos\\\/?s={search_term_string}\"},\"query-input\":{\"@type\":\"PropertyValueSpecification\",\"valueRequired\":true,\"valueName\":\"search_term_string\"}}],\"inLanguage\":\"es\"},{\"@type\":\"Organization\",\"@id\":\"https:\\\/\\\/magarinos.eu\\\/atandocabos\\\/#organization\",\"name\":\"Atando Cabos\",\"url\":\"https:\\\/\\\/magarinos.eu\\\/atandocabos\\\/\",\"logo\":{\"@type\":\"ImageObject\",\"inLanguage\":\"es\",\"@id\":\"https:\\\/\\\/magarinos.eu\\\/atandocabos\\\/#\\\/schema\\\/logo\\\/image\\\/\",\"url\":\"https:\\\/\\\/magarinos.eu\\\/atandocabos\\\/wp-content\\\/uploads\\\/2022\\\/06\\\/cropped-cropped-Caballero_Anciano.jpg\",\"contentUrl\":\"https:\\\/\\\/magarinos.eu\\\/atandocabos\\\/wp-content\\\/uploads\\\/2022\\\/06\\\/cropped-cropped-Caballero_Anciano.jpg\",\"width\":512,\"height\":512,\"caption\":\"Atando Cabos\"},\"image\":{\"@id\":\"https:\\\/\\\/magarinos.eu\\\/atandocabos\\\/#\\\/schema\\\/logo\\\/image\\\/\"}},{\"@type\":\"Person\",\"@id\":\"https:\\\/\\\/magarinos.eu\\\/atandocabos\\\/#\\\/schema\\\/person\\\/ce62485d4bf8f9cc864369bb52591f1e\",\"name\":\"Daniel Garc\u00eda Magari\u00f1os\",\"image\":{\"@type\":\"ImageObject\",\"inLanguage\":\"es\",\"@id\":\"https:\\\/\\\/secure.gravatar.com\\\/avatar\\\/a7c7a82edf145a1bb8c32117ac59cb3be1c2c760796caff2df495a17896be288?s=96&d=mm&r=g\",\"url\":\"https:\\\/\\\/secure.gravatar.com\\\/avatar\\\/a7c7a82edf145a1bb8c32117ac59cb3be1c2c760796caff2df495a17896be288?s=96&d=mm&r=g\",\"contentUrl\":\"https:\\\/\\\/secure.gravatar.com\\\/avatar\\\/a7c7a82edf145a1bb8c32117ac59cb3be1c2c760796caff2df495a17896be288?s=96&d=mm&r=g\",\"caption\":\"Daniel Garc\u00eda Magari\u00f1os\"},\"url\":\"https:\\\/\\\/magarinos.eu\\\/atandocabos\\\/blog\\\/author\\\/dgarcia\\\/\"}]}<\/script>\n<!-- \/ Yoast SEO plugin. -->","yoast_head_json":{"title":"Ocho apellidos de Cameros - Atando Cabos","robots":{"index":"index","follow":"follow","max-snippet":"max-snippet:-1","max-image-preview":"max-image-preview:large","max-video-preview":"max-video-preview:-1"},"canonical":"https:\/\/magarinos.eu\/atandocabos\/blog\/2016\/08\/05\/ocho-apellidos-de-cameros\/","og_locale":"es_ES","og_type":"article","og_title":"Ocho apellidos de Cameros - Atando Cabos","og_description":"El Se\u00f1or\u00edo del Solar de Tejada Como ya coment\u00e9 en la entrada sobre el desventurado Juan de Dios, mi tatarabuelo Juan de Dios Llera y Alc\u00e1zar, el abogado que termin\u00f3 en la c\u00e1rcel, hab\u00eda nacido en un pueblo de Logro\u00f1o llamado Laguna de Cameros.\u00a0Creo recordar que mi t\u00edo\u00a0Antonio Magari\u00f1os Ram\u00f3n me cont\u00f3 que hab\u00eda visitado [&hellip;]","og_url":"https:\/\/magarinos.eu\/atandocabos\/blog\/2016\/08\/05\/ocho-apellidos-de-cameros\/","og_site_name":"Atando Cabos","article_published_time":"2016-08-05T17:37:32+00:00","article_modified_time":"2022-07-18T22:23:30+00:00","og_image":[{"width":250,"height":167,"url":"https:\/\/magarinos.eu\/atandocabos\/wp-content\/uploads\/2016\/08\/solar_tejada.jpg","type":"image\/jpeg"}],"author":"Daniel Garc\u00eda Magari\u00f1os","twitter_card":"summary_large_image","twitter_misc":{"Escrito por":"Daniel Garc\u00eda Magari\u00f1os","Tiempo de lectura":"3 minutos"},"schema":{"@context":"https:\/\/schema.org","@graph":[{"@type":"Article","@id":"https:\/\/magarinos.eu\/atandocabos\/blog\/2016\/08\/05\/ocho-apellidos-de-cameros\/#article","isPartOf":{"@id":"https:\/\/magarinos.eu\/atandocabos\/blog\/2016\/08\/05\/ocho-apellidos-de-cameros\/"},"author":{"name":"Daniel Garc\u00eda Magari\u00f1os","@id":"https:\/\/magarinos.eu\/atandocabos\/#\/schema\/person\/ce62485d4bf8f9cc864369bb52591f1e"},"headline":"Ocho apellidos de Cameros","datePublished":"2016-08-05T17:37:32+00:00","dateModified":"2022-07-18T22:23:30+00:00","mainEntityOfPage":{"@id":"https:\/\/magarinos.eu\/atandocabos\/blog\/2016\/08\/05\/ocho-apellidos-de-cameros\/"},"wordCount":471,"commentCount":0,"publisher":{"@id":"https:\/\/magarinos.eu\/atandocabos\/#organization"},"image":{"@id":"https:\/\/magarinos.eu\/atandocabos\/blog\/2016\/08\/05\/ocho-apellidos-de-cameros\/#primaryimage"},"thumbnailUrl":"https:\/\/magarinos.eu\/atandocabos\/wp-content\/uploads\/2016\/08\/solar_tejada.jpg","keywords":["Batalla de Clavijo","Juan de Dios Llera y Alc\u00e1zar","Laguna de Cameros","Solar de Tejada"],"articleSection":["Leyendas y tradiciones"],"inLanguage":"es","potentialAction":[{"@type":"CommentAction","name":"Comment","target":["https:\/\/magarinos.eu\/atandocabos\/blog\/2016\/08\/05\/ocho-apellidos-de-cameros\/#respond"]}]},{"@type":"WebPage","@id":"https:\/\/magarinos.eu\/atandocabos\/blog\/2016\/08\/05\/ocho-apellidos-de-cameros\/","url":"https:\/\/magarinos.eu\/atandocabos\/blog\/2016\/08\/05\/ocho-apellidos-de-cameros\/","name":"Ocho apellidos de Cameros - Atando Cabos","isPartOf":{"@id":"https:\/\/magarinos.eu\/atandocabos\/#website"},"primaryImageOfPage":{"@id":"https:\/\/magarinos.eu\/atandocabos\/blog\/2016\/08\/05\/ocho-apellidos-de-cameros\/#primaryimage"},"image":{"@id":"https:\/\/magarinos.eu\/atandocabos\/blog\/2016\/08\/05\/ocho-apellidos-de-cameros\/#primaryimage"},"thumbnailUrl":"https:\/\/magarinos.eu\/atandocabos\/wp-content\/uploads\/2016\/08\/solar_tejada.jpg","datePublished":"2016-08-05T17:37:32+00:00","dateModified":"2022-07-18T22:23:30+00:00","breadcrumb":{"@id":"https:\/\/magarinos.eu\/atandocabos\/blog\/2016\/08\/05\/ocho-apellidos-de-cameros\/#breadcrumb"},"inLanguage":"es","potentialAction":[{"@type":"ReadAction","target":["https:\/\/magarinos.eu\/atandocabos\/blog\/2016\/08\/05\/ocho-apellidos-de-cameros\/"]}]},{"@type":"ImageObject","inLanguage":"es","@id":"https:\/\/magarinos.eu\/atandocabos\/blog\/2016\/08\/05\/ocho-apellidos-de-cameros\/#primaryimage","url":"https:\/\/magarinos.eu\/atandocabos\/wp-content\/uploads\/2016\/08\/solar_tejada.jpg","contentUrl":"https:\/\/magarinos.eu\/atandocabos\/wp-content\/uploads\/2016\/08\/solar_tejada.jpg","width":250,"height":167,"caption":"Casa del Solar de Tejada"},{"@type":"BreadcrumbList","@id":"https:\/\/magarinos.eu\/atandocabos\/blog\/2016\/08\/05\/ocho-apellidos-de-cameros\/#breadcrumb","itemListElement":[{"@type":"ListItem","position":1,"name":"Portada","item":"https:\/\/magarinos.eu\/atandocabos\/"},{"@type":"ListItem","position":2,"name":"Ocho apellidos de Cameros"}]},{"@type":"WebSite","@id":"https:\/\/magarinos.eu\/atandocabos\/#website","url":"https:\/\/magarinos.eu\/atandocabos\/","name":"Atando Cabos","description":"Una p\u00e1gina web de la familia Magari\u00f1os Ram\u00f3n","publisher":{"@id":"https:\/\/magarinos.eu\/atandocabos\/#organization"},"potentialAction":[{"@type":"SearchAction","target":{"@type":"EntryPoint","urlTemplate":"https:\/\/magarinos.eu\/atandocabos\/?s={search_term_string}"},"query-input":{"@type":"PropertyValueSpecification","valueRequired":true,"valueName":"search_term_string"}}],"inLanguage":"es"},{"@type":"Organization","@id":"https:\/\/magarinos.eu\/atandocabos\/#organization","name":"Atando Cabos","url":"https:\/\/magarinos.eu\/atandocabos\/","logo":{"@type":"ImageObject","inLanguage":"es","@id":"https:\/\/magarinos.eu\/atandocabos\/#\/schema\/logo\/image\/","url":"https:\/\/magarinos.eu\/atandocabos\/wp-content\/uploads\/2022\/06\/cropped-cropped-Caballero_Anciano.jpg","contentUrl":"https:\/\/magarinos.eu\/atandocabos\/wp-content\/uploads\/2022\/06\/cropped-cropped-Caballero_Anciano.jpg","width":512,"height":512,"caption":"Atando Cabos"},"image":{"@id":"https:\/\/magarinos.eu\/atandocabos\/#\/schema\/logo\/image\/"}},{"@type":"Person","@id":"https:\/\/magarinos.eu\/atandocabos\/#\/schema\/person\/ce62485d4bf8f9cc864369bb52591f1e","name":"Daniel Garc\u00eda Magari\u00f1os","image":{"@type":"ImageObject","inLanguage":"es","@id":"https:\/\/secure.gravatar.com\/avatar\/a7c7a82edf145a1bb8c32117ac59cb3be1c2c760796caff2df495a17896be288?s=96&d=mm&r=g","url":"https:\/\/secure.gravatar.com\/avatar\/a7c7a82edf145a1bb8c32117ac59cb3be1c2c760796caff2df495a17896be288?s=96&d=mm&r=g","contentUrl":"https:\/\/secure.gravatar.com\/avatar\/a7c7a82edf145a1bb8c32117ac59cb3be1c2c760796caff2df495a17896be288?s=96&d=mm&r=g","caption":"Daniel Garc\u00eda Magari\u00f1os"},"url":"https:\/\/magarinos.eu\/atandocabos\/blog\/author\/dgarcia\/"}]}},"_links":{"self":[{"href":"https:\/\/magarinos.eu\/atandocabos\/wp-json\/wp\/v2\/posts\/1267","targetHints":{"allow":["GET"]}}],"collection":[{"href":"https:\/\/magarinos.eu\/atandocabos\/wp-json\/wp\/v2\/posts"}],"about":[{"href":"https:\/\/magarinos.eu\/atandocabos\/wp-json\/wp\/v2\/types\/post"}],"author":[{"embeddable":true,"href":"https:\/\/magarinos.eu\/atandocabos\/wp-json\/wp\/v2\/users\/1"}],"replies":[{"embeddable":true,"href":"https:\/\/magarinos.eu\/atandocabos\/wp-json\/wp\/v2\/comments?post=1267"}],"version-history":[{"count":0,"href":"https:\/\/magarinos.eu\/atandocabos\/wp-json\/wp\/v2\/posts\/1267\/revisions"}],"wp:featuredmedia":[{"embeddable":true,"href":"https:\/\/magarinos.eu\/atandocabos\/wp-json\/wp\/v2\/media\/1309"}],"wp:attachment":[{"href":"https:\/\/magarinos.eu\/atandocabos\/wp-json\/wp\/v2\/media?parent=1267"}],"wp:term":[{"taxonomy":"category","embeddable":true,"href":"https:\/\/magarinos.eu\/atandocabos\/wp-json\/wp\/v2\/categories?post=1267"},{"taxonomy":"post_tag","embeddable":true,"href":"https:\/\/magarinos.eu\/atandocabos\/wp-json\/wp\/v2\/tags?post=1267"}],"curies":[{"name":"wp","href":"https:\/\/api.w.org\/{rel}","templated":true}]}}